
{"id":5557,"date":"2011-02-09T23:00:00","date_gmt":"2011-02-09T23:00:00","guid":{"rendered":"http:\/\/ibecbarcelona.eu\/new\/spanish-minister-for-education-visits-nanobioengineering-group\/"},"modified":"2014-12-04T09:48:48","modified_gmt":"2014-12-04T09:48:48","slug":"spanish-minister-for-education-visits-nanobioengineering-group","status":"publish","type":"post","link":"https:\/\/ibecbarcelona.eu\/es\/spanish-minister-for-education-visits-nanobioengineering-group\/","title":{"rendered":"Spanish Minister for Education visits Nanobioengineering group"},"content":{"rendered":"<p> Accompanied by UB rector D\u00eddac Ram\u00edrez, the President of the UB Board of Trustees Sr. Joaquim Coello and the Secretary for University and Research of the Generalitat de Catalunya, Sr. Antoni Castell\u00e0, the minister learnt about the PCB\u2019s initiatives that bring the research environment and collaboration possibilities to university students in the middle or final years of their study. <\/p>\n<p>During the visit Josep told the minister about the main research projects going on in his lab, including the development of biosensors and lab-on-a-chip systems for diagnostic purposes using nanotechnology.<\/p>\n<p>Photo: PCB<\/p>\n","protected":false},"excerpt":{"rendered":"<p><img decoding=\"async\" class=\"left size-full wp-image-5554 lazyload\" data-src=\"https:\/\/ibecbarcelona.eu\/wp-content\/uploads\/2011\/02\/dsc_1489.jpg\" border=\"0\" alt=\"Minister of Education visits IBEC\" width=\"500\" height=\"370\" data-srcset=\"https:\/\/ibecbarcelona.eu\/wp-content\/uploads\/2011\/02\/dsc_1489.jpg 500w, https:\/\/ibecbarcelona.eu\/wp-content\/uploads\/2011\/02\/dsc_1489-300x222.jpg 300w, https:\/\/ibecbarcelona.eu\/wp-content\/uploads\/2011\/02\/dsc_1489-202x150.jpg 202w, https:\/\/ibecbarcelona.eu\/wp-content\/uploads\/2011\/02\/dsc_1489-150x111.jpg 150w\" data-sizes=\"(max-width: 500px) 100vw, 500px\" src=\"data:image\/svg+xml;base64,PHN2ZyB3aWR0aD0iMSIgaGVpZ2h0PSIxIiB4bWxucz0iaHR0cDovL3d3dy53My5vcmcvMjAwMC9zdmciPjwvc3ZnPg==\" style=\"--smush-placeholder-width: 500px; --smush-placeholder-aspect-ratio: 500\/370;\" \/>On a tour of the Parc Cient\u00edfic de Barcelona (PCB) earlier this week, the Minister for Education, \u00c1ngel Gabilondo, paid a visit to IBEC\u2019s Nanobioengineering lab and spoke at length to Associate Director Josep Samitier about his group\u2019s research.<\/p>\n","protected":false},"author":4,"featured_media":5554,"comment_status":"closed","ping_status":"closed","sticky":false,"template":"","format":"standard","meta":{"footnotes":""},"categories":[24],"tags":[],"post_formats":[],"class_list":["post-5557","post","type-post","status-publish","format-standard","has-post-thumbnail","hentry","category-institutional-news"],"yoast_head":"<!-- This site is optimized with the Yoast SEO plugin v27.5 - https:\/\/yoast.com\/product\/yoast-seo-wordpress\/ -->\n<title>Spanish Minister for Education visits Nanobioengineering group - Institute for Bioengineering of Catalonia<\/title>\n<meta name=\"robots\" content=\"index, follow, max-snippet:-1, max-image-preview:large, max-video-preview:-1\" \/>\n<link rel=\"canonical\" href=\"https:\/\/ibecbarcelona.eu\/spanish-minister-for-education-visits-nanobioengineering-group\/\" \/>\n<meta property=\"og:locale\" content=\"es_ES\" \/>\n<meta property=\"og:type\" content=\"article\" \/>\n<meta property=\"og:title\" content=\"Spanish Minister for Education visits Nanobioengineering group - Institute for Bioengineering of Catalonia\" \/>\n<meta property=\"og:description\" content=\"On a tour of the Parc Cient\u00edfic de Barcelona (PCB) earlier this week, the Minister for Education, \u00c1ngel Gabilondo, paid a visit to IBEC\u2019s Nanobioengineering lab and spoke at length to Associate Director Josep Samitier about his group\u2019s research.\" \/>\n<meta property=\"og:url\" content=\"https:\/\/ibecbarcelona.eu\/spanish-minister-for-education-visits-nanobioengineering-group\/\" \/>\n<meta property=\"og:site_name\" content=\"Institute for Bioengineering of Catalonia\" \/>\n<meta property=\"article:published_time\" content=\"2011-02-09T23:00:00+00:00\" \/>\n<meta property=\"article:modified_time\" content=\"2014-12-04T09:48:48+00:00\" \/>\n<meta property=\"og:image\" content=\"https:\/\/ibecbarcelona.eu\/wp-content\/uploads\/2011\/02\/dsc_1489.jpg\" \/>\n\t<meta property=\"og:image:width\" content=\"500\" \/>\n\t<meta property=\"og:image:height\" content=\"370\" \/>\n\t<meta property=\"og:image:type\" content=\"image\/jpeg\" \/>\n<meta name=\"author\" content=\"\u00c0ngels L\u00f3pez\" \/>\n<meta name=\"twitter:card\" content=\"summary_large_image\" \/>\n<meta name=\"twitter:label1\" content=\"Escrito por\" \/>\n\t<meta name=\"twitter:data1\" content=\"\u00c0ngels L\u00f3pez\" \/>\n<script type=\"application\/ld+json\" class=\"yoast-schema-graph\">{\"@context\":\"https:\\\/\\\/schema.org\",\"@graph\":[{\"@type\":\"Article\",\"@id\":\"https:\\\/\\\/ibecbarcelona.eu\\\/spanish-minister-for-education-visits-nanobioengineering-group\\\/#article\",\"isPartOf\":{\"@id\":\"https:\\\/\\\/ibecbarcelona.eu\\\/spanish-minister-for-education-visits-nanobioengineering-group\\\/\"},\"author\":{\"name\":\"\u00c0ngels L\u00f3pez\",\"@id\":\"https:\\\/\\\/ibecbarcelona.eu\\\/#\\\/schema\\\/person\\\/c212c6b589546130be67986b9290e2b8\"},\"headline\":\"Spanish Minister for Education visits Nanobioengineering group\",\"datePublished\":\"2011-02-09T23:00:00+00:00\",\"dateModified\":\"2014-12-04T09:48:48+00:00\",\"mainEntityOfPage\":{\"@id\":\"https:\\\/\\\/ibecbarcelona.eu\\\/spanish-minister-for-education-visits-nanobioengineering-group\\\/\"},\"wordCount\":101,\"publisher\":{\"@id\":\"https:\\\/\\\/ibecbarcelona.eu\\\/#organization\"},\"image\":{\"@id\":\"https:\\\/\\\/ibecbarcelona.eu\\\/spanish-minister-for-education-visits-nanobioengineering-group\\\/#primaryimage\"},\"thumbnailUrl\":\"https:\\\/\\\/ibecbarcelona.eu\\\/wp-content\\\/uploads\\\/2011\\\/02\\\/dsc_1489.jpg\",\"articleSection\":[\"Institutional news\"],\"inLanguage\":\"es\"},{\"@type\":\"WebPage\",\"@id\":\"https:\\\/\\\/ibecbarcelona.eu\\\/spanish-minister-for-education-visits-nanobioengineering-group\\\/\",\"url\":\"https:\\\/\\\/ibecbarcelona.eu\\\/spanish-minister-for-education-visits-nanobioengineering-group\\\/\",\"name\":\"Spanish Minister for Education visits Nanobioengineering group - Institute for Bioengineering of Catalonia\",\"isPartOf\":{\"@id\":\"https:\\\/\\\/ibecbarcelona.eu\\\/#website\"},\"primaryImageOfPage\":{\"@id\":\"https:\\\/\\\/ibecbarcelona.eu\\\/spanish-minister-for-education-visits-nanobioengineering-group\\\/#primaryimage\"},\"image\":{\"@id\":\"https:\\\/\\\/ibecbarcelona.eu\\\/spanish-minister-for-education-visits-nanobioengineering-group\\\/#primaryimage\"},\"thumbnailUrl\":\"https:\\\/\\\/ibecbarcelona.eu\\\/wp-content\\\/uploads\\\/2011\\\/02\\\/dsc_1489.jpg\",\"datePublished\":\"2011-02-09T23:00:00+00:00\",\"dateModified\":\"2014-12-04T09:48:48+00:00\",\"breadcrumb\":{\"@id\":\"https:\\\/\\\/ibecbarcelona.eu\\\/spanish-minister-for-education-visits-nanobioengineering-group\\\/#breadcrumb\"},\"inLanguage\":\"es\",\"potentialAction\":[{\"@type\":\"ReadAction\",\"target\":[\"https:\\\/\\\/ibecbarcelona.eu\\\/spanish-minister-for-education-visits-nanobioengineering-group\\\/\"]}]},{\"@type\":\"ImageObject\",\"inLanguage\":\"es\",\"@id\":\"https:\\\/\\\/ibecbarcelona.eu\\\/spanish-minister-for-education-visits-nanobioengineering-group\\\/#primaryimage\",\"url\":\"https:\\\/\\\/ibecbarcelona.eu\\\/wp-content\\\/uploads\\\/2011\\\/02\\\/dsc_1489.jpg\",\"contentUrl\":\"https:\\\/\\\/ibecbarcelona.eu\\\/wp-content\\\/uploads\\\/2011\\\/02\\\/dsc_1489.jpg\",\"width\":500,\"height\":370,\"caption\":\"Minister of Education visits IBEC\"},{\"@type\":\"BreadcrumbList\",\"@id\":\"https:\\\/\\\/ibecbarcelona.eu\\\/spanish-minister-for-education-visits-nanobioengineering-group\\\/#breadcrumb\",\"itemListElement\":[{\"@type\":\"ListItem\",\"position\":1,\"name\":\"Home\",\"item\":\"https:\\\/\\\/ibecbarcelona.eu\\\/es\\\/\"},{\"@type\":\"ListItem\",\"position\":2,\"name\":\"Spanish Minister for Education visits Nanobioengineering group\"}]},{\"@type\":\"WebSite\",\"@id\":\"https:\\\/\\\/ibecbarcelona.eu\\\/#website\",\"url\":\"https:\\\/\\\/ibecbarcelona.eu\\\/\",\"name\":\"Institute for Bioengineering of Catalonia\",\"description\":\"Bioengineering solutions for health\",\"publisher\":{\"@id\":\"https:\\\/\\\/ibecbarcelona.eu\\\/#organization\"},\"potentialAction\":[{\"@type\":\"SearchAction\",\"target\":{\"@type\":\"EntryPoint\",\"urlTemplate\":\"https:\\\/\\\/ibecbarcelona.eu\\\/?s={search_term_string}\"},\"query-input\":{\"@type\":\"PropertyValueSpecification\",\"valueRequired\":true,\"valueName\":\"search_term_string\"}}],\"inLanguage\":\"es\"},{\"@type\":\"Organization\",\"@id\":\"https:\\\/\\\/ibecbarcelona.eu\\\/#organization\",\"name\":\"Institute for Bioengineering of Catalonia\",\"url\":\"https:\\\/\\\/ibecbarcelona.eu\\\/\",\"logo\":{\"@type\":\"ImageObject\",\"inLanguage\":\"es\",\"@id\":\"https:\\\/\\\/ibecbarcelona.eu\\\/#\\\/schema\\\/logo\\\/image\\\/\",\"url\":\"https:\\\/\\\/ibecbarcelona.eu\\\/wp-content\\\/uploads\\\/2026\\\/01\\\/cropped-IBEC_20ANYS_GRIS.png\",\"contentUrl\":\"https:\\\/\\\/ibecbarcelona.eu\\\/wp-content\\\/uploads\\\/2026\\\/01\\\/cropped-IBEC_20ANYS_GRIS.png\",\"width\":696,\"height\":257,\"caption\":\"Institute for Bioengineering of Catalonia\"},\"image\":{\"@id\":\"https:\\\/\\\/ibecbarcelona.eu\\\/#\\\/schema\\\/logo\\\/image\\\/\"}},{\"@type\":\"Person\",\"@id\":\"https:\\\/\\\/ibecbarcelona.eu\\\/#\\\/schema\\\/person\\\/c212c6b589546130be67986b9290e2b8\",\"name\":\"\u00c0ngels L\u00f3pez\",\"image\":{\"@type\":\"ImageObject\",\"inLanguage\":\"es\",\"@id\":\"https:\\\/\\\/secure.gravatar.com\\\/avatar\\\/09ad6ba116bea0b15c5511860f83b302579fd7404c1180e9dae55c3f11d988c6?s=96&d=mm&r=g\",\"url\":\"https:\\\/\\\/secure.gravatar.com\\\/avatar\\\/09ad6ba116bea0b15c5511860f83b302579fd7404c1180e9dae55c3f11d988c6?s=96&d=mm&r=g\",\"contentUrl\":\"https:\\\/\\\/secure.gravatar.com\\\/avatar\\\/09ad6ba116bea0b15c5511860f83b302579fd7404c1180e9dae55c3f11d988c6?s=96&d=mm&r=g\",\"caption\":\"\u00c0ngels L\u00f3pez\"},\"url\":\"https:\\\/\\\/ibecbarcelona.eu\\\/es\\\/author\\\/alopez\\\/\"}]}<\/script>\n<!-- \/ Yoast SEO plugin. -->","yoast_head_json":{"title":"Spanish Minister for Education visits Nanobioengineering group - Institute for Bioengineering of Catalonia","robots":{"index":"index","follow":"follow","max-snippet":"max-snippet:-1","max-image-preview":"max-image-preview:large","max-video-preview":"max-video-preview:-1"},"canonical":"https:\/\/ibecbarcelona.eu\/spanish-minister-for-education-visits-nanobioengineering-group\/","og_locale":"es_ES","og_type":"article","og_title":"Spanish Minister for Education visits Nanobioengineering group - Institute for Bioengineering of Catalonia","og_description":"On a tour of the Parc Cient\u00edfic de Barcelona (PCB) earlier this week, the Minister for Education, \u00c1ngel Gabilondo, paid a visit to IBEC\u2019s Nanobioengineering lab and spoke at length to Associate Director Josep Samitier about his group\u2019s research.","og_url":"https:\/\/ibecbarcelona.eu\/spanish-minister-for-education-visits-nanobioengineering-group\/","og_site_name":"Institute for Bioengineering of Catalonia","article_published_time":"2011-02-09T23:00:00+00:00","article_modified_time":"2014-12-04T09:48:48+00:00","og_image":[{"width":500,"height":370,"url":"https:\/\/ibecbarcelona.eu\/wp-content\/uploads\/2011\/02\/dsc_1489.jpg","type":"image\/jpeg"}],"author":"\u00c0ngels L\u00f3pez","twitter_card":"summary_large_image","twitter_misc":{"Escrito por":"\u00c0ngels L\u00f3pez"},"schema":{"@context":"https:\/\/schema.org","@graph":[{"@type":"Article","@id":"https:\/\/ibecbarcelona.eu\/spanish-minister-for-education-visits-nanobioengineering-group\/#article","isPartOf":{"@id":"https:\/\/ibecbarcelona.eu\/spanish-minister-for-education-visits-nanobioengineering-group\/"},"author":{"name":"\u00c0ngels L\u00f3pez","@id":"https:\/\/ibecbarcelona.eu\/#\/schema\/person\/c212c6b589546130be67986b9290e2b8"},"headline":"Spanish Minister for Education visits Nanobioengineering group","datePublished":"2011-02-09T23:00:00+00:00","dateModified":"2014-12-04T09:48:48+00:00","mainEntityOfPage":{"@id":"https:\/\/ibecbarcelona.eu\/spanish-minister-for-education-visits-nanobioengineering-group\/"},"wordCount":101,"publisher":{"@id":"https:\/\/ibecbarcelona.eu\/#organization"},"image":{"@id":"https:\/\/ibecbarcelona.eu\/spanish-minister-for-education-visits-nanobioengineering-group\/#primaryimage"},"thumbnailUrl":"https:\/\/ibecbarcelona.eu\/wp-content\/uploads\/2011\/02\/dsc_1489.jpg","articleSection":["Institutional news"],"inLanguage":"es"},{"@type":"WebPage","@id":"https:\/\/ibecbarcelona.eu\/spanish-minister-for-education-visits-nanobioengineering-group\/","url":"https:\/\/ibecbarcelona.eu\/spanish-minister-for-education-visits-nanobioengineering-group\/","name":"Spanish Minister for Education visits Nanobioengineering group - Institute for Bioengineering of Catalonia","isPartOf":{"@id":"https:\/\/ibecbarcelona.eu\/#website"},"primaryImageOfPage":{"@id":"https:\/\/ibecbarcelona.eu\/spanish-minister-for-education-visits-nanobioengineering-group\/#primaryimage"},"image":{"@id":"https:\/\/ibecbarcelona.eu\/spanish-minister-for-education-visits-nanobioengineering-group\/#primaryimage"},"thumbnailUrl":"https:\/\/ibecbarcelona.eu\/wp-content\/uploads\/2011\/02\/dsc_1489.jpg","datePublished":"2011-02-09T23:00:00+00:00","dateModified":"2014-12-04T09:48:48+00:00","breadcrumb":{"@id":"https:\/\/ibecbarcelona.eu\/spanish-minister-for-education-visits-nanobioengineering-group\/#breadcrumb"},"inLanguage":"es","potentialAction":[{"@type":"ReadAction","target":["https:\/\/ibecbarcelona.eu\/spanish-minister-for-education-visits-nanobioengineering-group\/"]}]},{"@type":"ImageObject","inLanguage":"es","@id":"https:\/\/ibecbarcelona.eu\/spanish-minister-for-education-visits-nanobioengineering-group\/#primaryimage","url":"https:\/\/ibecbarcelona.eu\/wp-content\/uploads\/2011\/02\/dsc_1489.jpg","contentUrl":"https:\/\/ibecbarcelona.eu\/wp-content\/uploads\/2011\/02\/dsc_1489.jpg","width":500,"height":370,"caption":"Minister of Education visits IBEC"},{"@type":"BreadcrumbList","@id":"https:\/\/ibecbarcelona.eu\/spanish-minister-for-education-visits-nanobioengineering-group\/#breadcrumb","itemListElement":[{"@type":"ListItem","position":1,"name":"Home","item":"https:\/\/ibecbarcelona.eu\/es\/"},{"@type":"ListItem","position":2,"name":"Spanish Minister for Education visits Nanobioengineering group"}]},{"@type":"WebSite","@id":"https:\/\/ibecbarcelona.eu\/#website","url":"https:\/\/ibecbarcelona.eu\/","name":"Institute for Bioengineering of Catalonia","description":"Bioengineering solutions for health","publisher":{"@id":"https:\/\/ibecbarcelona.eu\/#organization"},"potentialAction":[{"@type":"SearchAction","target":{"@type":"EntryPoint","urlTemplate":"https:\/\/ibecbarcelona.eu\/?s={search_term_string}"},"query-input":{"@type":"PropertyValueSpecification","valueRequired":true,"valueName":"search_term_string"}}],"inLanguage":"es"},{"@type":"Organization","@id":"https:\/\/ibecbarcelona.eu\/#organization","name":"Institute for Bioengineering of Catalonia","url":"https:\/\/ibecbarcelona.eu\/","logo":{"@type":"ImageObject","inLanguage":"es","@id":"https:\/\/ibecbarcelona.eu\/#\/schema\/logo\/image\/","url":"https:\/\/ibecbarcelona.eu\/wp-content\/uploads\/2026\/01\/cropped-IBEC_20ANYS_GRIS.png","contentUrl":"https:\/\/ibecbarcelona.eu\/wp-content\/uploads\/2026\/01\/cropped-IBEC_20ANYS_GRIS.png","width":696,"height":257,"caption":"Institute for Bioengineering of Catalonia"},"image":{"@id":"https:\/\/ibecbarcelona.eu\/#\/schema\/logo\/image\/"}},{"@type":"Person","@id":"https:\/\/ibecbarcelona.eu\/#\/schema\/person\/c212c6b589546130be67986b9290e2b8","name":"\u00c0ngels L\u00f3pez","image":{"@type":"ImageObject","inLanguage":"es","@id":"https:\/\/secure.gravatar.com\/avatar\/09ad6ba116bea0b15c5511860f83b302579fd7404c1180e9dae55c3f11d988c6?s=96&d=mm&r=g","url":"https:\/\/secure.gravatar.com\/avatar\/09ad6ba116bea0b15c5511860f83b302579fd7404c1180e9dae55c3f11d988c6?s=96&d=mm&r=g","contentUrl":"https:\/\/secure.gravatar.com\/avatar\/09ad6ba116bea0b15c5511860f83b302579fd7404c1180e9dae55c3f11d988c6?s=96&d=mm&r=g","caption":"\u00c0ngels L\u00f3pez"},"url":"https:\/\/ibecbarcelona.eu\/es\/author\/alopez\/"}]}},"AFP_featured_media_urls":{"full":["https:\/\/ibecbarcelona.eu\/wp-content\/uploads\/2011\/02\/dsc_1489.jpg",500,370,false],"thumbnail":["https:\/\/ibecbarcelona.eu\/wp-content\/uploads\/2011\/02\/dsc_1489-150x150.jpg",150,150,true],"medium":["https:\/\/ibecbarcelona.eu\/wp-content\/uploads\/2011\/02\/dsc_1489-300x222.jpg",300,222,true],"medium_large":["https:\/\/ibecbarcelona.eu\/wp-content\/uploads\/2011\/02\/dsc_1489.jpg",500,370,false],"large":["https:\/\/ibecbarcelona.eu\/wp-content\/uploads\/2011\/02\/dsc_1489.jpg",500,370,false]},"AFP_attachments":[],"AFP_videos":[],"AFP_video_blocks":"","AFP_category_names":["Institutional news"],"_links":{"self":[{"href":"https:\/\/ibecbarcelona.eu\/es\/wp-json\/wp\/v2\/posts\/5557","targetHints":{"allow":["GET"]}}],"collection":[{"href":"https:\/\/ibecbarcelona.eu\/es\/wp-json\/wp\/v2\/posts"}],"about":[{"href":"https:\/\/ibecbarcelona.eu\/es\/wp-json\/wp\/v2\/types\/post"}],"author":[{"embeddable":true,"href":"https:\/\/ibecbarcelona.eu\/es\/wp-json\/wp\/v2\/users\/4"}],"replies":[{"embeddable":true,"href":"https:\/\/ibecbarcelona.eu\/es\/wp-json\/wp\/v2\/comments?post=5557"}],"version-history":[{"count":0,"href":"https:\/\/ibecbarcelona.eu\/es\/wp-json\/wp\/v2\/posts\/5557\/revisions"}],"wp:featuredmedia":[{"embeddable":true,"href":"https:\/\/ibecbarcelona.eu\/es\/wp-json\/wp\/v2\/media\/5554"}],"wp:attachment":[{"href":"https:\/\/ibecbarcelona.eu\/es\/wp-json\/wp\/v2\/media?parent=5557"}],"wp:term":[{"taxonomy":"category","embeddable":true,"href":"https:\/\/ibecbarcelona.eu\/es\/wp-json\/wp\/v2\/categories?post=5557"},{"taxonomy":"post_tag","embeddable":true,"href":"https:\/\/ibecbarcelona.eu\/es\/wp-json\/wp\/v2\/tags?post=5557"},{"taxonomy":"post_format","embeddable":true,"href":"https:\/\/ibecbarcelona.eu\/es\/wp-json\/wp\/v2\/post_formats?post=5557"}],"curies":[{"name":"wp","href":"https:\/\/api.w.org\/{rel}","templated":true}]}}