
{"id":55694,"date":"2017-10-19T14:39:20","date_gmt":"2017-10-19T12:39:20","guid":{"rendered":"http:\/\/ibecbarcelona.eu\/?p=55694"},"modified":"2017-10-24T13:14:31","modified_gmt":"2017-10-24T11:14:31","slug":"somma-launches-in-madrid","status":"publish","type":"post","link":"https:\/\/ibecbarcelona.eu\/es\/somma-despega-en-madrid\/","title":{"rendered":"SOMMa despega en Madrid"},"content":{"rendered":"<p>Sus primeras acciones incluir\u00e1n el lanzamiento del sitio web www.somma-excellence.es, una ventana al mundo de la ciencia de excelencia que se est\u00e1 llevando a cabo en Espa\u00f1a y un recurso \u00fanico para la comunidad cient\u00edfica, los responsables pol\u00edticos, los periodistas y el p\u00fablico en general. SOMMa tambi\u00e9n realizar\u00e1 futuras ediciones de las conferencias 100xCiencia, las reuniones de los centros SO y las unidades MdM, que comenzaron en 2015 en La Palma y continuar\u00e1n este a\u00f1o en Alicante.<\/p>\n<p>Los <a href=\"http:\/\/www.idi.mineco.gob.es\/portal\/site\/MICINN\/menuitem.7eeac5cd345b4f34f09dfd1001432ea0\/?vgnextoid=cba733a6368c2310VgnVCM1000001d04140aRCRD\" target=\"_blank\" rel=\"noopener\"> centros Espa\u00f1oles Severo Ochoa y Las unidades de Mar\u00eda de Maeztu<\/a>, que son reconocidos por sus esfuerzos de investigaci\u00f3n de vanguardia en sus campos, cubren una amplia gama de disciplinas cient\u00edficas que van desde biolog\u00eda y la medicina hasta las matem\u00e1ticas, la qu\u00edmica, la f\u00edsica, la ingenier\u00eda, la econom\u00eda y las ciencias sociales.<\/p>\n","protected":false},"excerpt":{"rendered":"<h3> <img class=\"size-full wp-image-38338 left lazyload\" data-src=\"https:\/\/ibecbarcelona.eu\/wp-content\/uploads\/2017\/10\/RedSOMMWeb.jpg\" alt = \"\" width = \" 450 \"height =\" 344 \" src=\"data:image\/svg+xml;base64,PHN2ZyB3aWR0aD0iMSIgaGVpZ2h0PSIxIiB4bWxucz0iaHR0cDovL3d3dy53My5vcmcvMjAwMC9zdmciPjwvc3ZnPg==\" style=\"--smush-placeholder-width: 450px; --smush-placeholder-aspect-ratio: 450\/344;\" \/>Ayer se reunieron en Madrid los Directores y representantes de los 25 centros Severo Ochoa de Espa\u00f1a &#8211; incluyendo a Josep Samitier, de IBEC &#8211; y de las 16 unidades de Mar\u00eda de Maeztu para lanzar SOMMa, una alianza destinada a elevar el perfil nacional e internacional de la ciencia en Espa\u00f1a. <\/h3>\n<p>La secretaria de Estado de I+D+I, Carmen Vela, presidi\u00f3 la reuni\u00f3n inicial, que defini\u00f3 el plan estrat\u00e9gico y de trabajo para los pr\u00f3ximos meses. Luis Serrano, director del Centro de Regulaci\u00f3n Gen\u00f3mica de Barcelona, \u200b\u200bencabezar\u00e1 la alianza en los pr\u00f3ximos dos a\u00f1os, mientras que Teresa Garc\u00eda-Mil\u00e1, directora de la <em>Graduate School of Economics<\/em> de Barcelona, \u200b\u200bser\u00e1 su vicepresidenta.<\/p>\n<p>SOMMa alcanzar\u00e1 su objetivo promoviendo el intercambio de conocimiento, tecnolog\u00eda y mejores pr\u00e1cticas entre sus centros y unidades y con la comunidad cient\u00edfica internacional y otras partes interesadas, cooperando con otros centros de investigaci\u00f3n en Espa\u00f1a para fortalecer el sistema de I+D+I, y participando en la pol\u00edtica cient\u00edfica espa\u00f1ola y europea.<\/p>\n","protected":false},"author":4,"featured_media":38338,"comment_status":"closed","ping_status":"closed","sticky":false,"template":"","format":"standard","meta":{"footnotes":""},"categories":[94],"tags":[],"post_formats":[],"class_list":["post-55694","post","type-post","status-publish","format-standard","has-post-thumbnail","hentry","category-noticias-institucionales"],"yoast_head":"<!-- This site is optimized with the Yoast SEO plugin v27.5 - https:\/\/yoast.com\/product\/yoast-seo-wordpress\/ -->\n<title>SOMMa despega en Madrid - Institute for Bioengineering of Catalonia<\/title>\n<meta name=\"robots\" content=\"index, follow, max-snippet:-1, max-image-preview:large, max-video-preview:-1\" \/>\n<link rel=\"canonical\" href=\"https:\/\/ibecbarcelona.eu\/es\/somma-despega-en-madrid\/\" \/>\n<meta property=\"og:locale\" content=\"es_ES\" \/>\n<meta property=\"og:type\" content=\"article\" \/>\n<meta property=\"og:title\" content=\"SOMMa despega en Madrid - Institute for Bioengineering of Catalonia\" \/>\n<meta property=\"og:description\" content=\"Ayer se reunieron en Madrid los Directores y representantes de los 25 centros Severo Ochoa de Espa\u00f1a - incluyendo a Josep Samitier, de IBEC - y de las 16 unidades de Mar\u00eda de Maeztu para lanzar SOMMa, una alianza destinada a elevar el perfil nacional e internacional de la ciencia en Espa\u00f1a.   La secretaria de Estado de I+D+I, Carmen Vela, presidi\u00f3 la reuni\u00f3n inicial, que defini\u00f3 el plan estrat\u00e9gico y de trabajo para los pr\u00f3ximos meses. Luis Serrano, director del Centro de Regulaci\u00f3n Gen\u00f3mica de Barcelona, \u200b\u200bencabezar\u00e1 la alianza en los pr\u00f3ximos dos a\u00f1os, mientras que Teresa Garc\u00eda-Mil\u00e1, directora de la Graduate School of Economics de Barcelona, \u200b\u200bser\u00e1 su vicepresidenta.  SOMMa alcanzar\u00e1 su objetivo promoviendo el intercambio de conocimiento, tecnolog\u00eda y mejores pr\u00e1cticas entre sus centros y unidades y con la comunidad cient\u00edfica internacional y otras partes interesadas, cooperando con otros centros de investigaci\u00f3n en Espa\u00f1a para fortalecer el sistema de I+D+I, y participando en la pol\u00edtica cient\u00edfica espa\u00f1ola y europea.\" \/>\n<meta property=\"og:url\" content=\"https:\/\/ibecbarcelona.eu\/es\/somma-despega-en-madrid\/\" \/>\n<meta property=\"og:site_name\" content=\"Institute for Bioengineering of Catalonia\" \/>\n<meta property=\"article:published_time\" content=\"2017-10-19T12:39:20+00:00\" \/>\n<meta property=\"article:modified_time\" content=\"2017-10-24T11:14:31+00:00\" \/>\n<meta property=\"og:image\" content=\"https:\/\/ibecbarcelona.eu\/wp-content\/uploads\/2017\/10\/RedSOMMWeb.jpg\" \/>\n\t<meta property=\"og:image:width\" content=\"450\" \/>\n\t<meta property=\"og:image:height\" content=\"344\" \/>\n\t<meta property=\"og:image:type\" content=\"image\/jpeg\" \/>\n<meta name=\"author\" content=\"\u00c0ngels L\u00f3pez\" \/>\n<meta name=\"twitter:card\" content=\"summary_large_image\" \/>\n<meta name=\"twitter:label1\" content=\"Escrito por\" \/>\n\t<meta name=\"twitter:data1\" content=\"\u00c0ngels L\u00f3pez\" \/>\n\t<meta name=\"twitter:label2\" content=\"Tiempo de lectura\" \/>\n\t<meta name=\"twitter:data2\" content=\"1 minuto\" \/>\n<script type=\"application\/ld+json\" class=\"yoast-schema-graph\">{\"@context\":\"https:\\\/\\\/schema.org\",\"@graph\":[{\"@type\":\"Article\",\"@id\":\"https:\\\/\\\/ibecbarcelona.eu\\\/es\\\/somma-despega-en-madrid\\\/#article\",\"isPartOf\":{\"@id\":\"https:\\\/\\\/ibecbarcelona.eu\\\/es\\\/somma-despega-en-madrid\\\/\"},\"author\":{\"name\":\"\u00c0ngels L\u00f3pez\",\"@id\":\"https:\\\/\\\/ibecbarcelona.eu\\\/#\\\/schema\\\/person\\\/c212c6b589546130be67986b9290e2b8\"},\"headline\":\"SOMMa despega en Madrid\",\"datePublished\":\"2017-10-19T12:39:20+00:00\",\"dateModified\":\"2017-10-24T11:14:31+00:00\",\"mainEntityOfPage\":{\"@id\":\"https:\\\/\\\/ibecbarcelona.eu\\\/es\\\/somma-despega-en-madrid\\\/\"},\"wordCount\":154,\"publisher\":{\"@id\":\"https:\\\/\\\/ibecbarcelona.eu\\\/#organization\"},\"image\":{\"@id\":\"https:\\\/\\\/ibecbarcelona.eu\\\/es\\\/somma-despega-en-madrid\\\/#primaryimage\"},\"thumbnailUrl\":\"https:\\\/\\\/ibecbarcelona.eu\\\/wp-content\\\/uploads\\\/2017\\\/10\\\/RedSOMMWeb.jpg\",\"articleSection\":[\"Noticias institucionales\"],\"inLanguage\":\"es\"},{\"@type\":\"WebPage\",\"@id\":\"https:\\\/\\\/ibecbarcelona.eu\\\/es\\\/somma-despega-en-madrid\\\/\",\"url\":\"https:\\\/\\\/ibecbarcelona.eu\\\/es\\\/somma-despega-en-madrid\\\/\",\"name\":\"SOMMa despega en Madrid - Institute for Bioengineering of Catalonia\",\"isPartOf\":{\"@id\":\"https:\\\/\\\/ibecbarcelona.eu\\\/#website\"},\"primaryImageOfPage\":{\"@id\":\"https:\\\/\\\/ibecbarcelona.eu\\\/es\\\/somma-despega-en-madrid\\\/#primaryimage\"},\"image\":{\"@id\":\"https:\\\/\\\/ibecbarcelona.eu\\\/es\\\/somma-despega-en-madrid\\\/#primaryimage\"},\"thumbnailUrl\":\"https:\\\/\\\/ibecbarcelona.eu\\\/wp-content\\\/uploads\\\/2017\\\/10\\\/RedSOMMWeb.jpg\",\"datePublished\":\"2017-10-19T12:39:20+00:00\",\"dateModified\":\"2017-10-24T11:14:31+00:00\",\"breadcrumb\":{\"@id\":\"https:\\\/\\\/ibecbarcelona.eu\\\/es\\\/somma-despega-en-madrid\\\/#breadcrumb\"},\"inLanguage\":\"es\",\"potentialAction\":[{\"@type\":\"ReadAction\",\"target\":[\"https:\\\/\\\/ibecbarcelona.eu\\\/es\\\/somma-despega-en-madrid\\\/\"]}]},{\"@type\":\"ImageObject\",\"inLanguage\":\"es\",\"@id\":\"https:\\\/\\\/ibecbarcelona.eu\\\/es\\\/somma-despega-en-madrid\\\/#primaryimage\",\"url\":\"https:\\\/\\\/ibecbarcelona.eu\\\/wp-content\\\/uploads\\\/2017\\\/10\\\/RedSOMMWeb.jpg\",\"contentUrl\":\"https:\\\/\\\/ibecbarcelona.eu\\\/wp-content\\\/uploads\\\/2017\\\/10\\\/RedSOMMWeb.jpg\",\"width\":450,\"height\":344},{\"@type\":\"BreadcrumbList\",\"@id\":\"https:\\\/\\\/ibecbarcelona.eu\\\/es\\\/somma-despega-en-madrid\\\/#breadcrumb\",\"itemListElement\":[{\"@type\":\"ListItem\",\"position\":1,\"name\":\"Home\",\"item\":\"https:\\\/\\\/ibecbarcelona.eu\\\/es\\\/\"},{\"@type\":\"ListItem\",\"position\":2,\"name\":\"SOMMa despega en Madrid\"}]},{\"@type\":\"WebSite\",\"@id\":\"https:\\\/\\\/ibecbarcelona.eu\\\/#website\",\"url\":\"https:\\\/\\\/ibecbarcelona.eu\\\/\",\"name\":\"Institute for Bioengineering of Catalonia\",\"description\":\"Bioengineering solutions for health\",\"publisher\":{\"@id\":\"https:\\\/\\\/ibecbarcelona.eu\\\/#organization\"},\"potentialAction\":[{\"@type\":\"SearchAction\",\"target\":{\"@type\":\"EntryPoint\",\"urlTemplate\":\"https:\\\/\\\/ibecbarcelona.eu\\\/?s={search_term_string}\"},\"query-input\":{\"@type\":\"PropertyValueSpecification\",\"valueRequired\":true,\"valueName\":\"search_term_string\"}}],\"inLanguage\":\"es\"},{\"@type\":\"Organization\",\"@id\":\"https:\\\/\\\/ibecbarcelona.eu\\\/#organization\",\"name\":\"Institute for Bioengineering of Catalonia\",\"url\":\"https:\\\/\\\/ibecbarcelona.eu\\\/\",\"logo\":{\"@type\":\"ImageObject\",\"inLanguage\":\"es\",\"@id\":\"https:\\\/\\\/ibecbarcelona.eu\\\/#\\\/schema\\\/logo\\\/image\\\/\",\"url\":\"https:\\\/\\\/ibecbarcelona.eu\\\/wp-content\\\/uploads\\\/2026\\\/01\\\/cropped-IBEC_20ANYS_GRIS.png\",\"contentUrl\":\"https:\\\/\\\/ibecbarcelona.eu\\\/wp-content\\\/uploads\\\/2026\\\/01\\\/cropped-IBEC_20ANYS_GRIS.png\",\"width\":696,\"height\":257,\"caption\":\"Institute for Bioengineering of Catalonia\"},\"image\":{\"@id\":\"https:\\\/\\\/ibecbarcelona.eu\\\/#\\\/schema\\\/logo\\\/image\\\/\"}},{\"@type\":\"Person\",\"@id\":\"https:\\\/\\\/ibecbarcelona.eu\\\/#\\\/schema\\\/person\\\/c212c6b589546130be67986b9290e2b8\",\"name\":\"\u00c0ngels L\u00f3pez\",\"image\":{\"@type\":\"ImageObject\",\"inLanguage\":\"es\",\"@id\":\"https:\\\/\\\/secure.gravatar.com\\\/avatar\\\/09ad6ba116bea0b15c5511860f83b302579fd7404c1180e9dae55c3f11d988c6?s=96&d=mm&r=g\",\"url\":\"https:\\\/\\\/secure.gravatar.com\\\/avatar\\\/09ad6ba116bea0b15c5511860f83b302579fd7404c1180e9dae55c3f11d988c6?s=96&d=mm&r=g\",\"contentUrl\":\"https:\\\/\\\/secure.gravatar.com\\\/avatar\\\/09ad6ba116bea0b15c5511860f83b302579fd7404c1180e9dae55c3f11d988c6?s=96&d=mm&r=g\",\"caption\":\"\u00c0ngels L\u00f3pez\"},\"url\":\"https:\\\/\\\/ibecbarcelona.eu\\\/es\\\/author\\\/alopez\\\/\"}]}<\/script>\n<!-- \/ Yoast SEO plugin. -->","yoast_head_json":{"title":"SOMMa despega en Madrid - Institute for Bioengineering of Catalonia","robots":{"index":"index","follow":"follow","max-snippet":"max-snippet:-1","max-image-preview":"max-image-preview:large","max-video-preview":"max-video-preview:-1"},"canonical":"https:\/\/ibecbarcelona.eu\/es\/somma-despega-en-madrid\/","og_locale":"es_ES","og_type":"article","og_title":"SOMMa despega en Madrid - Institute for Bioengineering of Catalonia","og_description":"Ayer se reunieron en Madrid los Directores y representantes de los 25 centros Severo Ochoa de Espa\u00f1a - incluyendo a Josep Samitier, de IBEC - y de las 16 unidades de Mar\u00eda de Maeztu para lanzar SOMMa, una alianza destinada a elevar el perfil nacional e internacional de la ciencia en Espa\u00f1a.   La secretaria de Estado de I+D+I, Carmen Vela, presidi\u00f3 la reuni\u00f3n inicial, que defini\u00f3 el plan estrat\u00e9gico y de trabajo para los pr\u00f3ximos meses. Luis Serrano, director del Centro de Regulaci\u00f3n Gen\u00f3mica de Barcelona, \u200b\u200bencabezar\u00e1 la alianza en los pr\u00f3ximos dos a\u00f1os, mientras que Teresa Garc\u00eda-Mil\u00e1, directora de la Graduate School of Economics de Barcelona, \u200b\u200bser\u00e1 su vicepresidenta.  SOMMa alcanzar\u00e1 su objetivo promoviendo el intercambio de conocimiento, tecnolog\u00eda y mejores pr\u00e1cticas entre sus centros y unidades y con la comunidad cient\u00edfica internacional y otras partes interesadas, cooperando con otros centros de investigaci\u00f3n en Espa\u00f1a para fortalecer el sistema de I+D+I, y participando en la pol\u00edtica cient\u00edfica espa\u00f1ola y europea.","og_url":"https:\/\/ibecbarcelona.eu\/es\/somma-despega-en-madrid\/","og_site_name":"Institute for Bioengineering of Catalonia","article_published_time":"2017-10-19T12:39:20+00:00","article_modified_time":"2017-10-24T11:14:31+00:00","og_image":[{"width":450,"height":344,"url":"https:\/\/ibecbarcelona.eu\/wp-content\/uploads\/2017\/10\/RedSOMMWeb.jpg","type":"image\/jpeg"}],"author":"\u00c0ngels L\u00f3pez","twitter_card":"summary_large_image","twitter_misc":{"Escrito por":"\u00c0ngels L\u00f3pez","Tiempo de lectura":"1 minuto"},"schema":{"@context":"https:\/\/schema.org","@graph":[{"@type":"Article","@id":"https:\/\/ibecbarcelona.eu\/es\/somma-despega-en-madrid\/#article","isPartOf":{"@id":"https:\/\/ibecbarcelona.eu\/es\/somma-despega-en-madrid\/"},"author":{"name":"\u00c0ngels L\u00f3pez","@id":"https:\/\/ibecbarcelona.eu\/#\/schema\/person\/c212c6b589546130be67986b9290e2b8"},"headline":"SOMMa despega en Madrid","datePublished":"2017-10-19T12:39:20+00:00","dateModified":"2017-10-24T11:14:31+00:00","mainEntityOfPage":{"@id":"https:\/\/ibecbarcelona.eu\/es\/somma-despega-en-madrid\/"},"wordCount":154,"publisher":{"@id":"https:\/\/ibecbarcelona.eu\/#organization"},"image":{"@id":"https:\/\/ibecbarcelona.eu\/es\/somma-despega-en-madrid\/#primaryimage"},"thumbnailUrl":"https:\/\/ibecbarcelona.eu\/wp-content\/uploads\/2017\/10\/RedSOMMWeb.jpg","articleSection":["Noticias institucionales"],"inLanguage":"es"},{"@type":"WebPage","@id":"https:\/\/ibecbarcelona.eu\/es\/somma-despega-en-madrid\/","url":"https:\/\/ibecbarcelona.eu\/es\/somma-despega-en-madrid\/","name":"SOMMa despega en Madrid - Institute for Bioengineering of Catalonia","isPartOf":{"@id":"https:\/\/ibecbarcelona.eu\/#website"},"primaryImageOfPage":{"@id":"https:\/\/ibecbarcelona.eu\/es\/somma-despega-en-madrid\/#primaryimage"},"image":{"@id":"https:\/\/ibecbarcelona.eu\/es\/somma-despega-en-madrid\/#primaryimage"},"thumbnailUrl":"https:\/\/ibecbarcelona.eu\/wp-content\/uploads\/2017\/10\/RedSOMMWeb.jpg","datePublished":"2017-10-19T12:39:20+00:00","dateModified":"2017-10-24T11:14:31+00:00","breadcrumb":{"@id":"https:\/\/ibecbarcelona.eu\/es\/somma-despega-en-madrid\/#breadcrumb"},"inLanguage":"es","potentialAction":[{"@type":"ReadAction","target":["https:\/\/ibecbarcelona.eu\/es\/somma-despega-en-madrid\/"]}]},{"@type":"ImageObject","inLanguage":"es","@id":"https:\/\/ibecbarcelona.eu\/es\/somma-despega-en-madrid\/#primaryimage","url":"https:\/\/ibecbarcelona.eu\/wp-content\/uploads\/2017\/10\/RedSOMMWeb.jpg","contentUrl":"https:\/\/ibecbarcelona.eu\/wp-content\/uploads\/2017\/10\/RedSOMMWeb.jpg","width":450,"height":344},{"@type":"BreadcrumbList","@id":"https:\/\/ibecbarcelona.eu\/es\/somma-despega-en-madrid\/#breadcrumb","itemListElement":[{"@type":"ListItem","position":1,"name":"Home","item":"https:\/\/ibecbarcelona.eu\/es\/"},{"@type":"ListItem","position":2,"name":"SOMMa despega en Madrid"}]},{"@type":"WebSite","@id":"https:\/\/ibecbarcelona.eu\/#website","url":"https:\/\/ibecbarcelona.eu\/","name":"Institute for Bioengineering of Catalonia","description":"Bioengineering solutions for health","publisher":{"@id":"https:\/\/ibecbarcelona.eu\/#organization"},"potentialAction":[{"@type":"SearchAction","target":{"@type":"EntryPoint","urlTemplate":"https:\/\/ibecbarcelona.eu\/?s={search_term_string}"},"query-input":{"@type":"PropertyValueSpecification","valueRequired":true,"valueName":"search_term_string"}}],"inLanguage":"es"},{"@type":"Organization","@id":"https:\/\/ibecbarcelona.eu\/#organization","name":"Institute for Bioengineering of Catalonia","url":"https:\/\/ibecbarcelona.eu\/","logo":{"@type":"ImageObject","inLanguage":"es","@id":"https:\/\/ibecbarcelona.eu\/#\/schema\/logo\/image\/","url":"https:\/\/ibecbarcelona.eu\/wp-content\/uploads\/2026\/01\/cropped-IBEC_20ANYS_GRIS.png","contentUrl":"https:\/\/ibecbarcelona.eu\/wp-content\/uploads\/2026\/01\/cropped-IBEC_20ANYS_GRIS.png","width":696,"height":257,"caption":"Institute for Bioengineering of Catalonia"},"image":{"@id":"https:\/\/ibecbarcelona.eu\/#\/schema\/logo\/image\/"}},{"@type":"Person","@id":"https:\/\/ibecbarcelona.eu\/#\/schema\/person\/c212c6b589546130be67986b9290e2b8","name":"\u00c0ngels L\u00f3pez","image":{"@type":"ImageObject","inLanguage":"es","@id":"https:\/\/secure.gravatar.com\/avatar\/09ad6ba116bea0b15c5511860f83b302579fd7404c1180e9dae55c3f11d988c6?s=96&d=mm&r=g","url":"https:\/\/secure.gravatar.com\/avatar\/09ad6ba116bea0b15c5511860f83b302579fd7404c1180e9dae55c3f11d988c6?s=96&d=mm&r=g","contentUrl":"https:\/\/secure.gravatar.com\/avatar\/09ad6ba116bea0b15c5511860f83b302579fd7404c1180e9dae55c3f11d988c6?s=96&d=mm&r=g","caption":"\u00c0ngels L\u00f3pez"},"url":"https:\/\/ibecbarcelona.eu\/es\/author\/alopez\/"}]}},"AFP_featured_media_urls":{"full":["https:\/\/ibecbarcelona.eu\/wp-content\/uploads\/2017\/10\/RedSOMMWeb.jpg",450,344,false],"thumbnail":["https:\/\/ibecbarcelona.eu\/wp-content\/uploads\/2017\/10\/RedSOMMWeb-150x150.jpg",150,150,true],"medium":["https:\/\/ibecbarcelona.eu\/wp-content\/uploads\/2017\/10\/RedSOMMWeb-300x229.jpg",300,229,true],"medium_large":["https:\/\/ibecbarcelona.eu\/wp-content\/uploads\/2017\/10\/RedSOMMWeb.jpg",450,344,false],"large":["https:\/\/ibecbarcelona.eu\/wp-content\/uploads\/2017\/10\/RedSOMMWeb.jpg",450,344,false]},"AFP_attachments":[],"AFP_videos":[],"AFP_video_blocks":"","AFP_category_names":["Noticias institucionales"],"_links":{"self":[{"href":"https:\/\/ibecbarcelona.eu\/es\/wp-json\/wp\/v2\/posts\/55694","targetHints":{"allow":["GET"]}}],"collection":[{"href":"https:\/\/ibecbarcelona.eu\/es\/wp-json\/wp\/v2\/posts"}],"about":[{"href":"https:\/\/ibecbarcelona.eu\/es\/wp-json\/wp\/v2\/types\/post"}],"author":[{"embeddable":true,"href":"https:\/\/ibecbarcelona.eu\/es\/wp-json\/wp\/v2\/users\/4"}],"replies":[{"embeddable":true,"href":"https:\/\/ibecbarcelona.eu\/es\/wp-json\/wp\/v2\/comments?post=55694"}],"version-history":[{"count":6,"href":"https:\/\/ibecbarcelona.eu\/es\/wp-json\/wp\/v2\/posts\/55694\/revisions"}],"predecessor-version":[{"id":55703,"href":"https:\/\/ibecbarcelona.eu\/es\/wp-json\/wp\/v2\/posts\/55694\/revisions\/55703"}],"wp:featuredmedia":[{"embeddable":true,"href":"https:\/\/ibecbarcelona.eu\/es\/wp-json\/wp\/v2\/media\/38338"}],"wp:attachment":[{"href":"https:\/\/ibecbarcelona.eu\/es\/wp-json\/wp\/v2\/media?parent=55694"}],"wp:term":[{"taxonomy":"category","embeddable":true,"href":"https:\/\/ibecbarcelona.eu\/es\/wp-json\/wp\/v2\/categories?post=55694"},{"taxonomy":"post_tag","embeddable":true,"href":"https:\/\/ibecbarcelona.eu\/es\/wp-json\/wp\/v2\/tags?post=55694"},{"taxonomy":"post_format","embeddable":true,"href":"https:\/\/ibecbarcelona.eu\/es\/wp-json\/wp\/v2\/post_formats?post=55694"}],"curies":[{"name":"wp","href":"https:\/\/api.w.org\/{rel}","templated":true}]}}