
{"id":57509,"date":"2018-02-02T11:00:07","date_gmt":"2018-02-02T10:00:07","guid":{"rendered":"http:\/\/ibecbarcelona.eu\/?p=57509"},"modified":"2018-02-02T13:11:56","modified_gmt":"2018-02-02T12:11:56","slug":"pere-roca-cusachs-gana-el-premio-ciutat-de-barcelona-a-las-ciencias-de-la-vida-2017","status":"publish","type":"post","link":"https:\/\/ibecbarcelona.eu\/es\/pere-roca-cusachs-gana-el-premio-ciutat-de-barcelona-a-las-ciencias-de-la-vida-2017\/","title":{"rendered":"Pere Roca-Cusachs gana el premio Ciutat de Barcelona a las Ciencias de la Vida 2017"},"content":{"rendered":"<p>un mecanismo mediante el cual la rigidez de los tejidos regula la supervivencia y proliferaci\u00f3n celular, as\u00ed como sus implicaciones en enfermedades como el c\u00e1ncer y la\u00a0fibrosis hep\u00e1tica y pulmonar.<\/p>\n<p>Los Premios Ciutat de Barcelona, a lo largo de su trayectoria, han consolidado una imagen propia a partir de la letra \u201cB\u201d, que tiene su principal aplicaci\u00f3n en el libreto que se entrega a los asistentes al acto de entrega de los Premios. Este a\u00f1o, el Instituto de Cultura de Barcelona, encargado de la organizaci\u00f3n de los Premios, quiere profundizar en la dimensi\u00f3n ciudadana de estos galardones, que son un reconocimiento de la ciudad \u2013representada por los miembros del jurado, propuestos por el Consell de la Cultura de Barcelona y nombrados por la Alcaldesa\u2013 al talento de otros ciudadanos \u2013los ganadores.<\/p>\n<p>La ceremonia de entrega de los\u00a0Premios, que ser\u00e1 el pr\u00f3ximo jueves\u00a015 de febrero, la presidir\u00e1n la alcaldesa de Barcelona,\u00a0Ada\u00a0Colau, y el Comisionado de cultura del Ayuntamiento de Barcelona,\u00a0Joan Subirats, en un acto que tendr\u00e1 lugar al Sal\u00f3 de Cent del Ayuntamiento de Barcelona y ser\u00e1\u00a0presentado por la periodista de\u00a0betev\u00e9\u00a0Eva\u00a0Arderius.<\/p>\n<p>Los premiados de esta edici\u00f3n han sido:<\/p>\n<p>Agust\u00ed Duran i Sanpere d\u2019Hist\u00f2ria de Bcn: Alessandro Ravotto<br \/>\nArquitectura i Urbanisme: Harquitectes<br \/>\nArts Visuals: Joan Morey<br \/>\nAssaig, Ci\u00e8ncies Socials i Humanitats: Nova Il\u00b7lustraci\u00f3 Radical<br \/>\nAudiovisuals: Carla Sim\u00f3n<br \/>\nCi\u00e8ncies Experimentals i Tecnologia: Hugues de Riedmatten<br \/>\nCi\u00e8ncies de la Terra i Ambientals: \u2018Citizen Science provides a reliable and scalable tool to track disease-carrying mosquitoes\u2019<br \/>\nCi\u00e8ncies de la Vida: Pere Roca-Cusachs<br \/>\nCirc: \u201cFidelis Fortibus\u201d<br \/>\nCultura Popular i Tradicional: Associaci\u00f3 de Festes de la Pla\u00e7a Nova<br \/>\nDansa: Mal Pelo<br \/>\nDisseny: \u2018Hack The School\u2019 de la Fundaci\u00f3 Jaume Bofill<br \/>\nEducaci\u00f3: Sindihogar \/ Sindillar<br \/>\nLiteratura en llengua castellana: Juan Luis Ramos<br \/>\nLiteratura en llengua catalana: Aventures i desventures de l\u2019ins\u00f2lit i admirable Joan Orp\u00ed, Conquistador i Fundador de la nova Catalunya, Max Besora<br \/>\nMitjans de Comunicaci\u00f3: Revista 5w<br \/>\nM\u00fasica: Festival Mixtur<br \/>\nTeatre: Imma Colomer<br \/>\nTraducci\u00f3 en llengua catalana: Dolors Udina<\/p>\n","protected":false},"excerpt":{"rendered":"<h3><img decoding=\"async\" class=\"left size-full wp-image-57030 lazyload\" data-src=\"https:\/\/ibecbarcelona.eu\/wp-content\/uploads\/2018\/02\/pere_roca-cusachs_web2.jpg\" alt=\"\" width=\"550\" height=\"\" src=\"data:image\/svg+xml;base64,PHN2ZyB3aWR0aD0iMSIgaGVpZ2h0PSIxIiB4bWxucz0iaHR0cDovL3d3dy53My5vcmcvMjAwMC9zdmciPjwvc3ZnPg==\" style=\"--smush-placeholder-width: 942px; --smush-placeholder-aspect-ratio: 942\/589;\" \/>Pere Roca-Cusachs, investigador principal del Instituto de Bioingenier\u00eda de Catalu\u00f1a (IBEC), fue anunciado ayer Premio Ciutat de Barcelona a las Ciencias de la Vida 2017 que otorga el Ayuntamiento de Barcelona.<\/h3>\n<p>El jurado, integrado por Patrick Aloy (presidente), Juan Valc\u00e1rcel, Cristina Subidas, Elena Casacuberta, y Neus Agell, ha otorgado, por unanimidad, el premio Ciutat de Barcelona 2017 de Ciencias de la Vida a Pere Roca-Cusachs por su estudio publicado a la revista Cell, donde identifica<\/p>\n","protected":false},"author":4,"featured_media":57505,"comment_status":"closed","ping_status":"closed","sticky":false,"template":"","format":"standard","meta":{"footnotes":""},"categories":[94],"tags":[556,152,402],"post_formats":[],"class_list":["post-57509","post","type-post","status-publish","format-standard","has-post-thumbnail","hentry","category-noticias-institucionales","tag-ibec-ca-es","tag-ibec-es","tag-premi-ciutat-de-barcelona"],"yoast_head":"<!-- This site is optimized with the Yoast SEO plugin v27.4 - https:\/\/yoast.com\/product\/yoast-seo-wordpress\/ -->\n<title>Pere Roca-Cusachs gana el premio Ciutat de Barcelona a las Ciencias de la Vida 2017 - Institute for Bioengineering of Catalonia<\/title>\n<meta name=\"robots\" content=\"index, follow, max-snippet:-1, max-image-preview:large, max-video-preview:-1\" \/>\n<link rel=\"canonical\" href=\"https:\/\/ibecbarcelona.eu\/es\/pere-roca-cusachs-gana-el-premio-ciutat-de-barcelona-a-las-ciencias-de-la-vida-2017\/\" \/>\n<meta property=\"og:locale\" content=\"es_ES\" \/>\n<meta property=\"og:type\" content=\"article\" \/>\n<meta property=\"og:title\" content=\"Pere Roca-Cusachs gana el premio Ciutat de Barcelona a las Ciencias de la Vida 2017 - Institute for Bioengineering of Catalonia\" \/>\n<meta property=\"og:description\" content=\"Pere Roca-Cusachs, investigador principal del Instituto de Bioingenier\u00eda de Catalu\u00f1a (IBEC), fue anunciado ayer Premio Ciutat de Barcelona a las Ciencias de la Vida 2017 que otorga el Ayuntamiento de Barcelona. El jurado, integrado por Patrick Aloy (presidente), Juan Valc\u00e1rcel, Cristina Subidas, Elena Casacuberta, y Neus Agell, ha otorgado, por unanimidad, el premio Ciutat de Barcelona 2017 de Ciencias de la Vida a Pere Roca-Cusachs por su estudio publicado a la revista Cell, donde identifica\" \/>\n<meta property=\"og:url\" content=\"https:\/\/ibecbarcelona.eu\/es\/pere-roca-cusachs-gana-el-premio-ciutat-de-barcelona-a-las-ciencias-de-la-vida-2017\/\" \/>\n<meta property=\"og:site_name\" content=\"Institute for Bioengineering of Catalonia\" \/>\n<meta property=\"article:published_time\" content=\"2018-02-02T10:00:07+00:00\" \/>\n<meta property=\"article:modified_time\" content=\"2018-02-02T12:11:56+00:00\" \/>\n<meta property=\"og:image\" content=\"https:\/\/ibecbarcelona.eu\/wp-content\/uploads\/2018\/02\/pere_roca-cusachs_web2.jpg\" \/>\n\t<meta property=\"og:image:width\" content=\"942\" \/>\n\t<meta property=\"og:image:height\" content=\"589\" \/>\n\t<meta property=\"og:image:type\" content=\"image\/jpeg\" \/>\n<meta name=\"author\" content=\"\u00c0ngels L\u00f3pez\" \/>\n<meta name=\"twitter:card\" content=\"summary_large_image\" \/>\n<meta name=\"twitter:label1\" content=\"Escrito por\" \/>\n\t<meta name=\"twitter:data1\" content=\"\u00c0ngels L\u00f3pez\" \/>\n\t<meta name=\"twitter:label2\" content=\"Tiempo de lectura\" \/>\n\t<meta name=\"twitter:data2\" content=\"2 minutos\" \/>\n<script type=\"application\/ld+json\" class=\"yoast-schema-graph\">{\"@context\":\"https:\\\/\\\/schema.org\",\"@graph\":[{\"@type\":\"Article\",\"@id\":\"https:\\\/\\\/ibecbarcelona.eu\\\/es\\\/pere-roca-cusachs-gana-el-premio-ciutat-de-barcelona-a-las-ciencias-de-la-vida-2017\\\/#article\",\"isPartOf\":{\"@id\":\"https:\\\/\\\/ibecbarcelona.eu\\\/es\\\/pere-roca-cusachs-gana-el-premio-ciutat-de-barcelona-a-las-ciencias-de-la-vida-2017\\\/\"},\"author\":{\"name\":\"\u00c0ngels L\u00f3pez\",\"@id\":\"https:\\\/\\\/ibecbarcelona.eu\\\/#\\\/schema\\\/person\\\/c212c6b589546130be67986b9290e2b8\"},\"headline\":\"Pere Roca-Cusachs gana el premio Ciutat de Barcelona a las Ciencias de la Vida 2017\",\"datePublished\":\"2018-02-02T10:00:07+00:00\",\"dateModified\":\"2018-02-02T12:11:56+00:00\",\"mainEntityOfPage\":{\"@id\":\"https:\\\/\\\/ibecbarcelona.eu\\\/es\\\/pere-roca-cusachs-gana-el-premio-ciutat-de-barcelona-a-las-ciencias-de-la-vida-2017\\\/\"},\"wordCount\":366,\"publisher\":{\"@id\":\"https:\\\/\\\/ibecbarcelona.eu\\\/#organization\"},\"image\":{\"@id\":\"https:\\\/\\\/ibecbarcelona.eu\\\/es\\\/pere-roca-cusachs-gana-el-premio-ciutat-de-barcelona-a-las-ciencias-de-la-vida-2017\\\/#primaryimage\"},\"thumbnailUrl\":\"https:\\\/\\\/ibecbarcelona.eu\\\/wp-content\\\/uploads\\\/2018\\\/02\\\/pere_roca-cusachs_web2.jpg\",\"keywords\":[\"IBEC\",\"IBEC\",\"Premi Ciutat de Barcelona\"],\"articleSection\":[\"Noticias institucionales\"],\"inLanguage\":\"es\"},{\"@type\":\"WebPage\",\"@id\":\"https:\\\/\\\/ibecbarcelona.eu\\\/es\\\/pere-roca-cusachs-gana-el-premio-ciutat-de-barcelona-a-las-ciencias-de-la-vida-2017\\\/\",\"url\":\"https:\\\/\\\/ibecbarcelona.eu\\\/es\\\/pere-roca-cusachs-gana-el-premio-ciutat-de-barcelona-a-las-ciencias-de-la-vida-2017\\\/\",\"name\":\"Pere Roca-Cusachs gana el premio Ciutat de Barcelona a las Ciencias de la Vida 2017 - Institute for Bioengineering of Catalonia\",\"isPartOf\":{\"@id\":\"https:\\\/\\\/ibecbarcelona.eu\\\/#website\"},\"primaryImageOfPage\":{\"@id\":\"https:\\\/\\\/ibecbarcelona.eu\\\/es\\\/pere-roca-cusachs-gana-el-premio-ciutat-de-barcelona-a-las-ciencias-de-la-vida-2017\\\/#primaryimage\"},\"image\":{\"@id\":\"https:\\\/\\\/ibecbarcelona.eu\\\/es\\\/pere-roca-cusachs-gana-el-premio-ciutat-de-barcelona-a-las-ciencias-de-la-vida-2017\\\/#primaryimage\"},\"thumbnailUrl\":\"https:\\\/\\\/ibecbarcelona.eu\\\/wp-content\\\/uploads\\\/2018\\\/02\\\/pere_roca-cusachs_web2.jpg\",\"datePublished\":\"2018-02-02T10:00:07+00:00\",\"dateModified\":\"2018-02-02T12:11:56+00:00\",\"breadcrumb\":{\"@id\":\"https:\\\/\\\/ibecbarcelona.eu\\\/es\\\/pere-roca-cusachs-gana-el-premio-ciutat-de-barcelona-a-las-ciencias-de-la-vida-2017\\\/#breadcrumb\"},\"inLanguage\":\"es\",\"potentialAction\":[{\"@type\":\"ReadAction\",\"target\":[\"https:\\\/\\\/ibecbarcelona.eu\\\/es\\\/pere-roca-cusachs-gana-el-premio-ciutat-de-barcelona-a-las-ciencias-de-la-vida-2017\\\/\"]}]},{\"@type\":\"ImageObject\",\"inLanguage\":\"es\",\"@id\":\"https:\\\/\\\/ibecbarcelona.eu\\\/es\\\/pere-roca-cusachs-gana-el-premio-ciutat-de-barcelona-a-las-ciencias-de-la-vida-2017\\\/#primaryimage\",\"url\":\"https:\\\/\\\/ibecbarcelona.eu\\\/wp-content\\\/uploads\\\/2018\\\/02\\\/pere_roca-cusachs_web2.jpg\",\"contentUrl\":\"https:\\\/\\\/ibecbarcelona.eu\\\/wp-content\\\/uploads\\\/2018\\\/02\\\/pere_roca-cusachs_web2.jpg\",\"width\":942,\"height\":589},{\"@type\":\"BreadcrumbList\",\"@id\":\"https:\\\/\\\/ibecbarcelona.eu\\\/es\\\/pere-roca-cusachs-gana-el-premio-ciutat-de-barcelona-a-las-ciencias-de-la-vida-2017\\\/#breadcrumb\",\"itemListElement\":[{\"@type\":\"ListItem\",\"position\":1,\"name\":\"Home\",\"item\":\"https:\\\/\\\/ibecbarcelona.eu\\\/es\\\/\"},{\"@type\":\"ListItem\",\"position\":2,\"name\":\"Pere Roca-Cusachs gana el premio Ciutat de Barcelona a las Ciencias de la Vida 2017\"}]},{\"@type\":\"WebSite\",\"@id\":\"https:\\\/\\\/ibecbarcelona.eu\\\/#website\",\"url\":\"https:\\\/\\\/ibecbarcelona.eu\\\/\",\"name\":\"Institute for Bioengineering of Catalonia\",\"description\":\"Bioengineering solutions for health\",\"publisher\":{\"@id\":\"https:\\\/\\\/ibecbarcelona.eu\\\/#organization\"},\"potentialAction\":[{\"@type\":\"SearchAction\",\"target\":{\"@type\":\"EntryPoint\",\"urlTemplate\":\"https:\\\/\\\/ibecbarcelona.eu\\\/?s={search_term_string}\"},\"query-input\":{\"@type\":\"PropertyValueSpecification\",\"valueRequired\":true,\"valueName\":\"search_term_string\"}}],\"inLanguage\":\"es\"},{\"@type\":\"Organization\",\"@id\":\"https:\\\/\\\/ibecbarcelona.eu\\\/#organization\",\"name\":\"Institute for Bioengineering of Catalonia\",\"url\":\"https:\\\/\\\/ibecbarcelona.eu\\\/\",\"logo\":{\"@type\":\"ImageObject\",\"inLanguage\":\"es\",\"@id\":\"https:\\\/\\\/ibecbarcelona.eu\\\/#\\\/schema\\\/logo\\\/image\\\/\",\"url\":\"https:\\\/\\\/ibecbarcelona.eu\\\/wp-content\\\/uploads\\\/2026\\\/01\\\/cropped-IBEC_20ANYS_GRIS.png\",\"contentUrl\":\"https:\\\/\\\/ibecbarcelona.eu\\\/wp-content\\\/uploads\\\/2026\\\/01\\\/cropped-IBEC_20ANYS_GRIS.png\",\"width\":696,\"height\":257,\"caption\":\"Institute for Bioengineering of Catalonia\"},\"image\":{\"@id\":\"https:\\\/\\\/ibecbarcelona.eu\\\/#\\\/schema\\\/logo\\\/image\\\/\"}},{\"@type\":\"Person\",\"@id\":\"https:\\\/\\\/ibecbarcelona.eu\\\/#\\\/schema\\\/person\\\/c212c6b589546130be67986b9290e2b8\",\"name\":\"\u00c0ngels L\u00f3pez\",\"image\":{\"@type\":\"ImageObject\",\"inLanguage\":\"es\",\"@id\":\"https:\\\/\\\/secure.gravatar.com\\\/avatar\\\/09ad6ba116bea0b15c5511860f83b302579fd7404c1180e9dae55c3f11d988c6?s=96&d=mm&r=g\",\"url\":\"https:\\\/\\\/secure.gravatar.com\\\/avatar\\\/09ad6ba116bea0b15c5511860f83b302579fd7404c1180e9dae55c3f11d988c6?s=96&d=mm&r=g\",\"contentUrl\":\"https:\\\/\\\/secure.gravatar.com\\\/avatar\\\/09ad6ba116bea0b15c5511860f83b302579fd7404c1180e9dae55c3f11d988c6?s=96&d=mm&r=g\",\"caption\":\"\u00c0ngels L\u00f3pez\"},\"url\":\"https:\\\/\\\/ibecbarcelona.eu\\\/es\\\/author\\\/alopez\\\/\"}]}<\/script>\n<!-- \/ Yoast SEO plugin. -->","yoast_head_json":{"title":"Pere Roca-Cusachs gana el premio Ciutat de Barcelona a las Ciencias de la Vida 2017 - Institute for Bioengineering of Catalonia","robots":{"index":"index","follow":"follow","max-snippet":"max-snippet:-1","max-image-preview":"max-image-preview:large","max-video-preview":"max-video-preview:-1"},"canonical":"https:\/\/ibecbarcelona.eu\/es\/pere-roca-cusachs-gana-el-premio-ciutat-de-barcelona-a-las-ciencias-de-la-vida-2017\/","og_locale":"es_ES","og_type":"article","og_title":"Pere Roca-Cusachs gana el premio Ciutat de Barcelona a las Ciencias de la Vida 2017 - Institute for Bioengineering of Catalonia","og_description":"Pere Roca-Cusachs, investigador principal del Instituto de Bioingenier\u00eda de Catalu\u00f1a (IBEC), fue anunciado ayer Premio Ciutat de Barcelona a las Ciencias de la Vida 2017 que otorga el Ayuntamiento de Barcelona. El jurado, integrado por Patrick Aloy (presidente), Juan Valc\u00e1rcel, Cristina Subidas, Elena Casacuberta, y Neus Agell, ha otorgado, por unanimidad, el premio Ciutat de Barcelona 2017 de Ciencias de la Vida a Pere Roca-Cusachs por su estudio publicado a la revista Cell, donde identifica","og_url":"https:\/\/ibecbarcelona.eu\/es\/pere-roca-cusachs-gana-el-premio-ciutat-de-barcelona-a-las-ciencias-de-la-vida-2017\/","og_site_name":"Institute for Bioengineering of Catalonia","article_published_time":"2018-02-02T10:00:07+00:00","article_modified_time":"2018-02-02T12:11:56+00:00","og_image":[{"width":942,"height":589,"url":"https:\/\/ibecbarcelona.eu\/wp-content\/uploads\/2018\/02\/pere_roca-cusachs_web2.jpg","type":"image\/jpeg"}],"author":"\u00c0ngels L\u00f3pez","twitter_card":"summary_large_image","twitter_misc":{"Escrito por":"\u00c0ngels L\u00f3pez","Tiempo de lectura":"2 minutos"},"schema":{"@context":"https:\/\/schema.org","@graph":[{"@type":"Article","@id":"https:\/\/ibecbarcelona.eu\/es\/pere-roca-cusachs-gana-el-premio-ciutat-de-barcelona-a-las-ciencias-de-la-vida-2017\/#article","isPartOf":{"@id":"https:\/\/ibecbarcelona.eu\/es\/pere-roca-cusachs-gana-el-premio-ciutat-de-barcelona-a-las-ciencias-de-la-vida-2017\/"},"author":{"name":"\u00c0ngels L\u00f3pez","@id":"https:\/\/ibecbarcelona.eu\/#\/schema\/person\/c212c6b589546130be67986b9290e2b8"},"headline":"Pere Roca-Cusachs gana el premio Ciutat de Barcelona a las Ciencias de la Vida 2017","datePublished":"2018-02-02T10:00:07+00:00","dateModified":"2018-02-02T12:11:56+00:00","mainEntityOfPage":{"@id":"https:\/\/ibecbarcelona.eu\/es\/pere-roca-cusachs-gana-el-premio-ciutat-de-barcelona-a-las-ciencias-de-la-vida-2017\/"},"wordCount":366,"publisher":{"@id":"https:\/\/ibecbarcelona.eu\/#organization"},"image":{"@id":"https:\/\/ibecbarcelona.eu\/es\/pere-roca-cusachs-gana-el-premio-ciutat-de-barcelona-a-las-ciencias-de-la-vida-2017\/#primaryimage"},"thumbnailUrl":"https:\/\/ibecbarcelona.eu\/wp-content\/uploads\/2018\/02\/pere_roca-cusachs_web2.jpg","keywords":["IBEC","IBEC","Premi Ciutat de Barcelona"],"articleSection":["Noticias institucionales"],"inLanguage":"es"},{"@type":"WebPage","@id":"https:\/\/ibecbarcelona.eu\/es\/pere-roca-cusachs-gana-el-premio-ciutat-de-barcelona-a-las-ciencias-de-la-vida-2017\/","url":"https:\/\/ibecbarcelona.eu\/es\/pere-roca-cusachs-gana-el-premio-ciutat-de-barcelona-a-las-ciencias-de-la-vida-2017\/","name":"Pere Roca-Cusachs gana el premio Ciutat de Barcelona a las Ciencias de la Vida 2017 - Institute for Bioengineering of Catalonia","isPartOf":{"@id":"https:\/\/ibecbarcelona.eu\/#website"},"primaryImageOfPage":{"@id":"https:\/\/ibecbarcelona.eu\/es\/pere-roca-cusachs-gana-el-premio-ciutat-de-barcelona-a-las-ciencias-de-la-vida-2017\/#primaryimage"},"image":{"@id":"https:\/\/ibecbarcelona.eu\/es\/pere-roca-cusachs-gana-el-premio-ciutat-de-barcelona-a-las-ciencias-de-la-vida-2017\/#primaryimage"},"thumbnailUrl":"https:\/\/ibecbarcelona.eu\/wp-content\/uploads\/2018\/02\/pere_roca-cusachs_web2.jpg","datePublished":"2018-02-02T10:00:07+00:00","dateModified":"2018-02-02T12:11:56+00:00","breadcrumb":{"@id":"https:\/\/ibecbarcelona.eu\/es\/pere-roca-cusachs-gana-el-premio-ciutat-de-barcelona-a-las-ciencias-de-la-vida-2017\/#breadcrumb"},"inLanguage":"es","potentialAction":[{"@type":"ReadAction","target":["https:\/\/ibecbarcelona.eu\/es\/pere-roca-cusachs-gana-el-premio-ciutat-de-barcelona-a-las-ciencias-de-la-vida-2017\/"]}]},{"@type":"ImageObject","inLanguage":"es","@id":"https:\/\/ibecbarcelona.eu\/es\/pere-roca-cusachs-gana-el-premio-ciutat-de-barcelona-a-las-ciencias-de-la-vida-2017\/#primaryimage","url":"https:\/\/ibecbarcelona.eu\/wp-content\/uploads\/2018\/02\/pere_roca-cusachs_web2.jpg","contentUrl":"https:\/\/ibecbarcelona.eu\/wp-content\/uploads\/2018\/02\/pere_roca-cusachs_web2.jpg","width":942,"height":589},{"@type":"BreadcrumbList","@id":"https:\/\/ibecbarcelona.eu\/es\/pere-roca-cusachs-gana-el-premio-ciutat-de-barcelona-a-las-ciencias-de-la-vida-2017\/#breadcrumb","itemListElement":[{"@type":"ListItem","position":1,"name":"Home","item":"https:\/\/ibecbarcelona.eu\/es\/"},{"@type":"ListItem","position":2,"name":"Pere Roca-Cusachs gana el premio Ciutat de Barcelona a las Ciencias de la Vida 2017"}]},{"@type":"WebSite","@id":"https:\/\/ibecbarcelona.eu\/#website","url":"https:\/\/ibecbarcelona.eu\/","name":"Institute for Bioengineering of Catalonia","description":"Bioengineering solutions for health","publisher":{"@id":"https:\/\/ibecbarcelona.eu\/#organization"},"potentialAction":[{"@type":"SearchAction","target":{"@type":"EntryPoint","urlTemplate":"https:\/\/ibecbarcelona.eu\/?s={search_term_string}"},"query-input":{"@type":"PropertyValueSpecification","valueRequired":true,"valueName":"search_term_string"}}],"inLanguage":"es"},{"@type":"Organization","@id":"https:\/\/ibecbarcelona.eu\/#organization","name":"Institute for Bioengineering of Catalonia","url":"https:\/\/ibecbarcelona.eu\/","logo":{"@type":"ImageObject","inLanguage":"es","@id":"https:\/\/ibecbarcelona.eu\/#\/schema\/logo\/image\/","url":"https:\/\/ibecbarcelona.eu\/wp-content\/uploads\/2026\/01\/cropped-IBEC_20ANYS_GRIS.png","contentUrl":"https:\/\/ibecbarcelona.eu\/wp-content\/uploads\/2026\/01\/cropped-IBEC_20ANYS_GRIS.png","width":696,"height":257,"caption":"Institute for Bioengineering of Catalonia"},"image":{"@id":"https:\/\/ibecbarcelona.eu\/#\/schema\/logo\/image\/"}},{"@type":"Person","@id":"https:\/\/ibecbarcelona.eu\/#\/schema\/person\/c212c6b589546130be67986b9290e2b8","name":"\u00c0ngels L\u00f3pez","image":{"@type":"ImageObject","inLanguage":"es","@id":"https:\/\/secure.gravatar.com\/avatar\/09ad6ba116bea0b15c5511860f83b302579fd7404c1180e9dae55c3f11d988c6?s=96&d=mm&r=g","url":"https:\/\/secure.gravatar.com\/avatar\/09ad6ba116bea0b15c5511860f83b302579fd7404c1180e9dae55c3f11d988c6?s=96&d=mm&r=g","contentUrl":"https:\/\/secure.gravatar.com\/avatar\/09ad6ba116bea0b15c5511860f83b302579fd7404c1180e9dae55c3f11d988c6?s=96&d=mm&r=g","caption":"\u00c0ngels L\u00f3pez"},"url":"https:\/\/ibecbarcelona.eu\/es\/author\/alopez\/"}]}},"AFP_featured_media_urls":{"full":["https:\/\/ibecbarcelona.eu\/wp-content\/uploads\/2018\/02\/pere_roca-cusachs_web2.jpg",942,589,false],"thumbnail":["https:\/\/ibecbarcelona.eu\/wp-content\/uploads\/2018\/02\/pere_roca-cusachs_web2-150x150.jpg",150,150,true],"medium":["https:\/\/ibecbarcelona.eu\/wp-content\/uploads\/2018\/02\/pere_roca-cusachs_web2-300x188.jpg",300,188,true],"medium_large":["https:\/\/ibecbarcelona.eu\/wp-content\/uploads\/2018\/02\/pere_roca-cusachs_web2-768x480.jpg",768,480,true],"large":["https:\/\/ibecbarcelona.eu\/wp-content\/uploads\/2018\/02\/pere_roca-cusachs_web2.jpg",942,589,false]},"AFP_attachments":[],"AFP_videos":[],"AFP_video_blocks":"","AFP_category_names":["Noticias institucionales"],"_links":{"self":[{"href":"https:\/\/ibecbarcelona.eu\/es\/wp-json\/wp\/v2\/posts\/57509","targetHints":{"allow":["GET"]}}],"collection":[{"href":"https:\/\/ibecbarcelona.eu\/es\/wp-json\/wp\/v2\/posts"}],"about":[{"href":"https:\/\/ibecbarcelona.eu\/es\/wp-json\/wp\/v2\/types\/post"}],"author":[{"embeddable":true,"href":"https:\/\/ibecbarcelona.eu\/es\/wp-json\/wp\/v2\/users\/4"}],"replies":[{"embeddable":true,"href":"https:\/\/ibecbarcelona.eu\/es\/wp-json\/wp\/v2\/comments?post=57509"}],"version-history":[{"count":3,"href":"https:\/\/ibecbarcelona.eu\/es\/wp-json\/wp\/v2\/posts\/57509\/revisions"}],"predecessor-version":[{"id":57567,"href":"https:\/\/ibecbarcelona.eu\/es\/wp-json\/wp\/v2\/posts\/57509\/revisions\/57567"}],"wp:featuredmedia":[{"embeddable":true,"href":"https:\/\/ibecbarcelona.eu\/es\/wp-json\/wp\/v2\/media\/57505"}],"wp:attachment":[{"href":"https:\/\/ibecbarcelona.eu\/es\/wp-json\/wp\/v2\/media?parent=57509"}],"wp:term":[{"taxonomy":"category","embeddable":true,"href":"https:\/\/ibecbarcelona.eu\/es\/wp-json\/wp\/v2\/categories?post=57509"},{"taxonomy":"post_tag","embeddable":true,"href":"https:\/\/ibecbarcelona.eu\/es\/wp-json\/wp\/v2\/tags?post=57509"},{"taxonomy":"post_format","embeddable":true,"href":"https:\/\/ibecbarcelona.eu\/es\/wp-json\/wp\/v2\/post_formats?post=57509"}],"curies":[{"name":"wp","href":"https:\/\/api.w.org\/{rel}","templated":true}]}}