
{"id":57752,"date":"2018-02-16T10:17:03","date_gmt":"2018-02-16T09:17:03","guid":{"rendered":"http:\/\/ibecbarcelona.eu\/?p=57752"},"modified":"2018-02-16T14:35:52","modified_gmt":"2018-02-16T13:35:52","slug":"premio-ciutat-de-barcelona-para-pere","status":"publish","type":"post","link":"https:\/\/ibecbarcelona.eu\/es\/premio-ciutat-de-barcelona-para-pere\/","title":{"rendered":"Premio \u00abCiutat de Barcelona\u00bb para Pere"},"content":{"rendered":"<p>Pere gan\u00f3 el premio por <a href=\"https:\/\/ibecbarcelona.eu\/ibec-investigators-show-that-physical-forces-activate-genes-involved-in-cancer\/\" target=\"_blank\" rel=\"noopener\"> su estudio en <em>Cell<\/em> del a\u00f1o pasado <\/a>, en el que identifica un mecanismo por el cual La rigidez tisular regula la supervivencia y proliferaci\u00f3n celular, as\u00ed como sus implicaciones en enfermedades como el c\u00e1ncer y la fibrosis hep\u00e1tica y pulmonar.<\/p>\n<p>El director del IBEC Josep Samitier gan\u00f3 el Premio de la Ciudad de Barcelona a la tecnolog\u00eda en 2003.<\/p>\n<p><em> Imagen \u00a9 Ajuntament de Barcelona <\/em><\/p>\n","protected":false},"excerpt":{"rendered":"<h3> <img data-src=\"https:\/\/ibecbarcelona.eu\/wp-content\/uploads\/2018\/02\/perecityofbarcelona.jpg\" alt = \"\" width = \"500\" height = \"374\" class=\"left size- full wp-image-57741 lazyload\" src=\"data:image\/svg+xml;base64,PHN2ZyB3aWR0aD0iMSIgaGVpZ2h0PSIxIiB4bWxucz0iaHR0cDovL3d3dy53My5vcmcvMjAwMC9zdmciPjwvc3ZnPg==\" style=\"--smush-placeholder-width: 500px; --smush-placeholder-aspect-ratio: 500\/374;\" \/> <\/a> Este es el momento en que el investigador principal del IBEC, Pere Roca-Cusachs, recibe el Premio Ciudad de Barcelona por las ciencias de la vida de la alcaldesa de Barcelona, Ada Colau. <\/h3>\n<p>La ceremonia tuvo lugar anoche en el Sal\u00f3 de Cent del ayuntamiento, donde los veinte ganadores de los premios de este a\u00f1o, ahora en su 17\u00aa edici\u00f3n, recibieron la felicitaci\u00f3n de la Sra. Colau y el Comisionado de Cultura Joan Subirats.<\/p>\n<p>Los prestigiosos premios de la Ciudad de Barcelona reconocen la creatividad excepcional y la investigaci\u00f3n llevada a cabo en Barcelona que contribuyen a la cultura y la sociedad en la ciudad.<\/p>\n","protected":false},"author":4,"featured_media":57741,"comment_status":"closed","ping_status":"closed","sticky":false,"template":"","format":"standard","meta":{"footnotes":""},"categories":[94],"tags":[],"post_formats":[],"class_list":["post-57752","post","type-post","status-publish","format-standard","has-post-thumbnail","hentry","category-noticias-institucionales"],"yoast_head":"<!-- This site is optimized with the Yoast SEO plugin v27.5 - https:\/\/yoast.com\/product\/yoast-seo-wordpress\/ -->\n<title>Premio &quot;Ciutat de Barcelona&quot; para Pere - Institute for Bioengineering of Catalonia<\/title>\n<meta name=\"robots\" content=\"index, follow, max-snippet:-1, max-image-preview:large, max-video-preview:-1\" \/>\n<link rel=\"canonical\" href=\"https:\/\/ibecbarcelona.eu\/es\/premio-ciutat-de-barcelona-para-pere\/\" \/>\n<meta property=\"og:locale\" content=\"es_ES\" \/>\n<meta property=\"og:type\" content=\"article\" \/>\n<meta property=\"og:title\" content=\"Premio &quot;Ciutat de Barcelona&quot; para Pere - Institute for Bioengineering of Catalonia\" \/>\n<meta property=\"og:description\" content=\"Este es el momento en que el investigador principal del IBEC, Pere Roca-Cusachs, recibe el Premio Ciudad de Barcelona por las ciencias de la vida de la alcaldesa de Barcelona, Ada Colau.   La ceremonia tuvo lugar anoche en el Sal\u00f3 de Cent del ayuntamiento, donde los veinte ganadores de los premios de este a\u00f1o, ahora en su 17\u00aa edici\u00f3n, recibieron la felicitaci\u00f3n de la Sra. Colau y el Comisionado de Cultura Joan Subirats.  Los prestigiosos premios de la Ciudad de Barcelona reconocen la creatividad excepcional y la investigaci\u00f3n llevada a cabo en Barcelona que contribuyen a la cultura y la sociedad en la ciudad.\" \/>\n<meta property=\"og:url\" content=\"https:\/\/ibecbarcelona.eu\/es\/premio-ciutat-de-barcelona-para-pere\/\" \/>\n<meta property=\"og:site_name\" content=\"Institute for Bioengineering of Catalonia\" \/>\n<meta property=\"article:published_time\" content=\"2018-02-16T09:17:03+00:00\" \/>\n<meta property=\"article:modified_time\" content=\"2018-02-16T13:35:52+00:00\" \/>\n<meta property=\"og:image\" content=\"https:\/\/ibecbarcelona.eu\/wp-content\/uploads\/2018\/02\/perecityofbarcelona.jpg\" \/>\n\t<meta property=\"og:image:width\" content=\"500\" \/>\n\t<meta property=\"og:image:height\" content=\"374\" \/>\n\t<meta property=\"og:image:type\" content=\"image\/jpeg\" \/>\n<meta name=\"author\" content=\"\u00c0ngels L\u00f3pez\" \/>\n<meta name=\"twitter:card\" content=\"summary_large_image\" \/>\n<meta name=\"twitter:label1\" content=\"Escrito por\" \/>\n\t<meta name=\"twitter:data1\" content=\"\u00c0ngels L\u00f3pez\" \/>\n<script type=\"application\/ld+json\" class=\"yoast-schema-graph\">{\"@context\":\"https:\\\/\\\/schema.org\",\"@graph\":[{\"@type\":\"Article\",\"@id\":\"https:\\\/\\\/ibecbarcelona.eu\\\/es\\\/premio-ciutat-de-barcelona-para-pere\\\/#article\",\"isPartOf\":{\"@id\":\"https:\\\/\\\/ibecbarcelona.eu\\\/es\\\/premio-ciutat-de-barcelona-para-pere\\\/\"},\"author\":{\"name\":\"\u00c0ngels L\u00f3pez\",\"@id\":\"https:\\\/\\\/ibecbarcelona.eu\\\/#\\\/schema\\\/person\\\/c212c6b589546130be67986b9290e2b8\"},\"headline\":\"Premio \u00abCiutat de Barcelona\u00bb para Pere\",\"datePublished\":\"2018-02-16T09:17:03+00:00\",\"dateModified\":\"2018-02-16T13:35:52+00:00\",\"mainEntityOfPage\":{\"@id\":\"https:\\\/\\\/ibecbarcelona.eu\\\/es\\\/premio-ciutat-de-barcelona-para-pere\\\/\"},\"wordCount\":78,\"publisher\":{\"@id\":\"https:\\\/\\\/ibecbarcelona.eu\\\/#organization\"},\"image\":{\"@id\":\"https:\\\/\\\/ibecbarcelona.eu\\\/es\\\/premio-ciutat-de-barcelona-para-pere\\\/#primaryimage\"},\"thumbnailUrl\":\"https:\\\/\\\/ibecbarcelona.eu\\\/wp-content\\\/uploads\\\/2018\\\/02\\\/perecityofbarcelona.jpg\",\"articleSection\":[\"Noticias institucionales\"],\"inLanguage\":\"es\"},{\"@type\":\"WebPage\",\"@id\":\"https:\\\/\\\/ibecbarcelona.eu\\\/es\\\/premio-ciutat-de-barcelona-para-pere\\\/\",\"url\":\"https:\\\/\\\/ibecbarcelona.eu\\\/es\\\/premio-ciutat-de-barcelona-para-pere\\\/\",\"name\":\"Premio \\\"Ciutat de Barcelona\\\" para Pere - Institute for Bioengineering of Catalonia\",\"isPartOf\":{\"@id\":\"https:\\\/\\\/ibecbarcelona.eu\\\/#website\"},\"primaryImageOfPage\":{\"@id\":\"https:\\\/\\\/ibecbarcelona.eu\\\/es\\\/premio-ciutat-de-barcelona-para-pere\\\/#primaryimage\"},\"image\":{\"@id\":\"https:\\\/\\\/ibecbarcelona.eu\\\/es\\\/premio-ciutat-de-barcelona-para-pere\\\/#primaryimage\"},\"thumbnailUrl\":\"https:\\\/\\\/ibecbarcelona.eu\\\/wp-content\\\/uploads\\\/2018\\\/02\\\/perecityofbarcelona.jpg\",\"datePublished\":\"2018-02-16T09:17:03+00:00\",\"dateModified\":\"2018-02-16T13:35:52+00:00\",\"breadcrumb\":{\"@id\":\"https:\\\/\\\/ibecbarcelona.eu\\\/es\\\/premio-ciutat-de-barcelona-para-pere\\\/#breadcrumb\"},\"inLanguage\":\"es\",\"potentialAction\":[{\"@type\":\"ReadAction\",\"target\":[\"https:\\\/\\\/ibecbarcelona.eu\\\/es\\\/premio-ciutat-de-barcelona-para-pere\\\/\"]}]},{\"@type\":\"ImageObject\",\"inLanguage\":\"es\",\"@id\":\"https:\\\/\\\/ibecbarcelona.eu\\\/es\\\/premio-ciutat-de-barcelona-para-pere\\\/#primaryimage\",\"url\":\"https:\\\/\\\/ibecbarcelona.eu\\\/wp-content\\\/uploads\\\/2018\\\/02\\\/perecityofbarcelona.jpg\",\"contentUrl\":\"https:\\\/\\\/ibecbarcelona.eu\\\/wp-content\\\/uploads\\\/2018\\\/02\\\/perecityofbarcelona.jpg\",\"width\":500,\"height\":374},{\"@type\":\"BreadcrumbList\",\"@id\":\"https:\\\/\\\/ibecbarcelona.eu\\\/es\\\/premio-ciutat-de-barcelona-para-pere\\\/#breadcrumb\",\"itemListElement\":[{\"@type\":\"ListItem\",\"position\":1,\"name\":\"Home\",\"item\":\"https:\\\/\\\/ibecbarcelona.eu\\\/es\\\/\"},{\"@type\":\"ListItem\",\"position\":2,\"name\":\"Premio &#8220;Ciutat de Barcelona&#8221; para Pere\"}]},{\"@type\":\"WebSite\",\"@id\":\"https:\\\/\\\/ibecbarcelona.eu\\\/#website\",\"url\":\"https:\\\/\\\/ibecbarcelona.eu\\\/\",\"name\":\"Institute for Bioengineering of Catalonia\",\"description\":\"Bioengineering solutions for health\",\"publisher\":{\"@id\":\"https:\\\/\\\/ibecbarcelona.eu\\\/#organization\"},\"potentialAction\":[{\"@type\":\"SearchAction\",\"target\":{\"@type\":\"EntryPoint\",\"urlTemplate\":\"https:\\\/\\\/ibecbarcelona.eu\\\/?s={search_term_string}\"},\"query-input\":{\"@type\":\"PropertyValueSpecification\",\"valueRequired\":true,\"valueName\":\"search_term_string\"}}],\"inLanguage\":\"es\"},{\"@type\":\"Organization\",\"@id\":\"https:\\\/\\\/ibecbarcelona.eu\\\/#organization\",\"name\":\"Institute for Bioengineering of Catalonia\",\"url\":\"https:\\\/\\\/ibecbarcelona.eu\\\/\",\"logo\":{\"@type\":\"ImageObject\",\"inLanguage\":\"es\",\"@id\":\"https:\\\/\\\/ibecbarcelona.eu\\\/#\\\/schema\\\/logo\\\/image\\\/\",\"url\":\"https:\\\/\\\/ibecbarcelona.eu\\\/wp-content\\\/uploads\\\/2026\\\/01\\\/cropped-IBEC_20ANYS_GRIS.png\",\"contentUrl\":\"https:\\\/\\\/ibecbarcelona.eu\\\/wp-content\\\/uploads\\\/2026\\\/01\\\/cropped-IBEC_20ANYS_GRIS.png\",\"width\":696,\"height\":257,\"caption\":\"Institute for Bioengineering of Catalonia\"},\"image\":{\"@id\":\"https:\\\/\\\/ibecbarcelona.eu\\\/#\\\/schema\\\/logo\\\/image\\\/\"}},{\"@type\":\"Person\",\"@id\":\"https:\\\/\\\/ibecbarcelona.eu\\\/#\\\/schema\\\/person\\\/c212c6b589546130be67986b9290e2b8\",\"name\":\"\u00c0ngels L\u00f3pez\",\"image\":{\"@type\":\"ImageObject\",\"inLanguage\":\"es\",\"@id\":\"https:\\\/\\\/secure.gravatar.com\\\/avatar\\\/09ad6ba116bea0b15c5511860f83b302579fd7404c1180e9dae55c3f11d988c6?s=96&d=mm&r=g\",\"url\":\"https:\\\/\\\/secure.gravatar.com\\\/avatar\\\/09ad6ba116bea0b15c5511860f83b302579fd7404c1180e9dae55c3f11d988c6?s=96&d=mm&r=g\",\"contentUrl\":\"https:\\\/\\\/secure.gravatar.com\\\/avatar\\\/09ad6ba116bea0b15c5511860f83b302579fd7404c1180e9dae55c3f11d988c6?s=96&d=mm&r=g\",\"caption\":\"\u00c0ngels L\u00f3pez\"},\"url\":\"https:\\\/\\\/ibecbarcelona.eu\\\/es\\\/author\\\/alopez\\\/\"}]}<\/script>\n<!-- \/ Yoast SEO plugin. -->","yoast_head_json":{"title":"Premio \"Ciutat de Barcelona\" para Pere - Institute for Bioengineering of Catalonia","robots":{"index":"index","follow":"follow","max-snippet":"max-snippet:-1","max-image-preview":"max-image-preview:large","max-video-preview":"max-video-preview:-1"},"canonical":"https:\/\/ibecbarcelona.eu\/es\/premio-ciutat-de-barcelona-para-pere\/","og_locale":"es_ES","og_type":"article","og_title":"Premio \"Ciutat de Barcelona\" para Pere - Institute for Bioengineering of Catalonia","og_description":"Este es el momento en que el investigador principal del IBEC, Pere Roca-Cusachs, recibe el Premio Ciudad de Barcelona por las ciencias de la vida de la alcaldesa de Barcelona, Ada Colau.   La ceremonia tuvo lugar anoche en el Sal\u00f3 de Cent del ayuntamiento, donde los veinte ganadores de los premios de este a\u00f1o, ahora en su 17\u00aa edici\u00f3n, recibieron la felicitaci\u00f3n de la Sra. Colau y el Comisionado de Cultura Joan Subirats.  Los prestigiosos premios de la Ciudad de Barcelona reconocen la creatividad excepcional y la investigaci\u00f3n llevada a cabo en Barcelona que contribuyen a la cultura y la sociedad en la ciudad.","og_url":"https:\/\/ibecbarcelona.eu\/es\/premio-ciutat-de-barcelona-para-pere\/","og_site_name":"Institute for Bioengineering of Catalonia","article_published_time":"2018-02-16T09:17:03+00:00","article_modified_time":"2018-02-16T13:35:52+00:00","og_image":[{"width":500,"height":374,"url":"https:\/\/ibecbarcelona.eu\/wp-content\/uploads\/2018\/02\/perecityofbarcelona.jpg","type":"image\/jpeg"}],"author":"\u00c0ngels L\u00f3pez","twitter_card":"summary_large_image","twitter_misc":{"Escrito por":"\u00c0ngels L\u00f3pez"},"schema":{"@context":"https:\/\/schema.org","@graph":[{"@type":"Article","@id":"https:\/\/ibecbarcelona.eu\/es\/premio-ciutat-de-barcelona-para-pere\/#article","isPartOf":{"@id":"https:\/\/ibecbarcelona.eu\/es\/premio-ciutat-de-barcelona-para-pere\/"},"author":{"name":"\u00c0ngels L\u00f3pez","@id":"https:\/\/ibecbarcelona.eu\/#\/schema\/person\/c212c6b589546130be67986b9290e2b8"},"headline":"Premio \u00abCiutat de Barcelona\u00bb para Pere","datePublished":"2018-02-16T09:17:03+00:00","dateModified":"2018-02-16T13:35:52+00:00","mainEntityOfPage":{"@id":"https:\/\/ibecbarcelona.eu\/es\/premio-ciutat-de-barcelona-para-pere\/"},"wordCount":78,"publisher":{"@id":"https:\/\/ibecbarcelona.eu\/#organization"},"image":{"@id":"https:\/\/ibecbarcelona.eu\/es\/premio-ciutat-de-barcelona-para-pere\/#primaryimage"},"thumbnailUrl":"https:\/\/ibecbarcelona.eu\/wp-content\/uploads\/2018\/02\/perecityofbarcelona.jpg","articleSection":["Noticias institucionales"],"inLanguage":"es"},{"@type":"WebPage","@id":"https:\/\/ibecbarcelona.eu\/es\/premio-ciutat-de-barcelona-para-pere\/","url":"https:\/\/ibecbarcelona.eu\/es\/premio-ciutat-de-barcelona-para-pere\/","name":"Premio \"Ciutat de Barcelona\" para Pere - Institute for Bioengineering of Catalonia","isPartOf":{"@id":"https:\/\/ibecbarcelona.eu\/#website"},"primaryImageOfPage":{"@id":"https:\/\/ibecbarcelona.eu\/es\/premio-ciutat-de-barcelona-para-pere\/#primaryimage"},"image":{"@id":"https:\/\/ibecbarcelona.eu\/es\/premio-ciutat-de-barcelona-para-pere\/#primaryimage"},"thumbnailUrl":"https:\/\/ibecbarcelona.eu\/wp-content\/uploads\/2018\/02\/perecityofbarcelona.jpg","datePublished":"2018-02-16T09:17:03+00:00","dateModified":"2018-02-16T13:35:52+00:00","breadcrumb":{"@id":"https:\/\/ibecbarcelona.eu\/es\/premio-ciutat-de-barcelona-para-pere\/#breadcrumb"},"inLanguage":"es","potentialAction":[{"@type":"ReadAction","target":["https:\/\/ibecbarcelona.eu\/es\/premio-ciutat-de-barcelona-para-pere\/"]}]},{"@type":"ImageObject","inLanguage":"es","@id":"https:\/\/ibecbarcelona.eu\/es\/premio-ciutat-de-barcelona-para-pere\/#primaryimage","url":"https:\/\/ibecbarcelona.eu\/wp-content\/uploads\/2018\/02\/perecityofbarcelona.jpg","contentUrl":"https:\/\/ibecbarcelona.eu\/wp-content\/uploads\/2018\/02\/perecityofbarcelona.jpg","width":500,"height":374},{"@type":"BreadcrumbList","@id":"https:\/\/ibecbarcelona.eu\/es\/premio-ciutat-de-barcelona-para-pere\/#breadcrumb","itemListElement":[{"@type":"ListItem","position":1,"name":"Home","item":"https:\/\/ibecbarcelona.eu\/es\/"},{"@type":"ListItem","position":2,"name":"Premio &#8220;Ciutat de Barcelona&#8221; para Pere"}]},{"@type":"WebSite","@id":"https:\/\/ibecbarcelona.eu\/#website","url":"https:\/\/ibecbarcelona.eu\/","name":"Institute for Bioengineering of Catalonia","description":"Bioengineering solutions for health","publisher":{"@id":"https:\/\/ibecbarcelona.eu\/#organization"},"potentialAction":[{"@type":"SearchAction","target":{"@type":"EntryPoint","urlTemplate":"https:\/\/ibecbarcelona.eu\/?s={search_term_string}"},"query-input":{"@type":"PropertyValueSpecification","valueRequired":true,"valueName":"search_term_string"}}],"inLanguage":"es"},{"@type":"Organization","@id":"https:\/\/ibecbarcelona.eu\/#organization","name":"Institute for Bioengineering of Catalonia","url":"https:\/\/ibecbarcelona.eu\/","logo":{"@type":"ImageObject","inLanguage":"es","@id":"https:\/\/ibecbarcelona.eu\/#\/schema\/logo\/image\/","url":"https:\/\/ibecbarcelona.eu\/wp-content\/uploads\/2026\/01\/cropped-IBEC_20ANYS_GRIS.png","contentUrl":"https:\/\/ibecbarcelona.eu\/wp-content\/uploads\/2026\/01\/cropped-IBEC_20ANYS_GRIS.png","width":696,"height":257,"caption":"Institute for Bioengineering of Catalonia"},"image":{"@id":"https:\/\/ibecbarcelona.eu\/#\/schema\/logo\/image\/"}},{"@type":"Person","@id":"https:\/\/ibecbarcelona.eu\/#\/schema\/person\/c212c6b589546130be67986b9290e2b8","name":"\u00c0ngels L\u00f3pez","image":{"@type":"ImageObject","inLanguage":"es","@id":"https:\/\/secure.gravatar.com\/avatar\/09ad6ba116bea0b15c5511860f83b302579fd7404c1180e9dae55c3f11d988c6?s=96&d=mm&r=g","url":"https:\/\/secure.gravatar.com\/avatar\/09ad6ba116bea0b15c5511860f83b302579fd7404c1180e9dae55c3f11d988c6?s=96&d=mm&r=g","contentUrl":"https:\/\/secure.gravatar.com\/avatar\/09ad6ba116bea0b15c5511860f83b302579fd7404c1180e9dae55c3f11d988c6?s=96&d=mm&r=g","caption":"\u00c0ngels L\u00f3pez"},"url":"https:\/\/ibecbarcelona.eu\/es\/author\/alopez\/"}]}},"AFP_featured_media_urls":{"full":["https:\/\/ibecbarcelona.eu\/wp-content\/uploads\/2018\/02\/perecityofbarcelona.jpg",500,374,false],"thumbnail":["https:\/\/ibecbarcelona.eu\/wp-content\/uploads\/2018\/02\/perecityofbarcelona-150x150.jpg",150,150,true],"medium":["https:\/\/ibecbarcelona.eu\/wp-content\/uploads\/2018\/02\/perecityofbarcelona-300x224.jpg",300,224,true],"medium_large":["https:\/\/ibecbarcelona.eu\/wp-content\/uploads\/2018\/02\/perecityofbarcelona.jpg",500,374,false],"large":["https:\/\/ibecbarcelona.eu\/wp-content\/uploads\/2018\/02\/perecityofbarcelona.jpg",500,374,false]},"AFP_attachments":[],"AFP_videos":[],"AFP_video_blocks":"","AFP_category_names":["Noticias institucionales"],"_links":{"self":[{"href":"https:\/\/ibecbarcelona.eu\/es\/wp-json\/wp\/v2\/posts\/57752","targetHints":{"allow":["GET"]}}],"collection":[{"href":"https:\/\/ibecbarcelona.eu\/es\/wp-json\/wp\/v2\/posts"}],"about":[{"href":"https:\/\/ibecbarcelona.eu\/es\/wp-json\/wp\/v2\/types\/post"}],"author":[{"embeddable":true,"href":"https:\/\/ibecbarcelona.eu\/es\/wp-json\/wp\/v2\/users\/4"}],"replies":[{"embeddable":true,"href":"https:\/\/ibecbarcelona.eu\/es\/wp-json\/wp\/v2\/comments?post=57752"}],"version-history":[{"count":3,"href":"https:\/\/ibecbarcelona.eu\/es\/wp-json\/wp\/v2\/posts\/57752\/revisions"}],"predecessor-version":[{"id":57755,"href":"https:\/\/ibecbarcelona.eu\/es\/wp-json\/wp\/v2\/posts\/57752\/revisions\/57755"}],"wp:featuredmedia":[{"embeddable":true,"href":"https:\/\/ibecbarcelona.eu\/es\/wp-json\/wp\/v2\/media\/57741"}],"wp:attachment":[{"href":"https:\/\/ibecbarcelona.eu\/es\/wp-json\/wp\/v2\/media?parent=57752"}],"wp:term":[{"taxonomy":"category","embeddable":true,"href":"https:\/\/ibecbarcelona.eu\/es\/wp-json\/wp\/v2\/categories?post=57752"},{"taxonomy":"post_tag","embeddable":true,"href":"https:\/\/ibecbarcelona.eu\/es\/wp-json\/wp\/v2\/tags?post=57752"},{"taxonomy":"post_format","embeddable":true,"href":"https:\/\/ibecbarcelona.eu\/es\/wp-json\/wp\/v2\/post_formats?post=57752"}],"curies":[{"name":"wp","href":"https:\/\/api.w.org\/{rel}","templated":true}]}}