
{"id":59298,"date":"2018-05-28T11:52:09","date_gmt":"2018-05-28T09:52:09","guid":{"rendered":"http:\/\/ibecbarcelona.eu\/?p=59298"},"modified":"2018-05-30T09:52:58","modified_gmt":"2018-05-30T07:52:58","slug":"las-fuerzas-fisicas-regulan-la-division-celular","status":"publish","type":"post","link":"https:\/\/ibecbarcelona.eu\/es\/physical-forces-regulate-cell-division","title":{"rendered":"Las fuerzas f\u00edsicas regulan la divisi\u00f3n celular"},"content":{"rendered":"<p>Todos los organismos pluricelulares se forman a partir de una sola c\u00e9lula, el cigoto. Para desarrollar los diversos \u00f3rganos y tejidos, esta c\u00e9lula original se multiplica hasta constituir un organismo funcional y adulto. El proceso que todas las c\u00e9lulas experimentan se llama divisi\u00f3n celular.<\/p>\n<p>Cada c\u00e9lula eucariota de un organismo se divide en promedio 50 veces antes de entrar en\u00a0senescencia (muerte celular). Para dividirse, la c\u00e9lula debe crecer, copiar su material gen\u00e9tico (ADN) y dividirse f\u00edsicamente en dos c\u00e9lulas hijas iguales entre s\u00ed e iguales a la c\u00e9lula madre, siguiendo el llamado ciclo celular. Las dos c\u00e9lulas hijas, a su vez, pueden seguir el mismo ciclo y multiplicar exponencialmente su descendencia en las siguientes generaciones.<\/p>\n<p>Tanto en las primeras fases del desarrollo embrionario como en los \u00f3rganos y tejidos adultos, las divisiones celulares deben de estar reguladas. Un ejemplo de proliferaci\u00f3n celular descontrolada lo presenta el c\u00e1ncer, donde las c\u00e9lulas cancerosas se dividen indefinidamente formando tumores e incluso invadiendo e interfiriendo en el buen funcionamiento de tejidos y \u00f3rganos sanos. Es por tanto crucial entender qu\u00e9 mecanismos regulan la divisi\u00f3n celular en el organismo adulto y en su desarrollo.<\/p>\n<figure id=\"attachment_59283\" aria-describedby=\"caption-attachment-59283\" style=\"width: 240px\" class=\"wp-caption alignright\"><img decoding=\"async\" class=\"wp-image-59283 lazyload\" data-src=\"https:\/\/ibecbarcelona.eu\/wp-content\/uploads\/2018\/05\/pilar_1-1-150x150.jpg\" alt=\"\" width=\"250\" height=\"196\" data-srcset=\"https:\/\/ibecbarcelona.eu\/wp-content\/uploads\/2018\/05\/pilar_1-1-300x235.jpg 300w, https:\/\/ibecbarcelona.eu\/wp-content\/uploads\/2018\/05\/pilar_1-1-768x601.jpg 768w, https:\/\/ibecbarcelona.eu\/wp-content\/uploads\/2018\/05\/pilar_1-1-1024x802.jpg 1024w, https:\/\/ibecbarcelona.eu\/wp-content\/uploads\/2018\/05\/pilar_1-1-166x130.jpg 166w, https:\/\/ibecbarcelona.eu\/wp-content\/uploads\/2018\/05\/pilar_1-1-150x117.jpg 150w\" data-sizes=\"(max-width: 250px) 100vw, 250px\" src=\"data:image\/svg+xml;base64,PHN2ZyB3aWR0aD0iMSIgaGVpZ2h0PSIxIiB4bWxucz0iaHR0cDovL3d3dy53My5vcmcvMjAwMC9zdmciPjwvc3ZnPg==\" style=\"--smush-placeholder-width: 250px; --smush-placeholder-aspect-ratio: 250\/196;\" \/><figcaption id=\"caption-attachment-59283\" class=\"wp-caption-text\">En la imagen, un epitelio de c\u00e9lulas de la l\u00ednea MDCK con los n\u00facleos marcados: el color oscila del rojo al verde en funci\u00f3n de la fase del ciclo celular; rojo para la fase G1, verde para las fases S, G2 y M.<\/figcaption><\/figure>\n<p>El equipo de investigaci\u00f3n del profesor Trepat ha descubierto que las fuerzas mec\u00e1nicas regulan diversas fases del ciclo celular, incluyendo el inicio de la mitosis, cuando el n\u00facleo y el citoplasma se dividen en dos c\u00e9lulas. Los investigadores han demostrado que la tensi\u00f3n y la energ\u00eda mec\u00e1nica de un tejido pueden predecir la duraci\u00f3n de las fases del ciclo celular, revel\u00e1ndose como un posible mecanismo de control de la divisi\u00f3n de las c\u00e9lulas y del correcto mantenimiento de la homeostasis, es decir, los mecanismos de autorregulaci\u00f3n de los seres vivos.<\/p>\n<p>Para llegar a esta conclusi\u00f3n, los investigadores midieron las fuerzas mec\u00e1nicas ejercidas por centenares de c\u00e9lulas durante la divisi\u00f3n celular, as\u00ed como la influencia de sus vecinas durante este proceso, con experimentos de m\u00e1s de 24 horas de duraci\u00f3n. \u201cA partir de un intenso an\u00e1lisis estad\u00edstico, hemos encontrado una clara correlaci\u00f3n entre el estado mec\u00e1nico del tejido y las divisiones celulares que se dan en \u00e9l\u201d, comenta Marina Uroz, estudiante de doctorado en el grupo del profesor Trepat y primera autora del estudio. \u201cEntre otras observaciones, hemos visto que las c\u00e9lulas bajan su nivel de tensi\u00f3n justo antes de dividirse, para facilitar el proceso de mitosis. Adem\u00e1s, las c\u00e9lulas vecinas colaboran en este proceso antes y durante la divisi\u00f3n\u201d, a\u00f1ade Marina Uroz.<\/p>\n<p>El estudio sugiere que las fuerzas mec\u00e1nicas pueden regular las divisiones celulares en los tejidos. \u201cConocemos bien los programas gen\u00e9ticos y las se\u00f1ales bioqu\u00edmicas que regulan con alt\u00edsima precisi\u00f3n la divisi\u00f3n celular\u201d, se\u00f1ala el profesor Trepat. \u201cCon este estudio hemos mostrado que las fuerzas f\u00edsicas tambi\u00e9n tienen un papel en la regulaci\u00f3n de la divisi\u00f3n celular. Las fuerzas son un nuevo elemento, que est\u00e1 \u00edntimamente relacionado con el mantenimiento y regeneraci\u00f3n de los tejidos\u201d, a\u00f1ade.<\/p>\n<p>La investigaci\u00f3n, que revela las claves para predecir las divisiones celulares a partir de par\u00e1metros mec\u00e1nicos, podr\u00eda tener un papel importante en la comprensi\u00f3n del c\u00e1ncer. \u201cSi logr\u00e1ramos frenar la divisi\u00f3n descontrolada de c\u00e9lulas cancerosas a partir de se\u00f1ales mec\u00e1nicas, evitar\u00edamos el crecimiento de los tumores y sobre todo la expansi\u00f3n del c\u00e1ncer en forma de met\u00e1stasis\u201d, concluye el profesor Trepat.<\/p>\n<p>El proyecto ha sido financiado por la Generalitat de Catalunya, el Ministerio de Econom\u00eda y Competitividad (MEC), el Ministerio de Sanidad (programa CIBER-BBN) y el European Research Council (ERC), as\u00ed como la Comisi\u00f3n Europea, Obra Social la Caixa y la Fundaci\u00f3n La Marat\u00f3 de TV3.<\/p>\n<p>&#8212;<\/p>\n<p><em>Art\u00edculo referenciado:<\/em> Marina Uroz, Sabrina Wistorf, Xavier Serra-Picamal, Vito Conte, Marta Sales-Pardo, Pere Roca-Cusachs, Roger Guimera &amp; Xavier Trepat. <a href=\"https:\/\/www.nature.com\/articles\/s41556-018-0107-2\" target=\"_blank\" rel=\"noopener\">\u201cRegulation of cell cycle progression by cell\u2013cell and cell\u2013matrix forces\u201d<\/a>. Nature Cell Biology, 25 May 2018. Doi:10.1038\/s41556-018-0107-2<\/p>\n<p>&#8212;<\/p>\n<p><strong>IBEC en los medios:<\/strong><\/p>\n<p><a href=\"http:\/\/www.lavanguardia.com\/vida\/20180528\/443911798310\/descubren-que-la-division-celular-esta-regulada-por-fuerzas-fisicas.html\" target=\"_blank\" rel=\"noopener\">http:\/\/www.lavanguardia.com\/vida\/20180528\/443911798310\/descubren-que-la-division-celular-esta-regulada-por-fuerzas-fisicas.html<\/a><\/p>\n<p><a href=\"http:\/\/noticiasdelaciencia.com\/not\/28756\/las-fuerzas-fisicas-regulan-la-division-celular\" target=\"_blank\" rel=\"noopener\">http:\/\/noticiasdelaciencia.com\/not\/28756\/las-fuerzas-fisicas-regulan-la-division-celular<\/a><\/p>\n","protected":false},"excerpt":{"rendered":"<h3><img decoding=\"async\" data-src=\"http:\/\/www.ibecbarcelona.eu\/wp-content\/uploads\/2018\/05\/XTrepat_MUroz_2_web-1.jpg\" alt=\"\" width=\"470\" height=\"225\" class=\"left size-full wp-image-59224 lazyload\" src=\"data:image\/svg+xml;base64,PHN2ZyB3aWR0aD0iMSIgaGVpZ2h0PSIxIiB4bWxucz0iaHR0cDovL3d3dy53My5vcmcvMjAwMC9zdmciPjwvc3ZnPg==\" style=\"--smush-placeholder-width: 470px; --smush-placeholder-aspect-ratio: 470\/225;\" \/>Investigadores del IBEC han descubierto que la divisi\u00f3n celular que se produce en tejidos epiteliales est\u00e1 regulada por fuerzas mec\u00e1nicas. <\/h3>\n<p>Este descubrimiento abre la puerta a una mayor comprensi\u00f3n de la proliferaci\u00f3n descontrolada de las c\u00e9lulas cancerosas en los tumores y a su posible regulaci\u00f3n por medio de fuerzas f\u00edsicas. <\/p>\n<p>La investigaci\u00f3n, que se ha publicado en la revista Nature Cell Biology, ha sido llevada a cabo en el laboratorio de Xavier Trepat, profesor ICREA en el IBEC y profesor asociado en la UB, y en ella se relaciona el estado mec\u00e1nico del tejido con la progresi\u00f3n a lo largo del ciclo celular y divisi\u00f3n de sus c\u00e9lulas.<\/p>\n","protected":false},"author":4,"featured_media":59289,"comment_status":"closed","ping_status":"closed","sticky":false,"template":"","format":"standard","meta":{"footnotes":""},"categories":[97],"tags":[],"post_formats":[],"class_list":["post-59298","post","type-post","status-publish","format-standard","has-post-thumbnail","hentry","category-noticias-de-investigacion"],"yoast_head":"<!-- This site is optimized with the Yoast SEO plugin v27.5 - https:\/\/yoast.com\/product\/yoast-seo-wordpress\/ -->\n<title>Las fuerzas f\u00edsicas regulan la divisi\u00f3n celular - Institute for Bioengineering of Catalonia<\/title>\n<meta name=\"robots\" content=\"index, follow, max-snippet:-1, max-image-preview:large, max-video-preview:-1\" \/>\n<link rel=\"canonical\" href=\"https:\/\/ibecbarcelona.eu\/es\/physical-forces-regulate-cell-division\/\" \/>\n<meta property=\"og:locale\" content=\"es_ES\" \/>\n<meta property=\"og:type\" content=\"article\" \/>\n<meta property=\"og:title\" content=\"Las fuerzas f\u00edsicas regulan la divisi\u00f3n celular - Institute for Bioengineering of Catalonia\" \/>\n<meta property=\"og:description\" content=\"Investigadores del IBEC han descubierto que la divisi\u00f3n celular que se produce en tejidos epiteliales est\u00e1 regulada por fuerzas mec\u00e1nicas.   Este descubrimiento abre la puerta a una mayor comprensi\u00f3n de la proliferaci\u00f3n descontrolada de las c\u00e9lulas cancerosas en los tumores y a su posible regulaci\u00f3n por medio de fuerzas f\u00edsicas.   La investigaci\u00f3n, que se ha publicado en la revista Nature Cell Biology, ha sido llevada a cabo en el laboratorio de Xavier Trepat, profesor ICREA en el IBEC y profesor asociado en la UB, y en ella se relaciona el estado mec\u00e1nico del tejido con la progresi\u00f3n a lo largo del ciclo celular y divisi\u00f3n de sus c\u00e9lulas.\" \/>\n<meta property=\"og:url\" content=\"https:\/\/ibecbarcelona.eu\/es\/physical-forces-regulate-cell-division\/\" \/>\n<meta property=\"og:site_name\" content=\"Institute for Bioengineering of Catalonia\" \/>\n<meta property=\"article:published_time\" content=\"2018-05-28T09:52:09+00:00\" \/>\n<meta property=\"article:modified_time\" content=\"2018-05-30T07:52:58+00:00\" \/>\n<meta property=\"og:image\" content=\"https:\/\/ibecbarcelona.eu\/wp-content\/uploads\/2018\/05\/XTrepat_MUroz_2_web-1.jpg\" \/>\n\t<meta property=\"og:image:width\" content=\"1500\" \/>\n\t<meta property=\"og:image:height\" content=\"1093\" \/>\n\t<meta property=\"og:image:type\" content=\"image\/jpeg\" \/>\n<meta name=\"author\" content=\"\u00c0ngels L\u00f3pez\" \/>\n<meta name=\"twitter:card\" content=\"summary_large_image\" \/>\n<meta name=\"twitter:label1\" content=\"Escrito por\" \/>\n\t<meta name=\"twitter:data1\" content=\"\u00c0ngels L\u00f3pez\" \/>\n\t<meta name=\"twitter:label2\" content=\"Tiempo de lectura\" \/>\n\t<meta name=\"twitter:data2\" content=\"4 minutos\" \/>\n<script type=\"application\/ld+json\" class=\"yoast-schema-graph\">{\"@context\":\"https:\\\/\\\/schema.org\",\"@graph\":[{\"@type\":\"Article\",\"@id\":\"https:\\\/\\\/ibecbarcelona.eu\\\/es\\\/physical-forces-regulate-cell-division\\\/#article\",\"isPartOf\":{\"@id\":\"https:\\\/\\\/ibecbarcelona.eu\\\/es\\\/physical-forces-regulate-cell-division\\\/\"},\"author\":{\"name\":\"\u00c0ngels L\u00f3pez\",\"@id\":\"https:\\\/\\\/ibecbarcelona.eu\\\/#\\\/schema\\\/person\\\/c212c6b589546130be67986b9290e2b8\"},\"headline\":\"Las fuerzas f\u00edsicas regulan la divisi\u00f3n celular\",\"datePublished\":\"2018-05-28T09:52:09+00:00\",\"dateModified\":\"2018-05-30T07:52:58+00:00\",\"mainEntityOfPage\":{\"@id\":\"https:\\\/\\\/ibecbarcelona.eu\\\/es\\\/physical-forces-regulate-cell-division\\\/\"},\"wordCount\":778,\"publisher\":{\"@id\":\"https:\\\/\\\/ibecbarcelona.eu\\\/#organization\"},\"image\":{\"@id\":\"https:\\\/\\\/ibecbarcelona.eu\\\/es\\\/physical-forces-regulate-cell-division\\\/#primaryimage\"},\"thumbnailUrl\":\"https:\\\/\\\/ibecbarcelona.eu\\\/wp-content\\\/uploads\\\/2018\\\/05\\\/XTrepat_MUroz_2_web-1.jpg\",\"articleSection\":[\"Noticias de investigaci\u00f3n\"],\"inLanguage\":\"es\"},{\"@type\":\"WebPage\",\"@id\":\"https:\\\/\\\/ibecbarcelona.eu\\\/es\\\/physical-forces-regulate-cell-division\\\/\",\"url\":\"https:\\\/\\\/ibecbarcelona.eu\\\/es\\\/physical-forces-regulate-cell-division\\\/\",\"name\":\"Las fuerzas f\u00edsicas regulan la divisi\u00f3n celular - Institute for Bioengineering of Catalonia\",\"isPartOf\":{\"@id\":\"https:\\\/\\\/ibecbarcelona.eu\\\/#website\"},\"primaryImageOfPage\":{\"@id\":\"https:\\\/\\\/ibecbarcelona.eu\\\/es\\\/physical-forces-regulate-cell-division\\\/#primaryimage\"},\"image\":{\"@id\":\"https:\\\/\\\/ibecbarcelona.eu\\\/es\\\/physical-forces-regulate-cell-division\\\/#primaryimage\"},\"thumbnailUrl\":\"https:\\\/\\\/ibecbarcelona.eu\\\/wp-content\\\/uploads\\\/2018\\\/05\\\/XTrepat_MUroz_2_web-1.jpg\",\"datePublished\":\"2018-05-28T09:52:09+00:00\",\"dateModified\":\"2018-05-30T07:52:58+00:00\",\"breadcrumb\":{\"@id\":\"https:\\\/\\\/ibecbarcelona.eu\\\/es\\\/physical-forces-regulate-cell-division\\\/#breadcrumb\"},\"inLanguage\":\"es\",\"potentialAction\":[{\"@type\":\"ReadAction\",\"target\":[\"https:\\\/\\\/ibecbarcelona.eu\\\/es\\\/physical-forces-regulate-cell-division\\\/\"]}]},{\"@type\":\"ImageObject\",\"inLanguage\":\"es\",\"@id\":\"https:\\\/\\\/ibecbarcelona.eu\\\/es\\\/physical-forces-regulate-cell-division\\\/#primaryimage\",\"url\":\"https:\\\/\\\/ibecbarcelona.eu\\\/wp-content\\\/uploads\\\/2018\\\/05\\\/XTrepat_MUroz_2_web-1.jpg\",\"contentUrl\":\"https:\\\/\\\/ibecbarcelona.eu\\\/wp-content\\\/uploads\\\/2018\\\/05\\\/XTrepat_MUroz_2_web-1.jpg\",\"width\":1500,\"height\":1093},{\"@type\":\"BreadcrumbList\",\"@id\":\"https:\\\/\\\/ibecbarcelona.eu\\\/es\\\/physical-forces-regulate-cell-division\\\/#breadcrumb\",\"itemListElement\":[{\"@type\":\"ListItem\",\"position\":1,\"name\":\"Home\",\"item\":\"https:\\\/\\\/ibecbarcelona.eu\\\/es\\\/\"},{\"@type\":\"ListItem\",\"position\":2,\"name\":\"Las fuerzas f\u00edsicas regulan la divisi\u00f3n celular\"}]},{\"@type\":\"WebSite\",\"@id\":\"https:\\\/\\\/ibecbarcelona.eu\\\/#website\",\"url\":\"https:\\\/\\\/ibecbarcelona.eu\\\/\",\"name\":\"Institute for Bioengineering of Catalonia\",\"description\":\"Bioengineering solutions for health\",\"publisher\":{\"@id\":\"https:\\\/\\\/ibecbarcelona.eu\\\/#organization\"},\"potentialAction\":[{\"@type\":\"SearchAction\",\"target\":{\"@type\":\"EntryPoint\",\"urlTemplate\":\"https:\\\/\\\/ibecbarcelona.eu\\\/?s={search_term_string}\"},\"query-input\":{\"@type\":\"PropertyValueSpecification\",\"valueRequired\":true,\"valueName\":\"search_term_string\"}}],\"inLanguage\":\"es\"},{\"@type\":\"Organization\",\"@id\":\"https:\\\/\\\/ibecbarcelona.eu\\\/#organization\",\"name\":\"Institute for Bioengineering of Catalonia\",\"url\":\"https:\\\/\\\/ibecbarcelona.eu\\\/\",\"logo\":{\"@type\":\"ImageObject\",\"inLanguage\":\"es\",\"@id\":\"https:\\\/\\\/ibecbarcelona.eu\\\/#\\\/schema\\\/logo\\\/image\\\/\",\"url\":\"https:\\\/\\\/ibecbarcelona.eu\\\/wp-content\\\/uploads\\\/2026\\\/01\\\/cropped-IBEC_20ANYS_GRIS.png\",\"contentUrl\":\"https:\\\/\\\/ibecbarcelona.eu\\\/wp-content\\\/uploads\\\/2026\\\/01\\\/cropped-IBEC_20ANYS_GRIS.png\",\"width\":696,\"height\":257,\"caption\":\"Institute for Bioengineering of Catalonia\"},\"image\":{\"@id\":\"https:\\\/\\\/ibecbarcelona.eu\\\/#\\\/schema\\\/logo\\\/image\\\/\"}},{\"@type\":\"Person\",\"@id\":\"https:\\\/\\\/ibecbarcelona.eu\\\/#\\\/schema\\\/person\\\/c212c6b589546130be67986b9290e2b8\",\"name\":\"\u00c0ngels L\u00f3pez\",\"image\":{\"@type\":\"ImageObject\",\"inLanguage\":\"es\",\"@id\":\"https:\\\/\\\/secure.gravatar.com\\\/avatar\\\/09ad6ba116bea0b15c5511860f83b302579fd7404c1180e9dae55c3f11d988c6?s=96&d=mm&r=g\",\"url\":\"https:\\\/\\\/secure.gravatar.com\\\/avatar\\\/09ad6ba116bea0b15c5511860f83b302579fd7404c1180e9dae55c3f11d988c6?s=96&d=mm&r=g\",\"contentUrl\":\"https:\\\/\\\/secure.gravatar.com\\\/avatar\\\/09ad6ba116bea0b15c5511860f83b302579fd7404c1180e9dae55c3f11d988c6?s=96&d=mm&r=g\",\"caption\":\"\u00c0ngels L\u00f3pez\"},\"url\":\"https:\\\/\\\/ibecbarcelona.eu\\\/es\\\/author\\\/alopez\\\/\"}]}<\/script>\n<!-- \/ Yoast SEO plugin. -->","yoast_head_json":{"title":"Las fuerzas f\u00edsicas regulan la divisi\u00f3n celular - Institute for Bioengineering of Catalonia","robots":{"index":"index","follow":"follow","max-snippet":"max-snippet:-1","max-image-preview":"max-image-preview:large","max-video-preview":"max-video-preview:-1"},"canonical":"https:\/\/ibecbarcelona.eu\/es\/physical-forces-regulate-cell-division\/","og_locale":"es_ES","og_type":"article","og_title":"Las fuerzas f\u00edsicas regulan la divisi\u00f3n celular - Institute for Bioengineering of Catalonia","og_description":"Investigadores del IBEC han descubierto que la divisi\u00f3n celular que se produce en tejidos epiteliales est\u00e1 regulada por fuerzas mec\u00e1nicas.   Este descubrimiento abre la puerta a una mayor comprensi\u00f3n de la proliferaci\u00f3n descontrolada de las c\u00e9lulas cancerosas en los tumores y a su posible regulaci\u00f3n por medio de fuerzas f\u00edsicas.   La investigaci\u00f3n, que se ha publicado en la revista Nature Cell Biology, ha sido llevada a cabo en el laboratorio de Xavier Trepat, profesor ICREA en el IBEC y profesor asociado en la UB, y en ella se relaciona el estado mec\u00e1nico del tejido con la progresi\u00f3n a lo largo del ciclo celular y divisi\u00f3n de sus c\u00e9lulas.","og_url":"https:\/\/ibecbarcelona.eu\/es\/physical-forces-regulate-cell-division\/","og_site_name":"Institute for Bioengineering of Catalonia","article_published_time":"2018-05-28T09:52:09+00:00","article_modified_time":"2018-05-30T07:52:58+00:00","og_image":[{"width":1500,"height":1093,"url":"https:\/\/ibecbarcelona.eu\/wp-content\/uploads\/2018\/05\/XTrepat_MUroz_2_web-1.jpg","type":"image\/jpeg"}],"author":"\u00c0ngels L\u00f3pez","twitter_card":"summary_large_image","twitter_misc":{"Escrito por":"\u00c0ngels L\u00f3pez","Tiempo de lectura":"4 minutos"},"schema":{"@context":"https:\/\/schema.org","@graph":[{"@type":"Article","@id":"https:\/\/ibecbarcelona.eu\/es\/physical-forces-regulate-cell-division\/#article","isPartOf":{"@id":"https:\/\/ibecbarcelona.eu\/es\/physical-forces-regulate-cell-division\/"},"author":{"name":"\u00c0ngels L\u00f3pez","@id":"https:\/\/ibecbarcelona.eu\/#\/schema\/person\/c212c6b589546130be67986b9290e2b8"},"headline":"Las fuerzas f\u00edsicas regulan la divisi\u00f3n celular","datePublished":"2018-05-28T09:52:09+00:00","dateModified":"2018-05-30T07:52:58+00:00","mainEntityOfPage":{"@id":"https:\/\/ibecbarcelona.eu\/es\/physical-forces-regulate-cell-division\/"},"wordCount":778,"publisher":{"@id":"https:\/\/ibecbarcelona.eu\/#organization"},"image":{"@id":"https:\/\/ibecbarcelona.eu\/es\/physical-forces-regulate-cell-division\/#primaryimage"},"thumbnailUrl":"https:\/\/ibecbarcelona.eu\/wp-content\/uploads\/2018\/05\/XTrepat_MUroz_2_web-1.jpg","articleSection":["Noticias de investigaci\u00f3n"],"inLanguage":"es"},{"@type":"WebPage","@id":"https:\/\/ibecbarcelona.eu\/es\/physical-forces-regulate-cell-division\/","url":"https:\/\/ibecbarcelona.eu\/es\/physical-forces-regulate-cell-division\/","name":"Las fuerzas f\u00edsicas regulan la divisi\u00f3n celular - Institute for Bioengineering of Catalonia","isPartOf":{"@id":"https:\/\/ibecbarcelona.eu\/#website"},"primaryImageOfPage":{"@id":"https:\/\/ibecbarcelona.eu\/es\/physical-forces-regulate-cell-division\/#primaryimage"},"image":{"@id":"https:\/\/ibecbarcelona.eu\/es\/physical-forces-regulate-cell-division\/#primaryimage"},"thumbnailUrl":"https:\/\/ibecbarcelona.eu\/wp-content\/uploads\/2018\/05\/XTrepat_MUroz_2_web-1.jpg","datePublished":"2018-05-28T09:52:09+00:00","dateModified":"2018-05-30T07:52:58+00:00","breadcrumb":{"@id":"https:\/\/ibecbarcelona.eu\/es\/physical-forces-regulate-cell-division\/#breadcrumb"},"inLanguage":"es","potentialAction":[{"@type":"ReadAction","target":["https:\/\/ibecbarcelona.eu\/es\/physical-forces-regulate-cell-division\/"]}]},{"@type":"ImageObject","inLanguage":"es","@id":"https:\/\/ibecbarcelona.eu\/es\/physical-forces-regulate-cell-division\/#primaryimage","url":"https:\/\/ibecbarcelona.eu\/wp-content\/uploads\/2018\/05\/XTrepat_MUroz_2_web-1.jpg","contentUrl":"https:\/\/ibecbarcelona.eu\/wp-content\/uploads\/2018\/05\/XTrepat_MUroz_2_web-1.jpg","width":1500,"height":1093},{"@type":"BreadcrumbList","@id":"https:\/\/ibecbarcelona.eu\/es\/physical-forces-regulate-cell-division\/#breadcrumb","itemListElement":[{"@type":"ListItem","position":1,"name":"Home","item":"https:\/\/ibecbarcelona.eu\/es\/"},{"@type":"ListItem","position":2,"name":"Las fuerzas f\u00edsicas regulan la divisi\u00f3n celular"}]},{"@type":"WebSite","@id":"https:\/\/ibecbarcelona.eu\/#website","url":"https:\/\/ibecbarcelona.eu\/","name":"Institute for Bioengineering of Catalonia","description":"Bioengineering solutions for health","publisher":{"@id":"https:\/\/ibecbarcelona.eu\/#organization"},"potentialAction":[{"@type":"SearchAction","target":{"@type":"EntryPoint","urlTemplate":"https:\/\/ibecbarcelona.eu\/?s={search_term_string}"},"query-input":{"@type":"PropertyValueSpecification","valueRequired":true,"valueName":"search_term_string"}}],"inLanguage":"es"},{"@type":"Organization","@id":"https:\/\/ibecbarcelona.eu\/#organization","name":"Institute for Bioengineering of Catalonia","url":"https:\/\/ibecbarcelona.eu\/","logo":{"@type":"ImageObject","inLanguage":"es","@id":"https:\/\/ibecbarcelona.eu\/#\/schema\/logo\/image\/","url":"https:\/\/ibecbarcelona.eu\/wp-content\/uploads\/2026\/01\/cropped-IBEC_20ANYS_GRIS.png","contentUrl":"https:\/\/ibecbarcelona.eu\/wp-content\/uploads\/2026\/01\/cropped-IBEC_20ANYS_GRIS.png","width":696,"height":257,"caption":"Institute for Bioengineering of Catalonia"},"image":{"@id":"https:\/\/ibecbarcelona.eu\/#\/schema\/logo\/image\/"}},{"@type":"Person","@id":"https:\/\/ibecbarcelona.eu\/#\/schema\/person\/c212c6b589546130be67986b9290e2b8","name":"\u00c0ngels L\u00f3pez","image":{"@type":"ImageObject","inLanguage":"es","@id":"https:\/\/secure.gravatar.com\/avatar\/09ad6ba116bea0b15c5511860f83b302579fd7404c1180e9dae55c3f11d988c6?s=96&d=mm&r=g","url":"https:\/\/secure.gravatar.com\/avatar\/09ad6ba116bea0b15c5511860f83b302579fd7404c1180e9dae55c3f11d988c6?s=96&d=mm&r=g","contentUrl":"https:\/\/secure.gravatar.com\/avatar\/09ad6ba116bea0b15c5511860f83b302579fd7404c1180e9dae55c3f11d988c6?s=96&d=mm&r=g","caption":"\u00c0ngels L\u00f3pez"},"url":"https:\/\/ibecbarcelona.eu\/es\/author\/alopez\/"}]}},"AFP_featured_media_urls":{"full":["https:\/\/ibecbarcelona.eu\/wp-content\/uploads\/2018\/05\/XTrepat_MUroz_2_web-1.jpg",1500,1093,false],"thumbnail":["https:\/\/ibecbarcelona.eu\/wp-content\/uploads\/2018\/05\/XTrepat_MUroz_2_web-1-150x150.jpg",150,150,true],"medium":["https:\/\/ibecbarcelona.eu\/wp-content\/uploads\/2018\/05\/XTrepat_MUroz_2_web-1-300x219.jpg",300,219,true],"medium_large":["https:\/\/ibecbarcelona.eu\/wp-content\/uploads\/2018\/05\/XTrepat_MUroz_2_web-1-768x560.jpg",768,560,true],"large":["https:\/\/ibecbarcelona.eu\/wp-content\/uploads\/2018\/05\/XTrepat_MUroz_2_web-1-1024x746.jpg",1024,746,true]},"AFP_attachments":[],"AFP_videos":[],"AFP_video_blocks":"","AFP_category_names":["Noticias de investigaci\u00f3n"],"_links":{"self":[{"href":"https:\/\/ibecbarcelona.eu\/es\/wp-json\/wp\/v2\/posts\/59298","targetHints":{"allow":["GET"]}}],"collection":[{"href":"https:\/\/ibecbarcelona.eu\/es\/wp-json\/wp\/v2\/posts"}],"about":[{"href":"https:\/\/ibecbarcelona.eu\/es\/wp-json\/wp\/v2\/types\/post"}],"author":[{"embeddable":true,"href":"https:\/\/ibecbarcelona.eu\/es\/wp-json\/wp\/v2\/users\/4"}],"replies":[{"embeddable":true,"href":"https:\/\/ibecbarcelona.eu\/es\/wp-json\/wp\/v2\/comments?post=59298"}],"version-history":[{"count":9,"href":"https:\/\/ibecbarcelona.eu\/es\/wp-json\/wp\/v2\/posts\/59298\/revisions"}],"predecessor-version":[{"id":59339,"href":"https:\/\/ibecbarcelona.eu\/es\/wp-json\/wp\/v2\/posts\/59298\/revisions\/59339"}],"wp:featuredmedia":[{"embeddable":true,"href":"https:\/\/ibecbarcelona.eu\/es\/wp-json\/wp\/v2\/media\/59289"}],"wp:attachment":[{"href":"https:\/\/ibecbarcelona.eu\/es\/wp-json\/wp\/v2\/media?parent=59298"}],"wp:term":[{"taxonomy":"category","embeddable":true,"href":"https:\/\/ibecbarcelona.eu\/es\/wp-json\/wp\/v2\/categories?post=59298"},{"taxonomy":"post_tag","embeddable":true,"href":"https:\/\/ibecbarcelona.eu\/es\/wp-json\/wp\/v2\/tags?post=59298"},{"taxonomy":"post_format","embeddable":true,"href":"https:\/\/ibecbarcelona.eu\/es\/wp-json\/wp\/v2\/post_formats?post=59298"}],"curies":[{"name":"wp","href":"https:\/\/api.w.org\/{rel}","templated":true}]}}