
{"id":5987,"date":"2011-07-25T08:31:41","date_gmt":"2011-07-25T08:31:41","guid":{"rendered":"http:\/\/ibecbarcelona.eu\/new\/qun-robot-tiene-que-portarse-de-forma-agradableq\/"},"modified":"2014-12-03T16:54:43","modified_gmt":"2014-12-03T16:54:43","slug":"qun-robot-tiene-que-portarse-de-forma-agradableq","status":"publish","type":"post","link":"https:\/\/ibecbarcelona.eu\/es\/qun-robot-tiene-que-portarse-de-forma-agradableq\/","title":{"rendered":"\u00abUn robot tiene que portarse de forma agradable\u00bb"},"content":{"rendered":"\n<p>In the article, journalist Gemma Tramullas asks him about the work of IBEC&#8217;s Robotics group in designing and developing robotic systems that assist people, and Xavier explains how he became interested in robots as a child. He also talks about technological singularity &#8211; the eventual emergence of greater-than human intelligence &#8211; and the importance of society being able to see it as \u00aban opportunity rather than a catastrophe\u00bb. He also addresses some of the myths and fears about robots that have grown out of science fiction films and novels, and talks about how close we are to some of the scenarios that such films present.<\/p>\n<p>Read the article <a href=\"http:\/\/www.elperiodico.com\/es\/noticias\/opinion\/xavier-giralt-robot-tiene-que-portarse-forma-agradable-1090258\">here<\/a>.<\/p>\n","protected":false},"excerpt":{"rendered":"<p><img decoding=\"async\" class=\"left size-full wp-image-5984 lazyload\" data-src=\"https:\/\/ibecbarcelona.eu\/wp-content\/uploads\/2011\/07\/xavierg.jpg\" border=\"0\" width=\"400\" height=\"350\" data-srcset=\"https:\/\/ibecbarcelona.eu\/wp-content\/uploads\/2011\/07\/xavierg.jpg 400w, https:\/\/ibecbarcelona.eu\/wp-content\/uploads\/2011\/07\/xavierg-300x262.jpg 300w, https:\/\/ibecbarcelona.eu\/wp-content\/uploads\/2011\/07\/xavierg-171x150.jpg 171w, https:\/\/ibecbarcelona.eu\/wp-content\/uploads\/2011\/07\/xavierg-150x131.jpg 150w\" data-sizes=\"(max-width: 400px) 100vw, 400px\" src=\"data:image\/svg+xml;base64,PHN2ZyB3aWR0aD0iMSIgaGVpZ2h0PSIxIiB4bWxucz0iaHR0cDovL3d3dy53My5vcmcvMjAwMC9zdmciPjwvc3ZnPg==\" style=\"--smush-placeholder-width: 400px; --smush-placeholder-aspect-ratio: 400\/350;\" \/>PhD student Xavier Giralt was interviewed for the &#8216;Gente corriente&#8217; section on the back page of Saturday&#8217;s <em>El Peri\u00f3dico<\/em>.<\/p>\n","protected":false},"author":4,"featured_media":5984,"comment_status":"closed","ping_status":"closed","sticky":false,"template":"","format":"standard","meta":{"footnotes":""},"categories":[23],"tags":[],"post_formats":[],"class_list":["post-5987","post","type-post","status-publish","format-standard","has-post-thumbnail","hentry","category-ibec-in-the-media"],"yoast_head":"<!-- This site is optimized with the Yoast SEO plugin v27.5 - https:\/\/yoast.com\/product\/yoast-seo-wordpress\/ -->\n<title>&quot;Un robot tiene que portarse de forma agradable&quot; - Institute for Bioengineering of Catalonia<\/title>\n<meta name=\"robots\" content=\"index, follow, max-snippet:-1, max-image-preview:large, max-video-preview:-1\" \/>\n<link rel=\"canonical\" href=\"https:\/\/ibecbarcelona.eu\/qun-robot-tiene-que-portarse-de-forma-agradableq\/\" \/>\n<meta property=\"og:locale\" content=\"es_ES\" \/>\n<meta property=\"og:type\" content=\"article\" \/>\n<meta property=\"og:title\" content=\"&quot;Un robot tiene que portarse de forma agradable&quot; - Institute for Bioengineering of Catalonia\" \/>\n<meta property=\"og:description\" content=\"PhD student Xavier Giralt was interviewed for the &#039;Gente corriente&#039; section on the back page of Saturday&#039;s El Peri\u00f3dico.\" \/>\n<meta property=\"og:url\" content=\"https:\/\/ibecbarcelona.eu\/qun-robot-tiene-que-portarse-de-forma-agradableq\/\" \/>\n<meta property=\"og:site_name\" content=\"Institute for Bioengineering of Catalonia\" \/>\n<meta property=\"article:published_time\" content=\"2011-07-25T08:31:41+00:00\" \/>\n<meta property=\"article:modified_time\" content=\"2014-12-03T16:54:43+00:00\" \/>\n<meta property=\"og:image\" content=\"https:\/\/ibecbarcelona.eu\/wp-content\/uploads\/2011\/07\/xavierg.jpg\" \/>\n\t<meta property=\"og:image:width\" content=\"400\" \/>\n\t<meta property=\"og:image:height\" content=\"350\" \/>\n\t<meta property=\"og:image:type\" content=\"image\/jpeg\" \/>\n<meta name=\"author\" content=\"\u00c0ngels L\u00f3pez\" \/>\n<meta name=\"twitter:card\" content=\"summary_large_image\" \/>\n<meta name=\"twitter:label1\" content=\"Escrito por\" \/>\n\t<meta name=\"twitter:data1\" content=\"\u00c0ngels L\u00f3pez\" \/>\n\t<meta name=\"twitter:label2\" content=\"Tiempo de lectura\" \/>\n\t<meta name=\"twitter:data2\" content=\"1 minuto\" \/>\n<script type=\"application\/ld+json\" class=\"yoast-schema-graph\">{\"@context\":\"https:\\\/\\\/schema.org\",\"@graph\":[{\"@type\":\"Article\",\"@id\":\"https:\\\/\\\/ibecbarcelona.eu\\\/qun-robot-tiene-que-portarse-de-forma-agradableq\\\/#article\",\"isPartOf\":{\"@id\":\"https:\\\/\\\/ibecbarcelona.eu\\\/qun-robot-tiene-que-portarse-de-forma-agradableq\\\/\"},\"author\":{\"name\":\"\u00c0ngels L\u00f3pez\",\"@id\":\"https:\\\/\\\/ibecbarcelona.eu\\\/#\\\/schema\\\/person\\\/c212c6b589546130be67986b9290e2b8\"},\"headline\":\"\u00abUn robot tiene que portarse de forma agradable\u00bb\",\"datePublished\":\"2011-07-25T08:31:41+00:00\",\"dateModified\":\"2014-12-03T16:54:43+00:00\",\"mainEntityOfPage\":{\"@id\":\"https:\\\/\\\/ibecbarcelona.eu\\\/qun-robot-tiene-que-portarse-de-forma-agradableq\\\/\"},\"wordCount\":117,\"publisher\":{\"@id\":\"https:\\\/\\\/ibecbarcelona.eu\\\/#organization\"},\"image\":{\"@id\":\"https:\\\/\\\/ibecbarcelona.eu\\\/qun-robot-tiene-que-portarse-de-forma-agradableq\\\/#primaryimage\"},\"thumbnailUrl\":\"https:\\\/\\\/ibecbarcelona.eu\\\/wp-content\\\/uploads\\\/2011\\\/07\\\/xavierg.jpg\",\"articleSection\":[\"IBEC in the Media\"],\"inLanguage\":\"es\"},{\"@type\":\"WebPage\",\"@id\":\"https:\\\/\\\/ibecbarcelona.eu\\\/qun-robot-tiene-que-portarse-de-forma-agradableq\\\/\",\"url\":\"https:\\\/\\\/ibecbarcelona.eu\\\/qun-robot-tiene-que-portarse-de-forma-agradableq\\\/\",\"name\":\"\\\"Un robot tiene que portarse de forma agradable\\\" - Institute for Bioengineering of Catalonia\",\"isPartOf\":{\"@id\":\"https:\\\/\\\/ibecbarcelona.eu\\\/#website\"},\"primaryImageOfPage\":{\"@id\":\"https:\\\/\\\/ibecbarcelona.eu\\\/qun-robot-tiene-que-portarse-de-forma-agradableq\\\/#primaryimage\"},\"image\":{\"@id\":\"https:\\\/\\\/ibecbarcelona.eu\\\/qun-robot-tiene-que-portarse-de-forma-agradableq\\\/#primaryimage\"},\"thumbnailUrl\":\"https:\\\/\\\/ibecbarcelona.eu\\\/wp-content\\\/uploads\\\/2011\\\/07\\\/xavierg.jpg\",\"datePublished\":\"2011-07-25T08:31:41+00:00\",\"dateModified\":\"2014-12-03T16:54:43+00:00\",\"breadcrumb\":{\"@id\":\"https:\\\/\\\/ibecbarcelona.eu\\\/qun-robot-tiene-que-portarse-de-forma-agradableq\\\/#breadcrumb\"},\"inLanguage\":\"es\",\"potentialAction\":[{\"@type\":\"ReadAction\",\"target\":[\"https:\\\/\\\/ibecbarcelona.eu\\\/qun-robot-tiene-que-portarse-de-forma-agradableq\\\/\"]}]},{\"@type\":\"ImageObject\",\"inLanguage\":\"es\",\"@id\":\"https:\\\/\\\/ibecbarcelona.eu\\\/qun-robot-tiene-que-portarse-de-forma-agradableq\\\/#primaryimage\",\"url\":\"https:\\\/\\\/ibecbarcelona.eu\\\/wp-content\\\/uploads\\\/2011\\\/07\\\/xavierg.jpg\",\"contentUrl\":\"https:\\\/\\\/ibecbarcelona.eu\\\/wp-content\\\/uploads\\\/2011\\\/07\\\/xavierg.jpg\",\"width\":400,\"height\":350},{\"@type\":\"BreadcrumbList\",\"@id\":\"https:\\\/\\\/ibecbarcelona.eu\\\/qun-robot-tiene-que-portarse-de-forma-agradableq\\\/#breadcrumb\",\"itemListElement\":[{\"@type\":\"ListItem\",\"position\":1,\"name\":\"Home\",\"item\":\"https:\\\/\\\/ibecbarcelona.eu\\\/es\\\/\"},{\"@type\":\"ListItem\",\"position\":2,\"name\":\"&#8220;Un robot tiene que portarse de forma agradable&#8221;\"}]},{\"@type\":\"WebSite\",\"@id\":\"https:\\\/\\\/ibecbarcelona.eu\\\/#website\",\"url\":\"https:\\\/\\\/ibecbarcelona.eu\\\/\",\"name\":\"Institute for Bioengineering of Catalonia\",\"description\":\"Bioengineering solutions for health\",\"publisher\":{\"@id\":\"https:\\\/\\\/ibecbarcelona.eu\\\/#organization\"},\"potentialAction\":[{\"@type\":\"SearchAction\",\"target\":{\"@type\":\"EntryPoint\",\"urlTemplate\":\"https:\\\/\\\/ibecbarcelona.eu\\\/?s={search_term_string}\"},\"query-input\":{\"@type\":\"PropertyValueSpecification\",\"valueRequired\":true,\"valueName\":\"search_term_string\"}}],\"inLanguage\":\"es\"},{\"@type\":\"Organization\",\"@id\":\"https:\\\/\\\/ibecbarcelona.eu\\\/#organization\",\"name\":\"Institute for Bioengineering of Catalonia\",\"url\":\"https:\\\/\\\/ibecbarcelona.eu\\\/\",\"logo\":{\"@type\":\"ImageObject\",\"inLanguage\":\"es\",\"@id\":\"https:\\\/\\\/ibecbarcelona.eu\\\/#\\\/schema\\\/logo\\\/image\\\/\",\"url\":\"https:\\\/\\\/ibecbarcelona.eu\\\/wp-content\\\/uploads\\\/2026\\\/01\\\/cropped-IBEC_20ANYS_GRIS.png\",\"contentUrl\":\"https:\\\/\\\/ibecbarcelona.eu\\\/wp-content\\\/uploads\\\/2026\\\/01\\\/cropped-IBEC_20ANYS_GRIS.png\",\"width\":696,\"height\":257,\"caption\":\"Institute for Bioengineering of Catalonia\"},\"image\":{\"@id\":\"https:\\\/\\\/ibecbarcelona.eu\\\/#\\\/schema\\\/logo\\\/image\\\/\"}},{\"@type\":\"Person\",\"@id\":\"https:\\\/\\\/ibecbarcelona.eu\\\/#\\\/schema\\\/person\\\/c212c6b589546130be67986b9290e2b8\",\"name\":\"\u00c0ngels L\u00f3pez\",\"image\":{\"@type\":\"ImageObject\",\"inLanguage\":\"es\",\"@id\":\"https:\\\/\\\/secure.gravatar.com\\\/avatar\\\/09ad6ba116bea0b15c5511860f83b302579fd7404c1180e9dae55c3f11d988c6?s=96&d=mm&r=g\",\"url\":\"https:\\\/\\\/secure.gravatar.com\\\/avatar\\\/09ad6ba116bea0b15c5511860f83b302579fd7404c1180e9dae55c3f11d988c6?s=96&d=mm&r=g\",\"contentUrl\":\"https:\\\/\\\/secure.gravatar.com\\\/avatar\\\/09ad6ba116bea0b15c5511860f83b302579fd7404c1180e9dae55c3f11d988c6?s=96&d=mm&r=g\",\"caption\":\"\u00c0ngels L\u00f3pez\"},\"url\":\"https:\\\/\\\/ibecbarcelona.eu\\\/es\\\/author\\\/alopez\\\/\"}]}<\/script>\n<!-- \/ Yoast SEO plugin. -->","yoast_head_json":{"title":"\"Un robot tiene que portarse de forma agradable\" - Institute for Bioengineering of Catalonia","robots":{"index":"index","follow":"follow","max-snippet":"max-snippet:-1","max-image-preview":"max-image-preview:large","max-video-preview":"max-video-preview:-1"},"canonical":"https:\/\/ibecbarcelona.eu\/qun-robot-tiene-que-portarse-de-forma-agradableq\/","og_locale":"es_ES","og_type":"article","og_title":"\"Un robot tiene que portarse de forma agradable\" - Institute for Bioengineering of Catalonia","og_description":"PhD student Xavier Giralt was interviewed for the 'Gente corriente' section on the back page of Saturday's El Peri\u00f3dico.","og_url":"https:\/\/ibecbarcelona.eu\/qun-robot-tiene-que-portarse-de-forma-agradableq\/","og_site_name":"Institute for Bioengineering of Catalonia","article_published_time":"2011-07-25T08:31:41+00:00","article_modified_time":"2014-12-03T16:54:43+00:00","og_image":[{"width":400,"height":350,"url":"https:\/\/ibecbarcelona.eu\/wp-content\/uploads\/2011\/07\/xavierg.jpg","type":"image\/jpeg"}],"author":"\u00c0ngels L\u00f3pez","twitter_card":"summary_large_image","twitter_misc":{"Escrito por":"\u00c0ngels L\u00f3pez","Tiempo de lectura":"1 minuto"},"schema":{"@context":"https:\/\/schema.org","@graph":[{"@type":"Article","@id":"https:\/\/ibecbarcelona.eu\/qun-robot-tiene-que-portarse-de-forma-agradableq\/#article","isPartOf":{"@id":"https:\/\/ibecbarcelona.eu\/qun-robot-tiene-que-portarse-de-forma-agradableq\/"},"author":{"name":"\u00c0ngels L\u00f3pez","@id":"https:\/\/ibecbarcelona.eu\/#\/schema\/person\/c212c6b589546130be67986b9290e2b8"},"headline":"\u00abUn robot tiene que portarse de forma agradable\u00bb","datePublished":"2011-07-25T08:31:41+00:00","dateModified":"2014-12-03T16:54:43+00:00","mainEntityOfPage":{"@id":"https:\/\/ibecbarcelona.eu\/qun-robot-tiene-que-portarse-de-forma-agradableq\/"},"wordCount":117,"publisher":{"@id":"https:\/\/ibecbarcelona.eu\/#organization"},"image":{"@id":"https:\/\/ibecbarcelona.eu\/qun-robot-tiene-que-portarse-de-forma-agradableq\/#primaryimage"},"thumbnailUrl":"https:\/\/ibecbarcelona.eu\/wp-content\/uploads\/2011\/07\/xavierg.jpg","articleSection":["IBEC in the Media"],"inLanguage":"es"},{"@type":"WebPage","@id":"https:\/\/ibecbarcelona.eu\/qun-robot-tiene-que-portarse-de-forma-agradableq\/","url":"https:\/\/ibecbarcelona.eu\/qun-robot-tiene-que-portarse-de-forma-agradableq\/","name":"\"Un robot tiene que portarse de forma agradable\" - Institute for Bioengineering of Catalonia","isPartOf":{"@id":"https:\/\/ibecbarcelona.eu\/#website"},"primaryImageOfPage":{"@id":"https:\/\/ibecbarcelona.eu\/qun-robot-tiene-que-portarse-de-forma-agradableq\/#primaryimage"},"image":{"@id":"https:\/\/ibecbarcelona.eu\/qun-robot-tiene-que-portarse-de-forma-agradableq\/#primaryimage"},"thumbnailUrl":"https:\/\/ibecbarcelona.eu\/wp-content\/uploads\/2011\/07\/xavierg.jpg","datePublished":"2011-07-25T08:31:41+00:00","dateModified":"2014-12-03T16:54:43+00:00","breadcrumb":{"@id":"https:\/\/ibecbarcelona.eu\/qun-robot-tiene-que-portarse-de-forma-agradableq\/#breadcrumb"},"inLanguage":"es","potentialAction":[{"@type":"ReadAction","target":["https:\/\/ibecbarcelona.eu\/qun-robot-tiene-que-portarse-de-forma-agradableq\/"]}]},{"@type":"ImageObject","inLanguage":"es","@id":"https:\/\/ibecbarcelona.eu\/qun-robot-tiene-que-portarse-de-forma-agradableq\/#primaryimage","url":"https:\/\/ibecbarcelona.eu\/wp-content\/uploads\/2011\/07\/xavierg.jpg","contentUrl":"https:\/\/ibecbarcelona.eu\/wp-content\/uploads\/2011\/07\/xavierg.jpg","width":400,"height":350},{"@type":"BreadcrumbList","@id":"https:\/\/ibecbarcelona.eu\/qun-robot-tiene-que-portarse-de-forma-agradableq\/#breadcrumb","itemListElement":[{"@type":"ListItem","position":1,"name":"Home","item":"https:\/\/ibecbarcelona.eu\/es\/"},{"@type":"ListItem","position":2,"name":"&#8220;Un robot tiene que portarse de forma agradable&#8221;"}]},{"@type":"WebSite","@id":"https:\/\/ibecbarcelona.eu\/#website","url":"https:\/\/ibecbarcelona.eu\/","name":"Institute for Bioengineering of Catalonia","description":"Bioengineering solutions for health","publisher":{"@id":"https:\/\/ibecbarcelona.eu\/#organization"},"potentialAction":[{"@type":"SearchAction","target":{"@type":"EntryPoint","urlTemplate":"https:\/\/ibecbarcelona.eu\/?s={search_term_string}"},"query-input":{"@type":"PropertyValueSpecification","valueRequired":true,"valueName":"search_term_string"}}],"inLanguage":"es"},{"@type":"Organization","@id":"https:\/\/ibecbarcelona.eu\/#organization","name":"Institute for Bioengineering of Catalonia","url":"https:\/\/ibecbarcelona.eu\/","logo":{"@type":"ImageObject","inLanguage":"es","@id":"https:\/\/ibecbarcelona.eu\/#\/schema\/logo\/image\/","url":"https:\/\/ibecbarcelona.eu\/wp-content\/uploads\/2026\/01\/cropped-IBEC_20ANYS_GRIS.png","contentUrl":"https:\/\/ibecbarcelona.eu\/wp-content\/uploads\/2026\/01\/cropped-IBEC_20ANYS_GRIS.png","width":696,"height":257,"caption":"Institute for Bioengineering of Catalonia"},"image":{"@id":"https:\/\/ibecbarcelona.eu\/#\/schema\/logo\/image\/"}},{"@type":"Person","@id":"https:\/\/ibecbarcelona.eu\/#\/schema\/person\/c212c6b589546130be67986b9290e2b8","name":"\u00c0ngels L\u00f3pez","image":{"@type":"ImageObject","inLanguage":"es","@id":"https:\/\/secure.gravatar.com\/avatar\/09ad6ba116bea0b15c5511860f83b302579fd7404c1180e9dae55c3f11d988c6?s=96&d=mm&r=g","url":"https:\/\/secure.gravatar.com\/avatar\/09ad6ba116bea0b15c5511860f83b302579fd7404c1180e9dae55c3f11d988c6?s=96&d=mm&r=g","contentUrl":"https:\/\/secure.gravatar.com\/avatar\/09ad6ba116bea0b15c5511860f83b302579fd7404c1180e9dae55c3f11d988c6?s=96&d=mm&r=g","caption":"\u00c0ngels L\u00f3pez"},"url":"https:\/\/ibecbarcelona.eu\/es\/author\/alopez\/"}]}},"AFP_featured_media_urls":{"full":["https:\/\/ibecbarcelona.eu\/wp-content\/uploads\/2011\/07\/xavierg.jpg",400,350,false],"thumbnail":["https:\/\/ibecbarcelona.eu\/wp-content\/uploads\/2011\/07\/xavierg-150x150.jpg",150,150,true],"medium":["https:\/\/ibecbarcelona.eu\/wp-content\/uploads\/2011\/07\/xavierg-300x262.jpg",300,262,true],"medium_large":["https:\/\/ibecbarcelona.eu\/wp-content\/uploads\/2011\/07\/xavierg.jpg",400,350,false],"large":["https:\/\/ibecbarcelona.eu\/wp-content\/uploads\/2011\/07\/xavierg.jpg",400,350,false]},"AFP_attachments":[],"AFP_videos":[],"AFP_video_blocks":"","AFP_category_names":["IBEC in the Media"],"_links":{"self":[{"href":"https:\/\/ibecbarcelona.eu\/es\/wp-json\/wp\/v2\/posts\/5987","targetHints":{"allow":["GET"]}}],"collection":[{"href":"https:\/\/ibecbarcelona.eu\/es\/wp-json\/wp\/v2\/posts"}],"about":[{"href":"https:\/\/ibecbarcelona.eu\/es\/wp-json\/wp\/v2\/types\/post"}],"author":[{"embeddable":true,"href":"https:\/\/ibecbarcelona.eu\/es\/wp-json\/wp\/v2\/users\/4"}],"replies":[{"embeddable":true,"href":"https:\/\/ibecbarcelona.eu\/es\/wp-json\/wp\/v2\/comments?post=5987"}],"version-history":[{"count":0,"href":"https:\/\/ibecbarcelona.eu\/es\/wp-json\/wp\/v2\/posts\/5987\/revisions"}],"wp:featuredmedia":[{"embeddable":true,"href":"https:\/\/ibecbarcelona.eu\/es\/wp-json\/wp\/v2\/media\/5984"}],"wp:attachment":[{"href":"https:\/\/ibecbarcelona.eu\/es\/wp-json\/wp\/v2\/media?parent=5987"}],"wp:term":[{"taxonomy":"category","embeddable":true,"href":"https:\/\/ibecbarcelona.eu\/es\/wp-json\/wp\/v2\/categories?post=5987"},{"taxonomy":"post_tag","embeddable":true,"href":"https:\/\/ibecbarcelona.eu\/es\/wp-json\/wp\/v2\/tags?post=5987"},{"taxonomy":"post_format","embeddable":true,"href":"https:\/\/ibecbarcelona.eu\/es\/wp-json\/wp\/v2\/post_formats?post=5987"}],"curies":[{"name":"wp","href":"https:\/\/api.w.org\/{rel}","templated":true}]}}