
{"id":61278,"date":"2018-09-07T13:57:39","date_gmt":"2018-09-07T11:57:39","guid":{"rendered":"http:\/\/ibecbarcelona.eu\/?p=61278"},"modified":"2018-10-25T11:33:46","modified_gmt":"2018-10-25T09:33:46","slug":"postdoctoral-position-in-protein-phase-transitions-in-health-and-disease-group","status":"publish","type":"post","link":"https:\/\/ibecbarcelona.eu\/es\/postdoctoral-position-in-protein-phase-transitions-in-health-and-disease-group\/","title":{"rendered":"Postdoctoral Position in Protein phase transitions in health and disease group"},"content":{"rendered":"<p><b>Main tasks and responsibilities:<br \/>\n<\/b>&#8211; build large mutational libraries<br \/>\n&#8211; perform selection assays in S. Cerevisiae<br \/>\n&#8211; protein expression and purification<br \/>\n&#8211; <i>in vitro\u00a0 <\/i>protein characterization<\/p>\n<p><b>Requirements for candidates:<br \/>\n<\/b>&#8211;\u00a0 PhD in biochemistry\/ biophysics<br \/>\n&#8211;\u00a0 Experience in protein expression and purification ( preferably membrane proteins or disordered proteins)<br \/>\n&#8211;\u00a0 Experience in biophysical techniques (CD, Fluorescence Spectroscopy, DLS, AFM)<br \/>\n&#8211;\u00a0 Analytical and critical thinking, ambitious, high ethics and integrity; must work well both within a team and independently.<br \/>\n&#8211; Excellent oral and written communication skills, including English.<br \/>\n&#8211; Competencies : communication skills, project planning and delivery, career management, analytical and critical thinking, ethics and integrity, leadership, information seeking and management.<\/p>\n<p><b>We Offer:<br \/>\n&#8211;\u00a0\u00a0\u00a0\u00a0 One year contract<br \/>\n<\/b>&#8211;\u00a0\u00a0\u00a0\u00a0 Stimulating, interdisciplinary research and high quality international scientific environment.<br \/>\n&#8211;\u00a0\u00a0\u00a0\u00a0 Salary will be determined upon experience and scientific background.<\/p>\n<p>&nbsp;<\/p>\n<p><img decoding=\"async\" class=\"alignnone size-full wp-image-16250 lazyload\" data-src=\"https:\/\/ibecbarcelona.eu\/wp-content\/uploads\/2015\/04\/HR_01smaller.jpg\" alt=\"\" width=\"184\" height=\"125\" data-srcset=\"https:\/\/ibecbarcelona.eu\/wp-content\/uploads\/2015\/04\/HR_01smaller.jpg 184w, https:\/\/ibecbarcelona.eu\/wp-content\/uploads\/2015\/04\/HR_01smaller-150x102.jpg 150w\" data-sizes=\"(max-width: 184px) 100vw, 184px\" src=\"data:image\/svg+xml;base64,PHN2ZyB3aWR0aD0iMSIgaGVpZ2h0PSIxIiB4bWxucz0iaHR0cDovL3d3dy53My5vcmcvMjAwMC9zdmciPjwvc3ZnPg==\" style=\"--smush-placeholder-width: 184px; --smush-placeholder-aspect-ratio: 184\/125;\" \/><\/p>\n<p>&nbsp;<\/p>\n<p>IBEC is committed to the principles of the Code of Conduct for the Recruitment of Researchers of the European Commission. Thus, there are no restrictions of citizenship or gender and candidates with disabilities are strongly encouraged to apply.<\/p>\n<p>&nbsp;<\/p>\n<p><b>Interested applicants should send their CV and cover letter to: <\/b><u><b><a href=\"mailto:jobs@ibecbarcelona.eu\">jobs@ibecbarcelona.eu<\/a><\/b><\/u><u><b>, before <\/b><\/u><b>28\/0<\/b><b>9<\/b><b>\/2018<\/b> (<u><b>Reference: PD-BB). <\/b><\/u><\/p>\n","protected":false},"excerpt":{"rendered":"<p><img decoding=\"async\" class=\"left size-full wp-image-8470 lazyload\" data-src=\"https:\/\/ibecbarcelona.eu\/wp-content\/uploads\/2014\/10\/postdoc.jpg\" border=\"0\" src=\"data:image\/svg+xml;base64,PHN2ZyB3aWR0aD0iMSIgaGVpZ2h0PSIxIiB4bWxucz0iaHR0cDovL3d3dy53My5vcmcvMjAwMC9zdmciPjwvc3ZnPg==\" style=\"--smush-placeholder-width: 75px; --smush-placeholder-aspect-ratio: 75\/75;\" \/><br \/>\n<strong>Application Deadline:<\/strong> 28\/09\/2018<br \/><strong>Ref:<\/strong> PD-BB<\/p>\n<p>The <strong><a href=\"https:\/\/ibecbarcelona.eu\/ research-groups\/protein-phase-transitions-in-health-and-disease\/ \">  Protein phase transitions in health and disease <\/a><\/strong>  group at the <strong>Institute for Bioengineering of Catalonia (IBEC)<\/strong> is looking for a <strong> Postdoctoral candidate<\/strong> <\/p>\n","protected":false},"author":4,"featured_media":1854,"comment_status":"closed","ping_status":"closed","sticky":false,"template":"","format":"standard","meta":{"footnotes":""},"categories":[266],"tags":[],"post_formats":[],"class_list":["post-61278","post","type-post","status-publish","format-standard","has-post-thumbnail","hentry","category-closed-positions"],"yoast_head":"<!-- This site is optimized with the Yoast SEO plugin v27.5 - https:\/\/yoast.com\/product\/yoast-seo-wordpress\/ -->\n<title>Postdoctoral Position in Protein phase transitions in health and disease group - Institute for Bioengineering of Catalonia<\/title>\n<meta name=\"robots\" content=\"index, follow, max-snippet:-1, max-image-preview:large, max-video-preview:-1\" \/>\n<link rel=\"canonical\" href=\"https:\/\/ibecbarcelona.eu\/ca\/postdoctoral-position-in-protein-phase-transitions-in-health-and-disease-group\/\" \/>\n<meta property=\"og:locale\" content=\"es_ES\" \/>\n<meta property=\"og:type\" content=\"article\" \/>\n<meta property=\"og:title\" content=\"Postdoctoral Position in Protein phase transitions in health and disease group - Institute for Bioengineering of Catalonia\" \/>\n<meta property=\"og:description\" content=\"Application Deadline: 28\/09\/2018Ref: PD-BB  The  Protein phase transitions in health and disease  group at the Institute for Bioengineering of Catalonia (IBEC) is looking for a Postdoctoral candidate\" \/>\n<meta property=\"og:url\" content=\"https:\/\/ibecbarcelona.eu\/ca\/postdoctoral-position-in-protein-phase-transitions-in-health-and-disease-group\/\" \/>\n<meta property=\"og:site_name\" content=\"Institute for Bioengineering of Catalonia\" \/>\n<meta property=\"article:published_time\" content=\"2018-09-07T11:57:39+00:00\" \/>\n<meta property=\"article:modified_time\" content=\"2018-10-25T09:33:46+00:00\" \/>\n<meta property=\"og:image\" content=\"https:\/\/ibecbarcelona.eu\/wp-content\/uploads\/2014\/10\/postdoc.jpg\" \/>\n\t<meta property=\"og:image:width\" content=\"75\" \/>\n\t<meta property=\"og:image:height\" content=\"75\" \/>\n\t<meta property=\"og:image:type\" content=\"image\/jpeg\" \/>\n<meta name=\"author\" content=\"\u00c0ngels L\u00f3pez\" \/>\n<meta name=\"twitter:card\" content=\"summary_large_image\" \/>\n<meta name=\"twitter:label1\" content=\"Escrito por\" \/>\n\t<meta name=\"twitter:data1\" content=\"\u00c0ngels L\u00f3pez\" \/>\n\t<meta name=\"twitter:label2\" content=\"Tiempo de lectura\" \/>\n\t<meta name=\"twitter:data2\" content=\"1 minuto\" \/>\n<script type=\"application\/ld+json\" class=\"yoast-schema-graph\">{\"@context\":\"https:\\\/\\\/schema.org\",\"@graph\":[{\"@type\":\"Article\",\"@id\":\"https:\\\/\\\/ibecbarcelona.eu\\\/ca\\\/postdoctoral-position-in-protein-phase-transitions-in-health-and-disease-group\\\/#article\",\"isPartOf\":{\"@id\":\"https:\\\/\\\/ibecbarcelona.eu\\\/ca\\\/postdoctoral-position-in-protein-phase-transitions-in-health-and-disease-group\\\/\"},\"author\":{\"name\":\"\u00c0ngels L\u00f3pez\",\"@id\":\"https:\\\/\\\/ibecbarcelona.eu\\\/#\\\/schema\\\/person\\\/c212c6b589546130be67986b9290e2b8\"},\"headline\":\"Postdoctoral Position in Protein phase transitions in health and disease group\",\"datePublished\":\"2018-09-07T11:57:39+00:00\",\"dateModified\":\"2018-10-25T09:33:46+00:00\",\"mainEntityOfPage\":{\"@id\":\"https:\\\/\\\/ibecbarcelona.eu\\\/ca\\\/postdoctoral-position-in-protein-phase-transitions-in-health-and-disease-group\\\/\"},\"wordCount\":201,\"publisher\":{\"@id\":\"https:\\\/\\\/ibecbarcelona.eu\\\/#organization\"},\"image\":{\"@id\":\"https:\\\/\\\/ibecbarcelona.eu\\\/ca\\\/postdoctoral-position-in-protein-phase-transitions-in-health-and-disease-group\\\/#primaryimage\"},\"thumbnailUrl\":\"https:\\\/\\\/ibecbarcelona.eu\\\/wp-content\\\/uploads\\\/2014\\\/10\\\/postdoc.jpg\",\"articleSection\":[\"Closed positions\"],\"inLanguage\":\"es\"},{\"@type\":\"WebPage\",\"@id\":\"https:\\\/\\\/ibecbarcelona.eu\\\/ca\\\/postdoctoral-position-in-protein-phase-transitions-in-health-and-disease-group\\\/\",\"url\":\"https:\\\/\\\/ibecbarcelona.eu\\\/ca\\\/postdoctoral-position-in-protein-phase-transitions-in-health-and-disease-group\\\/\",\"name\":\"Postdoctoral Position in Protein phase transitions in health and disease group - Institute for Bioengineering of Catalonia\",\"isPartOf\":{\"@id\":\"https:\\\/\\\/ibecbarcelona.eu\\\/#website\"},\"primaryImageOfPage\":{\"@id\":\"https:\\\/\\\/ibecbarcelona.eu\\\/ca\\\/postdoctoral-position-in-protein-phase-transitions-in-health-and-disease-group\\\/#primaryimage\"},\"image\":{\"@id\":\"https:\\\/\\\/ibecbarcelona.eu\\\/ca\\\/postdoctoral-position-in-protein-phase-transitions-in-health-and-disease-group\\\/#primaryimage\"},\"thumbnailUrl\":\"https:\\\/\\\/ibecbarcelona.eu\\\/wp-content\\\/uploads\\\/2014\\\/10\\\/postdoc.jpg\",\"datePublished\":\"2018-09-07T11:57:39+00:00\",\"dateModified\":\"2018-10-25T09:33:46+00:00\",\"breadcrumb\":{\"@id\":\"https:\\\/\\\/ibecbarcelona.eu\\\/ca\\\/postdoctoral-position-in-protein-phase-transitions-in-health-and-disease-group\\\/#breadcrumb\"},\"inLanguage\":\"es\",\"potentialAction\":[{\"@type\":\"ReadAction\",\"target\":[\"https:\\\/\\\/ibecbarcelona.eu\\\/ca\\\/postdoctoral-position-in-protein-phase-transitions-in-health-and-disease-group\\\/\"]}]},{\"@type\":\"ImageObject\",\"inLanguage\":\"es\",\"@id\":\"https:\\\/\\\/ibecbarcelona.eu\\\/ca\\\/postdoctoral-position-in-protein-phase-transitions-in-health-and-disease-group\\\/#primaryimage\",\"url\":\"https:\\\/\\\/ibecbarcelona.eu\\\/wp-content\\\/uploads\\\/2014\\\/10\\\/postdoc.jpg\",\"contentUrl\":\"https:\\\/\\\/ibecbarcelona.eu\\\/wp-content\\\/uploads\\\/2014\\\/10\\\/postdoc.jpg\",\"width\":75,\"height\":75},{\"@type\":\"BreadcrumbList\",\"@id\":\"https:\\\/\\\/ibecbarcelona.eu\\\/ca\\\/postdoctoral-position-in-protein-phase-transitions-in-health-and-disease-group\\\/#breadcrumb\",\"itemListElement\":[{\"@type\":\"ListItem\",\"position\":1,\"name\":\"Home\",\"item\":\"https:\\\/\\\/ibecbarcelona.eu\\\/es\\\/\"},{\"@type\":\"ListItem\",\"position\":2,\"name\":\"Postdoctoral Position in Protein phase transitions in health and disease group\"}]},{\"@type\":\"WebSite\",\"@id\":\"https:\\\/\\\/ibecbarcelona.eu\\\/#website\",\"url\":\"https:\\\/\\\/ibecbarcelona.eu\\\/\",\"name\":\"Institute for Bioengineering of Catalonia\",\"description\":\"Bioengineering solutions for health\",\"publisher\":{\"@id\":\"https:\\\/\\\/ibecbarcelona.eu\\\/#organization\"},\"potentialAction\":[{\"@type\":\"SearchAction\",\"target\":{\"@type\":\"EntryPoint\",\"urlTemplate\":\"https:\\\/\\\/ibecbarcelona.eu\\\/?s={search_term_string}\"},\"query-input\":{\"@type\":\"PropertyValueSpecification\",\"valueRequired\":true,\"valueName\":\"search_term_string\"}}],\"inLanguage\":\"es\"},{\"@type\":\"Organization\",\"@id\":\"https:\\\/\\\/ibecbarcelona.eu\\\/#organization\",\"name\":\"Institute for Bioengineering of Catalonia\",\"url\":\"https:\\\/\\\/ibecbarcelona.eu\\\/\",\"logo\":{\"@type\":\"ImageObject\",\"inLanguage\":\"es\",\"@id\":\"https:\\\/\\\/ibecbarcelona.eu\\\/#\\\/schema\\\/logo\\\/image\\\/\",\"url\":\"https:\\\/\\\/ibecbarcelona.eu\\\/wp-content\\\/uploads\\\/2026\\\/01\\\/cropped-IBEC_20ANYS_GRIS.png\",\"contentUrl\":\"https:\\\/\\\/ibecbarcelona.eu\\\/wp-content\\\/uploads\\\/2026\\\/01\\\/cropped-IBEC_20ANYS_GRIS.png\",\"width\":696,\"height\":257,\"caption\":\"Institute for Bioengineering of Catalonia\"},\"image\":{\"@id\":\"https:\\\/\\\/ibecbarcelona.eu\\\/#\\\/schema\\\/logo\\\/image\\\/\"}},{\"@type\":\"Person\",\"@id\":\"https:\\\/\\\/ibecbarcelona.eu\\\/#\\\/schema\\\/person\\\/c212c6b589546130be67986b9290e2b8\",\"name\":\"\u00c0ngels L\u00f3pez\",\"image\":{\"@type\":\"ImageObject\",\"inLanguage\":\"es\",\"@id\":\"https:\\\/\\\/secure.gravatar.com\\\/avatar\\\/09ad6ba116bea0b15c5511860f83b302579fd7404c1180e9dae55c3f11d988c6?s=96&d=mm&r=g\",\"url\":\"https:\\\/\\\/secure.gravatar.com\\\/avatar\\\/09ad6ba116bea0b15c5511860f83b302579fd7404c1180e9dae55c3f11d988c6?s=96&d=mm&r=g\",\"contentUrl\":\"https:\\\/\\\/secure.gravatar.com\\\/avatar\\\/09ad6ba116bea0b15c5511860f83b302579fd7404c1180e9dae55c3f11d988c6?s=96&d=mm&r=g\",\"caption\":\"\u00c0ngels L\u00f3pez\"},\"url\":\"https:\\\/\\\/ibecbarcelona.eu\\\/es\\\/author\\\/alopez\\\/\"}]}<\/script>\n<!-- \/ Yoast SEO plugin. -->","yoast_head_json":{"title":"Postdoctoral Position in Protein phase transitions in health and disease group - Institute for Bioengineering of Catalonia","robots":{"index":"index","follow":"follow","max-snippet":"max-snippet:-1","max-image-preview":"max-image-preview:large","max-video-preview":"max-video-preview:-1"},"canonical":"https:\/\/ibecbarcelona.eu\/ca\/postdoctoral-position-in-protein-phase-transitions-in-health-and-disease-group\/","og_locale":"es_ES","og_type":"article","og_title":"Postdoctoral Position in Protein phase transitions in health and disease group - Institute for Bioengineering of Catalonia","og_description":"Application Deadline: 28\/09\/2018Ref: PD-BB  The  Protein phase transitions in health and disease  group at the Institute for Bioengineering of Catalonia (IBEC) is looking for a Postdoctoral candidate","og_url":"https:\/\/ibecbarcelona.eu\/ca\/postdoctoral-position-in-protein-phase-transitions-in-health-and-disease-group\/","og_site_name":"Institute for Bioengineering of Catalonia","article_published_time":"2018-09-07T11:57:39+00:00","article_modified_time":"2018-10-25T09:33:46+00:00","og_image":[{"width":75,"height":75,"url":"https:\/\/ibecbarcelona.eu\/wp-content\/uploads\/2014\/10\/postdoc.jpg","type":"image\/jpeg"}],"author":"\u00c0ngels L\u00f3pez","twitter_card":"summary_large_image","twitter_misc":{"Escrito por":"\u00c0ngels L\u00f3pez","Tiempo de lectura":"1 minuto"},"schema":{"@context":"https:\/\/schema.org","@graph":[{"@type":"Article","@id":"https:\/\/ibecbarcelona.eu\/ca\/postdoctoral-position-in-protein-phase-transitions-in-health-and-disease-group\/#article","isPartOf":{"@id":"https:\/\/ibecbarcelona.eu\/ca\/postdoctoral-position-in-protein-phase-transitions-in-health-and-disease-group\/"},"author":{"name":"\u00c0ngels L\u00f3pez","@id":"https:\/\/ibecbarcelona.eu\/#\/schema\/person\/c212c6b589546130be67986b9290e2b8"},"headline":"Postdoctoral Position in Protein phase transitions in health and disease group","datePublished":"2018-09-07T11:57:39+00:00","dateModified":"2018-10-25T09:33:46+00:00","mainEntityOfPage":{"@id":"https:\/\/ibecbarcelona.eu\/ca\/postdoctoral-position-in-protein-phase-transitions-in-health-and-disease-group\/"},"wordCount":201,"publisher":{"@id":"https:\/\/ibecbarcelona.eu\/#organization"},"image":{"@id":"https:\/\/ibecbarcelona.eu\/ca\/postdoctoral-position-in-protein-phase-transitions-in-health-and-disease-group\/#primaryimage"},"thumbnailUrl":"https:\/\/ibecbarcelona.eu\/wp-content\/uploads\/2014\/10\/postdoc.jpg","articleSection":["Closed positions"],"inLanguage":"es"},{"@type":"WebPage","@id":"https:\/\/ibecbarcelona.eu\/ca\/postdoctoral-position-in-protein-phase-transitions-in-health-and-disease-group\/","url":"https:\/\/ibecbarcelona.eu\/ca\/postdoctoral-position-in-protein-phase-transitions-in-health-and-disease-group\/","name":"Postdoctoral Position in Protein phase transitions in health and disease group - Institute for Bioengineering of Catalonia","isPartOf":{"@id":"https:\/\/ibecbarcelona.eu\/#website"},"primaryImageOfPage":{"@id":"https:\/\/ibecbarcelona.eu\/ca\/postdoctoral-position-in-protein-phase-transitions-in-health-and-disease-group\/#primaryimage"},"image":{"@id":"https:\/\/ibecbarcelona.eu\/ca\/postdoctoral-position-in-protein-phase-transitions-in-health-and-disease-group\/#primaryimage"},"thumbnailUrl":"https:\/\/ibecbarcelona.eu\/wp-content\/uploads\/2014\/10\/postdoc.jpg","datePublished":"2018-09-07T11:57:39+00:00","dateModified":"2018-10-25T09:33:46+00:00","breadcrumb":{"@id":"https:\/\/ibecbarcelona.eu\/ca\/postdoctoral-position-in-protein-phase-transitions-in-health-and-disease-group\/#breadcrumb"},"inLanguage":"es","potentialAction":[{"@type":"ReadAction","target":["https:\/\/ibecbarcelona.eu\/ca\/postdoctoral-position-in-protein-phase-transitions-in-health-and-disease-group\/"]}]},{"@type":"ImageObject","inLanguage":"es","@id":"https:\/\/ibecbarcelona.eu\/ca\/postdoctoral-position-in-protein-phase-transitions-in-health-and-disease-group\/#primaryimage","url":"https:\/\/ibecbarcelona.eu\/wp-content\/uploads\/2014\/10\/postdoc.jpg","contentUrl":"https:\/\/ibecbarcelona.eu\/wp-content\/uploads\/2014\/10\/postdoc.jpg","width":75,"height":75},{"@type":"BreadcrumbList","@id":"https:\/\/ibecbarcelona.eu\/ca\/postdoctoral-position-in-protein-phase-transitions-in-health-and-disease-group\/#breadcrumb","itemListElement":[{"@type":"ListItem","position":1,"name":"Home","item":"https:\/\/ibecbarcelona.eu\/es\/"},{"@type":"ListItem","position":2,"name":"Postdoctoral Position in Protein phase transitions in health and disease group"}]},{"@type":"WebSite","@id":"https:\/\/ibecbarcelona.eu\/#website","url":"https:\/\/ibecbarcelona.eu\/","name":"Institute for Bioengineering of Catalonia","description":"Bioengineering solutions for health","publisher":{"@id":"https:\/\/ibecbarcelona.eu\/#organization"},"potentialAction":[{"@type":"SearchAction","target":{"@type":"EntryPoint","urlTemplate":"https:\/\/ibecbarcelona.eu\/?s={search_term_string}"},"query-input":{"@type":"PropertyValueSpecification","valueRequired":true,"valueName":"search_term_string"}}],"inLanguage":"es"},{"@type":"Organization","@id":"https:\/\/ibecbarcelona.eu\/#organization","name":"Institute for Bioengineering of Catalonia","url":"https:\/\/ibecbarcelona.eu\/","logo":{"@type":"ImageObject","inLanguage":"es","@id":"https:\/\/ibecbarcelona.eu\/#\/schema\/logo\/image\/","url":"https:\/\/ibecbarcelona.eu\/wp-content\/uploads\/2026\/01\/cropped-IBEC_20ANYS_GRIS.png","contentUrl":"https:\/\/ibecbarcelona.eu\/wp-content\/uploads\/2026\/01\/cropped-IBEC_20ANYS_GRIS.png","width":696,"height":257,"caption":"Institute for Bioengineering of Catalonia"},"image":{"@id":"https:\/\/ibecbarcelona.eu\/#\/schema\/logo\/image\/"}},{"@type":"Person","@id":"https:\/\/ibecbarcelona.eu\/#\/schema\/person\/c212c6b589546130be67986b9290e2b8","name":"\u00c0ngels L\u00f3pez","image":{"@type":"ImageObject","inLanguage":"es","@id":"https:\/\/secure.gravatar.com\/avatar\/09ad6ba116bea0b15c5511860f83b302579fd7404c1180e9dae55c3f11d988c6?s=96&d=mm&r=g","url":"https:\/\/secure.gravatar.com\/avatar\/09ad6ba116bea0b15c5511860f83b302579fd7404c1180e9dae55c3f11d988c6?s=96&d=mm&r=g","contentUrl":"https:\/\/secure.gravatar.com\/avatar\/09ad6ba116bea0b15c5511860f83b302579fd7404c1180e9dae55c3f11d988c6?s=96&d=mm&r=g","caption":"\u00c0ngels L\u00f3pez"},"url":"https:\/\/ibecbarcelona.eu\/es\/author\/alopez\/"}]}},"AFP_featured_media_urls":{"full":["https:\/\/ibecbarcelona.eu\/wp-content\/uploads\/2014\/10\/postdoc.jpg",75,75,false],"thumbnail":["https:\/\/ibecbarcelona.eu\/wp-content\/uploads\/2014\/10\/postdoc.jpg",75,75,false],"medium":["https:\/\/ibecbarcelona.eu\/wp-content\/uploads\/2014\/10\/postdoc.jpg",75,75,false],"medium_large":["https:\/\/ibecbarcelona.eu\/wp-content\/uploads\/2014\/10\/postdoc.jpg",75,75,false],"large":["https:\/\/ibecbarcelona.eu\/wp-content\/uploads\/2014\/10\/postdoc.jpg",75,75,false]},"AFP_attachments":[],"AFP_videos":[],"AFP_video_blocks":"","AFP_category_names":["Closed positions"],"_links":{"self":[{"href":"https:\/\/ibecbarcelona.eu\/es\/wp-json\/wp\/v2\/posts\/61278","targetHints":{"allow":["GET"]}}],"collection":[{"href":"https:\/\/ibecbarcelona.eu\/es\/wp-json\/wp\/v2\/posts"}],"about":[{"href":"https:\/\/ibecbarcelona.eu\/es\/wp-json\/wp\/v2\/types\/post"}],"author":[{"embeddable":true,"href":"https:\/\/ibecbarcelona.eu\/es\/wp-json\/wp\/v2\/users\/4"}],"replies":[{"embeddable":true,"href":"https:\/\/ibecbarcelona.eu\/es\/wp-json\/wp\/v2\/comments?post=61278"}],"version-history":[{"count":1,"href":"https:\/\/ibecbarcelona.eu\/es\/wp-json\/wp\/v2\/posts\/61278\/revisions"}],"predecessor-version":[{"id":61279,"href":"https:\/\/ibecbarcelona.eu\/es\/wp-json\/wp\/v2\/posts\/61278\/revisions\/61279"}],"wp:featuredmedia":[{"embeddable":true,"href":"https:\/\/ibecbarcelona.eu\/es\/wp-json\/wp\/v2\/media\/1854"}],"wp:attachment":[{"href":"https:\/\/ibecbarcelona.eu\/es\/wp-json\/wp\/v2\/media?parent=61278"}],"wp:term":[{"taxonomy":"category","embeddable":true,"href":"https:\/\/ibecbarcelona.eu\/es\/wp-json\/wp\/v2\/categories?post=61278"},{"taxonomy":"post_tag","embeddable":true,"href":"https:\/\/ibecbarcelona.eu\/es\/wp-json\/wp\/v2\/tags?post=61278"},{"taxonomy":"post_format","embeddable":true,"href":"https:\/\/ibecbarcelona.eu\/es\/wp-json\/wp\/v2\/post_formats?post=61278"}],"curies":[{"name":"wp","href":"https:\/\/api.w.org\/{rel}","templated":true}]}}