
{"id":65491,"date":"2019-02-04T13:16:54","date_gmt":"2019-02-04T12:16:54","guid":{"rendered":"http:\/\/ibecbarcelona.eu\/?p=65491"},"modified":"2019-02-04T13:21:23","modified_gmt":"2019-02-04T12:21:23","slug":"nuevo-exito-del-health-tech-world-cancer-day","status":"publish","type":"post","link":"https:\/\/ibecbarcelona.eu\/es\/nuevo-exito-del-health-tech-world-cancer-day\/","title":{"rendered":"Nuevo \u00e9xito del Health TECH World Cancer Day"},"content":{"rendered":"<p>Otros de los ponentes fueron Vanesa Ab\u00f3n de Fundaci\u00f3n Cient\u00edfica AECC; Ram\u00f3n Mangues, socio fundador de Nanoligent \/Investigador Principal IIB-Sant Pau; N\u00faria Montserrat, investigadora principal del IBEC; Francesc Mitjans, responsable de la Unidad de Biomedicina de LEITAT; \u00d3scar Mart\u00ednez, Investigador principal del IDIBELL y Gabriel Capell\u00e1 director de IDIBELL\/ICO. Ellos presentaron nuevos avances en el campo y sus implicaciones en t\u00e9rminos de nuevas oportunidades en diagn\u00f3sticos y terapias contra el c\u00e1ncer.<\/p>\n<figure id=\"attachment_65473\" aria-describedby=\"caption-attachment-65473\" style=\"width: 490px\" class=\"wp-caption alignright\"><img decoding=\"async\" class=\"size-full wp-image-65473 lazyload\" data-src=\"https:\/\/ibecbarcelona.eu\/wp-content\/uploads\/2019\/02\/0M0A8879_web.png\" alt=\"\" width=\"500\" height=\"299\" data-srcset=\"https:\/\/ibecbarcelona.eu\/wp-content\/uploads\/2019\/02\/0M0A8879_web.png 500w, https:\/\/ibecbarcelona.eu\/wp-content\/uploads\/2019\/02\/0M0A8879_web-300x179.png 300w, https:\/\/ibecbarcelona.eu\/wp-content\/uploads\/2019\/02\/0M0A8879_web-217x130.png 217w, https:\/\/ibecbarcelona.eu\/wp-content\/uploads\/2019\/02\/0M0A8879_web-150x90.png 150w\" data-sizes=\"(max-width: 500px) 100vw, 500px\" src=\"data:image\/svg+xml;base64,PHN2ZyB3aWR0aD0iMSIgaGVpZ2h0PSIxIiB4bWxucz0iaHR0cDovL3d3dy53My5vcmcvMjAwMC9zdmciPjwvc3ZnPg==\" style=\"--smush-placeholder-width: 500px; --smush-placeholder-aspect-ratio: 500\/299;\" \/><figcaption id=\"caption-attachment-65473\" class=\"wp-caption-text\">Ponentes del HWCD durante el turno de preguntas y debate final de la jornada (de izquierda a derecha: Vanesa Ab\u00f3n, \u00d3scar MArt\u00ednez, Gabriel Capell\u00e1, Josep Samitier, Ram\u00f3n Mangues, Francesc Mitjans y N\u00faria Montserrat)<\/figcaption><\/figure>\n<p>Austria, Francia, Alemania, Irlanda, Israel, Italia, Polonia, Portugal, Espa\u00f1a y Turqu\u00eda tambi\u00e9n celebraron eventos simult\u00e1neamente en el Nano World Cancer Day, cada uno de ellos con la asistencia de expertos en nanomedicina de cada pa\u00eds y de diferentes procedencias, incluidos investigadores, m\u00e9dicos y onc\u00f3logos y empresarios.<\/p>\n<p>El HealthTECH World Cancer Day se celebr\u00f3 por primera vez en 2013 y esta organizado a nivel europeo por la European Technology Platform for Nanomedicine (ETPN) en el marco del proyecto europeo <a href=\"https:\/\/nobel-project.eu\/\" target=\"_blank\" rel=\"noopener\">NOBEL<\/a> (continuaci\u00f3n del proyecto ENATRANS) y localmente por los diferentes miembros de la ETPN en cada pa\u00eds.<\/p>\n","protected":false},"excerpt":{"rendered":"<h3>El viernes, la Plataforma Espa\u00f1ola de Nanotecnolog\u00eda gestionada por el IBEC, NanoMed Spain, coorganiz\u00f3 la sexta edici\u00f3n del Health TECH World Cancer Day, una iniciativa mundial organizada como parte del D\u00eda Mundial del C\u00e1ncer.<\/h3>\n<p> Es el cuarto a\u00f1o consecutivo que la plataforma acoge la conferencia, que se celebr\u00f3 en la sede de la Asociaci\u00f3n Espa\u00f1ola Contra el C\u00e1ncer (AECC) en Barcelona y fue inaugurada por Laureano Molins, presidente de AECC Catalu\u00f1a y Josep Samitier de IBEC\/NanoMed Spain, quien tambi\u00e9n hizo una presentaci\u00f3n sobre la plataforma. Las \u00faltimas innovaciones en nanomedicina para el c\u00e1ncer fueron presentadas y discutidas frente a una audiencia de m\u00e1s de 50 investigadores, cl\u00ednicos, estudiantes y profesionales de la industria.<\/p>\n","protected":false},"author":4,"featured_media":65470,"comment_status":"closed","ping_status":"closed","sticky":false,"template":"","format":"standard","meta":{"footnotes":""},"categories":[94],"tags":[249],"post_formats":[],"class_list":["post-65491","post","type-post","status-publish","format-standard","has-post-thumbnail","hentry","category-noticias-institucionales","tag-nanomedicina"],"yoast_head":"<!-- This site is optimized with the Yoast SEO plugin v27.5 - https:\/\/yoast.com\/product\/yoast-seo-wordpress\/ -->\n<title>Nuevo \u00e9xito del Health TECH World Cancer Day - Institute for Bioengineering of Catalonia<\/title>\n<meta name=\"robots\" content=\"index, follow, max-snippet:-1, max-image-preview:large, max-video-preview:-1\" \/>\n<link rel=\"canonical\" href=\"https:\/\/ibecbarcelona.eu\/es\/nuevo-exito-del-health-tech-world-cancer-day\/\" \/>\n<meta property=\"og:locale\" content=\"es_ES\" \/>\n<meta property=\"og:type\" content=\"article\" \/>\n<meta property=\"og:title\" content=\"Nuevo \u00e9xito del Health TECH World Cancer Day - Institute for Bioengineering of Catalonia\" \/>\n<meta property=\"og:description\" content=\"El viernes, la Plataforma Espa\u00f1ola de Nanotecnolog\u00eda gestionada por el IBEC, NanoMed Spain, coorganiz\u00f3 la sexta edici\u00f3n del Health TECH World Cancer Day, una iniciativa mundial organizada como parte del D\u00eda Mundial del C\u00e1ncer. Es el cuarto a\u00f1o consecutivo que la plataforma acoge la conferencia, que se celebr\u00f3 en la sede de la Asociaci\u00f3n Espa\u00f1ola Contra el C\u00e1ncer (AECC) en Barcelona y fue inaugurada por Laureano Molins, presidente de AECC Catalu\u00f1a y Josep Samitier de IBEC\/NanoMed Spain, quien tambi\u00e9n hizo una presentaci\u00f3n sobre la plataforma. Las \u00faltimas innovaciones en nanomedicina para el c\u00e1ncer fueron presentadas y discutidas frente a una audiencia de m\u00e1s de 50 investigadores, cl\u00ednicos, estudiantes y profesionales de la industria.\" \/>\n<meta property=\"og:url\" content=\"https:\/\/ibecbarcelona.eu\/es\/nuevo-exito-del-health-tech-world-cancer-day\/\" \/>\n<meta property=\"og:site_name\" content=\"Institute for Bioengineering of Catalonia\" \/>\n<meta property=\"article:published_time\" content=\"2019-02-04T12:16:54+00:00\" \/>\n<meta property=\"article:modified_time\" content=\"2019-02-04T12:21:23+00:00\" \/>\n<meta property=\"og:image\" content=\"https:\/\/ibecbarcelona.eu\/wp-content\/uploads\/2019\/02\/0M0A8702_web.jpg\" \/>\n\t<meta property=\"og:image:width\" content=\"500\" \/>\n\t<meta property=\"og:image:height\" content=\"335\" \/>\n\t<meta property=\"og:image:type\" content=\"image\/jpeg\" \/>\n<meta name=\"author\" content=\"\u00c0ngels L\u00f3pez\" \/>\n<meta name=\"twitter:card\" content=\"summary_large_image\" \/>\n<meta name=\"twitter:label1\" content=\"Escrito por\" \/>\n\t<meta name=\"twitter:data1\" content=\"\u00c0ngels L\u00f3pez\" \/>\n\t<meta name=\"twitter:label2\" content=\"Tiempo de lectura\" \/>\n\t<meta name=\"twitter:data2\" content=\"1 minuto\" \/>\n<script type=\"application\/ld+json\" class=\"yoast-schema-graph\">{\"@context\":\"https:\\\/\\\/schema.org\",\"@graph\":[{\"@type\":\"Article\",\"@id\":\"https:\\\/\\\/ibecbarcelona.eu\\\/es\\\/nuevo-exito-del-health-tech-world-cancer-day\\\/#article\",\"isPartOf\":{\"@id\":\"https:\\\/\\\/ibecbarcelona.eu\\\/es\\\/nuevo-exito-del-health-tech-world-cancer-day\\\/\"},\"author\":{\"name\":\"\u00c0ngels L\u00f3pez\",\"@id\":\"https:\\\/\\\/ibecbarcelona.eu\\\/#\\\/schema\\\/person\\\/c212c6b589546130be67986b9290e2b8\"},\"headline\":\"Nuevo \u00e9xito del Health TECH World Cancer Day\",\"datePublished\":\"2019-02-04T12:16:54+00:00\",\"dateModified\":\"2019-02-04T12:21:23+00:00\",\"mainEntityOfPage\":{\"@id\":\"https:\\\/\\\/ibecbarcelona.eu\\\/es\\\/nuevo-exito-del-health-tech-world-cancer-day\\\/\"},\"wordCount\":236,\"publisher\":{\"@id\":\"https:\\\/\\\/ibecbarcelona.eu\\\/#organization\"},\"image\":{\"@id\":\"https:\\\/\\\/ibecbarcelona.eu\\\/es\\\/nuevo-exito-del-health-tech-world-cancer-day\\\/#primaryimage\"},\"thumbnailUrl\":\"https:\\\/\\\/ibecbarcelona.eu\\\/wp-content\\\/uploads\\\/2019\\\/02\\\/0M0A8702_web.jpg\",\"keywords\":[\"nanomedicina\"],\"articleSection\":[\"Noticias institucionales\"],\"inLanguage\":\"es\"},{\"@type\":\"WebPage\",\"@id\":\"https:\\\/\\\/ibecbarcelona.eu\\\/es\\\/nuevo-exito-del-health-tech-world-cancer-day\\\/\",\"url\":\"https:\\\/\\\/ibecbarcelona.eu\\\/es\\\/nuevo-exito-del-health-tech-world-cancer-day\\\/\",\"name\":\"Nuevo \u00e9xito del Health TECH World Cancer Day - Institute for Bioengineering of Catalonia\",\"isPartOf\":{\"@id\":\"https:\\\/\\\/ibecbarcelona.eu\\\/#website\"},\"primaryImageOfPage\":{\"@id\":\"https:\\\/\\\/ibecbarcelona.eu\\\/es\\\/nuevo-exito-del-health-tech-world-cancer-day\\\/#primaryimage\"},\"image\":{\"@id\":\"https:\\\/\\\/ibecbarcelona.eu\\\/es\\\/nuevo-exito-del-health-tech-world-cancer-day\\\/#primaryimage\"},\"thumbnailUrl\":\"https:\\\/\\\/ibecbarcelona.eu\\\/wp-content\\\/uploads\\\/2019\\\/02\\\/0M0A8702_web.jpg\",\"datePublished\":\"2019-02-04T12:16:54+00:00\",\"dateModified\":\"2019-02-04T12:21:23+00:00\",\"breadcrumb\":{\"@id\":\"https:\\\/\\\/ibecbarcelona.eu\\\/es\\\/nuevo-exito-del-health-tech-world-cancer-day\\\/#breadcrumb\"},\"inLanguage\":\"es\",\"potentialAction\":[{\"@type\":\"ReadAction\",\"target\":[\"https:\\\/\\\/ibecbarcelona.eu\\\/es\\\/nuevo-exito-del-health-tech-world-cancer-day\\\/\"]}]},{\"@type\":\"ImageObject\",\"inLanguage\":\"es\",\"@id\":\"https:\\\/\\\/ibecbarcelona.eu\\\/es\\\/nuevo-exito-del-health-tech-world-cancer-day\\\/#primaryimage\",\"url\":\"https:\\\/\\\/ibecbarcelona.eu\\\/wp-content\\\/uploads\\\/2019\\\/02\\\/0M0A8702_web.jpg\",\"contentUrl\":\"https:\\\/\\\/ibecbarcelona.eu\\\/wp-content\\\/uploads\\\/2019\\\/02\\\/0M0A8702_web.jpg\",\"width\":500,\"height\":335,\"caption\":\"Josep Samitier during his intervention at the HWCD\"},{\"@type\":\"BreadcrumbList\",\"@id\":\"https:\\\/\\\/ibecbarcelona.eu\\\/es\\\/nuevo-exito-del-health-tech-world-cancer-day\\\/#breadcrumb\",\"itemListElement\":[{\"@type\":\"ListItem\",\"position\":1,\"name\":\"Home\",\"item\":\"https:\\\/\\\/ibecbarcelona.eu\\\/es\\\/\"},{\"@type\":\"ListItem\",\"position\":2,\"name\":\"Nuevo \u00e9xito del Health TECH World Cancer Day\"}]},{\"@type\":\"WebSite\",\"@id\":\"https:\\\/\\\/ibecbarcelona.eu\\\/#website\",\"url\":\"https:\\\/\\\/ibecbarcelona.eu\\\/\",\"name\":\"Institute for Bioengineering of Catalonia\",\"description\":\"Bioengineering solutions for health\",\"publisher\":{\"@id\":\"https:\\\/\\\/ibecbarcelona.eu\\\/#organization\"},\"potentialAction\":[{\"@type\":\"SearchAction\",\"target\":{\"@type\":\"EntryPoint\",\"urlTemplate\":\"https:\\\/\\\/ibecbarcelona.eu\\\/?s={search_term_string}\"},\"query-input\":{\"@type\":\"PropertyValueSpecification\",\"valueRequired\":true,\"valueName\":\"search_term_string\"}}],\"inLanguage\":\"es\"},{\"@type\":\"Organization\",\"@id\":\"https:\\\/\\\/ibecbarcelona.eu\\\/#organization\",\"name\":\"Institute for Bioengineering of Catalonia\",\"url\":\"https:\\\/\\\/ibecbarcelona.eu\\\/\",\"logo\":{\"@type\":\"ImageObject\",\"inLanguage\":\"es\",\"@id\":\"https:\\\/\\\/ibecbarcelona.eu\\\/#\\\/schema\\\/logo\\\/image\\\/\",\"url\":\"https:\\\/\\\/ibecbarcelona.eu\\\/wp-content\\\/uploads\\\/2026\\\/01\\\/cropped-IBEC_20ANYS_GRIS.png\",\"contentUrl\":\"https:\\\/\\\/ibecbarcelona.eu\\\/wp-content\\\/uploads\\\/2026\\\/01\\\/cropped-IBEC_20ANYS_GRIS.png\",\"width\":696,\"height\":257,\"caption\":\"Institute for Bioengineering of Catalonia\"},\"image\":{\"@id\":\"https:\\\/\\\/ibecbarcelona.eu\\\/#\\\/schema\\\/logo\\\/image\\\/\"}},{\"@type\":\"Person\",\"@id\":\"https:\\\/\\\/ibecbarcelona.eu\\\/#\\\/schema\\\/person\\\/c212c6b589546130be67986b9290e2b8\",\"name\":\"\u00c0ngels L\u00f3pez\",\"image\":{\"@type\":\"ImageObject\",\"inLanguage\":\"es\",\"@id\":\"https:\\\/\\\/secure.gravatar.com\\\/avatar\\\/09ad6ba116bea0b15c5511860f83b302579fd7404c1180e9dae55c3f11d988c6?s=96&d=mm&r=g\",\"url\":\"https:\\\/\\\/secure.gravatar.com\\\/avatar\\\/09ad6ba116bea0b15c5511860f83b302579fd7404c1180e9dae55c3f11d988c6?s=96&d=mm&r=g\",\"contentUrl\":\"https:\\\/\\\/secure.gravatar.com\\\/avatar\\\/09ad6ba116bea0b15c5511860f83b302579fd7404c1180e9dae55c3f11d988c6?s=96&d=mm&r=g\",\"caption\":\"\u00c0ngels L\u00f3pez\"},\"url\":\"https:\\\/\\\/ibecbarcelona.eu\\\/es\\\/author\\\/alopez\\\/\"}]}<\/script>\n<!-- \/ Yoast SEO plugin. -->","yoast_head_json":{"title":"Nuevo \u00e9xito del Health TECH World Cancer Day - Institute for Bioengineering of Catalonia","robots":{"index":"index","follow":"follow","max-snippet":"max-snippet:-1","max-image-preview":"max-image-preview:large","max-video-preview":"max-video-preview:-1"},"canonical":"https:\/\/ibecbarcelona.eu\/es\/nuevo-exito-del-health-tech-world-cancer-day\/","og_locale":"es_ES","og_type":"article","og_title":"Nuevo \u00e9xito del Health TECH World Cancer Day - Institute for Bioengineering of Catalonia","og_description":"El viernes, la Plataforma Espa\u00f1ola de Nanotecnolog\u00eda gestionada por el IBEC, NanoMed Spain, coorganiz\u00f3 la sexta edici\u00f3n del Health TECH World Cancer Day, una iniciativa mundial organizada como parte del D\u00eda Mundial del C\u00e1ncer. Es el cuarto a\u00f1o consecutivo que la plataforma acoge la conferencia, que se celebr\u00f3 en la sede de la Asociaci\u00f3n Espa\u00f1ola Contra el C\u00e1ncer (AECC) en Barcelona y fue inaugurada por Laureano Molins, presidente de AECC Catalu\u00f1a y Josep Samitier de IBEC\/NanoMed Spain, quien tambi\u00e9n hizo una presentaci\u00f3n sobre la plataforma. Las \u00faltimas innovaciones en nanomedicina para el c\u00e1ncer fueron presentadas y discutidas frente a una audiencia de m\u00e1s de 50 investigadores, cl\u00ednicos, estudiantes y profesionales de la industria.","og_url":"https:\/\/ibecbarcelona.eu\/es\/nuevo-exito-del-health-tech-world-cancer-day\/","og_site_name":"Institute for Bioengineering of Catalonia","article_published_time":"2019-02-04T12:16:54+00:00","article_modified_time":"2019-02-04T12:21:23+00:00","og_image":[{"width":500,"height":335,"url":"https:\/\/ibecbarcelona.eu\/wp-content\/uploads\/2019\/02\/0M0A8702_web.jpg","type":"image\/jpeg"}],"author":"\u00c0ngels L\u00f3pez","twitter_card":"summary_large_image","twitter_misc":{"Escrito por":"\u00c0ngels L\u00f3pez","Tiempo de lectura":"1 minuto"},"schema":{"@context":"https:\/\/schema.org","@graph":[{"@type":"Article","@id":"https:\/\/ibecbarcelona.eu\/es\/nuevo-exito-del-health-tech-world-cancer-day\/#article","isPartOf":{"@id":"https:\/\/ibecbarcelona.eu\/es\/nuevo-exito-del-health-tech-world-cancer-day\/"},"author":{"name":"\u00c0ngels L\u00f3pez","@id":"https:\/\/ibecbarcelona.eu\/#\/schema\/person\/c212c6b589546130be67986b9290e2b8"},"headline":"Nuevo \u00e9xito del Health TECH World Cancer Day","datePublished":"2019-02-04T12:16:54+00:00","dateModified":"2019-02-04T12:21:23+00:00","mainEntityOfPage":{"@id":"https:\/\/ibecbarcelona.eu\/es\/nuevo-exito-del-health-tech-world-cancer-day\/"},"wordCount":236,"publisher":{"@id":"https:\/\/ibecbarcelona.eu\/#organization"},"image":{"@id":"https:\/\/ibecbarcelona.eu\/es\/nuevo-exito-del-health-tech-world-cancer-day\/#primaryimage"},"thumbnailUrl":"https:\/\/ibecbarcelona.eu\/wp-content\/uploads\/2019\/02\/0M0A8702_web.jpg","keywords":["nanomedicina"],"articleSection":["Noticias institucionales"],"inLanguage":"es"},{"@type":"WebPage","@id":"https:\/\/ibecbarcelona.eu\/es\/nuevo-exito-del-health-tech-world-cancer-day\/","url":"https:\/\/ibecbarcelona.eu\/es\/nuevo-exito-del-health-tech-world-cancer-day\/","name":"Nuevo \u00e9xito del Health TECH World Cancer Day - Institute for Bioengineering of Catalonia","isPartOf":{"@id":"https:\/\/ibecbarcelona.eu\/#website"},"primaryImageOfPage":{"@id":"https:\/\/ibecbarcelona.eu\/es\/nuevo-exito-del-health-tech-world-cancer-day\/#primaryimage"},"image":{"@id":"https:\/\/ibecbarcelona.eu\/es\/nuevo-exito-del-health-tech-world-cancer-day\/#primaryimage"},"thumbnailUrl":"https:\/\/ibecbarcelona.eu\/wp-content\/uploads\/2019\/02\/0M0A8702_web.jpg","datePublished":"2019-02-04T12:16:54+00:00","dateModified":"2019-02-04T12:21:23+00:00","breadcrumb":{"@id":"https:\/\/ibecbarcelona.eu\/es\/nuevo-exito-del-health-tech-world-cancer-day\/#breadcrumb"},"inLanguage":"es","potentialAction":[{"@type":"ReadAction","target":["https:\/\/ibecbarcelona.eu\/es\/nuevo-exito-del-health-tech-world-cancer-day\/"]}]},{"@type":"ImageObject","inLanguage":"es","@id":"https:\/\/ibecbarcelona.eu\/es\/nuevo-exito-del-health-tech-world-cancer-day\/#primaryimage","url":"https:\/\/ibecbarcelona.eu\/wp-content\/uploads\/2019\/02\/0M0A8702_web.jpg","contentUrl":"https:\/\/ibecbarcelona.eu\/wp-content\/uploads\/2019\/02\/0M0A8702_web.jpg","width":500,"height":335,"caption":"Josep Samitier during his intervention at the HWCD"},{"@type":"BreadcrumbList","@id":"https:\/\/ibecbarcelona.eu\/es\/nuevo-exito-del-health-tech-world-cancer-day\/#breadcrumb","itemListElement":[{"@type":"ListItem","position":1,"name":"Home","item":"https:\/\/ibecbarcelona.eu\/es\/"},{"@type":"ListItem","position":2,"name":"Nuevo \u00e9xito del Health TECH World Cancer Day"}]},{"@type":"WebSite","@id":"https:\/\/ibecbarcelona.eu\/#website","url":"https:\/\/ibecbarcelona.eu\/","name":"Institute for Bioengineering of Catalonia","description":"Bioengineering solutions for health","publisher":{"@id":"https:\/\/ibecbarcelona.eu\/#organization"},"potentialAction":[{"@type":"SearchAction","target":{"@type":"EntryPoint","urlTemplate":"https:\/\/ibecbarcelona.eu\/?s={search_term_string}"},"query-input":{"@type":"PropertyValueSpecification","valueRequired":true,"valueName":"search_term_string"}}],"inLanguage":"es"},{"@type":"Organization","@id":"https:\/\/ibecbarcelona.eu\/#organization","name":"Institute for Bioengineering of Catalonia","url":"https:\/\/ibecbarcelona.eu\/","logo":{"@type":"ImageObject","inLanguage":"es","@id":"https:\/\/ibecbarcelona.eu\/#\/schema\/logo\/image\/","url":"https:\/\/ibecbarcelona.eu\/wp-content\/uploads\/2026\/01\/cropped-IBEC_20ANYS_GRIS.png","contentUrl":"https:\/\/ibecbarcelona.eu\/wp-content\/uploads\/2026\/01\/cropped-IBEC_20ANYS_GRIS.png","width":696,"height":257,"caption":"Institute for Bioengineering of Catalonia"},"image":{"@id":"https:\/\/ibecbarcelona.eu\/#\/schema\/logo\/image\/"}},{"@type":"Person","@id":"https:\/\/ibecbarcelona.eu\/#\/schema\/person\/c212c6b589546130be67986b9290e2b8","name":"\u00c0ngels L\u00f3pez","image":{"@type":"ImageObject","inLanguage":"es","@id":"https:\/\/secure.gravatar.com\/avatar\/09ad6ba116bea0b15c5511860f83b302579fd7404c1180e9dae55c3f11d988c6?s=96&d=mm&r=g","url":"https:\/\/secure.gravatar.com\/avatar\/09ad6ba116bea0b15c5511860f83b302579fd7404c1180e9dae55c3f11d988c6?s=96&d=mm&r=g","contentUrl":"https:\/\/secure.gravatar.com\/avatar\/09ad6ba116bea0b15c5511860f83b302579fd7404c1180e9dae55c3f11d988c6?s=96&d=mm&r=g","caption":"\u00c0ngels L\u00f3pez"},"url":"https:\/\/ibecbarcelona.eu\/es\/author\/alopez\/"}]}},"AFP_featured_media_urls":{"full":["https:\/\/ibecbarcelona.eu\/wp-content\/uploads\/2019\/02\/0M0A8702_web.jpg",500,335,false],"thumbnail":["https:\/\/ibecbarcelona.eu\/wp-content\/uploads\/2019\/02\/0M0A8702_web-150x150.jpg",150,150,true],"medium":["https:\/\/ibecbarcelona.eu\/wp-content\/uploads\/2019\/02\/0M0A8702_web-300x201.jpg",300,201,true],"medium_large":["https:\/\/ibecbarcelona.eu\/wp-content\/uploads\/2019\/02\/0M0A8702_web.jpg",500,335,false],"large":["https:\/\/ibecbarcelona.eu\/wp-content\/uploads\/2019\/02\/0M0A8702_web.jpg",500,335,false]},"AFP_attachments":{"full":["https:\/\/ibecbarcelona.eu\/wp-content\/uploads\/2019\/02\/0M0A8702_web.jpg",500,335,false],"thumbnail":["https:\/\/ibecbarcelona.eu\/wp-content\/uploads\/2019\/02\/0M0A8702_web-150x150.jpg",150,150,true],"medium":["https:\/\/ibecbarcelona.eu\/wp-content\/uploads\/2019\/02\/0M0A8702_web-300x201.jpg",300,201,true],"medium_large":["https:\/\/ibecbarcelona.eu\/wp-content\/uploads\/2019\/02\/0M0A8702_web.jpg",500,335,false],"large":["https:\/\/ibecbarcelona.eu\/wp-content\/uploads\/2019\/02\/0M0A8702_web.jpg",500,335,false]},"AFP_videos":[],"AFP_video_blocks":"","AFP_category_names":["Noticias institucionales"],"_links":{"self":[{"href":"https:\/\/ibecbarcelona.eu\/es\/wp-json\/wp\/v2\/posts\/65491","targetHints":{"allow":["GET"]}}],"collection":[{"href":"https:\/\/ibecbarcelona.eu\/es\/wp-json\/wp\/v2\/posts"}],"about":[{"href":"https:\/\/ibecbarcelona.eu\/es\/wp-json\/wp\/v2\/types\/post"}],"author":[{"embeddable":true,"href":"https:\/\/ibecbarcelona.eu\/es\/wp-json\/wp\/v2\/users\/4"}],"replies":[{"embeddable":true,"href":"https:\/\/ibecbarcelona.eu\/es\/wp-json\/wp\/v2\/comments?post=65491"}],"version-history":[{"count":3,"href":"https:\/\/ibecbarcelona.eu\/es\/wp-json\/wp\/v2\/posts\/65491\/revisions"}],"predecessor-version":[{"id":65499,"href":"https:\/\/ibecbarcelona.eu\/es\/wp-json\/wp\/v2\/posts\/65491\/revisions\/65499"}],"wp:featuredmedia":[{"embeddable":true,"href":"https:\/\/ibecbarcelona.eu\/es\/wp-json\/wp\/v2\/media\/65470"}],"wp:attachment":[{"href":"https:\/\/ibecbarcelona.eu\/es\/wp-json\/wp\/v2\/media?parent=65491"}],"wp:term":[{"taxonomy":"category","embeddable":true,"href":"https:\/\/ibecbarcelona.eu\/es\/wp-json\/wp\/v2\/categories?post=65491"},{"taxonomy":"post_tag","embeddable":true,"href":"https:\/\/ibecbarcelona.eu\/es\/wp-json\/wp\/v2\/tags?post=65491"},{"taxonomy":"post_format","embeddable":true,"href":"https:\/\/ibecbarcelona.eu\/es\/wp-json\/wp\/v2\/post_formats?post=65491"}],"curies":[{"name":"wp","href":"https:\/\/api.w.org\/{rel}","templated":true}]}}