
{"id":65732,"date":"2019-02-21T16:10:24","date_gmt":"2019-02-21T15:10:24","guid":{"rendered":"http:\/\/ibecbarcelona.eu\/?p=65732"},"modified":"2020-06-15T13:41:48","modified_gmt":"2020-06-15T11:41:48","slug":"escuela-de-verano-2019-sobre-la-mecanobiologia-del-cancer","status":"publish","type":"post","link":"https:\/\/ibecbarcelona.eu\/es\/escuela-de-verano-2019-sobre-la-mecanobiologia-del-cancer\/","title":{"rendered":"Escuela de verano 2019 sobre la Mecanobiolog\u00eda del Cancer"},"content":{"rendered":"<p>Por la tarde, habr\u00e1 talleres pr\u00e1cticos de 2-3 horas, impartidos por los investigadores principales del consorcio MECHANO\u00b7CONTROL. El curso tambi\u00e9n incluir\u00e1 actividades de tiempo libre.<\/p>\n<p>La asistencia a la escuela de verano est\u00e1 abierta a todos los estudiantes, post-docs y profesionales interesados, aunque se dar\u00e1 prioridad a los investigadores j\u00fanior (hasta la etapa posdoctoral).<\/p>\n<p>Pr\u00f3ximamente se abrir\u00e1 la p\u00e1gina web de la escuela de verano sobre Mecanobiolog\u00eda del C\u00e1ncer 2019, donde podr\u00e9is encontrar informaci\u00f3n m\u00e1s detallada sobre las actividades que se llevaran a cabo, el proceso a seguir para registrarse y los plazos tanto para el registro como para el env\u00edo de los<em> abstract<\/em> para las charlas.<\/p>\n<p>Los 6 ponentes confirmados para la escuela de verano son:<\/p>\n<ul>\n<li><strong>Marija Plodinec<\/strong> (University Hospital Basel)<\/li>\n<li><strong>Andrew Ewald<\/strong> (Johns Hopkins University School of Medicine)<\/li>\n<li><strong>Peter Friedl<\/strong> (Radboud University Nijmegen)<\/li>\n<li><strong>Guillaume Salbreux<\/strong> (Francis Crick Institute)<\/li>\n<li><strong>Christina Scheel<\/strong> (Institute of Stem Cell Research, Helmholtz Center Munich)<\/li>\n<li><strong>Buzz Baum<\/strong> (Medical Research Council Laboratory for Molecular Cell Biology at UCL)<\/li>\n<\/ul>\n<p>Adem\u00e1s, todos los miembros del consorcio MECHANO\u00b7CONTROL asistir\u00e1n a la escuela de verano e impartir\u00e1n algunos de los talleres: Ar\u00e1nzazu del Campo (Leibniz-Institut f\u00fcr Neue Materialien, INM), Sergi Garcia-Manyes (King\u2019s College London, KCL), Pere Roca-Cusachs and Xavier Trepat (Institut de Bioenginyeria de Catalunya, IBEC), Patrick Derksen y Johan de Rooij (University Medical Center Utrecht, UMCU), Marino Arroyo (Universitat Polit\u00e8cnica de Catalunya, UPC) y las empresas NovioCell y Mind the Byte.<\/p>\n<p>Lista preliminar de los talleres que se impartir\u00e1n:<\/p>\n<ul>\n<li>Mec\u00e1nica de hidrogel<\/li>\n<li>Dise\u00f1o de geles sintonizables<\/li>\n<li>Modelado biomec\u00e1nico<\/li>\n<li>Biolog\u00eda del c\u00e1ncer de mama<\/li>\n<li>Mec\u00e1nica de una sola mol\u00e9cula<\/li>\n<li>Descubrimiento de medicamento<\/li>\n<\/ul>\n<p><strong><u>Sobre MECHANO\u00b7CONTROL<\/u><\/strong><\/p>\n<p>El proyecto MECHANO\u00b7CONTROL se centra en el control mec\u00e1nico de la funci\u00f3n biol\u00f3gica. Las fuerzas mec\u00e1nicas transmitidas a trav\u00e9s de enlaces moleculares espec\u00edficos impulsan la funci\u00f3n biol\u00f3gica, y su comprensi\u00f3n y control tienen un potencial inexplorado en oncolog\u00eda, medicina regenerativa y dise\u00f1o de biomateriales.<\/p>\n<p>MECHANO\u00b7CONTROL se propone abordar este desaf\u00edo mediante la construcci\u00f3n de una comunidad de investigaci\u00f3n interdisciplinaria con el objetivo de comprender y controlar la mec\u00e1nica celular desde la escala molecular hasta la de organismo. En todas las etapas y escalas del proyecto, se integrar\u00e1n datos experimentales con modelos computacionales de escala m\u00faltiple para establecer las reglas que impulsan la respuesta biol\u00f3gica a la mec\u00e1nica y la adhesi\u00f3n. Con esta visi\u00f3n, pretende explorar nuevos enfoques terap\u00e9uticos m\u00e1s all\u00e1 del paradigma actual en el tratamiento del c\u00e1ncer de mama. Si los socios del proyecto pueden comprender la biomec\u00e1nica del c\u00e1ncer desde el nivel molecular hasta la escala de todo el \u00f3rgano, podr\u00e1n controlar las fuerzas mec\u00e1nicas para restaurar el comportamiento de las c\u00e9lulas sanas e inhibir la progresi\u00f3n del tumor.<\/p>\n<p>M\u00e1s all\u00e1 del c\u00e1ncer de mama, los principios generales a los que se dirige esta tecnolog\u00eda tendr\u00e1n una alta aplicabilidad en oncolog\u00eda, medicina regenerativa, biomateriales y muchos otros procesos biol\u00f3gicos y enfermedades.<\/p>\n<p>MECHANO\u00b7CONTROL es un proyecto financiado por la Comisi\u00f3n Europea, dentro del programa proactivo de Tecnolog\u00edas Futuras y Emergentes (FET).<\/p>\n","protected":false},"excerpt":{"rendered":"<h3><img decoding=\"async\" class=\"alignnleft size-full wp-image-65728 lazyload\" data-src=\"http:\/\/www.ibecbarcelona.eu\/wp-content\/uploads\/2019\/02\/logo_mechanocontrol.jpg\" alt=\"\" width=\"400\" height=\"\" data-srcset=\"https:\/\/ibecbarcelona.eu\/wp-content\/uploads\/2019\/02\/logo_mechanocontrol.jpg 1975w, https:\/\/ibecbarcelona.eu\/wp-content\/uploads\/2019\/02\/logo_mechanocontrol-300x116.jpg 300w, https:\/\/ibecbarcelona.eu\/wp-content\/uploads\/2019\/02\/logo_mechanocontrol-768x298.jpg 768w, https:\/\/ibecbarcelona.eu\/wp-content\/uploads\/2019\/02\/logo_mechanocontrol-1024x397.jpg 1024w, https:\/\/ibecbarcelona.eu\/wp-content\/uploads\/2019\/02\/logo_mechanocontrol-230x89.jpg 230w, https:\/\/ibecbarcelona.eu\/wp-content\/uploads\/2019\/02\/logo_mechanocontrol-150x58.jpg 150w\" data-sizes=\"(max-width: 1975px) 100vw, 1975px\" src=\"data:image\/svg+xml;base64,PHN2ZyB3aWR0aD0iMSIgaGVpZ2h0PSIxIiB4bWxucz0iaHR0cDovL3d3dy53My5vcmcvMjAwMC9zdmciPjwvc3ZnPg==\" \/>  El consorcio MECHANO\u00b7CONTROL, liderado por varias instituciones de investigaci\u00f3n de Europa, lanza una escuela de verano que tendr\u00e1 lugar del 17 al 20 de septiembre de 2019 en el Eco-Resort en La Cerdanya. El objetivo de la escuela de verano es proporcionar formaci\u00f3n en mecanobiolog\u00eda, y espec\u00edficamente, su aplicaci\u00f3n al c\u00e1ncer de mama.<\/h3>\n<p> Esta escuela incluir\u00e1 conferencias, as\u00ed como talleres pr\u00e1cticos en diferentes t\u00e9cnicas y disciplinas, que van desde el modelado a la biomec\u00e1nica, hasta la biolog\u00eda del c\u00e1ncer.<br \/>\nHabr\u00e1 sesiones cient\u00edficas por la ma\u00f1ana, en las que se mezclar\u00e1n conferencias de 6 ponentes principales con 18 charlas cortas seleccionadas a partir de los abstract de los investigadores junior que asistan a la escuela. <\/p>\n","protected":false},"author":4,"featured_media":65728,"comment_status":"closed","ping_status":"closed","sticky":false,"template":"","format":"standard","meta":{"footnotes":""},"categories":[94],"tags":[593,530,1135],"post_formats":[],"class_list":["post-65732","post","type-post","status-publish","format-standard","has-post-thumbnail","hentry","category-noticias-institucionales","tag-h2020-es","tag-mechanocontrol-2-es","tag-pere-roca-cusachs-es"],"yoast_head":"<!-- This site is optimized with the Yoast SEO plugin v27.5 - https:\/\/yoast.com\/product\/yoast-seo-wordpress\/ -->\n<title>Escuela de verano 2019 sobre la Mecanobiolog\u00eda del Cancer - Institute for Bioengineering of Catalonia<\/title>\n<meta name=\"robots\" content=\"index, follow, max-snippet:-1, max-image-preview:large, max-video-preview:-1\" \/>\n<link rel=\"canonical\" href=\"https:\/\/ibecbarcelona.eu\/es\/escuela-de-verano-2019-sobre-la-mecanobiologia-del-cancer\/\" \/>\n<meta property=\"og:locale\" content=\"es_ES\" \/>\n<meta property=\"og:type\" content=\"article\" \/>\n<meta property=\"og:title\" content=\"Escuela de verano 2019 sobre la Mecanobiolog\u00eda del Cancer - Institute for Bioengineering of Catalonia\" \/>\n<meta property=\"og:description\" content=\"El consorcio MECHANO\u00b7CONTROL, liderado por varias instituciones de investigaci\u00f3n de Europa, lanza una escuela de verano que tendr\u00e1 lugar del 17 al 20 de septiembre de 2019 en el Eco-Resort en La Cerdanya. El objetivo de la escuela de verano es proporcionar formaci\u00f3n en mecanobiolog\u00eda, y espec\u00edficamente, su aplicaci\u00f3n al c\u00e1ncer de mama. Esta escuela incluir\u00e1 conferencias, as\u00ed como talleres pr\u00e1cticos en diferentes t\u00e9cnicas y disciplinas, que van desde el modelado a la biomec\u00e1nica, hasta la biolog\u00eda del c\u00e1ncer. Habr\u00e1 sesiones cient\u00edficas por la ma\u00f1ana, en las que se mezclar\u00e1n conferencias de 6 ponentes principales con 18 charlas cortas seleccionadas a partir de los abstract de los investigadores junior que asistan a la escuela.\" \/>\n<meta property=\"og:url\" content=\"https:\/\/ibecbarcelona.eu\/es\/escuela-de-verano-2019-sobre-la-mecanobiologia-del-cancer\/\" \/>\n<meta property=\"og:site_name\" content=\"Institute for Bioengineering of Catalonia\" \/>\n<meta property=\"article:published_time\" content=\"2019-02-21T15:10:24+00:00\" \/>\n<meta property=\"article:modified_time\" content=\"2020-06-15T11:41:48+00:00\" \/>\n<meta property=\"og:image\" content=\"https:\/\/ibecbarcelona.eu\/wp-content\/uploads\/2019\/02\/logo_mechanocontrol.jpg\" \/>\n\t<meta property=\"og:image:width\" content=\"1975\" \/>\n\t<meta property=\"og:image:height\" content=\"766\" \/>\n\t<meta property=\"og:image:type\" content=\"image\/jpeg\" \/>\n<meta name=\"author\" content=\"\u00c0ngels L\u00f3pez\" \/>\n<meta name=\"twitter:card\" content=\"summary_large_image\" \/>\n<meta name=\"twitter:label1\" content=\"Escrito por\" \/>\n\t<meta name=\"twitter:data1\" content=\"\u00c0ngels L\u00f3pez\" \/>\n\t<meta name=\"twitter:label2\" content=\"Tiempo de lectura\" \/>\n\t<meta name=\"twitter:data2\" content=\"3 minutos\" \/>\n<script type=\"application\/ld+json\" class=\"yoast-schema-graph\">{\"@context\":\"https:\\\/\\\/schema.org\",\"@graph\":[{\"@type\":\"Article\",\"@id\":\"https:\\\/\\\/ibecbarcelona.eu\\\/es\\\/escuela-de-verano-2019-sobre-la-mecanobiologia-del-cancer\\\/#article\",\"isPartOf\":{\"@id\":\"https:\\\/\\\/ibecbarcelona.eu\\\/es\\\/escuela-de-verano-2019-sobre-la-mecanobiologia-del-cancer\\\/\"},\"author\":{\"name\":\"\u00c0ngels L\u00f3pez\",\"@id\":\"https:\\\/\\\/ibecbarcelona.eu\\\/#\\\/schema\\\/person\\\/c212c6b589546130be67986b9290e2b8\"},\"headline\":\"Escuela de verano 2019 sobre la Mecanobiolog\u00eda del Cancer\",\"datePublished\":\"2019-02-21T15:10:24+00:00\",\"dateModified\":\"2020-06-15T11:41:48+00:00\",\"mainEntityOfPage\":{\"@id\":\"https:\\\/\\\/ibecbarcelona.eu\\\/es\\\/escuela-de-verano-2019-sobre-la-mecanobiologia-del-cancer\\\/\"},\"wordCount\":563,\"publisher\":{\"@id\":\"https:\\\/\\\/ibecbarcelona.eu\\\/#organization\"},\"image\":{\"@id\":\"https:\\\/\\\/ibecbarcelona.eu\\\/es\\\/escuela-de-verano-2019-sobre-la-mecanobiologia-del-cancer\\\/#primaryimage\"},\"thumbnailUrl\":\"https:\\\/\\\/ibecbarcelona.eu\\\/wp-content\\\/uploads\\\/2019\\\/02\\\/logo_mechanocontrol.jpg\",\"keywords\":[\"H2020\",\"Mechanocontrol\",\"Pere Roca-Cusachs\"],\"articleSection\":[\"Noticias institucionales\"],\"inLanguage\":\"es\"},{\"@type\":\"WebPage\",\"@id\":\"https:\\\/\\\/ibecbarcelona.eu\\\/es\\\/escuela-de-verano-2019-sobre-la-mecanobiologia-del-cancer\\\/\",\"url\":\"https:\\\/\\\/ibecbarcelona.eu\\\/es\\\/escuela-de-verano-2019-sobre-la-mecanobiologia-del-cancer\\\/\",\"name\":\"Escuela de verano 2019 sobre la Mecanobiolog\u00eda del Cancer - Institute for Bioengineering of Catalonia\",\"isPartOf\":{\"@id\":\"https:\\\/\\\/ibecbarcelona.eu\\\/#website\"},\"primaryImageOfPage\":{\"@id\":\"https:\\\/\\\/ibecbarcelona.eu\\\/es\\\/escuela-de-verano-2019-sobre-la-mecanobiologia-del-cancer\\\/#primaryimage\"},\"image\":{\"@id\":\"https:\\\/\\\/ibecbarcelona.eu\\\/es\\\/escuela-de-verano-2019-sobre-la-mecanobiologia-del-cancer\\\/#primaryimage\"},\"thumbnailUrl\":\"https:\\\/\\\/ibecbarcelona.eu\\\/wp-content\\\/uploads\\\/2019\\\/02\\\/logo_mechanocontrol.jpg\",\"datePublished\":\"2019-02-21T15:10:24+00:00\",\"dateModified\":\"2020-06-15T11:41:48+00:00\",\"breadcrumb\":{\"@id\":\"https:\\\/\\\/ibecbarcelona.eu\\\/es\\\/escuela-de-verano-2019-sobre-la-mecanobiologia-del-cancer\\\/#breadcrumb\"},\"inLanguage\":\"es\",\"potentialAction\":[{\"@type\":\"ReadAction\",\"target\":[\"https:\\\/\\\/ibecbarcelona.eu\\\/es\\\/escuela-de-verano-2019-sobre-la-mecanobiologia-del-cancer\\\/\"]}]},{\"@type\":\"ImageObject\",\"inLanguage\":\"es\",\"@id\":\"https:\\\/\\\/ibecbarcelona.eu\\\/es\\\/escuela-de-verano-2019-sobre-la-mecanobiologia-del-cancer\\\/#primaryimage\",\"url\":\"https:\\\/\\\/ibecbarcelona.eu\\\/wp-content\\\/uploads\\\/2019\\\/02\\\/logo_mechanocontrol.jpg\",\"contentUrl\":\"https:\\\/\\\/ibecbarcelona.eu\\\/wp-content\\\/uploads\\\/2019\\\/02\\\/logo_mechanocontrol.jpg\",\"width\":1975,\"height\":766},{\"@type\":\"BreadcrumbList\",\"@id\":\"https:\\\/\\\/ibecbarcelona.eu\\\/es\\\/escuela-de-verano-2019-sobre-la-mecanobiologia-del-cancer\\\/#breadcrumb\",\"itemListElement\":[{\"@type\":\"ListItem\",\"position\":1,\"name\":\"Home\",\"item\":\"https:\\\/\\\/ibecbarcelona.eu\\\/es\\\/\"},{\"@type\":\"ListItem\",\"position\":2,\"name\":\"Escuela de verano 2019 sobre la Mecanobiolog\u00eda del Cancer\"}]},{\"@type\":\"WebSite\",\"@id\":\"https:\\\/\\\/ibecbarcelona.eu\\\/#website\",\"url\":\"https:\\\/\\\/ibecbarcelona.eu\\\/\",\"name\":\"Institute for Bioengineering of Catalonia\",\"description\":\"Bioengineering solutions for health\",\"publisher\":{\"@id\":\"https:\\\/\\\/ibecbarcelona.eu\\\/#organization\"},\"potentialAction\":[{\"@type\":\"SearchAction\",\"target\":{\"@type\":\"EntryPoint\",\"urlTemplate\":\"https:\\\/\\\/ibecbarcelona.eu\\\/?s={search_term_string}\"},\"query-input\":{\"@type\":\"PropertyValueSpecification\",\"valueRequired\":true,\"valueName\":\"search_term_string\"}}],\"inLanguage\":\"es\"},{\"@type\":\"Organization\",\"@id\":\"https:\\\/\\\/ibecbarcelona.eu\\\/#organization\",\"name\":\"Institute for Bioengineering of Catalonia\",\"url\":\"https:\\\/\\\/ibecbarcelona.eu\\\/\",\"logo\":{\"@type\":\"ImageObject\",\"inLanguage\":\"es\",\"@id\":\"https:\\\/\\\/ibecbarcelona.eu\\\/#\\\/schema\\\/logo\\\/image\\\/\",\"url\":\"https:\\\/\\\/ibecbarcelona.eu\\\/wp-content\\\/uploads\\\/2026\\\/01\\\/cropped-IBEC_20ANYS_GRIS.png\",\"contentUrl\":\"https:\\\/\\\/ibecbarcelona.eu\\\/wp-content\\\/uploads\\\/2026\\\/01\\\/cropped-IBEC_20ANYS_GRIS.png\",\"width\":696,\"height\":257,\"caption\":\"Institute for Bioengineering of Catalonia\"},\"image\":{\"@id\":\"https:\\\/\\\/ibecbarcelona.eu\\\/#\\\/schema\\\/logo\\\/image\\\/\"}},{\"@type\":\"Person\",\"@id\":\"https:\\\/\\\/ibecbarcelona.eu\\\/#\\\/schema\\\/person\\\/c212c6b589546130be67986b9290e2b8\",\"name\":\"\u00c0ngels L\u00f3pez\",\"image\":{\"@type\":\"ImageObject\",\"inLanguage\":\"es\",\"@id\":\"https:\\\/\\\/secure.gravatar.com\\\/avatar\\\/09ad6ba116bea0b15c5511860f83b302579fd7404c1180e9dae55c3f11d988c6?s=96&d=mm&r=g\",\"url\":\"https:\\\/\\\/secure.gravatar.com\\\/avatar\\\/09ad6ba116bea0b15c5511860f83b302579fd7404c1180e9dae55c3f11d988c6?s=96&d=mm&r=g\",\"contentUrl\":\"https:\\\/\\\/secure.gravatar.com\\\/avatar\\\/09ad6ba116bea0b15c5511860f83b302579fd7404c1180e9dae55c3f11d988c6?s=96&d=mm&r=g\",\"caption\":\"\u00c0ngels L\u00f3pez\"},\"url\":\"https:\\\/\\\/ibecbarcelona.eu\\\/es\\\/author\\\/alopez\\\/\"}]}<\/script>\n<!-- \/ Yoast SEO plugin. -->","yoast_head_json":{"title":"Escuela de verano 2019 sobre la Mecanobiolog\u00eda del Cancer - Institute for Bioengineering of Catalonia","robots":{"index":"index","follow":"follow","max-snippet":"max-snippet:-1","max-image-preview":"max-image-preview:large","max-video-preview":"max-video-preview:-1"},"canonical":"https:\/\/ibecbarcelona.eu\/es\/escuela-de-verano-2019-sobre-la-mecanobiologia-del-cancer\/","og_locale":"es_ES","og_type":"article","og_title":"Escuela de verano 2019 sobre la Mecanobiolog\u00eda del Cancer - Institute for Bioengineering of Catalonia","og_description":"El consorcio MECHANO\u00b7CONTROL, liderado por varias instituciones de investigaci\u00f3n de Europa, lanza una escuela de verano que tendr\u00e1 lugar del 17 al 20 de septiembre de 2019 en el Eco-Resort en La Cerdanya. El objetivo de la escuela de verano es proporcionar formaci\u00f3n en mecanobiolog\u00eda, y espec\u00edficamente, su aplicaci\u00f3n al c\u00e1ncer de mama. Esta escuela incluir\u00e1 conferencias, as\u00ed como talleres pr\u00e1cticos en diferentes t\u00e9cnicas y disciplinas, que van desde el modelado a la biomec\u00e1nica, hasta la biolog\u00eda del c\u00e1ncer. Habr\u00e1 sesiones cient\u00edficas por la ma\u00f1ana, en las que se mezclar\u00e1n conferencias de 6 ponentes principales con 18 charlas cortas seleccionadas a partir de los abstract de los investigadores junior que asistan a la escuela.","og_url":"https:\/\/ibecbarcelona.eu\/es\/escuela-de-verano-2019-sobre-la-mecanobiologia-del-cancer\/","og_site_name":"Institute for Bioengineering of Catalonia","article_published_time":"2019-02-21T15:10:24+00:00","article_modified_time":"2020-06-15T11:41:48+00:00","og_image":[{"width":1975,"height":766,"url":"https:\/\/ibecbarcelona.eu\/wp-content\/uploads\/2019\/02\/logo_mechanocontrol.jpg","type":"image\/jpeg"}],"author":"\u00c0ngels L\u00f3pez","twitter_card":"summary_large_image","twitter_misc":{"Escrito por":"\u00c0ngels L\u00f3pez","Tiempo de lectura":"3 minutos"},"schema":{"@context":"https:\/\/schema.org","@graph":[{"@type":"Article","@id":"https:\/\/ibecbarcelona.eu\/es\/escuela-de-verano-2019-sobre-la-mecanobiologia-del-cancer\/#article","isPartOf":{"@id":"https:\/\/ibecbarcelona.eu\/es\/escuela-de-verano-2019-sobre-la-mecanobiologia-del-cancer\/"},"author":{"name":"\u00c0ngels L\u00f3pez","@id":"https:\/\/ibecbarcelona.eu\/#\/schema\/person\/c212c6b589546130be67986b9290e2b8"},"headline":"Escuela de verano 2019 sobre la Mecanobiolog\u00eda del Cancer","datePublished":"2019-02-21T15:10:24+00:00","dateModified":"2020-06-15T11:41:48+00:00","mainEntityOfPage":{"@id":"https:\/\/ibecbarcelona.eu\/es\/escuela-de-verano-2019-sobre-la-mecanobiologia-del-cancer\/"},"wordCount":563,"publisher":{"@id":"https:\/\/ibecbarcelona.eu\/#organization"},"image":{"@id":"https:\/\/ibecbarcelona.eu\/es\/escuela-de-verano-2019-sobre-la-mecanobiologia-del-cancer\/#primaryimage"},"thumbnailUrl":"https:\/\/ibecbarcelona.eu\/wp-content\/uploads\/2019\/02\/logo_mechanocontrol.jpg","keywords":["H2020","Mechanocontrol","Pere Roca-Cusachs"],"articleSection":["Noticias institucionales"],"inLanguage":"es"},{"@type":"WebPage","@id":"https:\/\/ibecbarcelona.eu\/es\/escuela-de-verano-2019-sobre-la-mecanobiologia-del-cancer\/","url":"https:\/\/ibecbarcelona.eu\/es\/escuela-de-verano-2019-sobre-la-mecanobiologia-del-cancer\/","name":"Escuela de verano 2019 sobre la Mecanobiolog\u00eda del Cancer - Institute for Bioengineering of Catalonia","isPartOf":{"@id":"https:\/\/ibecbarcelona.eu\/#website"},"primaryImageOfPage":{"@id":"https:\/\/ibecbarcelona.eu\/es\/escuela-de-verano-2019-sobre-la-mecanobiologia-del-cancer\/#primaryimage"},"image":{"@id":"https:\/\/ibecbarcelona.eu\/es\/escuela-de-verano-2019-sobre-la-mecanobiologia-del-cancer\/#primaryimage"},"thumbnailUrl":"https:\/\/ibecbarcelona.eu\/wp-content\/uploads\/2019\/02\/logo_mechanocontrol.jpg","datePublished":"2019-02-21T15:10:24+00:00","dateModified":"2020-06-15T11:41:48+00:00","breadcrumb":{"@id":"https:\/\/ibecbarcelona.eu\/es\/escuela-de-verano-2019-sobre-la-mecanobiologia-del-cancer\/#breadcrumb"},"inLanguage":"es","potentialAction":[{"@type":"ReadAction","target":["https:\/\/ibecbarcelona.eu\/es\/escuela-de-verano-2019-sobre-la-mecanobiologia-del-cancer\/"]}]},{"@type":"ImageObject","inLanguage":"es","@id":"https:\/\/ibecbarcelona.eu\/es\/escuela-de-verano-2019-sobre-la-mecanobiologia-del-cancer\/#primaryimage","url":"https:\/\/ibecbarcelona.eu\/wp-content\/uploads\/2019\/02\/logo_mechanocontrol.jpg","contentUrl":"https:\/\/ibecbarcelona.eu\/wp-content\/uploads\/2019\/02\/logo_mechanocontrol.jpg","width":1975,"height":766},{"@type":"BreadcrumbList","@id":"https:\/\/ibecbarcelona.eu\/es\/escuela-de-verano-2019-sobre-la-mecanobiologia-del-cancer\/#breadcrumb","itemListElement":[{"@type":"ListItem","position":1,"name":"Home","item":"https:\/\/ibecbarcelona.eu\/es\/"},{"@type":"ListItem","position":2,"name":"Escuela de verano 2019 sobre la Mecanobiolog\u00eda del Cancer"}]},{"@type":"WebSite","@id":"https:\/\/ibecbarcelona.eu\/#website","url":"https:\/\/ibecbarcelona.eu\/","name":"Institute for Bioengineering of Catalonia","description":"Bioengineering solutions for health","publisher":{"@id":"https:\/\/ibecbarcelona.eu\/#organization"},"potentialAction":[{"@type":"SearchAction","target":{"@type":"EntryPoint","urlTemplate":"https:\/\/ibecbarcelona.eu\/?s={search_term_string}"},"query-input":{"@type":"PropertyValueSpecification","valueRequired":true,"valueName":"search_term_string"}}],"inLanguage":"es"},{"@type":"Organization","@id":"https:\/\/ibecbarcelona.eu\/#organization","name":"Institute for Bioengineering of Catalonia","url":"https:\/\/ibecbarcelona.eu\/","logo":{"@type":"ImageObject","inLanguage":"es","@id":"https:\/\/ibecbarcelona.eu\/#\/schema\/logo\/image\/","url":"https:\/\/ibecbarcelona.eu\/wp-content\/uploads\/2026\/01\/cropped-IBEC_20ANYS_GRIS.png","contentUrl":"https:\/\/ibecbarcelona.eu\/wp-content\/uploads\/2026\/01\/cropped-IBEC_20ANYS_GRIS.png","width":696,"height":257,"caption":"Institute for Bioengineering of Catalonia"},"image":{"@id":"https:\/\/ibecbarcelona.eu\/#\/schema\/logo\/image\/"}},{"@type":"Person","@id":"https:\/\/ibecbarcelona.eu\/#\/schema\/person\/c212c6b589546130be67986b9290e2b8","name":"\u00c0ngels L\u00f3pez","image":{"@type":"ImageObject","inLanguage":"es","@id":"https:\/\/secure.gravatar.com\/avatar\/09ad6ba116bea0b15c5511860f83b302579fd7404c1180e9dae55c3f11d988c6?s=96&d=mm&r=g","url":"https:\/\/secure.gravatar.com\/avatar\/09ad6ba116bea0b15c5511860f83b302579fd7404c1180e9dae55c3f11d988c6?s=96&d=mm&r=g","contentUrl":"https:\/\/secure.gravatar.com\/avatar\/09ad6ba116bea0b15c5511860f83b302579fd7404c1180e9dae55c3f11d988c6?s=96&d=mm&r=g","caption":"\u00c0ngels L\u00f3pez"},"url":"https:\/\/ibecbarcelona.eu\/es\/author\/alopez\/"}]}},"AFP_featured_media_urls":{"full":["https:\/\/ibecbarcelona.eu\/wp-content\/uploads\/2019\/02\/logo_mechanocontrol.jpg",1975,766,false],"thumbnail":["https:\/\/ibecbarcelona.eu\/wp-content\/uploads\/2019\/02\/logo_mechanocontrol-150x150.jpg",150,150,true],"medium":["https:\/\/ibecbarcelona.eu\/wp-content\/uploads\/2019\/02\/logo_mechanocontrol-300x116.jpg",300,116,true],"medium_large":["https:\/\/ibecbarcelona.eu\/wp-content\/uploads\/2019\/02\/logo_mechanocontrol-768x298.jpg",768,298,true],"large":["https:\/\/ibecbarcelona.eu\/wp-content\/uploads\/2019\/02\/logo_mechanocontrol-1024x397.jpg",1024,397,true]},"AFP_attachments":{"full":["https:\/\/ibecbarcelona.eu\/wp-content\/uploads\/2019\/02\/logo_mechanocontrol.jpg",1975,766,false],"thumbnail":["https:\/\/ibecbarcelona.eu\/wp-content\/uploads\/2019\/02\/logo_mechanocontrol-150x150.jpg",150,150,true],"medium":["https:\/\/ibecbarcelona.eu\/wp-content\/uploads\/2019\/02\/logo_mechanocontrol-300x116.jpg",300,116,true],"medium_large":["https:\/\/ibecbarcelona.eu\/wp-content\/uploads\/2019\/02\/logo_mechanocontrol-768x298.jpg",768,298,true],"large":["https:\/\/ibecbarcelona.eu\/wp-content\/uploads\/2019\/02\/logo_mechanocontrol-1024x397.jpg",1024,397,true]},"AFP_videos":[],"AFP_video_blocks":"","AFP_category_names":["Noticias institucionales"],"_links":{"self":[{"href":"https:\/\/ibecbarcelona.eu\/es\/wp-json\/wp\/v2\/posts\/65732","targetHints":{"allow":["GET"]}}],"collection":[{"href":"https:\/\/ibecbarcelona.eu\/es\/wp-json\/wp\/v2\/posts"}],"about":[{"href":"https:\/\/ibecbarcelona.eu\/es\/wp-json\/wp\/v2\/types\/post"}],"author":[{"embeddable":true,"href":"https:\/\/ibecbarcelona.eu\/es\/wp-json\/wp\/v2\/users\/4"}],"replies":[{"embeddable":true,"href":"https:\/\/ibecbarcelona.eu\/es\/wp-json\/wp\/v2\/comments?post=65732"}],"version-history":[{"count":3,"href":"https:\/\/ibecbarcelona.eu\/es\/wp-json\/wp\/v2\/posts\/65732\/revisions"}],"predecessor-version":[{"id":65764,"href":"https:\/\/ibecbarcelona.eu\/es\/wp-json\/wp\/v2\/posts\/65732\/revisions\/65764"}],"wp:featuredmedia":[{"embeddable":true,"href":"https:\/\/ibecbarcelona.eu\/es\/wp-json\/wp\/v2\/media\/65728"}],"wp:attachment":[{"href":"https:\/\/ibecbarcelona.eu\/es\/wp-json\/wp\/v2\/media?parent=65732"}],"wp:term":[{"taxonomy":"category","embeddable":true,"href":"https:\/\/ibecbarcelona.eu\/es\/wp-json\/wp\/v2\/categories?post=65732"},{"taxonomy":"post_tag","embeddable":true,"href":"https:\/\/ibecbarcelona.eu\/es\/wp-json\/wp\/v2\/tags?post=65732"},{"taxonomy":"post_format","embeddable":true,"href":"https:\/\/ibecbarcelona.eu\/es\/wp-json\/wp\/v2\/post_formats?post=65732"}],"curies":[{"name":"wp","href":"https:\/\/api.w.org\/{rel}","templated":true}]}}