
{"id":66898,"date":"2019-06-14T23:32:42","date_gmt":"2019-06-14T21:32:42","guid":{"rendered":"http:\/\/ibecbarcelona.eu\/?p=66898"},"modified":"2020-06-15T13:36:15","modified_gmt":"2020-06-15T11:36:15","slug":"jose-antonio-del-rio-presenta-los-resultados-de-su-investigacion-en-el-20o-simposio-de-la-marato-de-tv","status":"publish","type":"post","link":"https:\/\/ibecbarcelona.eu\/es\/jose-antonio-del-rio-en-el-20-simposio-de-la-maratoTV3","title":{"rendered":"Jos\u00e9 Antonio del R\u00edo presenta los resultados de su investigaci\u00f3n en el 20\u00ba Simposio de la Marat\u00f3 de TV"},"content":{"rendered":"<p><img decoding=\"async\" class=\"alignleft size-full wp-image-66903 lazyload\" data-src=\"https:\/\/ibecbarcelona.eu\/wp-content\/uploads\/2019\/06\/delrio_ibec.jpg\" alt=\"\" width=\"500\" height=\"398\" data-srcset=\"https:\/\/ibecbarcelona.eu\/wp-content\/uploads\/2019\/06\/delrio_ibec.jpg 500w, https:\/\/ibecbarcelona.eu\/wp-content\/uploads\/2019\/06\/delrio_ibec-300x239.jpg 300w, https:\/\/ibecbarcelona.eu\/wp-content\/uploads\/2019\/06\/delrio_ibec-163x130.jpg 163w, https:\/\/ibecbarcelona.eu\/wp-content\/uploads\/2019\/06\/delrio_ibec-150x119.jpg 150w\" data-sizes=\"(max-width: 500px) 100vw, 500px\" src=\"data:image\/svg+xml;base64,PHN2ZyB3aWR0aD0iMSIgaGVpZ2h0PSIxIiB4bWxucz0iaHR0cDovL3d3dy53My5vcmcvMjAwMC9zdmciPjwvc3ZnPg==\" style=\"--smush-placeholder-width: 500px; --smush-placeholder-aspect-ratio: 500\/398;\" \/>Durante la jornada, los investigadores presentaron las conclusiones de su investigaci\u00f3n en 4 mesas cient\u00edficas moderadas por Javier Pagonabarraga, neur\u00f3logo e investigador del Instituto de Investigaci\u00f3n del Hospital de la Santa Creu i Sant Pau, y Jordi Duran, investigador y asesor cient\u00edfico de la Fundaci\u00f3 La Marat\u00f3 de TV3.<\/p>\n<p>El proyecto\u00a0 de Jos\u00e9 Antonio del R\u00edo fue uno de los nueve destacados por \u201csu innovaci\u00f3n y capacidad de aplicaci\u00f3n directa en los pacientes\u201d, en \u00e9l se identificaba una prote\u00edna clave en la progresi\u00f3n de la enfermedad de Parkinson, lo que abre nuevas posibilidades terap\u00e9uticas y permite dise\u00f1ar f\u00e1rmacos espec\u00edficos para bloquear la progresi\u00f3n de esta enfermedad. Tambi\u00e9n se ha comprobado que esta prote\u00edna est\u00e1 presente en otras patolog\u00edas neurodegenerativas como el Alzheimer.<\/p>\n<p>En la primera parte de la clausura, los moderadores N\u00faria Sol\u00e9 y Roger de Gr\u00e0cia, presentadores de la Marat\u00f3 2013, repasaron el conjunto de proyectos presentados durante la ma\u00f1ana, destacando el gran n\u00famero de enfermedades neurodegenerativas estudiadas, desde las que tienen m\u00e1s incidencia, como el Alzheimer o el Parkinson, a otras m\u00e1s desconocidas como la enfermedad de Huntington, las atrofias musculares o las distrofias de la retina. Tambi\u00e9n destacaron la interconexi\u00f3n entre la investigaci\u00f3n b\u00e1sica y la cl\u00ednica, reflejada en los numerosos estudios que han detectado nuevos biomarcadores, que servir\u00e1n para hacer diagn\u00f3sticos de manera m\u00e1s precoz y precisa, \u00a0paso previo a los tratamientos..<\/p>\n<p>Albert Barber\u00e0, director general de Recerca i Innovaci\u00f3n en Salut del Departament de Salut de la Generalitat de Catalunya, en su intervenci\u00f3n defini\u00f3 La Marat\u00f3 como \u201cun actor fundamental en el sistema de investigaci\u00f3n e innovaci\u00f3n de Catalunya\u201d.<\/p>\n<p><img decoding=\"async\" class=\"size-full wp-image-66900 alignright lazyload\" data-src=\"https:\/\/ibecbarcelona.eu\/wp-content\/uploads\/2019\/06\/marato_tv3_ibec.jpg\" alt=\"\" width=\"500\" height=\"325\" data-srcset=\"https:\/\/ibecbarcelona.eu\/wp-content\/uploads\/2019\/06\/marato_tv3_ibec.jpg 500w, https:\/\/ibecbarcelona.eu\/wp-content\/uploads\/2019\/06\/marato_tv3_ibec-300x195.jpg 300w, https:\/\/ibecbarcelona.eu\/wp-content\/uploads\/2019\/06\/marato_tv3_ibec-200x130.jpg 200w, https:\/\/ibecbarcelona.eu\/wp-content\/uploads\/2019\/06\/marato_tv3_ibec-150x98.jpg 150w\" data-sizes=\"(max-width: 500px) 100vw, 500px\" src=\"data:image\/svg+xml;base64,PHN2ZyB3aWR0aD0iMSIgaGVpZ2h0PSIxIiB4bWxucz0iaHR0cDovL3d3dy53My5vcmcvMjAwMC9zdmciPjwvc3ZnPg==\" style=\"--smush-placeholder-width: 500px; --smush-placeholder-aspect-ratio: 500\/325;\" \/>La clausura institucional del simposio fue a cargo de Jaume de Puig, vicepresidente del Institut d\u2019Estudis Catalans, y de N\u00faria Llorach, vicepresidenta de la Corporaci\u00f3 Catalana de Mitjans Audiovisual y del Patronat de la Fundaci\u00f3n.<\/p>\n<p>Para difundir m\u00e1s ampliamente los avances presentados en el simposio, TV3 emitir\u00e1 pr\u00f3ximamente el programa especial \u201cLa Marat\u00f3 dels investigadors\u201d, que reencuentra a algunos de los testimonios de la Marat\u00f3 del 2013 y repasa los avances conseguidos con la investigaci\u00f3n impulsada por aquella edici\u00f3n.<\/p>\n<p>Siguiendo este enlace puedes consultar los resultados de los 44 proyectos que se han presentado en este evento: <a href=\"http:\/\/www.tv3.cat\/marato\/20simposium\" target=\"_blank\" rel=\"noopener noreferrer\">http:\/\/www.tv3.cat\/marato\/20simposium<\/a><\/p>\n","protected":false},"excerpt":{"rendered":"<h3>Jos\u00e9 Antonio del R\u00edo, investigador principal del grupo Neurobiotecnolog\u00eda Neuronal y Celular del IBEC, ha presentado en el 20\u00ba Simposio de la Marat\u00f3 de TV3, los resultados derivados de su investigaci\u00f3n en enfermedades neurodegenerativas impulsada con los fondos de La Marat\u00f3 2013.<\/h3>\n<\/p>\n<p>En el evento, que ha tenido lugar esta semana en el Instituto de Estudios Catalanes, se han hecho p\u00fablicos los resultados de los 79 equipos de investigaci\u00f3n que han llevado a cabo los 44 proyectos financiados por esa edici\u00f3n del programa, donde se han expuesto un conjunto de avances dirigidos a dise\u00f1ar nuevas herramientas de prevenci\u00f3n y diagn\u00f3stico, as\u00ed como nuevos enfoques terap\u00e9uticos para mejorar la esperanza y la calidad de vida de los pacientes con una enfermedad neurodegenerativa.<\/p>\n","protected":false},"author":4,"featured_media":66903,"comment_status":"closed","ping_status":"closed","sticky":false,"template":"","format":"standard","meta":{"footnotes":""},"categories":[94],"tags":[533,532,152,1133,534,536],"post_formats":[],"class_list":["post-66898","post","type-post","status-publish","format-standard","has-post-thumbnail","hentry","category-noticias-institucionales","tag-20o-simposio","tag-enfermedades-neurodegenerativas","tag-ibec-es","tag-jose-antonio-del-rio-es","tag-marato-tv3-es","tag-parkinson-es"],"yoast_head":"<!-- This site is optimized with the Yoast SEO plugin v27.5 - https:\/\/yoast.com\/product\/yoast-seo-wordpress\/ -->\n<title>Jos\u00e9 Antonio del R\u00edo presenta los resultados de su investigaci\u00f3n en el 20\u00ba Simposio de la Marat\u00f3 de TV - Institute for Bioengineering of Catalonia<\/title>\n<meta name=\"robots\" content=\"index, follow, max-snippet:-1, max-image-preview:large, max-video-preview:-1\" \/>\n<link rel=\"canonical\" href=\"https:\/\/ibecbarcelona.eu\/es\/jose-antonio-del-rio-en-el-20-simposio-de-la-maratoTV3\/\" \/>\n<meta property=\"og:locale\" content=\"es_ES\" \/>\n<meta property=\"og:type\" content=\"article\" \/>\n<meta property=\"og:title\" content=\"Jos\u00e9 Antonio del R\u00edo presenta los resultados de su investigaci\u00f3n en el 20\u00ba Simposio de la Marat\u00f3 de TV - Institute for Bioengineering of Catalonia\" \/>\n<meta property=\"og:description\" content=\"Jos\u00e9 Antonio del R\u00edo, investigador principal del grupo Neurobiotecnolog\u00eda Neuronal y Celular del IBEC, ha presentado en el 20\u00ba Simposio de la Marat\u00f3 de TV3, los resultados derivados de su investigaci\u00f3n en enfermedades neurodegenerativas impulsada con los fondos de La Marat\u00f3 2013.  En el evento, que ha tenido lugar esta semana en el Instituto de Estudios Catalanes, se han hecho p\u00fablicos los resultados de los 79 equipos de investigaci\u00f3n que han llevado a cabo los 44 proyectos financiados por esa edici\u00f3n del programa, donde se han expuesto un conjunto de avances dirigidos a dise\u00f1ar nuevas herramientas de prevenci\u00f3n y diagn\u00f3stico, as\u00ed como nuevos enfoques terap\u00e9uticos para mejorar la esperanza y la calidad de vida de los pacientes con una enfermedad neurodegenerativa.\" \/>\n<meta property=\"og:url\" content=\"https:\/\/ibecbarcelona.eu\/es\/jose-antonio-del-rio-en-el-20-simposio-de-la-maratoTV3\/\" \/>\n<meta property=\"og:site_name\" content=\"Institute for Bioengineering of Catalonia\" \/>\n<meta property=\"article:published_time\" content=\"2019-06-14T21:32:42+00:00\" \/>\n<meta property=\"article:modified_time\" content=\"2020-06-15T11:36:15+00:00\" \/>\n<meta property=\"og:image\" content=\"https:\/\/ibecbarcelona.eu\/wp-content\/uploads\/2019\/06\/delrio_ibec.jpg\" \/>\n\t<meta property=\"og:image:width\" content=\"500\" \/>\n\t<meta property=\"og:image:height\" content=\"398\" \/>\n\t<meta property=\"og:image:type\" content=\"image\/jpeg\" \/>\n<meta name=\"author\" content=\"\u00c0ngels L\u00f3pez\" \/>\n<meta name=\"twitter:card\" content=\"summary_large_image\" \/>\n<meta name=\"twitter:label1\" content=\"Escrito por\" \/>\n\t<meta name=\"twitter:data1\" content=\"\u00c0ngels L\u00f3pez\" \/>\n\t<meta name=\"twitter:label2\" content=\"Tiempo de lectura\" \/>\n\t<meta name=\"twitter:data2\" content=\"2 minutos\" \/>\n<script type=\"application\/ld+json\" class=\"yoast-schema-graph\">{\"@context\":\"https:\\\/\\\/schema.org\",\"@graph\":[{\"@type\":\"Article\",\"@id\":\"https:\\\/\\\/ibecbarcelona.eu\\\/es\\\/jose-antonio-del-rio-en-el-20-simposio-de-la-maratoTV3\\\/#article\",\"isPartOf\":{\"@id\":\"https:\\\/\\\/ibecbarcelona.eu\\\/es\\\/jose-antonio-del-rio-en-el-20-simposio-de-la-maratoTV3\\\/\"},\"author\":{\"name\":\"\u00c0ngels L\u00f3pez\",\"@id\":\"https:\\\/\\\/ibecbarcelona.eu\\\/#\\\/schema\\\/person\\\/c212c6b589546130be67986b9290e2b8\"},\"headline\":\"Jos\u00e9 Antonio del R\u00edo presenta los resultados de su investigaci\u00f3n en el 20\u00ba Simposio de la Marat\u00f3 de TV\",\"datePublished\":\"2019-06-14T21:32:42+00:00\",\"dateModified\":\"2020-06-15T11:36:15+00:00\",\"mainEntityOfPage\":{\"@id\":\"https:\\\/\\\/ibecbarcelona.eu\\\/es\\\/jose-antonio-del-rio-en-el-20-simposio-de-la-maratoTV3\\\/\"},\"wordCount\":426,\"publisher\":{\"@id\":\"https:\\\/\\\/ibecbarcelona.eu\\\/#organization\"},\"image\":{\"@id\":\"https:\\\/\\\/ibecbarcelona.eu\\\/es\\\/jose-antonio-del-rio-en-el-20-simposio-de-la-maratoTV3\\\/#primaryimage\"},\"thumbnailUrl\":\"https:\\\/\\\/ibecbarcelona.eu\\\/wp-content\\\/uploads\\\/2019\\\/06\\\/delrio_ibec.jpg\",\"keywords\":[\"20\u00ba simposio\",\"Enfermedades neurodegenerativas\",\"IBEC\",\"Jos\u00e9 Antonio del R\u00edo\",\"Marat\u00f3 TV3\",\"Parkinson\"],\"articleSection\":[\"Noticias institucionales\"],\"inLanguage\":\"es\"},{\"@type\":\"WebPage\",\"@id\":\"https:\\\/\\\/ibecbarcelona.eu\\\/es\\\/jose-antonio-del-rio-en-el-20-simposio-de-la-maratoTV3\\\/\",\"url\":\"https:\\\/\\\/ibecbarcelona.eu\\\/es\\\/jose-antonio-del-rio-en-el-20-simposio-de-la-maratoTV3\\\/\",\"name\":\"Jos\u00e9 Antonio del R\u00edo presenta los resultados de su investigaci\u00f3n en el 20\u00ba Simposio de la Marat\u00f3 de TV - Institute for Bioengineering of Catalonia\",\"isPartOf\":{\"@id\":\"https:\\\/\\\/ibecbarcelona.eu\\\/#website\"},\"primaryImageOfPage\":{\"@id\":\"https:\\\/\\\/ibecbarcelona.eu\\\/es\\\/jose-antonio-del-rio-en-el-20-simposio-de-la-maratoTV3\\\/#primaryimage\"},\"image\":{\"@id\":\"https:\\\/\\\/ibecbarcelona.eu\\\/es\\\/jose-antonio-del-rio-en-el-20-simposio-de-la-maratoTV3\\\/#primaryimage\"},\"thumbnailUrl\":\"https:\\\/\\\/ibecbarcelona.eu\\\/wp-content\\\/uploads\\\/2019\\\/06\\\/delrio_ibec.jpg\",\"datePublished\":\"2019-06-14T21:32:42+00:00\",\"dateModified\":\"2020-06-15T11:36:15+00:00\",\"breadcrumb\":{\"@id\":\"https:\\\/\\\/ibecbarcelona.eu\\\/es\\\/jose-antonio-del-rio-en-el-20-simposio-de-la-maratoTV3\\\/#breadcrumb\"},\"inLanguage\":\"es\",\"potentialAction\":[{\"@type\":\"ReadAction\",\"target\":[\"https:\\\/\\\/ibecbarcelona.eu\\\/es\\\/jose-antonio-del-rio-en-el-20-simposio-de-la-maratoTV3\\\/\"]}]},{\"@type\":\"ImageObject\",\"inLanguage\":\"es\",\"@id\":\"https:\\\/\\\/ibecbarcelona.eu\\\/es\\\/jose-antonio-del-rio-en-el-20-simposio-de-la-maratoTV3\\\/#primaryimage\",\"url\":\"https:\\\/\\\/ibecbarcelona.eu\\\/wp-content\\\/uploads\\\/2019\\\/06\\\/delrio_ibec.jpg\",\"contentUrl\":\"https:\\\/\\\/ibecbarcelona.eu\\\/wp-content\\\/uploads\\\/2019\\\/06\\\/delrio_ibec.jpg\",\"width\":500,\"height\":398},{\"@type\":\"BreadcrumbList\",\"@id\":\"https:\\\/\\\/ibecbarcelona.eu\\\/es\\\/jose-antonio-del-rio-en-el-20-simposio-de-la-maratoTV3\\\/#breadcrumb\",\"itemListElement\":[{\"@type\":\"ListItem\",\"position\":1,\"name\":\"Home\",\"item\":\"https:\\\/\\\/ibecbarcelona.eu\\\/es\\\/\"},{\"@type\":\"ListItem\",\"position\":2,\"name\":\"Jos\u00e9 Antonio del R\u00edo presenta los resultados de su investigaci\u00f3n en el 20\u00ba Simposio de la Marat\u00f3 de TV\"}]},{\"@type\":\"WebSite\",\"@id\":\"https:\\\/\\\/ibecbarcelona.eu\\\/#website\",\"url\":\"https:\\\/\\\/ibecbarcelona.eu\\\/\",\"name\":\"Institute for Bioengineering of Catalonia\",\"description\":\"Bioengineering solutions for health\",\"publisher\":{\"@id\":\"https:\\\/\\\/ibecbarcelona.eu\\\/#organization\"},\"potentialAction\":[{\"@type\":\"SearchAction\",\"target\":{\"@type\":\"EntryPoint\",\"urlTemplate\":\"https:\\\/\\\/ibecbarcelona.eu\\\/?s={search_term_string}\"},\"query-input\":{\"@type\":\"PropertyValueSpecification\",\"valueRequired\":true,\"valueName\":\"search_term_string\"}}],\"inLanguage\":\"es\"},{\"@type\":\"Organization\",\"@id\":\"https:\\\/\\\/ibecbarcelona.eu\\\/#organization\",\"name\":\"Institute for Bioengineering of Catalonia\",\"url\":\"https:\\\/\\\/ibecbarcelona.eu\\\/\",\"logo\":{\"@type\":\"ImageObject\",\"inLanguage\":\"es\",\"@id\":\"https:\\\/\\\/ibecbarcelona.eu\\\/#\\\/schema\\\/logo\\\/image\\\/\",\"url\":\"https:\\\/\\\/ibecbarcelona.eu\\\/wp-content\\\/uploads\\\/2026\\\/01\\\/cropped-IBEC_20ANYS_GRIS.png\",\"contentUrl\":\"https:\\\/\\\/ibecbarcelona.eu\\\/wp-content\\\/uploads\\\/2026\\\/01\\\/cropped-IBEC_20ANYS_GRIS.png\",\"width\":696,\"height\":257,\"caption\":\"Institute for Bioengineering of Catalonia\"},\"image\":{\"@id\":\"https:\\\/\\\/ibecbarcelona.eu\\\/#\\\/schema\\\/logo\\\/image\\\/\"}},{\"@type\":\"Person\",\"@id\":\"https:\\\/\\\/ibecbarcelona.eu\\\/#\\\/schema\\\/person\\\/c212c6b589546130be67986b9290e2b8\",\"name\":\"\u00c0ngels L\u00f3pez\",\"image\":{\"@type\":\"ImageObject\",\"inLanguage\":\"es\",\"@id\":\"https:\\\/\\\/secure.gravatar.com\\\/avatar\\\/09ad6ba116bea0b15c5511860f83b302579fd7404c1180e9dae55c3f11d988c6?s=96&d=mm&r=g\",\"url\":\"https:\\\/\\\/secure.gravatar.com\\\/avatar\\\/09ad6ba116bea0b15c5511860f83b302579fd7404c1180e9dae55c3f11d988c6?s=96&d=mm&r=g\",\"contentUrl\":\"https:\\\/\\\/secure.gravatar.com\\\/avatar\\\/09ad6ba116bea0b15c5511860f83b302579fd7404c1180e9dae55c3f11d988c6?s=96&d=mm&r=g\",\"caption\":\"\u00c0ngels L\u00f3pez\"},\"url\":\"https:\\\/\\\/ibecbarcelona.eu\\\/es\\\/author\\\/alopez\\\/\"}]}<\/script>\n<!-- \/ Yoast SEO plugin. -->","yoast_head_json":{"title":"Jos\u00e9 Antonio del R\u00edo presenta los resultados de su investigaci\u00f3n en el 20\u00ba Simposio de la Marat\u00f3 de TV - Institute for Bioengineering of Catalonia","robots":{"index":"index","follow":"follow","max-snippet":"max-snippet:-1","max-image-preview":"max-image-preview:large","max-video-preview":"max-video-preview:-1"},"canonical":"https:\/\/ibecbarcelona.eu\/es\/jose-antonio-del-rio-en-el-20-simposio-de-la-maratoTV3\/","og_locale":"es_ES","og_type":"article","og_title":"Jos\u00e9 Antonio del R\u00edo presenta los resultados de su investigaci\u00f3n en el 20\u00ba Simposio de la Marat\u00f3 de TV - Institute for Bioengineering of Catalonia","og_description":"Jos\u00e9 Antonio del R\u00edo, investigador principal del grupo Neurobiotecnolog\u00eda Neuronal y Celular del IBEC, ha presentado en el 20\u00ba Simposio de la Marat\u00f3 de TV3, los resultados derivados de su investigaci\u00f3n en enfermedades neurodegenerativas impulsada con los fondos de La Marat\u00f3 2013.  En el evento, que ha tenido lugar esta semana en el Instituto de Estudios Catalanes, se han hecho p\u00fablicos los resultados de los 79 equipos de investigaci\u00f3n que han llevado a cabo los 44 proyectos financiados por esa edici\u00f3n del programa, donde se han expuesto un conjunto de avances dirigidos a dise\u00f1ar nuevas herramientas de prevenci\u00f3n y diagn\u00f3stico, as\u00ed como nuevos enfoques terap\u00e9uticos para mejorar la esperanza y la calidad de vida de los pacientes con una enfermedad neurodegenerativa.","og_url":"https:\/\/ibecbarcelona.eu\/es\/jose-antonio-del-rio-en-el-20-simposio-de-la-maratoTV3\/","og_site_name":"Institute for Bioengineering of Catalonia","article_published_time":"2019-06-14T21:32:42+00:00","article_modified_time":"2020-06-15T11:36:15+00:00","og_image":[{"width":500,"height":398,"url":"https:\/\/ibecbarcelona.eu\/wp-content\/uploads\/2019\/06\/delrio_ibec.jpg","type":"image\/jpeg"}],"author":"\u00c0ngels L\u00f3pez","twitter_card":"summary_large_image","twitter_misc":{"Escrito por":"\u00c0ngels L\u00f3pez","Tiempo de lectura":"2 minutos"},"schema":{"@context":"https:\/\/schema.org","@graph":[{"@type":"Article","@id":"https:\/\/ibecbarcelona.eu\/es\/jose-antonio-del-rio-en-el-20-simposio-de-la-maratoTV3\/#article","isPartOf":{"@id":"https:\/\/ibecbarcelona.eu\/es\/jose-antonio-del-rio-en-el-20-simposio-de-la-maratoTV3\/"},"author":{"name":"\u00c0ngels L\u00f3pez","@id":"https:\/\/ibecbarcelona.eu\/#\/schema\/person\/c212c6b589546130be67986b9290e2b8"},"headline":"Jos\u00e9 Antonio del R\u00edo presenta los resultados de su investigaci\u00f3n en el 20\u00ba Simposio de la Marat\u00f3 de TV","datePublished":"2019-06-14T21:32:42+00:00","dateModified":"2020-06-15T11:36:15+00:00","mainEntityOfPage":{"@id":"https:\/\/ibecbarcelona.eu\/es\/jose-antonio-del-rio-en-el-20-simposio-de-la-maratoTV3\/"},"wordCount":426,"publisher":{"@id":"https:\/\/ibecbarcelona.eu\/#organization"},"image":{"@id":"https:\/\/ibecbarcelona.eu\/es\/jose-antonio-del-rio-en-el-20-simposio-de-la-maratoTV3\/#primaryimage"},"thumbnailUrl":"https:\/\/ibecbarcelona.eu\/wp-content\/uploads\/2019\/06\/delrio_ibec.jpg","keywords":["20\u00ba simposio","Enfermedades neurodegenerativas","IBEC","Jos\u00e9 Antonio del R\u00edo","Marat\u00f3 TV3","Parkinson"],"articleSection":["Noticias institucionales"],"inLanguage":"es"},{"@type":"WebPage","@id":"https:\/\/ibecbarcelona.eu\/es\/jose-antonio-del-rio-en-el-20-simposio-de-la-maratoTV3\/","url":"https:\/\/ibecbarcelona.eu\/es\/jose-antonio-del-rio-en-el-20-simposio-de-la-maratoTV3\/","name":"Jos\u00e9 Antonio del R\u00edo presenta los resultados de su investigaci\u00f3n en el 20\u00ba Simposio de la Marat\u00f3 de TV - Institute for Bioengineering of Catalonia","isPartOf":{"@id":"https:\/\/ibecbarcelona.eu\/#website"},"primaryImageOfPage":{"@id":"https:\/\/ibecbarcelona.eu\/es\/jose-antonio-del-rio-en-el-20-simposio-de-la-maratoTV3\/#primaryimage"},"image":{"@id":"https:\/\/ibecbarcelona.eu\/es\/jose-antonio-del-rio-en-el-20-simposio-de-la-maratoTV3\/#primaryimage"},"thumbnailUrl":"https:\/\/ibecbarcelona.eu\/wp-content\/uploads\/2019\/06\/delrio_ibec.jpg","datePublished":"2019-06-14T21:32:42+00:00","dateModified":"2020-06-15T11:36:15+00:00","breadcrumb":{"@id":"https:\/\/ibecbarcelona.eu\/es\/jose-antonio-del-rio-en-el-20-simposio-de-la-maratoTV3\/#breadcrumb"},"inLanguage":"es","potentialAction":[{"@type":"ReadAction","target":["https:\/\/ibecbarcelona.eu\/es\/jose-antonio-del-rio-en-el-20-simposio-de-la-maratoTV3\/"]}]},{"@type":"ImageObject","inLanguage":"es","@id":"https:\/\/ibecbarcelona.eu\/es\/jose-antonio-del-rio-en-el-20-simposio-de-la-maratoTV3\/#primaryimage","url":"https:\/\/ibecbarcelona.eu\/wp-content\/uploads\/2019\/06\/delrio_ibec.jpg","contentUrl":"https:\/\/ibecbarcelona.eu\/wp-content\/uploads\/2019\/06\/delrio_ibec.jpg","width":500,"height":398},{"@type":"BreadcrumbList","@id":"https:\/\/ibecbarcelona.eu\/es\/jose-antonio-del-rio-en-el-20-simposio-de-la-maratoTV3\/#breadcrumb","itemListElement":[{"@type":"ListItem","position":1,"name":"Home","item":"https:\/\/ibecbarcelona.eu\/es\/"},{"@type":"ListItem","position":2,"name":"Jos\u00e9 Antonio del R\u00edo presenta los resultados de su investigaci\u00f3n en el 20\u00ba Simposio de la Marat\u00f3 de TV"}]},{"@type":"WebSite","@id":"https:\/\/ibecbarcelona.eu\/#website","url":"https:\/\/ibecbarcelona.eu\/","name":"Institute for Bioengineering of Catalonia","description":"Bioengineering solutions for health","publisher":{"@id":"https:\/\/ibecbarcelona.eu\/#organization"},"potentialAction":[{"@type":"SearchAction","target":{"@type":"EntryPoint","urlTemplate":"https:\/\/ibecbarcelona.eu\/?s={search_term_string}"},"query-input":{"@type":"PropertyValueSpecification","valueRequired":true,"valueName":"search_term_string"}}],"inLanguage":"es"},{"@type":"Organization","@id":"https:\/\/ibecbarcelona.eu\/#organization","name":"Institute for Bioengineering of Catalonia","url":"https:\/\/ibecbarcelona.eu\/","logo":{"@type":"ImageObject","inLanguage":"es","@id":"https:\/\/ibecbarcelona.eu\/#\/schema\/logo\/image\/","url":"https:\/\/ibecbarcelona.eu\/wp-content\/uploads\/2026\/01\/cropped-IBEC_20ANYS_GRIS.png","contentUrl":"https:\/\/ibecbarcelona.eu\/wp-content\/uploads\/2026\/01\/cropped-IBEC_20ANYS_GRIS.png","width":696,"height":257,"caption":"Institute for Bioengineering of Catalonia"},"image":{"@id":"https:\/\/ibecbarcelona.eu\/#\/schema\/logo\/image\/"}},{"@type":"Person","@id":"https:\/\/ibecbarcelona.eu\/#\/schema\/person\/c212c6b589546130be67986b9290e2b8","name":"\u00c0ngels L\u00f3pez","image":{"@type":"ImageObject","inLanguage":"es","@id":"https:\/\/secure.gravatar.com\/avatar\/09ad6ba116bea0b15c5511860f83b302579fd7404c1180e9dae55c3f11d988c6?s=96&d=mm&r=g","url":"https:\/\/secure.gravatar.com\/avatar\/09ad6ba116bea0b15c5511860f83b302579fd7404c1180e9dae55c3f11d988c6?s=96&d=mm&r=g","contentUrl":"https:\/\/secure.gravatar.com\/avatar\/09ad6ba116bea0b15c5511860f83b302579fd7404c1180e9dae55c3f11d988c6?s=96&d=mm&r=g","caption":"\u00c0ngels L\u00f3pez"},"url":"https:\/\/ibecbarcelona.eu\/es\/author\/alopez\/"}]}},"AFP_featured_media_urls":{"full":["https:\/\/ibecbarcelona.eu\/wp-content\/uploads\/2019\/06\/delrio_ibec.jpg",500,398,false],"thumbnail":["https:\/\/ibecbarcelona.eu\/wp-content\/uploads\/2019\/06\/delrio_ibec-150x150.jpg",150,150,true],"medium":["https:\/\/ibecbarcelona.eu\/wp-content\/uploads\/2019\/06\/delrio_ibec-300x239.jpg",300,239,true],"medium_large":["https:\/\/ibecbarcelona.eu\/wp-content\/uploads\/2019\/06\/delrio_ibec.jpg",500,398,false],"large":["https:\/\/ibecbarcelona.eu\/wp-content\/uploads\/2019\/06\/delrio_ibec.jpg",500,398,false]},"AFP_attachments":{"full":["https:\/\/ibecbarcelona.eu\/wp-content\/uploads\/2019\/06\/marato_tv3_ibec.jpg",500,325,false],"thumbnail":["https:\/\/ibecbarcelona.eu\/wp-content\/uploads\/2019\/06\/marato_tv3_ibec-150x150.jpg",150,150,true],"medium":["https:\/\/ibecbarcelona.eu\/wp-content\/uploads\/2019\/06\/marato_tv3_ibec-300x195.jpg",300,195,true],"medium_large":["https:\/\/ibecbarcelona.eu\/wp-content\/uploads\/2019\/06\/marato_tv3_ibec.jpg",500,325,false],"large":["https:\/\/ibecbarcelona.eu\/wp-content\/uploads\/2019\/06\/marato_tv3_ibec.jpg",500,325,false]},"AFP_videos":[],"AFP_video_blocks":"","AFP_category_names":["Noticias institucionales"],"_links":{"self":[{"href":"https:\/\/ibecbarcelona.eu\/es\/wp-json\/wp\/v2\/posts\/66898","targetHints":{"allow":["GET"]}}],"collection":[{"href":"https:\/\/ibecbarcelona.eu\/es\/wp-json\/wp\/v2\/posts"}],"about":[{"href":"https:\/\/ibecbarcelona.eu\/es\/wp-json\/wp\/v2\/types\/post"}],"author":[{"embeddable":true,"href":"https:\/\/ibecbarcelona.eu\/es\/wp-json\/wp\/v2\/users\/4"}],"replies":[{"embeddable":true,"href":"https:\/\/ibecbarcelona.eu\/es\/wp-json\/wp\/v2\/comments?post=66898"}],"version-history":[{"count":13,"href":"https:\/\/ibecbarcelona.eu\/es\/wp-json\/wp\/v2\/posts\/66898\/revisions"}],"predecessor-version":[{"id":66917,"href":"https:\/\/ibecbarcelona.eu\/es\/wp-json\/wp\/v2\/posts\/66898\/revisions\/66917"}],"wp:featuredmedia":[{"embeddable":true,"href":"https:\/\/ibecbarcelona.eu\/es\/wp-json\/wp\/v2\/media\/66903"}],"wp:attachment":[{"href":"https:\/\/ibecbarcelona.eu\/es\/wp-json\/wp\/v2\/media?parent=66898"}],"wp:term":[{"taxonomy":"category","embeddable":true,"href":"https:\/\/ibecbarcelona.eu\/es\/wp-json\/wp\/v2\/categories?post=66898"},{"taxonomy":"post_tag","embeddable":true,"href":"https:\/\/ibecbarcelona.eu\/es\/wp-json\/wp\/v2\/tags?post=66898"},{"taxonomy":"post_format","embeddable":true,"href":"https:\/\/ibecbarcelona.eu\/es\/wp-json\/wp\/v2\/post_formats?post=66898"}],"curies":[{"name":"wp","href":"https:\/\/api.w.org\/{rel}","templated":true}]}}