
{"id":67297,"date":"2019-07-17T13:28:03","date_gmt":"2019-07-17T11:28:03","guid":{"rendered":"http:\/\/ibecbarcelona.eu\/?p=67297"},"modified":"2019-07-19T13:43:46","modified_gmt":"2019-07-19T11:43:46","slug":"libec-i-el-tu-e-celebren-el-segon-simposi-fruit-de-lalianca-entre-els-dos-centres-de-recerca","status":"publish","type":"post","link":"https:\/\/ibecbarcelona.eu\/es\/libec-i-el-tu-e-celebren-el-segon-simposi-fruit-de-lalianca-entre-els-dos-centres-de-recerca\/","title":{"rendered":"El IBEC y el TU\/e celebran el segundo simposio fruto de la alianza entre los dos centros de investigaci\u00f3n"},"content":{"rendered":"<p>Durant el encuentro, investigadores del IBEC e ICMS presentaron sus avances. Por parte del IBEC, participaron varios investigadores principales, entre ellos, Silvia Muro, Pau Gorostiza, Samuel S\u00e1nchez, Javier Ram\u00f3n, Elena Mart\u00ednez, Pere Roca-Cusachs, Vito Conte, Xavier Trepat, N\u00faria Montserrat y Josep Samitier. En representaci\u00f3n del ICMS, su director general, Jan van Hest, y los investigadores Jaap den Toonder y Carlijn Bouten.<\/p>\n<p>Gracias las similitudes y aspectos complementarios del IBEC y del ICMS \u2013 su multidisciplinariedad, sus proyectos para conectar la investigaci\u00f3n con la industria y los hospitales y su apuesta por la excelencia en nanotecnolog\u00edas, desarrollo de materiales, dispositivos moleculares, sistemas supramoleculares y medicina regenerativa \u2013 son la base de una alianza institucional con vistas a compartir investigadores, recursos y conocimiento. Esta asociaci\u00f3n de centros forma parte del Plan Estrat\u00e9gico 2018-2020, que persigue posicionar al IBEC como a socio a nivel internacional.<\/p>\n<p>En el evento tambi\u00e9n participaron doctorandos de ambas instituciones en una sesi\u00f3n de presentaciones cortas y tambi\u00e9n se presentaron m\u00e1s de 30 p\u00f3sters.<\/p>\n","protected":false},"excerpt":{"rendered":"<h3><img decoding=\"async\" class=\"alignnone size-medium wp-image-67293 lazyload\" data-src=\"http:\/\/www.ibecbarcelona.eu\/wp-content\/uploads\/2019\/07\/icms-ibec-300x181.jpg\" alt=\"\" width=\"300\" height=\"181\" data-srcset=\"https:\/\/ibecbarcelona.eu\/wp-content\/uploads\/2019\/07\/icms-ibec-300x181.jpg 300w, https:\/\/ibecbarcelona.eu\/wp-content\/uploads\/2019\/07\/icms-ibec-768x463.jpg 768w, https:\/\/ibecbarcelona.eu\/wp-content\/uploads\/2019\/07\/icms-ibec-216x130.jpg 216w, https:\/\/ibecbarcelona.eu\/wp-content\/uploads\/2019\/07\/icms-ibec-150x90.jpg 150w, https:\/\/ibecbarcelona.eu\/wp-content\/uploads\/2019\/07\/icms-ibec.jpg 900w\" data-sizes=\"(max-width: 300px) 100vw, 300px\" src=\"data:image\/svg+xml;base64,PHN2ZyB3aWR0aD0iMSIgaGVpZ2h0PSIxIiB4bWxucz0iaHR0cDovL3d3dy53My5vcmcvMjAwMC9zdmciPjwvc3ZnPg==\" style=\"--smush-placeholder-width: 300px; --smush-placeholder-aspect-ratio: 300\/181;\" \/>Tres miembros del ICMS han asistido al segundo Simposio IBEC-ICMS, celebrado el pasado 16 de julio en el Parc Cient\u00edfic de Barcelona. El evento se ha dedicado a identificar las sinergias y el potencial de colaboraci\u00f3n entre los grupos del IBEC y los investigadores del Instituto de Sistemas Moleculares Complejos (ICMS), un centro de investigaci\u00f3n de la Eindhoven University of Technology (TU\/e).<\/h3>\n<\/p>\n<p>Josep Samitier, director del IBEC, y Jan van Hest director del ICMS se encargaron de inaugurar el simposio, dando la bienvenida a los m\u00e1s de 80 participantes de ambas instituciones. Dos investigadores principales del IBEC, Vito Conte y Lorenzo Albertazzi, ya tienen una segunda afiliaci\u00f3n en el ICMS.<\/p>\n","protected":false},"author":4,"featured_media":0,"comment_status":"closed","ping_status":"closed","sticky":false,"template":"","format":"standard","meta":{"footnotes":""},"categories":[94],"tags":[],"post_formats":[],"class_list":["post-67297","post","type-post","status-publish","format-standard","hentry","category-noticias-institucionales"],"yoast_head":"<!-- This site is optimized with the Yoast SEO plugin v27.5 - https:\/\/yoast.com\/product\/yoast-seo-wordpress\/ -->\n<title>El IBEC y el TU\/e celebran el segundo simposio fruto de la alianza entre los dos centros de investigaci\u00f3n - Institute for Bioengineering of Catalonia<\/title>\n<meta name=\"robots\" content=\"index, follow, max-snippet:-1, max-image-preview:large, max-video-preview:-1\" \/>\n<link rel=\"canonical\" href=\"https:\/\/ibecbarcelona.eu\/es\/libec-i-el-tu-e-celebren-el-segon-simposi-fruit-de-lalianca-entre-els-dos-centres-de-recerca\/\" \/>\n<meta property=\"og:locale\" content=\"es_ES\" \/>\n<meta property=\"og:type\" content=\"article\" \/>\n<meta property=\"og:title\" content=\"El IBEC y el TU\/e celebran el segundo simposio fruto de la alianza entre los dos centros de investigaci\u00f3n - Institute for Bioengineering of Catalonia\" \/>\n<meta property=\"og:description\" content=\"Tres miembros del ICMS han asistido al segundo Simposio IBEC-ICMS, celebrado el pasado 16 de julio en el Parc Cient\u00edfic de Barcelona. El evento se ha dedicado a identificar las sinergias y el potencial de colaboraci\u00f3n entre los grupos del IBEC y los investigadores del Instituto de Sistemas Moleculares Complejos (ICMS), un centro de investigaci\u00f3n de la Eindhoven University of Technology (TU\/e).  Josep Samitier, director del IBEC, y Jan van Hest director del ICMS se encargaron de inaugurar el simposio, dando la bienvenida a los m\u00e1s de 80 participantes de ambas instituciones. Dos investigadores principales del IBEC, Vito Conte y Lorenzo Albertazzi, ya tienen una segunda afiliaci\u00f3n en el ICMS.\" \/>\n<meta property=\"og:url\" content=\"https:\/\/ibecbarcelona.eu\/es\/libec-i-el-tu-e-celebren-el-segon-simposi-fruit-de-lalianca-entre-els-dos-centres-de-recerca\/\" \/>\n<meta property=\"og:site_name\" content=\"Institute for Bioengineering of Catalonia\" \/>\n<meta property=\"article:published_time\" content=\"2019-07-17T11:28:03+00:00\" \/>\n<meta property=\"article:modified_time\" content=\"2019-07-19T11:43:46+00:00\" \/>\n<meta name=\"author\" content=\"\u00c0ngels L\u00f3pez\" \/>\n<meta name=\"twitter:card\" content=\"summary_large_image\" \/>\n<meta name=\"twitter:label1\" content=\"Escrito por\" \/>\n\t<meta name=\"twitter:data1\" content=\"\u00c0ngels L\u00f3pez\" \/>\n\t<meta name=\"twitter:label2\" content=\"Tiempo de lectura\" \/>\n\t<meta name=\"twitter:data2\" content=\"1 minuto\" \/>\n<script type=\"application\/ld+json\" class=\"yoast-schema-graph\">{\"@context\":\"https:\\\/\\\/schema.org\",\"@graph\":[{\"@type\":\"Article\",\"@id\":\"https:\\\/\\\/ibecbarcelona.eu\\\/es\\\/libec-i-el-tu-e-celebren-el-segon-simposi-fruit-de-lalianca-entre-els-dos-centres-de-recerca\\\/#article\",\"isPartOf\":{\"@id\":\"https:\\\/\\\/ibecbarcelona.eu\\\/es\\\/libec-i-el-tu-e-celebren-el-segon-simposi-fruit-de-lalianca-entre-els-dos-centres-de-recerca\\\/\"},\"author\":{\"name\":\"\u00c0ngels L\u00f3pez\",\"@id\":\"https:\\\/\\\/ibecbarcelona.eu\\\/#\\\/schema\\\/person\\\/c212c6b589546130be67986b9290e2b8\"},\"headline\":\"El IBEC y el TU\\\/e celebran el segundo simposio fruto de la alianza entre los dos centros de investigaci\u00f3n\",\"datePublished\":\"2019-07-17T11:28:03+00:00\",\"dateModified\":\"2019-07-19T11:43:46+00:00\",\"mainEntityOfPage\":{\"@id\":\"https:\\\/\\\/ibecbarcelona.eu\\\/es\\\/libec-i-el-tu-e-celebren-el-segon-simposi-fruit-de-lalianca-entre-els-dos-centres-de-recerca\\\/\"},\"wordCount\":197,\"publisher\":{\"@id\":\"https:\\\/\\\/ibecbarcelona.eu\\\/#organization\"},\"articleSection\":[\"Noticias institucionales\"],\"inLanguage\":\"es\"},{\"@type\":\"WebPage\",\"@id\":\"https:\\\/\\\/ibecbarcelona.eu\\\/es\\\/libec-i-el-tu-e-celebren-el-segon-simposi-fruit-de-lalianca-entre-els-dos-centres-de-recerca\\\/\",\"url\":\"https:\\\/\\\/ibecbarcelona.eu\\\/es\\\/libec-i-el-tu-e-celebren-el-segon-simposi-fruit-de-lalianca-entre-els-dos-centres-de-recerca\\\/\",\"name\":\"El IBEC y el TU\\\/e celebran el segundo simposio fruto de la alianza entre los dos centros de investigaci\u00f3n - Institute for Bioengineering of Catalonia\",\"isPartOf\":{\"@id\":\"https:\\\/\\\/ibecbarcelona.eu\\\/#website\"},\"datePublished\":\"2019-07-17T11:28:03+00:00\",\"dateModified\":\"2019-07-19T11:43:46+00:00\",\"breadcrumb\":{\"@id\":\"https:\\\/\\\/ibecbarcelona.eu\\\/es\\\/libec-i-el-tu-e-celebren-el-segon-simposi-fruit-de-lalianca-entre-els-dos-centres-de-recerca\\\/#breadcrumb\"},\"inLanguage\":\"es\",\"potentialAction\":[{\"@type\":\"ReadAction\",\"target\":[\"https:\\\/\\\/ibecbarcelona.eu\\\/es\\\/libec-i-el-tu-e-celebren-el-segon-simposi-fruit-de-lalianca-entre-els-dos-centres-de-recerca\\\/\"]}]},{\"@type\":\"BreadcrumbList\",\"@id\":\"https:\\\/\\\/ibecbarcelona.eu\\\/es\\\/libec-i-el-tu-e-celebren-el-segon-simposi-fruit-de-lalianca-entre-els-dos-centres-de-recerca\\\/#breadcrumb\",\"itemListElement\":[{\"@type\":\"ListItem\",\"position\":1,\"name\":\"Home\",\"item\":\"https:\\\/\\\/ibecbarcelona.eu\\\/es\\\/\"},{\"@type\":\"ListItem\",\"position\":2,\"name\":\"El IBEC y el TU\\\/e celebran el segundo simposio fruto de la alianza entre los dos centros de investigaci\u00f3n\"}]},{\"@type\":\"WebSite\",\"@id\":\"https:\\\/\\\/ibecbarcelona.eu\\\/#website\",\"url\":\"https:\\\/\\\/ibecbarcelona.eu\\\/\",\"name\":\"Institute for Bioengineering of Catalonia\",\"description\":\"Bioengineering solutions for health\",\"publisher\":{\"@id\":\"https:\\\/\\\/ibecbarcelona.eu\\\/#organization\"},\"potentialAction\":[{\"@type\":\"SearchAction\",\"target\":{\"@type\":\"EntryPoint\",\"urlTemplate\":\"https:\\\/\\\/ibecbarcelona.eu\\\/?s={search_term_string}\"},\"query-input\":{\"@type\":\"PropertyValueSpecification\",\"valueRequired\":true,\"valueName\":\"search_term_string\"}}],\"inLanguage\":\"es\"},{\"@type\":\"Organization\",\"@id\":\"https:\\\/\\\/ibecbarcelona.eu\\\/#organization\",\"name\":\"Institute for Bioengineering of Catalonia\",\"url\":\"https:\\\/\\\/ibecbarcelona.eu\\\/\",\"logo\":{\"@type\":\"ImageObject\",\"inLanguage\":\"es\",\"@id\":\"https:\\\/\\\/ibecbarcelona.eu\\\/#\\\/schema\\\/logo\\\/image\\\/\",\"url\":\"https:\\\/\\\/ibecbarcelona.eu\\\/wp-content\\\/uploads\\\/2026\\\/01\\\/cropped-IBEC_20ANYS_GRIS.png\",\"contentUrl\":\"https:\\\/\\\/ibecbarcelona.eu\\\/wp-content\\\/uploads\\\/2026\\\/01\\\/cropped-IBEC_20ANYS_GRIS.png\",\"width\":696,\"height\":257,\"caption\":\"Institute for Bioengineering of Catalonia\"},\"image\":{\"@id\":\"https:\\\/\\\/ibecbarcelona.eu\\\/#\\\/schema\\\/logo\\\/image\\\/\"}},{\"@type\":\"Person\",\"@id\":\"https:\\\/\\\/ibecbarcelona.eu\\\/#\\\/schema\\\/person\\\/c212c6b589546130be67986b9290e2b8\",\"name\":\"\u00c0ngels L\u00f3pez\",\"image\":{\"@type\":\"ImageObject\",\"inLanguage\":\"es\",\"@id\":\"https:\\\/\\\/secure.gravatar.com\\\/avatar\\\/09ad6ba116bea0b15c5511860f83b302579fd7404c1180e9dae55c3f11d988c6?s=96&d=mm&r=g\",\"url\":\"https:\\\/\\\/secure.gravatar.com\\\/avatar\\\/09ad6ba116bea0b15c5511860f83b302579fd7404c1180e9dae55c3f11d988c6?s=96&d=mm&r=g\",\"contentUrl\":\"https:\\\/\\\/secure.gravatar.com\\\/avatar\\\/09ad6ba116bea0b15c5511860f83b302579fd7404c1180e9dae55c3f11d988c6?s=96&d=mm&r=g\",\"caption\":\"\u00c0ngels L\u00f3pez\"},\"url\":\"https:\\\/\\\/ibecbarcelona.eu\\\/es\\\/author\\\/alopez\\\/\"}]}<\/script>\n<!-- \/ Yoast SEO plugin. -->","yoast_head_json":{"title":"El IBEC y el TU\/e celebran el segundo simposio fruto de la alianza entre los dos centros de investigaci\u00f3n - Institute for Bioengineering of Catalonia","robots":{"index":"index","follow":"follow","max-snippet":"max-snippet:-1","max-image-preview":"max-image-preview:large","max-video-preview":"max-video-preview:-1"},"canonical":"https:\/\/ibecbarcelona.eu\/es\/libec-i-el-tu-e-celebren-el-segon-simposi-fruit-de-lalianca-entre-els-dos-centres-de-recerca\/","og_locale":"es_ES","og_type":"article","og_title":"El IBEC y el TU\/e celebran el segundo simposio fruto de la alianza entre los dos centros de investigaci\u00f3n - Institute for Bioengineering of Catalonia","og_description":"Tres miembros del ICMS han asistido al segundo Simposio IBEC-ICMS, celebrado el pasado 16 de julio en el Parc Cient\u00edfic de Barcelona. El evento se ha dedicado a identificar las sinergias y el potencial de colaboraci\u00f3n entre los grupos del IBEC y los investigadores del Instituto de Sistemas Moleculares Complejos (ICMS), un centro de investigaci\u00f3n de la Eindhoven University of Technology (TU\/e).  Josep Samitier, director del IBEC, y Jan van Hest director del ICMS se encargaron de inaugurar el simposio, dando la bienvenida a los m\u00e1s de 80 participantes de ambas instituciones. Dos investigadores principales del IBEC, Vito Conte y Lorenzo Albertazzi, ya tienen una segunda afiliaci\u00f3n en el ICMS.","og_url":"https:\/\/ibecbarcelona.eu\/es\/libec-i-el-tu-e-celebren-el-segon-simposi-fruit-de-lalianca-entre-els-dos-centres-de-recerca\/","og_site_name":"Institute for Bioengineering of Catalonia","article_published_time":"2019-07-17T11:28:03+00:00","article_modified_time":"2019-07-19T11:43:46+00:00","author":"\u00c0ngels L\u00f3pez","twitter_card":"summary_large_image","twitter_misc":{"Escrito por":"\u00c0ngels L\u00f3pez","Tiempo de lectura":"1 minuto"},"schema":{"@context":"https:\/\/schema.org","@graph":[{"@type":"Article","@id":"https:\/\/ibecbarcelona.eu\/es\/libec-i-el-tu-e-celebren-el-segon-simposi-fruit-de-lalianca-entre-els-dos-centres-de-recerca\/#article","isPartOf":{"@id":"https:\/\/ibecbarcelona.eu\/es\/libec-i-el-tu-e-celebren-el-segon-simposi-fruit-de-lalianca-entre-els-dos-centres-de-recerca\/"},"author":{"name":"\u00c0ngels L\u00f3pez","@id":"https:\/\/ibecbarcelona.eu\/#\/schema\/person\/c212c6b589546130be67986b9290e2b8"},"headline":"El IBEC y el TU\/e celebran el segundo simposio fruto de la alianza entre los dos centros de investigaci\u00f3n","datePublished":"2019-07-17T11:28:03+00:00","dateModified":"2019-07-19T11:43:46+00:00","mainEntityOfPage":{"@id":"https:\/\/ibecbarcelona.eu\/es\/libec-i-el-tu-e-celebren-el-segon-simposi-fruit-de-lalianca-entre-els-dos-centres-de-recerca\/"},"wordCount":197,"publisher":{"@id":"https:\/\/ibecbarcelona.eu\/#organization"},"articleSection":["Noticias institucionales"],"inLanguage":"es"},{"@type":"WebPage","@id":"https:\/\/ibecbarcelona.eu\/es\/libec-i-el-tu-e-celebren-el-segon-simposi-fruit-de-lalianca-entre-els-dos-centres-de-recerca\/","url":"https:\/\/ibecbarcelona.eu\/es\/libec-i-el-tu-e-celebren-el-segon-simposi-fruit-de-lalianca-entre-els-dos-centres-de-recerca\/","name":"El IBEC y el TU\/e celebran el segundo simposio fruto de la alianza entre los dos centros de investigaci\u00f3n - Institute for Bioengineering of Catalonia","isPartOf":{"@id":"https:\/\/ibecbarcelona.eu\/#website"},"datePublished":"2019-07-17T11:28:03+00:00","dateModified":"2019-07-19T11:43:46+00:00","breadcrumb":{"@id":"https:\/\/ibecbarcelona.eu\/es\/libec-i-el-tu-e-celebren-el-segon-simposi-fruit-de-lalianca-entre-els-dos-centres-de-recerca\/#breadcrumb"},"inLanguage":"es","potentialAction":[{"@type":"ReadAction","target":["https:\/\/ibecbarcelona.eu\/es\/libec-i-el-tu-e-celebren-el-segon-simposi-fruit-de-lalianca-entre-els-dos-centres-de-recerca\/"]}]},{"@type":"BreadcrumbList","@id":"https:\/\/ibecbarcelona.eu\/es\/libec-i-el-tu-e-celebren-el-segon-simposi-fruit-de-lalianca-entre-els-dos-centres-de-recerca\/#breadcrumb","itemListElement":[{"@type":"ListItem","position":1,"name":"Home","item":"https:\/\/ibecbarcelona.eu\/es\/"},{"@type":"ListItem","position":2,"name":"El IBEC y el TU\/e celebran el segundo simposio fruto de la alianza entre los dos centros de investigaci\u00f3n"}]},{"@type":"WebSite","@id":"https:\/\/ibecbarcelona.eu\/#website","url":"https:\/\/ibecbarcelona.eu\/","name":"Institute for Bioengineering of Catalonia","description":"Bioengineering solutions for health","publisher":{"@id":"https:\/\/ibecbarcelona.eu\/#organization"},"potentialAction":[{"@type":"SearchAction","target":{"@type":"EntryPoint","urlTemplate":"https:\/\/ibecbarcelona.eu\/?s={search_term_string}"},"query-input":{"@type":"PropertyValueSpecification","valueRequired":true,"valueName":"search_term_string"}}],"inLanguage":"es"},{"@type":"Organization","@id":"https:\/\/ibecbarcelona.eu\/#organization","name":"Institute for Bioengineering of Catalonia","url":"https:\/\/ibecbarcelona.eu\/","logo":{"@type":"ImageObject","inLanguage":"es","@id":"https:\/\/ibecbarcelona.eu\/#\/schema\/logo\/image\/","url":"https:\/\/ibecbarcelona.eu\/wp-content\/uploads\/2026\/01\/cropped-IBEC_20ANYS_GRIS.png","contentUrl":"https:\/\/ibecbarcelona.eu\/wp-content\/uploads\/2026\/01\/cropped-IBEC_20ANYS_GRIS.png","width":696,"height":257,"caption":"Institute for Bioengineering of Catalonia"},"image":{"@id":"https:\/\/ibecbarcelona.eu\/#\/schema\/logo\/image\/"}},{"@type":"Person","@id":"https:\/\/ibecbarcelona.eu\/#\/schema\/person\/c212c6b589546130be67986b9290e2b8","name":"\u00c0ngels L\u00f3pez","image":{"@type":"ImageObject","inLanguage":"es","@id":"https:\/\/secure.gravatar.com\/avatar\/09ad6ba116bea0b15c5511860f83b302579fd7404c1180e9dae55c3f11d988c6?s=96&d=mm&r=g","url":"https:\/\/secure.gravatar.com\/avatar\/09ad6ba116bea0b15c5511860f83b302579fd7404c1180e9dae55c3f11d988c6?s=96&d=mm&r=g","contentUrl":"https:\/\/secure.gravatar.com\/avatar\/09ad6ba116bea0b15c5511860f83b302579fd7404c1180e9dae55c3f11d988c6?s=96&d=mm&r=g","caption":"\u00c0ngels L\u00f3pez"},"url":"https:\/\/ibecbarcelona.eu\/es\/author\/alopez\/"}]}},"AFP_featured_media_urls":{"full":false,"thumbnail":false,"medium":false,"medium_large":false,"large":false},"AFP_attachments":{"full":["https:\/\/ibecbarcelona.eu\/wp-content\/uploads\/2019\/07\/icms-ibec.jpg",900,542,false],"thumbnail":["https:\/\/ibecbarcelona.eu\/wp-content\/uploads\/2019\/07\/icms-ibec-150x150.jpg",150,150,true],"medium":["https:\/\/ibecbarcelona.eu\/wp-content\/uploads\/2019\/07\/icms-ibec-300x181.jpg",300,181,true],"medium_large":["https:\/\/ibecbarcelona.eu\/wp-content\/uploads\/2019\/07\/icms-ibec-768x463.jpg",768,463,true],"large":["https:\/\/ibecbarcelona.eu\/wp-content\/uploads\/2019\/07\/icms-ibec.jpg",900,542,false]},"AFP_videos":[],"AFP_video_blocks":"","AFP_category_names":["Noticias institucionales"],"_links":{"self":[{"href":"https:\/\/ibecbarcelona.eu\/es\/wp-json\/wp\/v2\/posts\/67297","targetHints":{"allow":["GET"]}}],"collection":[{"href":"https:\/\/ibecbarcelona.eu\/es\/wp-json\/wp\/v2\/posts"}],"about":[{"href":"https:\/\/ibecbarcelona.eu\/es\/wp-json\/wp\/v2\/types\/post"}],"author":[{"embeddable":true,"href":"https:\/\/ibecbarcelona.eu\/es\/wp-json\/wp\/v2\/users\/4"}],"replies":[{"embeddable":true,"href":"https:\/\/ibecbarcelona.eu\/es\/wp-json\/wp\/v2\/comments?post=67297"}],"version-history":[{"count":5,"href":"https:\/\/ibecbarcelona.eu\/es\/wp-json\/wp\/v2\/posts\/67297\/revisions"}],"predecessor-version":[{"id":67308,"href":"https:\/\/ibecbarcelona.eu\/es\/wp-json\/wp\/v2\/posts\/67297\/revisions\/67308"}],"wp:attachment":[{"href":"https:\/\/ibecbarcelona.eu\/es\/wp-json\/wp\/v2\/media?parent=67297"}],"wp:term":[{"taxonomy":"category","embeddable":true,"href":"https:\/\/ibecbarcelona.eu\/es\/wp-json\/wp\/v2\/categories?post=67297"},{"taxonomy":"post_tag","embeddable":true,"href":"https:\/\/ibecbarcelona.eu\/es\/wp-json\/wp\/v2\/tags?post=67297"},{"taxonomy":"post_format","embeddable":true,"href":"https:\/\/ibecbarcelona.eu\/es\/wp-json\/wp\/v2\/post_formats?post=67297"}],"curies":[{"name":"wp","href":"https:\/\/api.w.org\/{rel}","templated":true}]}}