
{"id":6835,"date":"2013-02-06T08:22:47","date_gmt":"2013-02-06T07:22:47","guid":{"rendered":"http:\/\/ibecbarcelona.eu\/new\/un-investigador-del-ibec-recibe-una-prestigiosa-beca-complementaria-del-erc\/"},"modified":"2015-01-07T13:21:20","modified_gmt":"2015-01-07T13:21:20","slug":"un-investigador-del-ibec-recibe-una-prestigiosa-beca-complementaria-del-erc","status":"publish","type":"post","link":"https:\/\/ibecbarcelona.eu\/es\/un-investigador-del-ibec-recibe-una-prestigiosa-beca-complementaria-del-erc\/","title":{"rendered":"Un investigador del IBEC recibe una prestigiosa beca complementaria del ERC"},"content":{"rendered":"<p>Con un valor de 150.000 \u20ac cada una, estas becas ofrecen financiaci\u00f3n a los investigadores que ya cuentan con una beca ERC para salvar la distancia entre su investigaci\u00f3n y la innovaci\u00f3n comercializable.<\/p>\n<p>Pau es uno de los cuatro investigadores de instituciones espa\u00f1olas (3 de ellas catalanas) que han recibido esta beca, del total de 60 adjudicatarios provenientes de todos los estados miembros de la Uni\u00f3n Europea. Con su ERC Starting grant 2007, Pau desarroll\u00f3 una aproximaci\u00f3n innovadora para controlar por medio de la luz la actividad de los f\u00e1rmacos en sistemas de cultivos celulares. La beca PoC le permitir\u00e1 ir un paso m\u00e1s all\u00e1 y probar sus nuevos m\u00e9todos en receptores diana farmacol\u00f3gicos y probarlos <em>in vivo<\/em>.<\/p>\n<p>&#8212;<\/p>\n<p>Clicad <a href=\"http:\/\/t.ymlp338.net\/jwuaxawbywapaejqavajeqs\/click.php\" target=\"_blank\">aqu\u00ed<\/a> para ver una lista de los Investigadores Principales seleccionados (segunda fecha l\u00edmite, convocatoria 2012).<\/p>\n<p>Clicad <a href=\"http:\/\/t.ymlp338.net\/jweagawbywagaejqaxajeqs\/click.php\" target=\"_blank\">aqu\u00ed<\/a> per veure para ver la lista completa de los Investigadores Principales seleccionados (convocatoria completa, 2012).<\/p>\n<p>&#8212;<\/p>\n<p>&gt;&gt;<strong>IBEC in the Media:<\/strong><\/p>\n<p><a href=\"https:\/\/ibecbarcelona.eu\/wp-content\/uploads\/2013\/02\/pauerc_ara_10feb2013.pdf\" target=\"_blank\">https:\/\/ibecbarcelona.eu\/images\/stories\/press_cuttings\/pauerc_ara_10feb2013.pdf<\/p>\n<p>https:\/\/ibecbarcelona.eu\/images\/stories\/press_cuttings\/pauerc_lavanguardia_6feb2013.pdf<\/a><\/p>\n<p><a href=\"http:\/\/www.que.es\/ultimas-noticias\/sociedad\/201302051422-investigadores-espanoles-recibiran-ayudas-150000-efe.html\" target=\"_blank\">http:\/\/www.que.es\/ultimas-noticias\/sociedad\/201302051422-investigadores-espanoles-recibiran-ayudas-150000-efe.html<\/a><\/p>\n<p><a href=\"http:\/\/www.salamanca24horas.com\/local\/81658-una-cientifica-logra-una-ayuda-europea-para-acercar-al-mercado-su-investigacion-contra-el-cancer\" target=\"_blank\">http:\/\/www.salamanca24horas.com\/local\/81658-una-cientifica-logra-una-ayuda-europea-para-acercar-al-mercado-su-investigacion-contra-el-cancer<\/a><\/p>\n<p><a href=\"http:\/\/www.elcorreo.com\/innova\/investigacion\/20130205\/laboratorio-mercado-201302051852-rc.html\" target=\"_blank\">http:\/\/www.elcorreo.com\/innova\/investigacion\/20130205\/laboratorio-mercado-201302051852-rc.html<\/a><\/p>\n<p><a href=\"http:\/\/www.teinteresa.es\/espana\/investigadores-espanoles-recibiran-ayudas-UE_0_860315435.html\" target=\"_blank\">http:\/\/www.teinteresa.es\/espana\/investigadores-espanoles-recibiran-ayudas-UE_0_860315435.html<\/a><\/p>\n<p><a href=\"http:\/\/ecodiario.eleconomista.es\/interstitial\/volver\/acierto\/salud\/noticias\/4578749\/02\/13\/Dos-investigadores-espanoles-recibiran-ayudas-de-la-UE-de-150000-euros.html\" target=\"_blank\">http:\/\/ecodiario.eleconomista.es\/interstitial\/volver\/acierto\/salud\/noticias\/4578749\/02\/13\/Dos-investigadores-espanoles-recibiran-ayudas-de-la-UE-de-150000-euros.html<\/a><\/p>\n","protected":false},"excerpt":{"rendered":"<p><img decoding=\"async\" class=\"left size-full wp-image-6824 lazyload\" data-src=\"https:\/\/ibecbarcelona.eu\/wp-content\/uploads\/2013\/02\/ercpau.jpg\" border=\"0\" width=\"292\" height=\"221\" data-srcset=\"https:\/\/ibecbarcelona.eu\/wp-content\/uploads\/2013\/02\/ercpau.jpg 406w, https:\/\/ibecbarcelona.eu\/wp-content\/uploads\/2013\/02\/ercpau-300x228.jpg 300w, https:\/\/ibecbarcelona.eu\/wp-content\/uploads\/2013\/02\/ercpau-197x150.jpg 197w, https:\/\/ibecbarcelona.eu\/wp-content\/uploads\/2013\/02\/ercpau-150x114.jpg 150w\" data-sizes=\"(max-width: 292px) 100vw, 292px\" src=\"data:image\/svg+xml;base64,PHN2ZyB3aWR0aD0iMSIgaGVpZ2h0PSIxIiB4bWxucz0iaHR0cDovL3d3dy53My5vcmcvMjAwMC9zdmciPjwvc3ZnPg==\" style=\"--smush-placeholder-width: 292px; --smush-placeholder-aspect-ratio: 292\/221;\" \/>Ayer se anunci\u00f3 que el investigador del IBEC Pau Gorostiza (a la izquierda, con el grupo de Nanosondas y Nanoconmutadores) es uno de los investigadores seleccionados para recibir fondos del plan de financiaci\u00f3n suplementario &#8216;Proof of Concept&#8217; del European Research Council (ERC).<\/p>\n","protected":false},"author":4,"featured_media":6824,"comment_status":"closed","ping_status":"closed","sticky":false,"template":"","format":"standard","meta":{"footnotes":""},"categories":[94],"tags":[1411],"post_formats":[],"class_list":["post-6835","post","type-post","status-publish","format-standard","has-post-thumbnail","hentry","category-noticias-institucionales","tag-erc-grant"],"yoast_head":"<!-- This site is optimized with the Yoast SEO plugin v27.5 - https:\/\/yoast.com\/product\/yoast-seo-wordpress\/ -->\n<title>Un investigador del IBEC recibe una prestigiosa beca complementaria del ERC - Institute for Bioengineering of Catalonia<\/title>\n<meta name=\"robots\" content=\"index, follow, max-snippet:-1, max-image-preview:large, max-video-preview:-1\" \/>\n<link rel=\"canonical\" href=\"https:\/\/ibecbarcelona.eu\/es\/un-investigador-del-ibec-recibe-una-prestigiosa-beca-complementaria-del-erc\/\" \/>\n<meta property=\"og:locale\" content=\"es_ES\" \/>\n<meta property=\"og:type\" content=\"article\" \/>\n<meta property=\"og:title\" content=\"Un investigador del IBEC recibe una prestigiosa beca complementaria del ERC - Institute for Bioengineering of Catalonia\" \/>\n<meta property=\"og:description\" content=\"Ayer se anunci\u00f3 que el investigador del IBEC Pau Gorostiza (a la izquierda, con el grupo de Nanosondas y Nanoconmutadores) es uno de los investigadores seleccionados para recibir fondos del plan de financiaci\u00f3n suplementario &#039;Proof of Concept&#039; del European Research Council (ERC).\" \/>\n<meta property=\"og:url\" content=\"https:\/\/ibecbarcelona.eu\/es\/un-investigador-del-ibec-recibe-una-prestigiosa-beca-complementaria-del-erc\/\" \/>\n<meta property=\"og:site_name\" content=\"Institute for Bioengineering of Catalonia\" \/>\n<meta property=\"article:published_time\" content=\"2013-02-06T07:22:47+00:00\" \/>\n<meta property=\"article:modified_time\" content=\"2015-01-07T13:21:20+00:00\" \/>\n<meta property=\"og:image\" content=\"https:\/\/ibecbarcelona.eu\/wp-content\/uploads\/2013\/02\/ercpau.jpg\" \/>\n\t<meta property=\"og:image:width\" content=\"406\" \/>\n\t<meta property=\"og:image:height\" content=\"309\" \/>\n\t<meta property=\"og:image:type\" content=\"image\/jpeg\" \/>\n<meta name=\"author\" content=\"\u00c0ngels L\u00f3pez\" \/>\n<meta name=\"twitter:card\" content=\"summary_large_image\" \/>\n<meta name=\"twitter:label1\" content=\"Escrito por\" \/>\n\t<meta name=\"twitter:data1\" content=\"\u00c0ngels L\u00f3pez\" \/>\n\t<meta name=\"twitter:label2\" content=\"Tiempo de lectura\" \/>\n\t<meta name=\"twitter:data2\" content=\"1 minuto\" \/>\n<script type=\"application\/ld+json\" class=\"yoast-schema-graph\">{\"@context\":\"https:\\\/\\\/schema.org\",\"@graph\":[{\"@type\":\"Article\",\"@id\":\"https:\\\/\\\/ibecbarcelona.eu\\\/es\\\/un-investigador-del-ibec-recibe-una-prestigiosa-beca-complementaria-del-erc\\\/#article\",\"isPartOf\":{\"@id\":\"https:\\\/\\\/ibecbarcelona.eu\\\/es\\\/un-investigador-del-ibec-recibe-una-prestigiosa-beca-complementaria-del-erc\\\/\"},\"author\":{\"name\":\"\u00c0ngels L\u00f3pez\",\"@id\":\"https:\\\/\\\/ibecbarcelona.eu\\\/#\\\/schema\\\/person\\\/c212c6b589546130be67986b9290e2b8\"},\"headline\":\"Un investigador del IBEC recibe una prestigiosa beca complementaria del ERC\",\"datePublished\":\"2013-02-06T07:22:47+00:00\",\"dateModified\":\"2015-01-07T13:21:20+00:00\",\"mainEntityOfPage\":{\"@id\":\"https:\\\/\\\/ibecbarcelona.eu\\\/es\\\/un-investigador-del-ibec-recibe-una-prestigiosa-beca-complementaria-del-erc\\\/\"},\"wordCount\":240,\"publisher\":{\"@id\":\"https:\\\/\\\/ibecbarcelona.eu\\\/#organization\"},\"image\":{\"@id\":\"https:\\\/\\\/ibecbarcelona.eu\\\/es\\\/un-investigador-del-ibec-recibe-una-prestigiosa-beca-complementaria-del-erc\\\/#primaryimage\"},\"thumbnailUrl\":\"https:\\\/\\\/ibecbarcelona.eu\\\/wp-content\\\/uploads\\\/2013\\\/02\\\/ercpau.jpg\",\"keywords\":[\"ERC Grant\"],\"articleSection\":[\"Noticias institucionales\"],\"inLanguage\":\"es\"},{\"@type\":\"WebPage\",\"@id\":\"https:\\\/\\\/ibecbarcelona.eu\\\/es\\\/un-investigador-del-ibec-recibe-una-prestigiosa-beca-complementaria-del-erc\\\/\",\"url\":\"https:\\\/\\\/ibecbarcelona.eu\\\/es\\\/un-investigador-del-ibec-recibe-una-prestigiosa-beca-complementaria-del-erc\\\/\",\"name\":\"Un investigador del IBEC recibe una prestigiosa beca complementaria del ERC - Institute for Bioengineering of Catalonia\",\"isPartOf\":{\"@id\":\"https:\\\/\\\/ibecbarcelona.eu\\\/#website\"},\"primaryImageOfPage\":{\"@id\":\"https:\\\/\\\/ibecbarcelona.eu\\\/es\\\/un-investigador-del-ibec-recibe-una-prestigiosa-beca-complementaria-del-erc\\\/#primaryimage\"},\"image\":{\"@id\":\"https:\\\/\\\/ibecbarcelona.eu\\\/es\\\/un-investigador-del-ibec-recibe-una-prestigiosa-beca-complementaria-del-erc\\\/#primaryimage\"},\"thumbnailUrl\":\"https:\\\/\\\/ibecbarcelona.eu\\\/wp-content\\\/uploads\\\/2013\\\/02\\\/ercpau.jpg\",\"datePublished\":\"2013-02-06T07:22:47+00:00\",\"dateModified\":\"2015-01-07T13:21:20+00:00\",\"breadcrumb\":{\"@id\":\"https:\\\/\\\/ibecbarcelona.eu\\\/es\\\/un-investigador-del-ibec-recibe-una-prestigiosa-beca-complementaria-del-erc\\\/#breadcrumb\"},\"inLanguage\":\"es\",\"potentialAction\":[{\"@type\":\"ReadAction\",\"target\":[\"https:\\\/\\\/ibecbarcelona.eu\\\/es\\\/un-investigador-del-ibec-recibe-una-prestigiosa-beca-complementaria-del-erc\\\/\"]}]},{\"@type\":\"ImageObject\",\"inLanguage\":\"es\",\"@id\":\"https:\\\/\\\/ibecbarcelona.eu\\\/es\\\/un-investigador-del-ibec-recibe-una-prestigiosa-beca-complementaria-del-erc\\\/#primaryimage\",\"url\":\"https:\\\/\\\/ibecbarcelona.eu\\\/wp-content\\\/uploads\\\/2013\\\/02\\\/ercpau.jpg\",\"contentUrl\":\"https:\\\/\\\/ibecbarcelona.eu\\\/wp-content\\\/uploads\\\/2013\\\/02\\\/ercpau.jpg\",\"width\":406,\"height\":309},{\"@type\":\"BreadcrumbList\",\"@id\":\"https:\\\/\\\/ibecbarcelona.eu\\\/es\\\/un-investigador-del-ibec-recibe-una-prestigiosa-beca-complementaria-del-erc\\\/#breadcrumb\",\"itemListElement\":[{\"@type\":\"ListItem\",\"position\":1,\"name\":\"Home\",\"item\":\"https:\\\/\\\/ibecbarcelona.eu\\\/es\\\/\"},{\"@type\":\"ListItem\",\"position\":2,\"name\":\"Un investigador del IBEC recibe una prestigiosa beca complementaria del ERC\"}]},{\"@type\":\"WebSite\",\"@id\":\"https:\\\/\\\/ibecbarcelona.eu\\\/#website\",\"url\":\"https:\\\/\\\/ibecbarcelona.eu\\\/\",\"name\":\"Institute for Bioengineering of Catalonia\",\"description\":\"Bioengineering solutions for health\",\"publisher\":{\"@id\":\"https:\\\/\\\/ibecbarcelona.eu\\\/#organization\"},\"potentialAction\":[{\"@type\":\"SearchAction\",\"target\":{\"@type\":\"EntryPoint\",\"urlTemplate\":\"https:\\\/\\\/ibecbarcelona.eu\\\/?s={search_term_string}\"},\"query-input\":{\"@type\":\"PropertyValueSpecification\",\"valueRequired\":true,\"valueName\":\"search_term_string\"}}],\"inLanguage\":\"es\"},{\"@type\":\"Organization\",\"@id\":\"https:\\\/\\\/ibecbarcelona.eu\\\/#organization\",\"name\":\"Institute for Bioengineering of Catalonia\",\"url\":\"https:\\\/\\\/ibecbarcelona.eu\\\/\",\"logo\":{\"@type\":\"ImageObject\",\"inLanguage\":\"es\",\"@id\":\"https:\\\/\\\/ibecbarcelona.eu\\\/#\\\/schema\\\/logo\\\/image\\\/\",\"url\":\"https:\\\/\\\/ibecbarcelona.eu\\\/wp-content\\\/uploads\\\/2026\\\/01\\\/cropped-IBEC_20ANYS_GRIS.png\",\"contentUrl\":\"https:\\\/\\\/ibecbarcelona.eu\\\/wp-content\\\/uploads\\\/2026\\\/01\\\/cropped-IBEC_20ANYS_GRIS.png\",\"width\":696,\"height\":257,\"caption\":\"Institute for Bioengineering of Catalonia\"},\"image\":{\"@id\":\"https:\\\/\\\/ibecbarcelona.eu\\\/#\\\/schema\\\/logo\\\/image\\\/\"}},{\"@type\":\"Person\",\"@id\":\"https:\\\/\\\/ibecbarcelona.eu\\\/#\\\/schema\\\/person\\\/c212c6b589546130be67986b9290e2b8\",\"name\":\"\u00c0ngels L\u00f3pez\",\"image\":{\"@type\":\"ImageObject\",\"inLanguage\":\"es\",\"@id\":\"https:\\\/\\\/secure.gravatar.com\\\/avatar\\\/09ad6ba116bea0b15c5511860f83b302579fd7404c1180e9dae55c3f11d988c6?s=96&d=mm&r=g\",\"url\":\"https:\\\/\\\/secure.gravatar.com\\\/avatar\\\/09ad6ba116bea0b15c5511860f83b302579fd7404c1180e9dae55c3f11d988c6?s=96&d=mm&r=g\",\"contentUrl\":\"https:\\\/\\\/secure.gravatar.com\\\/avatar\\\/09ad6ba116bea0b15c5511860f83b302579fd7404c1180e9dae55c3f11d988c6?s=96&d=mm&r=g\",\"caption\":\"\u00c0ngels L\u00f3pez\"},\"url\":\"https:\\\/\\\/ibecbarcelona.eu\\\/es\\\/author\\\/alopez\\\/\"}]}<\/script>\n<!-- \/ Yoast SEO plugin. -->","yoast_head_json":{"title":"Un investigador del IBEC recibe una prestigiosa beca complementaria del ERC - Institute for Bioengineering of Catalonia","robots":{"index":"index","follow":"follow","max-snippet":"max-snippet:-1","max-image-preview":"max-image-preview:large","max-video-preview":"max-video-preview:-1"},"canonical":"https:\/\/ibecbarcelona.eu\/es\/un-investigador-del-ibec-recibe-una-prestigiosa-beca-complementaria-del-erc\/","og_locale":"es_ES","og_type":"article","og_title":"Un investigador del IBEC recibe una prestigiosa beca complementaria del ERC - Institute for Bioengineering of Catalonia","og_description":"Ayer se anunci\u00f3 que el investigador del IBEC Pau Gorostiza (a la izquierda, con el grupo de Nanosondas y Nanoconmutadores) es uno de los investigadores seleccionados para recibir fondos del plan de financiaci\u00f3n suplementario 'Proof of Concept' del European Research Council (ERC).","og_url":"https:\/\/ibecbarcelona.eu\/es\/un-investigador-del-ibec-recibe-una-prestigiosa-beca-complementaria-del-erc\/","og_site_name":"Institute for Bioengineering of Catalonia","article_published_time":"2013-02-06T07:22:47+00:00","article_modified_time":"2015-01-07T13:21:20+00:00","og_image":[{"width":406,"height":309,"url":"https:\/\/ibecbarcelona.eu\/wp-content\/uploads\/2013\/02\/ercpau.jpg","type":"image\/jpeg"}],"author":"\u00c0ngels L\u00f3pez","twitter_card":"summary_large_image","twitter_misc":{"Escrito por":"\u00c0ngels L\u00f3pez","Tiempo de lectura":"1 minuto"},"schema":{"@context":"https:\/\/schema.org","@graph":[{"@type":"Article","@id":"https:\/\/ibecbarcelona.eu\/es\/un-investigador-del-ibec-recibe-una-prestigiosa-beca-complementaria-del-erc\/#article","isPartOf":{"@id":"https:\/\/ibecbarcelona.eu\/es\/un-investigador-del-ibec-recibe-una-prestigiosa-beca-complementaria-del-erc\/"},"author":{"name":"\u00c0ngels L\u00f3pez","@id":"https:\/\/ibecbarcelona.eu\/#\/schema\/person\/c212c6b589546130be67986b9290e2b8"},"headline":"Un investigador del IBEC recibe una prestigiosa beca complementaria del ERC","datePublished":"2013-02-06T07:22:47+00:00","dateModified":"2015-01-07T13:21:20+00:00","mainEntityOfPage":{"@id":"https:\/\/ibecbarcelona.eu\/es\/un-investigador-del-ibec-recibe-una-prestigiosa-beca-complementaria-del-erc\/"},"wordCount":240,"publisher":{"@id":"https:\/\/ibecbarcelona.eu\/#organization"},"image":{"@id":"https:\/\/ibecbarcelona.eu\/es\/un-investigador-del-ibec-recibe-una-prestigiosa-beca-complementaria-del-erc\/#primaryimage"},"thumbnailUrl":"https:\/\/ibecbarcelona.eu\/wp-content\/uploads\/2013\/02\/ercpau.jpg","keywords":["ERC Grant"],"articleSection":["Noticias institucionales"],"inLanguage":"es"},{"@type":"WebPage","@id":"https:\/\/ibecbarcelona.eu\/es\/un-investigador-del-ibec-recibe-una-prestigiosa-beca-complementaria-del-erc\/","url":"https:\/\/ibecbarcelona.eu\/es\/un-investigador-del-ibec-recibe-una-prestigiosa-beca-complementaria-del-erc\/","name":"Un investigador del IBEC recibe una prestigiosa beca complementaria del ERC - Institute for Bioengineering of Catalonia","isPartOf":{"@id":"https:\/\/ibecbarcelona.eu\/#website"},"primaryImageOfPage":{"@id":"https:\/\/ibecbarcelona.eu\/es\/un-investigador-del-ibec-recibe-una-prestigiosa-beca-complementaria-del-erc\/#primaryimage"},"image":{"@id":"https:\/\/ibecbarcelona.eu\/es\/un-investigador-del-ibec-recibe-una-prestigiosa-beca-complementaria-del-erc\/#primaryimage"},"thumbnailUrl":"https:\/\/ibecbarcelona.eu\/wp-content\/uploads\/2013\/02\/ercpau.jpg","datePublished":"2013-02-06T07:22:47+00:00","dateModified":"2015-01-07T13:21:20+00:00","breadcrumb":{"@id":"https:\/\/ibecbarcelona.eu\/es\/un-investigador-del-ibec-recibe-una-prestigiosa-beca-complementaria-del-erc\/#breadcrumb"},"inLanguage":"es","potentialAction":[{"@type":"ReadAction","target":["https:\/\/ibecbarcelona.eu\/es\/un-investigador-del-ibec-recibe-una-prestigiosa-beca-complementaria-del-erc\/"]}]},{"@type":"ImageObject","inLanguage":"es","@id":"https:\/\/ibecbarcelona.eu\/es\/un-investigador-del-ibec-recibe-una-prestigiosa-beca-complementaria-del-erc\/#primaryimage","url":"https:\/\/ibecbarcelona.eu\/wp-content\/uploads\/2013\/02\/ercpau.jpg","contentUrl":"https:\/\/ibecbarcelona.eu\/wp-content\/uploads\/2013\/02\/ercpau.jpg","width":406,"height":309},{"@type":"BreadcrumbList","@id":"https:\/\/ibecbarcelona.eu\/es\/un-investigador-del-ibec-recibe-una-prestigiosa-beca-complementaria-del-erc\/#breadcrumb","itemListElement":[{"@type":"ListItem","position":1,"name":"Home","item":"https:\/\/ibecbarcelona.eu\/es\/"},{"@type":"ListItem","position":2,"name":"Un investigador del IBEC recibe una prestigiosa beca complementaria del ERC"}]},{"@type":"WebSite","@id":"https:\/\/ibecbarcelona.eu\/#website","url":"https:\/\/ibecbarcelona.eu\/","name":"Institute for Bioengineering of Catalonia","description":"Bioengineering solutions for health","publisher":{"@id":"https:\/\/ibecbarcelona.eu\/#organization"},"potentialAction":[{"@type":"SearchAction","target":{"@type":"EntryPoint","urlTemplate":"https:\/\/ibecbarcelona.eu\/?s={search_term_string}"},"query-input":{"@type":"PropertyValueSpecification","valueRequired":true,"valueName":"search_term_string"}}],"inLanguage":"es"},{"@type":"Organization","@id":"https:\/\/ibecbarcelona.eu\/#organization","name":"Institute for Bioengineering of Catalonia","url":"https:\/\/ibecbarcelona.eu\/","logo":{"@type":"ImageObject","inLanguage":"es","@id":"https:\/\/ibecbarcelona.eu\/#\/schema\/logo\/image\/","url":"https:\/\/ibecbarcelona.eu\/wp-content\/uploads\/2026\/01\/cropped-IBEC_20ANYS_GRIS.png","contentUrl":"https:\/\/ibecbarcelona.eu\/wp-content\/uploads\/2026\/01\/cropped-IBEC_20ANYS_GRIS.png","width":696,"height":257,"caption":"Institute for Bioengineering of Catalonia"},"image":{"@id":"https:\/\/ibecbarcelona.eu\/#\/schema\/logo\/image\/"}},{"@type":"Person","@id":"https:\/\/ibecbarcelona.eu\/#\/schema\/person\/c212c6b589546130be67986b9290e2b8","name":"\u00c0ngels L\u00f3pez","image":{"@type":"ImageObject","inLanguage":"es","@id":"https:\/\/secure.gravatar.com\/avatar\/09ad6ba116bea0b15c5511860f83b302579fd7404c1180e9dae55c3f11d988c6?s=96&d=mm&r=g","url":"https:\/\/secure.gravatar.com\/avatar\/09ad6ba116bea0b15c5511860f83b302579fd7404c1180e9dae55c3f11d988c6?s=96&d=mm&r=g","contentUrl":"https:\/\/secure.gravatar.com\/avatar\/09ad6ba116bea0b15c5511860f83b302579fd7404c1180e9dae55c3f11d988c6?s=96&d=mm&r=g","caption":"\u00c0ngels L\u00f3pez"},"url":"https:\/\/ibecbarcelona.eu\/es\/author\/alopez\/"}]}},"AFP_featured_media_urls":{"full":["https:\/\/ibecbarcelona.eu\/wp-content\/uploads\/2013\/02\/ercpau.jpg",406,309,false],"thumbnail":["https:\/\/ibecbarcelona.eu\/wp-content\/uploads\/2013\/02\/ercpau-150x150.jpg",150,150,true],"medium":["https:\/\/ibecbarcelona.eu\/wp-content\/uploads\/2013\/02\/ercpau-300x228.jpg",300,228,true],"medium_large":["https:\/\/ibecbarcelona.eu\/wp-content\/uploads\/2013\/02\/ercpau.jpg",406,309,false],"large":["https:\/\/ibecbarcelona.eu\/wp-content\/uploads\/2013\/02\/ercpau.jpg",406,309,false]},"AFP_attachments":{"full":["https:\/\/ibecbarcelona.eu\/wp-content\/uploads\/2013\/02\/ercpau.jpg",406,309,false],"thumbnail":["https:\/\/ibecbarcelona.eu\/wp-content\/uploads\/2013\/02\/ercpau-150x150.jpg",150,150,true],"medium":["https:\/\/ibecbarcelona.eu\/wp-content\/uploads\/2013\/02\/ercpau-300x228.jpg",300,228,true],"medium_large":["https:\/\/ibecbarcelona.eu\/wp-content\/uploads\/2013\/02\/ercpau.jpg",406,309,false],"large":["https:\/\/ibecbarcelona.eu\/wp-content\/uploads\/2013\/02\/ercpau.jpg",406,309,false]},"AFP_videos":[],"AFP_video_blocks":"","AFP_category_names":["Noticias institucionales"],"_links":{"self":[{"href":"https:\/\/ibecbarcelona.eu\/es\/wp-json\/wp\/v2\/posts\/6835","targetHints":{"allow":["GET"]}}],"collection":[{"href":"https:\/\/ibecbarcelona.eu\/es\/wp-json\/wp\/v2\/posts"}],"about":[{"href":"https:\/\/ibecbarcelona.eu\/es\/wp-json\/wp\/v2\/types\/post"}],"author":[{"embeddable":true,"href":"https:\/\/ibecbarcelona.eu\/es\/wp-json\/wp\/v2\/users\/4"}],"replies":[{"embeddable":true,"href":"https:\/\/ibecbarcelona.eu\/es\/wp-json\/wp\/v2\/comments?post=6835"}],"version-history":[{"count":0,"href":"https:\/\/ibecbarcelona.eu\/es\/wp-json\/wp\/v2\/posts\/6835\/revisions"}],"wp:featuredmedia":[{"embeddable":true,"href":"https:\/\/ibecbarcelona.eu\/es\/wp-json\/wp\/v2\/media\/6824"}],"wp:attachment":[{"href":"https:\/\/ibecbarcelona.eu\/es\/wp-json\/wp\/v2\/media?parent=6835"}],"wp:term":[{"taxonomy":"category","embeddable":true,"href":"https:\/\/ibecbarcelona.eu\/es\/wp-json\/wp\/v2\/categories?post=6835"},{"taxonomy":"post_tag","embeddable":true,"href":"https:\/\/ibecbarcelona.eu\/es\/wp-json\/wp\/v2\/tags?post=6835"},{"taxonomy":"post_format","embeddable":true,"href":"https:\/\/ibecbarcelona.eu\/es\/wp-json\/wp\/v2\/post_formats?post=6835"}],"curies":[{"name":"wp","href":"https:\/\/api.w.org\/{rel}","templated":true}]}}