
{"id":68486,"date":"2019-10-02T16:41:42","date_gmt":"2019-10-02T14:41:42","guid":{"rendered":"http:\/\/ibecbarcelona.eu\/?p=68486"},"modified":"2020-06-15T13:26:48","modified_gmt":"2020-06-15T11:26:48","slug":"la-junta-directiva-de-la-asociacion-catalana-de-fibrosis-quistica-visita-el-ibec","status":"publish","type":"post","link":"https:\/\/ibecbarcelona.eu\/es\/la-junta-directiva-de-la-asociacion-catalana-de-fibrosis-quistica-visita-el-ibec\/","title":{"rendered":"La junta directiva de la Asociaci\u00f3n Catalana de Fibrosis Qu\u00edstica visita el IBEC"},"content":{"rendered":"<p>Por su parte, la Asociaci\u00f3n Catalana de Fibrosis Qu\u00edstica, que desde su fundaci\u00f3n en 1988 apoya la labor asistencial e investigadora, dedica gran parte de sus recursos econ\u00f3micos para conseguir avanzar en el tratamiento y la investigaci\u00f3n, dotando de mejoras materiales a diferentes grupos de investigaci\u00f3n.<\/p>\n<p><img decoding=\"async\" class=\"size-full wp-image-68490 alignright lazyload\" data-src=\"https:\/\/ibecbarcelona.eu\/wp-content\/uploads\/2019\/10\/Foto_Grup.jpg\" alt=\"\" width=\"500\" height=\"333\" data-srcset=\"https:\/\/ibecbarcelona.eu\/wp-content\/uploads\/2019\/10\/Foto_Grup.jpg 500w, https:\/\/ibecbarcelona.eu\/wp-content\/uploads\/2019\/10\/Foto_Grup-300x200.jpg 300w, https:\/\/ibecbarcelona.eu\/wp-content\/uploads\/2019\/10\/Foto_Grup-195x130.jpg 195w, https:\/\/ibecbarcelona.eu\/wp-content\/uploads\/2019\/10\/Foto_Grup-150x100.jpg 150w\" data-sizes=\"(max-width: 500px) 100vw, 500px\" src=\"data:image\/svg+xml;base64,PHN2ZyB3aWR0aD0iMSIgaGVpZ2h0PSIxIiB4bWxucz0iaHR0cDovL3d3dy53My5vcmcvMjAwMC9zdmciPjwvc3ZnPg==\" style=\"--smush-placeholder-width: 500px; --smush-placeholder-aspect-ratio: 500\/333;\" \/><\/p>\n<p>La fibrosis qu\u00edstica, una afecci\u00f3n degenerativa con una expectativa de vida limitada para la que no existe cura, es una enfermedad gen\u00e9tica hereditaria que afecta a los pulmones y al sistema digestivo. En Espa\u00f1a, la fibrosis qu\u00edstica afecta a uno de cada 2.500 reci\u00e9n nacidos.<\/p>\n","protected":false},"excerpt":{"rendered":"<h3><img decoding=\"async\" class=\"alignnone size-full wp-image-68487 lazyload\" data-src=\"http:\/\/www.ibecbarcelona.eu\/wp-content\/uploads\/2019\/10\/Eduard_Torrents.jpg\" alt=\"\" width=\"500\" height=\"333\" data-srcset=\"https:\/\/ibecbarcelona.eu\/wp-content\/uploads\/2019\/10\/Eduard_Torrents.jpg 500w, https:\/\/ibecbarcelona.eu\/wp-content\/uploads\/2019\/10\/Eduard_Torrents-300x200.jpg 300w, https:\/\/ibecbarcelona.eu\/wp-content\/uploads\/2019\/10\/Eduard_Torrents-195x130.jpg 195w, https:\/\/ibecbarcelona.eu\/wp-content\/uploads\/2019\/10\/Eduard_Torrents-150x100.jpg 150w\" data-sizes=\"(max-width: 500px) 100vw, 500px\" src=\"data:image\/svg+xml;base64,PHN2ZyB3aWR0aD0iMSIgaGVpZ2h0PSIxIiB4bWxucz0iaHR0cDovL3d3dy53My5vcmcvMjAwMC9zdmciPjwvc3ZnPg==\" style=\"--smush-placeholder-width: 500px; --smush-placeholder-aspect-ratio: 500\/333;\" \/>Representantes de la junta directiva de la Asociaci\u00f3n Catalana de Fibrosis Qu\u00edstica (ACFQ) visitaron recientemente los laboratorios del IBEC para comentar los \u00faltimos avances en materia de resistencia bacteriana con el Dr. Eduard Torrents, investigador principal del grupo de Infecciones bacterianas: Terapias antimicrobianas del IBEC. <\/h3>\n<\/p>\n<p>Eduard Torrents, con el apoyo de la ACFQ desde el 2009, est\u00e1 investigando diferentes estrategias antimicrobianas para erradicar las infecciones asociadas a esta enfermedad. Como en anteriores ocasiones, abri\u00f3 su laboratorio a los representantes de la asociaci\u00f3n y comparti\u00f3 con ellos los \u00faltimos avances en las diferentes l\u00edneas que est\u00e1 desarrollando. \u201cEmpezar a trabajar con la asociaci\u00f3n de pacientes me hizo cambiar mi manera de investigar, quiero encontrar soluciones\u201d, coment\u00f3.<\/p>\n","protected":false},"author":4,"featured_media":0,"comment_status":"closed","ping_status":"closed","sticky":false,"template":"","format":"standard","meta":{"footnotes":""},"categories":[94],"tags":[605,1142,604,152],"post_formats":[],"class_list":["post-68486","post","type-post","status-publish","format-standard","hentry","category-noticias-institucionales","tag-acfq","tag-eduard-torrents-es","tag-fibrosis-quistica","tag-ibec-es"],"yoast_head":"<!-- This site is optimized with the Yoast SEO plugin v27.5 - https:\/\/yoast.com\/product\/yoast-seo-wordpress\/ -->\n<title>La junta directiva de la Asociaci\u00f3n Catalana de Fibrosis Qu\u00edstica visita el IBEC - Institute for Bioengineering of Catalonia<\/title>\n<meta name=\"robots\" content=\"index, follow, max-snippet:-1, max-image-preview:large, max-video-preview:-1\" \/>\n<link rel=\"canonical\" href=\"https:\/\/ibecbarcelona.eu\/la-junta-directiva-de-la-asociacion-catalana-de-fibrosis-quistica-visita-el-ibec\/\" \/>\n<meta property=\"og:locale\" content=\"es_ES\" \/>\n<meta property=\"og:type\" content=\"article\" \/>\n<meta property=\"og:title\" content=\"La junta directiva de la Asociaci\u00f3n Catalana de Fibrosis Qu\u00edstica visita el IBEC - Institute for Bioengineering of Catalonia\" \/>\n<meta property=\"og:description\" content=\"Representantes de la junta directiva de la Asociaci\u00f3n Catalana de Fibrosis Qu\u00edstica (ACFQ) visitaron recientemente los laboratorios del IBEC para comentar los \u00faltimos avances en materia de resistencia bacteriana con el Dr. Eduard Torrents, investigador principal del grupo de Infecciones bacterianas: Terapias antimicrobianas del IBEC.   Eduard Torrents, con el apoyo de la ACFQ desde el 2009, est\u00e1 investigando diferentes estrategias antimicrobianas para erradicar las infecciones asociadas a esta enfermedad. Como en anteriores ocasiones, abri\u00f3 su laboratorio a los representantes de la asociaci\u00f3n y comparti\u00f3 con ellos los \u00faltimos avances en las diferentes l\u00edneas que est\u00e1 desarrollando. \u201cEmpezar a trabajar con la asociaci\u00f3n de pacientes me hizo cambiar mi manera de investigar, quiero encontrar soluciones\u201d, coment\u00f3.\" \/>\n<meta property=\"og:url\" content=\"https:\/\/ibecbarcelona.eu\/la-junta-directiva-de-la-asociacion-catalana-de-fibrosis-quistica-visita-el-ibec\/\" \/>\n<meta property=\"og:site_name\" content=\"Institute for Bioengineering of Catalonia\" \/>\n<meta property=\"article:published_time\" content=\"2019-10-02T14:41:42+00:00\" \/>\n<meta property=\"article:modified_time\" content=\"2020-06-15T11:26:48+00:00\" \/>\n<meta property=\"og:image\" content=\"https:\/\/ibecbarcelona.eu\/wp-content\/uploads\/2019\/10\/Foto_Grup.jpg\" \/>\n<meta name=\"author\" content=\"\u00c0ngels L\u00f3pez\" \/>\n<meta name=\"twitter:card\" content=\"summary_large_image\" \/>\n<meta name=\"twitter:label1\" content=\"Escrito por\" \/>\n\t<meta name=\"twitter:data1\" content=\"\u00c0ngels L\u00f3pez\" \/>\n\t<meta name=\"twitter:label2\" content=\"Tiempo de lectura\" \/>\n\t<meta name=\"twitter:data2\" content=\"1 minuto\" \/>\n<script type=\"application\/ld+json\" class=\"yoast-schema-graph\">{\"@context\":\"https:\\\/\\\/schema.org\",\"@graph\":[{\"@type\":\"Article\",\"@id\":\"https:\\\/\\\/ibecbarcelona.eu\\\/la-junta-directiva-de-la-asociacion-catalana-de-fibrosis-quistica-visita-el-ibec\\\/#article\",\"isPartOf\":{\"@id\":\"https:\\\/\\\/ibecbarcelona.eu\\\/la-junta-directiva-de-la-asociacion-catalana-de-fibrosis-quistica-visita-el-ibec\\\/\"},\"author\":{\"name\":\"\u00c0ngels L\u00f3pez\",\"@id\":\"https:\\\/\\\/ibecbarcelona.eu\\\/#\\\/schema\\\/person\\\/c212c6b589546130be67986b9290e2b8\"},\"headline\":\"La junta directiva de la Asociaci\u00f3n Catalana de Fibrosis Qu\u00edstica visita el IBEC\",\"datePublished\":\"2019-10-02T14:41:42+00:00\",\"dateModified\":\"2020-06-15T11:26:48+00:00\",\"mainEntityOfPage\":{\"@id\":\"https:\\\/\\\/ibecbarcelona.eu\\\/la-junta-directiva-de-la-asociacion-catalana-de-fibrosis-quistica-visita-el-ibec\\\/\"},\"wordCount\":116,\"publisher\":{\"@id\":\"https:\\\/\\\/ibecbarcelona.eu\\\/#organization\"},\"image\":{\"@id\":\"https:\\\/\\\/ibecbarcelona.eu\\\/la-junta-directiva-de-la-asociacion-catalana-de-fibrosis-quistica-visita-el-ibec\\\/#primaryimage\"},\"thumbnailUrl\":\"https:\\\/\\\/ibecbarcelona.eu\\\/wp-content\\\/uploads\\\/2019\\\/10\\\/Foto_Grup.jpg\",\"keywords\":[\"ACFQ\",\"Eduard Torrents\",\"Fibrosis Qu\u00edstica\",\"IBEC\"],\"articleSection\":[\"Noticias institucionales\"],\"inLanguage\":\"es\"},{\"@type\":\"WebPage\",\"@id\":\"https:\\\/\\\/ibecbarcelona.eu\\\/la-junta-directiva-de-la-asociacion-catalana-de-fibrosis-quistica-visita-el-ibec\\\/\",\"url\":\"https:\\\/\\\/ibecbarcelona.eu\\\/la-junta-directiva-de-la-asociacion-catalana-de-fibrosis-quistica-visita-el-ibec\\\/\",\"name\":\"La junta directiva de la Asociaci\u00f3n Catalana de Fibrosis Qu\u00edstica visita el IBEC - Institute for Bioengineering of Catalonia\",\"isPartOf\":{\"@id\":\"https:\\\/\\\/ibecbarcelona.eu\\\/#website\"},\"primaryImageOfPage\":{\"@id\":\"https:\\\/\\\/ibecbarcelona.eu\\\/la-junta-directiva-de-la-asociacion-catalana-de-fibrosis-quistica-visita-el-ibec\\\/#primaryimage\"},\"image\":{\"@id\":\"https:\\\/\\\/ibecbarcelona.eu\\\/la-junta-directiva-de-la-asociacion-catalana-de-fibrosis-quistica-visita-el-ibec\\\/#primaryimage\"},\"thumbnailUrl\":\"https:\\\/\\\/ibecbarcelona.eu\\\/wp-content\\\/uploads\\\/2019\\\/10\\\/Foto_Grup.jpg\",\"datePublished\":\"2019-10-02T14:41:42+00:00\",\"dateModified\":\"2020-06-15T11:26:48+00:00\",\"breadcrumb\":{\"@id\":\"https:\\\/\\\/ibecbarcelona.eu\\\/la-junta-directiva-de-la-asociacion-catalana-de-fibrosis-quistica-visita-el-ibec\\\/#breadcrumb\"},\"inLanguage\":\"es\",\"potentialAction\":[{\"@type\":\"ReadAction\",\"target\":[\"https:\\\/\\\/ibecbarcelona.eu\\\/la-junta-directiva-de-la-asociacion-catalana-de-fibrosis-quistica-visita-el-ibec\\\/\"]}]},{\"@type\":\"ImageObject\",\"inLanguage\":\"es\",\"@id\":\"https:\\\/\\\/ibecbarcelona.eu\\\/la-junta-directiva-de-la-asociacion-catalana-de-fibrosis-quistica-visita-el-ibec\\\/#primaryimage\",\"url\":\"https:\\\/\\\/ibecbarcelona.eu\\\/wp-content\\\/uploads\\\/2019\\\/10\\\/Foto_Grup.jpg\",\"contentUrl\":\"https:\\\/\\\/ibecbarcelona.eu\\\/wp-content\\\/uploads\\\/2019\\\/10\\\/Foto_Grup.jpg\"},{\"@type\":\"BreadcrumbList\",\"@id\":\"https:\\\/\\\/ibecbarcelona.eu\\\/la-junta-directiva-de-la-asociacion-catalana-de-fibrosis-quistica-visita-el-ibec\\\/#breadcrumb\",\"itemListElement\":[{\"@type\":\"ListItem\",\"position\":1,\"name\":\"Home\",\"item\":\"https:\\\/\\\/ibecbarcelona.eu\\\/es\\\/\"},{\"@type\":\"ListItem\",\"position\":2,\"name\":\"La junta directiva de la Asociaci\u00f3n Catalana de Fibrosis Qu\u00edstica visita el IBEC\"}]},{\"@type\":\"WebSite\",\"@id\":\"https:\\\/\\\/ibecbarcelona.eu\\\/#website\",\"url\":\"https:\\\/\\\/ibecbarcelona.eu\\\/\",\"name\":\"Institute for Bioengineering of Catalonia\",\"description\":\"Bioengineering solutions for health\",\"publisher\":{\"@id\":\"https:\\\/\\\/ibecbarcelona.eu\\\/#organization\"},\"potentialAction\":[{\"@type\":\"SearchAction\",\"target\":{\"@type\":\"EntryPoint\",\"urlTemplate\":\"https:\\\/\\\/ibecbarcelona.eu\\\/?s={search_term_string}\"},\"query-input\":{\"@type\":\"PropertyValueSpecification\",\"valueRequired\":true,\"valueName\":\"search_term_string\"}}],\"inLanguage\":\"es\"},{\"@type\":\"Organization\",\"@id\":\"https:\\\/\\\/ibecbarcelona.eu\\\/#organization\",\"name\":\"Institute for Bioengineering of Catalonia\",\"url\":\"https:\\\/\\\/ibecbarcelona.eu\\\/\",\"logo\":{\"@type\":\"ImageObject\",\"inLanguage\":\"es\",\"@id\":\"https:\\\/\\\/ibecbarcelona.eu\\\/#\\\/schema\\\/logo\\\/image\\\/\",\"url\":\"https:\\\/\\\/ibecbarcelona.eu\\\/wp-content\\\/uploads\\\/2026\\\/01\\\/cropped-IBEC_20ANYS_GRIS.png\",\"contentUrl\":\"https:\\\/\\\/ibecbarcelona.eu\\\/wp-content\\\/uploads\\\/2026\\\/01\\\/cropped-IBEC_20ANYS_GRIS.png\",\"width\":696,\"height\":257,\"caption\":\"Institute for Bioengineering of Catalonia\"},\"image\":{\"@id\":\"https:\\\/\\\/ibecbarcelona.eu\\\/#\\\/schema\\\/logo\\\/image\\\/\"}},{\"@type\":\"Person\",\"@id\":\"https:\\\/\\\/ibecbarcelona.eu\\\/#\\\/schema\\\/person\\\/c212c6b589546130be67986b9290e2b8\",\"name\":\"\u00c0ngels L\u00f3pez\",\"image\":{\"@type\":\"ImageObject\",\"inLanguage\":\"es\",\"@id\":\"https:\\\/\\\/secure.gravatar.com\\\/avatar\\\/09ad6ba116bea0b15c5511860f83b302579fd7404c1180e9dae55c3f11d988c6?s=96&d=mm&r=g\",\"url\":\"https:\\\/\\\/secure.gravatar.com\\\/avatar\\\/09ad6ba116bea0b15c5511860f83b302579fd7404c1180e9dae55c3f11d988c6?s=96&d=mm&r=g\",\"contentUrl\":\"https:\\\/\\\/secure.gravatar.com\\\/avatar\\\/09ad6ba116bea0b15c5511860f83b302579fd7404c1180e9dae55c3f11d988c6?s=96&d=mm&r=g\",\"caption\":\"\u00c0ngels L\u00f3pez\"},\"url\":\"https:\\\/\\\/ibecbarcelona.eu\\\/es\\\/author\\\/alopez\\\/\"}]}<\/script>\n<!-- \/ Yoast SEO plugin. -->","yoast_head_json":{"title":"La junta directiva de la Asociaci\u00f3n Catalana de Fibrosis Qu\u00edstica visita el IBEC - Institute for Bioengineering of Catalonia","robots":{"index":"index","follow":"follow","max-snippet":"max-snippet:-1","max-image-preview":"max-image-preview:large","max-video-preview":"max-video-preview:-1"},"canonical":"https:\/\/ibecbarcelona.eu\/la-junta-directiva-de-la-asociacion-catalana-de-fibrosis-quistica-visita-el-ibec\/","og_locale":"es_ES","og_type":"article","og_title":"La junta directiva de la Asociaci\u00f3n Catalana de Fibrosis Qu\u00edstica visita el IBEC - Institute for Bioengineering of Catalonia","og_description":"Representantes de la junta directiva de la Asociaci\u00f3n Catalana de Fibrosis Qu\u00edstica (ACFQ) visitaron recientemente los laboratorios del IBEC para comentar los \u00faltimos avances en materia de resistencia bacteriana con el Dr. Eduard Torrents, investigador principal del grupo de Infecciones bacterianas: Terapias antimicrobianas del IBEC.   Eduard Torrents, con el apoyo de la ACFQ desde el 2009, est\u00e1 investigando diferentes estrategias antimicrobianas para erradicar las infecciones asociadas a esta enfermedad. Como en anteriores ocasiones, abri\u00f3 su laboratorio a los representantes de la asociaci\u00f3n y comparti\u00f3 con ellos los \u00faltimos avances en las diferentes l\u00edneas que est\u00e1 desarrollando. \u201cEmpezar a trabajar con la asociaci\u00f3n de pacientes me hizo cambiar mi manera de investigar, quiero encontrar soluciones\u201d, coment\u00f3.","og_url":"https:\/\/ibecbarcelona.eu\/la-junta-directiva-de-la-asociacion-catalana-de-fibrosis-quistica-visita-el-ibec\/","og_site_name":"Institute for Bioengineering of Catalonia","article_published_time":"2019-10-02T14:41:42+00:00","article_modified_time":"2020-06-15T11:26:48+00:00","og_image":[{"url":"https:\/\/ibecbarcelona.eu\/wp-content\/uploads\/2019\/10\/Foto_Grup.jpg","type":"","width":"","height":""}],"author":"\u00c0ngels L\u00f3pez","twitter_card":"summary_large_image","twitter_misc":{"Escrito por":"\u00c0ngels L\u00f3pez","Tiempo de lectura":"1 minuto"},"schema":{"@context":"https:\/\/schema.org","@graph":[{"@type":"Article","@id":"https:\/\/ibecbarcelona.eu\/la-junta-directiva-de-la-asociacion-catalana-de-fibrosis-quistica-visita-el-ibec\/#article","isPartOf":{"@id":"https:\/\/ibecbarcelona.eu\/la-junta-directiva-de-la-asociacion-catalana-de-fibrosis-quistica-visita-el-ibec\/"},"author":{"name":"\u00c0ngels L\u00f3pez","@id":"https:\/\/ibecbarcelona.eu\/#\/schema\/person\/c212c6b589546130be67986b9290e2b8"},"headline":"La junta directiva de la Asociaci\u00f3n Catalana de Fibrosis Qu\u00edstica visita el IBEC","datePublished":"2019-10-02T14:41:42+00:00","dateModified":"2020-06-15T11:26:48+00:00","mainEntityOfPage":{"@id":"https:\/\/ibecbarcelona.eu\/la-junta-directiva-de-la-asociacion-catalana-de-fibrosis-quistica-visita-el-ibec\/"},"wordCount":116,"publisher":{"@id":"https:\/\/ibecbarcelona.eu\/#organization"},"image":{"@id":"https:\/\/ibecbarcelona.eu\/la-junta-directiva-de-la-asociacion-catalana-de-fibrosis-quistica-visita-el-ibec\/#primaryimage"},"thumbnailUrl":"https:\/\/ibecbarcelona.eu\/wp-content\/uploads\/2019\/10\/Foto_Grup.jpg","keywords":["ACFQ","Eduard Torrents","Fibrosis Qu\u00edstica","IBEC"],"articleSection":["Noticias institucionales"],"inLanguage":"es"},{"@type":"WebPage","@id":"https:\/\/ibecbarcelona.eu\/la-junta-directiva-de-la-asociacion-catalana-de-fibrosis-quistica-visita-el-ibec\/","url":"https:\/\/ibecbarcelona.eu\/la-junta-directiva-de-la-asociacion-catalana-de-fibrosis-quistica-visita-el-ibec\/","name":"La junta directiva de la Asociaci\u00f3n Catalana de Fibrosis Qu\u00edstica visita el IBEC - Institute for Bioengineering of Catalonia","isPartOf":{"@id":"https:\/\/ibecbarcelona.eu\/#website"},"primaryImageOfPage":{"@id":"https:\/\/ibecbarcelona.eu\/la-junta-directiva-de-la-asociacion-catalana-de-fibrosis-quistica-visita-el-ibec\/#primaryimage"},"image":{"@id":"https:\/\/ibecbarcelona.eu\/la-junta-directiva-de-la-asociacion-catalana-de-fibrosis-quistica-visita-el-ibec\/#primaryimage"},"thumbnailUrl":"https:\/\/ibecbarcelona.eu\/wp-content\/uploads\/2019\/10\/Foto_Grup.jpg","datePublished":"2019-10-02T14:41:42+00:00","dateModified":"2020-06-15T11:26:48+00:00","breadcrumb":{"@id":"https:\/\/ibecbarcelona.eu\/la-junta-directiva-de-la-asociacion-catalana-de-fibrosis-quistica-visita-el-ibec\/#breadcrumb"},"inLanguage":"es","potentialAction":[{"@type":"ReadAction","target":["https:\/\/ibecbarcelona.eu\/la-junta-directiva-de-la-asociacion-catalana-de-fibrosis-quistica-visita-el-ibec\/"]}]},{"@type":"ImageObject","inLanguage":"es","@id":"https:\/\/ibecbarcelona.eu\/la-junta-directiva-de-la-asociacion-catalana-de-fibrosis-quistica-visita-el-ibec\/#primaryimage","url":"https:\/\/ibecbarcelona.eu\/wp-content\/uploads\/2019\/10\/Foto_Grup.jpg","contentUrl":"https:\/\/ibecbarcelona.eu\/wp-content\/uploads\/2019\/10\/Foto_Grup.jpg"},{"@type":"BreadcrumbList","@id":"https:\/\/ibecbarcelona.eu\/la-junta-directiva-de-la-asociacion-catalana-de-fibrosis-quistica-visita-el-ibec\/#breadcrumb","itemListElement":[{"@type":"ListItem","position":1,"name":"Home","item":"https:\/\/ibecbarcelona.eu\/es\/"},{"@type":"ListItem","position":2,"name":"La junta directiva de la Asociaci\u00f3n Catalana de Fibrosis Qu\u00edstica visita el IBEC"}]},{"@type":"WebSite","@id":"https:\/\/ibecbarcelona.eu\/#website","url":"https:\/\/ibecbarcelona.eu\/","name":"Institute for Bioengineering of Catalonia","description":"Bioengineering solutions for health","publisher":{"@id":"https:\/\/ibecbarcelona.eu\/#organization"},"potentialAction":[{"@type":"SearchAction","target":{"@type":"EntryPoint","urlTemplate":"https:\/\/ibecbarcelona.eu\/?s={search_term_string}"},"query-input":{"@type":"PropertyValueSpecification","valueRequired":true,"valueName":"search_term_string"}}],"inLanguage":"es"},{"@type":"Organization","@id":"https:\/\/ibecbarcelona.eu\/#organization","name":"Institute for Bioengineering of Catalonia","url":"https:\/\/ibecbarcelona.eu\/","logo":{"@type":"ImageObject","inLanguage":"es","@id":"https:\/\/ibecbarcelona.eu\/#\/schema\/logo\/image\/","url":"https:\/\/ibecbarcelona.eu\/wp-content\/uploads\/2026\/01\/cropped-IBEC_20ANYS_GRIS.png","contentUrl":"https:\/\/ibecbarcelona.eu\/wp-content\/uploads\/2026\/01\/cropped-IBEC_20ANYS_GRIS.png","width":696,"height":257,"caption":"Institute for Bioengineering of Catalonia"},"image":{"@id":"https:\/\/ibecbarcelona.eu\/#\/schema\/logo\/image\/"}},{"@type":"Person","@id":"https:\/\/ibecbarcelona.eu\/#\/schema\/person\/c212c6b589546130be67986b9290e2b8","name":"\u00c0ngels L\u00f3pez","image":{"@type":"ImageObject","inLanguage":"es","@id":"https:\/\/secure.gravatar.com\/avatar\/09ad6ba116bea0b15c5511860f83b302579fd7404c1180e9dae55c3f11d988c6?s=96&d=mm&r=g","url":"https:\/\/secure.gravatar.com\/avatar\/09ad6ba116bea0b15c5511860f83b302579fd7404c1180e9dae55c3f11d988c6?s=96&d=mm&r=g","contentUrl":"https:\/\/secure.gravatar.com\/avatar\/09ad6ba116bea0b15c5511860f83b302579fd7404c1180e9dae55c3f11d988c6?s=96&d=mm&r=g","caption":"\u00c0ngels L\u00f3pez"},"url":"https:\/\/ibecbarcelona.eu\/es\/author\/alopez\/"}]}},"AFP_featured_media_urls":{"full":false,"thumbnail":false,"medium":false,"medium_large":false,"large":false},"AFP_attachments":{"full":["https:\/\/ibecbarcelona.eu\/wp-content\/uploads\/2019\/10\/Eduard_Torrents.jpg",500,333,false],"thumbnail":["https:\/\/ibecbarcelona.eu\/wp-content\/uploads\/2019\/10\/Eduard_Torrents-150x150.jpg",150,150,true],"medium":["https:\/\/ibecbarcelona.eu\/wp-content\/uploads\/2019\/10\/Eduard_Torrents-300x200.jpg",300,200,true],"medium_large":["https:\/\/ibecbarcelona.eu\/wp-content\/uploads\/2019\/10\/Eduard_Torrents.jpg",500,333,false],"large":["https:\/\/ibecbarcelona.eu\/wp-content\/uploads\/2019\/10\/Eduard_Torrents.jpg",500,333,false]},"AFP_videos":[],"AFP_video_blocks":"","AFP_category_names":["Noticias institucionales"],"_links":{"self":[{"href":"https:\/\/ibecbarcelona.eu\/es\/wp-json\/wp\/v2\/posts\/68486","targetHints":{"allow":["GET"]}}],"collection":[{"href":"https:\/\/ibecbarcelona.eu\/es\/wp-json\/wp\/v2\/posts"}],"about":[{"href":"https:\/\/ibecbarcelona.eu\/es\/wp-json\/wp\/v2\/types\/post"}],"author":[{"embeddable":true,"href":"https:\/\/ibecbarcelona.eu\/es\/wp-json\/wp\/v2\/users\/4"}],"replies":[{"embeddable":true,"href":"https:\/\/ibecbarcelona.eu\/es\/wp-json\/wp\/v2\/comments?post=68486"}],"version-history":[{"count":3,"href":"https:\/\/ibecbarcelona.eu\/es\/wp-json\/wp\/v2\/posts\/68486\/revisions"}],"predecessor-version":[{"id":68509,"href":"https:\/\/ibecbarcelona.eu\/es\/wp-json\/wp\/v2\/posts\/68486\/revisions\/68509"}],"wp:attachment":[{"href":"https:\/\/ibecbarcelona.eu\/es\/wp-json\/wp\/v2\/media?parent=68486"}],"wp:term":[{"taxonomy":"category","embeddable":true,"href":"https:\/\/ibecbarcelona.eu\/es\/wp-json\/wp\/v2\/categories?post=68486"},{"taxonomy":"post_tag","embeddable":true,"href":"https:\/\/ibecbarcelona.eu\/es\/wp-json\/wp\/v2\/tags?post=68486"},{"taxonomy":"post_format","embeddable":true,"href":"https:\/\/ibecbarcelona.eu\/es\/wp-json\/wp\/v2\/post_formats?post=68486"}],"curies":[{"name":"wp","href":"https:\/\/api.w.org\/{rel}","templated":true}]}}