
{"id":71376,"date":"2020-02-13T12:51:54","date_gmt":"2020-02-13T11:51:54","guid":{"rendered":"http:\/\/ibecbarcelona.eu\/?p=71376"},"modified":"2020-06-15T13:21:05","modified_gmt":"2020-06-15T11:21:05","slug":"la-embl-ibec-winter-conference-se-clausura-con-un-gran-exito-de-participacion","status":"publish","type":"post","link":"https:\/\/ibecbarcelona.eu\/es\/la-embl-ibec-winter-conference-se-clausura-con-un-gran-exito-de-participacion\/","title":{"rendered":"La EMBL-IBEC Winter Conference se clausura con un gran \u00e9xito de participaci\u00f3n"},"content":{"rendered":"<p>Durante la \u201cEMBL-IBEC Winter Conference on Engineering Multicellular Systems\u201d, que gir\u00f3 en torno a la medicina del futuro, se abordaron los \u00faltimos avances en campos emergentes de la bioingenier\u00eda; como la generaci\u00f3n de modelos celulares para estudiar la embriog\u00e9nesis humana, los robots biol\u00f3gicos o la derivaci\u00f3n de mini-\u00f3rganos para aplicaciones en medicina de precisi\u00f3n, as\u00ed como la dimensi\u00f3n \u00e9tica de estos avances y su impacto social.<\/p>\n<p><img decoding=\"async\" class=\"size-full wp-image-71383 aligncenter lazyload\" data-src=\"https:\/\/ibecbarcelona.eu\/wp-content\/uploads\/2020\/02\/eiwc20_2.png\" alt=\"\" width=\"500\" height=\"333\" data-srcset=\"https:\/\/ibecbarcelona.eu\/wp-content\/uploads\/2020\/02\/eiwc20_2.png 500w, https:\/\/ibecbarcelona.eu\/wp-content\/uploads\/2020\/02\/eiwc20_2-300x200.png 300w, https:\/\/ibecbarcelona.eu\/wp-content\/uploads\/2020\/02\/eiwc20_2-150x100.png 150w\" data-sizes=\"(max-width: 500px) 100vw, 500px\" src=\"data:image\/svg+xml;base64,PHN2ZyB3aWR0aD0iMSIgaGVpZ2h0PSIxIiB4bWxucz0iaHR0cDovL3d3dy53My5vcmcvMjAwMC9zdmciPjwvc3ZnPg==\" style=\"--smush-placeholder-width: 500px; --smush-placeholder-aspect-ratio: 500\/333;\" \/><\/p>\n<p>Pocas \u00e1reas de investigaci\u00f3n son capaces de tener un impacto en la medicina del futuro como la bioingenier\u00eda. Avances recientes en este campo han sido claves en el dise\u00f1o y desarrollo de tecnolog\u00edas como los \u00f3rganos en un chip, los organoides \u2212 cultivos tridimensionales que simulan la arquitectura y funci\u00f3n de nuestros \u00f3rganos\u2212, y otros modelos celulares que capturan las primeras etapas de la formaci\u00f3n del embri\u00f3n humano. Estos abordajes ayudan a los investigadores a entender el funcionamiento de nuestros tejidos, y plantean, al mismo tiempo, preguntas relacionadas con las enfermedades humanas y el envejecimiento. Otro de los aspectos clave de la bioingenier\u00eda es identificar los posibles riesgos \u00e9ticos y el impacto social de estas nuevas tecnolog\u00edas en la medicina del futuro.<\/p>\n<p>La conferencia cont\u00f3 con 20 expertos invitados del campo de la bioingenier\u00eda, entre los que cabe destacar la presencia de la profesora Magdalena Zernicka-Goetz (Caltech, EEUU), una de las referentes mundiales en desarrollo embrionario; el Profesor Roger Kamm (MIT, EEUU), pionero en desarrollos tecnol\u00f3gicos en \u00f3rganos-en-un-chip; Danijela Vignjevic (Institut Curie, Francia), experta en la derivaci\u00f3n de mini\u00f3rganos y Wei Sun (Tsinghua University, China), uno de los l\u00edderes en bioimpresi\u00f3n y generaci\u00f3n de tejido artificial para aplicaciones biom\u00e9dicas. Con el fin de abordar la dimensi\u00f3n \u00e9tica y social de estos temas, la conferencia cont\u00f3 con la participaci\u00f3n del Dr. Insoo Hyun (Harvard, EEUU) experto mundial en el \u00e1rea de la \u00e9tica de las c\u00e9lulas madre, embriones y quimeras.<\/p>\n<p>Ada Colau destac\u00f3 en su intervenci\u00f3n la necesidad de aumentar el gasto p\u00fablico destinado a la investigaci\u00f3n para abordar las oportunidades que plantean los avances cient\u00edficos y tecnol\u00f3gicos en campos como la bioingenier\u00eda. Adem\u00e1s, coincidiendo con el D\u00eda Internacional de la Mujer y la Ni\u00f1a en ciencia, celebrado el 11 de febrero, la alcaldesa reclam\u00f3 la eliminaci\u00f3n de las barreras socioculturales que hacen dif\u00edcil que las mujeres hagan carrera cient\u00edfica y reivindic\u00f3 la necesidad de que haya m\u00e1s mujeres y j\u00f3venes en el mundo de la ciencia.<\/p>\n<p><img decoding=\"async\" class=\"size-full wp-image-71386 aligncenter lazyload\" data-src=\"https:\/\/ibecbarcelona.eu\/wp-content\/uploads\/2020\/02\/eiwc20_3.png\" alt=\"\" width=\"500\" height=\"333\" data-srcset=\"https:\/\/ibecbarcelona.eu\/wp-content\/uploads\/2020\/02\/eiwc20_3.png 500w, https:\/\/ibecbarcelona.eu\/wp-content\/uploads\/2020\/02\/eiwc20_3-300x200.png 300w, https:\/\/ibecbarcelona.eu\/wp-content\/uploads\/2020\/02\/eiwc20_3-150x100.png 150w\" data-sizes=\"(max-width: 500px) 100vw, 500px\" src=\"data:image\/svg+xml;base64,PHN2ZyB3aWR0aD0iMSIgaGVpZ2h0PSIxIiB4bWxucz0iaHR0cDovL3d3dy53My5vcmcvMjAwMC9zdmciPjwvc3ZnPg==\" style=\"--smush-placeholder-width: 500px; --smush-placeholder-aspect-ratio: 500\/333;\" \/><\/p>\n<p>La conferencia nace de un acuerdo de colaboraci\u00f3n entre el Laboratorio Europeo de Biolog\u00eda Molecular (EMBL) y el Instituto de Bioingenier\u00eda de Catalu\u00f1a (IBEC) y estuvo liderada por los investigadores Xavier Trepat, N\u00faria Montserrat y Josep Samitier del IBEC, y James Sharpe, Miki Ebisuya y Vikas Trivedi del EMBL Barcelona. Ambas instituciones llevan a cabo investigaci\u00f3n de excelencia y responsable, desarrollando tecnolog\u00eda para la medicina de precisi\u00f3n y conocimiento fundamental para mejorar la salud de las personas.<\/p>\n<p>Pod\u00e9is ver el resumen de prensa <a href=\"https:\/\/ibecbarcelona.eu\/wp-content\/uploads\/2020\/02\/EMBL-IBEC-Winter-Conference.pdf\" target=\"_blank\" rel=\"noopener noreferrer\">aqu\u00ed<\/a><\/p>\n","protected":false},"excerpt":{"rendered":"<h3>La conferencia organizada por el Instituto de Bioingenier\u00eda de Catalu\u00f1a (IBEC) y el Laboratorio Europeo de Biolog\u00eda Molecular (EMBL) reuni\u00f3 esta semana en La Pedrera de Barcelona a un total de 200 expertos internacionales en el campo de la bioingenier\u00eda.<\/h3>\n<p>En la inauguraci\u00f3n del evento, que corri\u00f3 a cargo de la alcaldesa de Barcelona Ada Colau, se destac\u00f3 la consolidaci\u00f3n de Barcelona como centro internacional de investigaci\u00f3n y conocimiento. <\/p>\n","protected":false},"author":4,"featured_media":71380,"comment_status":"closed","ping_status":"closed","sticky":false,"template":"","format":"standard","meta":{"footnotes":""},"categories":[94],"tags":[1124,1144],"post_formats":[],"class_list":["post-71376","post","type-post","status-publish","format-standard","has-post-thumbnail","hentry","category-noticias-institucionales","tag-nuria-montserrat-es-2","tag-xavier-trepat-es"],"yoast_head":"<!-- This site is optimized with the Yoast SEO plugin v27.5 - https:\/\/yoast.com\/product\/yoast-seo-wordpress\/ -->\n<title>La EMBL-IBEC Winter Conference se clausura con un gran \u00e9xito de participaci\u00f3n - Institute for Bioengineering of Catalonia<\/title>\n<meta name=\"description\" content=\"La &quot;EMBL-IBEC Winter Conference reuni\u00f3 esta semana en La Pedrera de Barcelona a un total de 200 expertos internacionales en el campo de la bioingenier\u00eda.\" \/>\n<meta name=\"robots\" content=\"index, follow, max-snippet:-1, max-image-preview:large, max-video-preview:-1\" \/>\n<link rel=\"canonical\" href=\"https:\/\/ibecbarcelona.eu\/es\/la-embl-ibec-winter-conference-se-clausura-con-un-gran-exito-de-participacion\/\" \/>\n<meta property=\"og:locale\" content=\"es_ES\" \/>\n<meta property=\"og:type\" content=\"article\" \/>\n<meta property=\"og:title\" content=\"La EMBL-IBEC Winter Conference se clausura con un gran \u00e9xito de participaci\u00f3n - Institute for Bioengineering of Catalonia\" \/>\n<meta property=\"og:description\" content=\"La &quot;EMBL-IBEC Winter Conference reuni\u00f3 esta semana en La Pedrera de Barcelona a un total de 200 expertos internacionales en el campo de la bioingenier\u00eda.\" \/>\n<meta property=\"og:url\" content=\"https:\/\/ibecbarcelona.eu\/es\/la-embl-ibec-winter-conference-se-clausura-con-un-gran-exito-de-participacion\/\" \/>\n<meta property=\"og:site_name\" content=\"Institute for Bioengineering of Catalonia\" \/>\n<meta property=\"article:published_time\" content=\"2020-02-13T11:51:54+00:00\" \/>\n<meta property=\"article:modified_time\" content=\"2020-06-15T11:21:05+00:00\" \/>\n<meta property=\"og:image\" content=\"https:\/\/ibecbarcelona.eu\/wp-content\/uploads\/2020\/02\/eiwc20_1.png\" \/>\n\t<meta property=\"og:image:width\" content=\"500\" \/>\n\t<meta property=\"og:image:height\" content=\"333\" \/>\n\t<meta property=\"og:image:type\" content=\"image\/png\" \/>\n<meta name=\"author\" content=\"\u00c0ngels L\u00f3pez\" \/>\n<meta name=\"twitter:card\" content=\"summary_large_image\" \/>\n<meta name=\"twitter:label1\" content=\"Escrito por\" \/>\n\t<meta name=\"twitter:data1\" content=\"\u00c0ngels L\u00f3pez\" \/>\n\t<meta name=\"twitter:label2\" content=\"Tiempo de lectura\" \/>\n\t<meta name=\"twitter:data2\" content=\"3 minutos\" \/>\n<script type=\"application\/ld+json\" class=\"yoast-schema-graph\">{\"@context\":\"https:\\\/\\\/schema.org\",\"@graph\":[{\"@type\":\"Article\",\"@id\":\"https:\\\/\\\/ibecbarcelona.eu\\\/es\\\/la-embl-ibec-winter-conference-se-clausura-con-un-gran-exito-de-participacion\\\/#article\",\"isPartOf\":{\"@id\":\"https:\\\/\\\/ibecbarcelona.eu\\\/es\\\/la-embl-ibec-winter-conference-se-clausura-con-un-gran-exito-de-participacion\\\/\"},\"author\":{\"name\":\"\u00c0ngels L\u00f3pez\",\"@id\":\"https:\\\/\\\/ibecbarcelona.eu\\\/#\\\/schema\\\/person\\\/c212c6b589546130be67986b9290e2b8\"},\"headline\":\"La EMBL-IBEC Winter Conference se clausura con un gran \u00e9xito de participaci\u00f3n\",\"datePublished\":\"2020-02-13T11:51:54+00:00\",\"dateModified\":\"2020-06-15T11:21:05+00:00\",\"mainEntityOfPage\":{\"@id\":\"https:\\\/\\\/ibecbarcelona.eu\\\/es\\\/la-embl-ibec-winter-conference-se-clausura-con-un-gran-exito-de-participacion\\\/\"},\"wordCount\":537,\"publisher\":{\"@id\":\"https:\\\/\\\/ibecbarcelona.eu\\\/#organization\"},\"image\":{\"@id\":\"https:\\\/\\\/ibecbarcelona.eu\\\/es\\\/la-embl-ibec-winter-conference-se-clausura-con-un-gran-exito-de-participacion\\\/#primaryimage\"},\"thumbnailUrl\":\"https:\\\/\\\/ibecbarcelona.eu\\\/wp-content\\\/uploads\\\/2020\\\/02\\\/eiwc20_1.png\",\"keywords\":[\"Nuria Montserrat\",\"Xavier Trepat\"],\"articleSection\":[\"Noticias institucionales\"],\"inLanguage\":\"es\"},{\"@type\":\"WebPage\",\"@id\":\"https:\\\/\\\/ibecbarcelona.eu\\\/es\\\/la-embl-ibec-winter-conference-se-clausura-con-un-gran-exito-de-participacion\\\/\",\"url\":\"https:\\\/\\\/ibecbarcelona.eu\\\/es\\\/la-embl-ibec-winter-conference-se-clausura-con-un-gran-exito-de-participacion\\\/\",\"name\":\"La EMBL-IBEC Winter Conference se clausura con un gran \u00e9xito de participaci\u00f3n - Institute for Bioengineering of Catalonia\",\"isPartOf\":{\"@id\":\"https:\\\/\\\/ibecbarcelona.eu\\\/#website\"},\"primaryImageOfPage\":{\"@id\":\"https:\\\/\\\/ibecbarcelona.eu\\\/es\\\/la-embl-ibec-winter-conference-se-clausura-con-un-gran-exito-de-participacion\\\/#primaryimage\"},\"image\":{\"@id\":\"https:\\\/\\\/ibecbarcelona.eu\\\/es\\\/la-embl-ibec-winter-conference-se-clausura-con-un-gran-exito-de-participacion\\\/#primaryimage\"},\"thumbnailUrl\":\"https:\\\/\\\/ibecbarcelona.eu\\\/wp-content\\\/uploads\\\/2020\\\/02\\\/eiwc20_1.png\",\"datePublished\":\"2020-02-13T11:51:54+00:00\",\"dateModified\":\"2020-06-15T11:21:05+00:00\",\"description\":\"La \\\"EMBL-IBEC Winter Conference reuni\u00f3 esta semana en La Pedrera de Barcelona a un total de 200 expertos internacionales en el campo de la bioingenier\u00eda.\",\"breadcrumb\":{\"@id\":\"https:\\\/\\\/ibecbarcelona.eu\\\/es\\\/la-embl-ibec-winter-conference-se-clausura-con-un-gran-exito-de-participacion\\\/#breadcrumb\"},\"inLanguage\":\"es\",\"potentialAction\":[{\"@type\":\"ReadAction\",\"target\":[\"https:\\\/\\\/ibecbarcelona.eu\\\/es\\\/la-embl-ibec-winter-conference-se-clausura-con-un-gran-exito-de-participacion\\\/\"]}]},{\"@type\":\"ImageObject\",\"inLanguage\":\"es\",\"@id\":\"https:\\\/\\\/ibecbarcelona.eu\\\/es\\\/la-embl-ibec-winter-conference-se-clausura-con-un-gran-exito-de-participacion\\\/#primaryimage\",\"url\":\"https:\\\/\\\/ibecbarcelona.eu\\\/wp-content\\\/uploads\\\/2020\\\/02\\\/eiwc20_1.png\",\"contentUrl\":\"https:\\\/\\\/ibecbarcelona.eu\\\/wp-content\\\/uploads\\\/2020\\\/02\\\/eiwc20_1.png\",\"width\":500,\"height\":333},{\"@type\":\"BreadcrumbList\",\"@id\":\"https:\\\/\\\/ibecbarcelona.eu\\\/es\\\/la-embl-ibec-winter-conference-se-clausura-con-un-gran-exito-de-participacion\\\/#breadcrumb\",\"itemListElement\":[{\"@type\":\"ListItem\",\"position\":1,\"name\":\"Home\",\"item\":\"https:\\\/\\\/ibecbarcelona.eu\\\/es\\\/\"},{\"@type\":\"ListItem\",\"position\":2,\"name\":\"La EMBL-IBEC Winter Conference se clausura con un gran \u00e9xito de participaci\u00f3n\"}]},{\"@type\":\"WebSite\",\"@id\":\"https:\\\/\\\/ibecbarcelona.eu\\\/#website\",\"url\":\"https:\\\/\\\/ibecbarcelona.eu\\\/\",\"name\":\"Institute for Bioengineering of Catalonia\",\"description\":\"Bioengineering solutions for health\",\"publisher\":{\"@id\":\"https:\\\/\\\/ibecbarcelona.eu\\\/#organization\"},\"potentialAction\":[{\"@type\":\"SearchAction\",\"target\":{\"@type\":\"EntryPoint\",\"urlTemplate\":\"https:\\\/\\\/ibecbarcelona.eu\\\/?s={search_term_string}\"},\"query-input\":{\"@type\":\"PropertyValueSpecification\",\"valueRequired\":true,\"valueName\":\"search_term_string\"}}],\"inLanguage\":\"es\"},{\"@type\":\"Organization\",\"@id\":\"https:\\\/\\\/ibecbarcelona.eu\\\/#organization\",\"name\":\"Institute for Bioengineering of Catalonia\",\"url\":\"https:\\\/\\\/ibecbarcelona.eu\\\/\",\"logo\":{\"@type\":\"ImageObject\",\"inLanguage\":\"es\",\"@id\":\"https:\\\/\\\/ibecbarcelona.eu\\\/#\\\/schema\\\/logo\\\/image\\\/\",\"url\":\"https:\\\/\\\/ibecbarcelona.eu\\\/wp-content\\\/uploads\\\/2026\\\/01\\\/cropped-IBEC_20ANYS_GRIS.png\",\"contentUrl\":\"https:\\\/\\\/ibecbarcelona.eu\\\/wp-content\\\/uploads\\\/2026\\\/01\\\/cropped-IBEC_20ANYS_GRIS.png\",\"width\":696,\"height\":257,\"caption\":\"Institute for Bioengineering of Catalonia\"},\"image\":{\"@id\":\"https:\\\/\\\/ibecbarcelona.eu\\\/#\\\/schema\\\/logo\\\/image\\\/\"}},{\"@type\":\"Person\",\"@id\":\"https:\\\/\\\/ibecbarcelona.eu\\\/#\\\/schema\\\/person\\\/c212c6b589546130be67986b9290e2b8\",\"name\":\"\u00c0ngels L\u00f3pez\",\"image\":{\"@type\":\"ImageObject\",\"inLanguage\":\"es\",\"@id\":\"https:\\\/\\\/secure.gravatar.com\\\/avatar\\\/09ad6ba116bea0b15c5511860f83b302579fd7404c1180e9dae55c3f11d988c6?s=96&d=mm&r=g\",\"url\":\"https:\\\/\\\/secure.gravatar.com\\\/avatar\\\/09ad6ba116bea0b15c5511860f83b302579fd7404c1180e9dae55c3f11d988c6?s=96&d=mm&r=g\",\"contentUrl\":\"https:\\\/\\\/secure.gravatar.com\\\/avatar\\\/09ad6ba116bea0b15c5511860f83b302579fd7404c1180e9dae55c3f11d988c6?s=96&d=mm&r=g\",\"caption\":\"\u00c0ngels L\u00f3pez\"},\"url\":\"https:\\\/\\\/ibecbarcelona.eu\\\/es\\\/author\\\/alopez\\\/\"}]}<\/script>\n<!-- \/ Yoast SEO plugin. -->","yoast_head_json":{"title":"La EMBL-IBEC Winter Conference se clausura con un gran \u00e9xito de participaci\u00f3n - Institute for Bioengineering of Catalonia","description":"La \"EMBL-IBEC Winter Conference reuni\u00f3 esta semana en La Pedrera de Barcelona a un total de 200 expertos internacionales en el campo de la bioingenier\u00eda.","robots":{"index":"index","follow":"follow","max-snippet":"max-snippet:-1","max-image-preview":"max-image-preview:large","max-video-preview":"max-video-preview:-1"},"canonical":"https:\/\/ibecbarcelona.eu\/es\/la-embl-ibec-winter-conference-se-clausura-con-un-gran-exito-de-participacion\/","og_locale":"es_ES","og_type":"article","og_title":"La EMBL-IBEC Winter Conference se clausura con un gran \u00e9xito de participaci\u00f3n - Institute for Bioengineering of Catalonia","og_description":"La \"EMBL-IBEC Winter Conference reuni\u00f3 esta semana en La Pedrera de Barcelona a un total de 200 expertos internacionales en el campo de la bioingenier\u00eda.","og_url":"https:\/\/ibecbarcelona.eu\/es\/la-embl-ibec-winter-conference-se-clausura-con-un-gran-exito-de-participacion\/","og_site_name":"Institute for Bioengineering of Catalonia","article_published_time":"2020-02-13T11:51:54+00:00","article_modified_time":"2020-06-15T11:21:05+00:00","og_image":[{"width":500,"height":333,"url":"https:\/\/ibecbarcelona.eu\/wp-content\/uploads\/2020\/02\/eiwc20_1.png","type":"image\/png"}],"author":"\u00c0ngels L\u00f3pez","twitter_card":"summary_large_image","twitter_misc":{"Escrito por":"\u00c0ngels L\u00f3pez","Tiempo de lectura":"3 minutos"},"schema":{"@context":"https:\/\/schema.org","@graph":[{"@type":"Article","@id":"https:\/\/ibecbarcelona.eu\/es\/la-embl-ibec-winter-conference-se-clausura-con-un-gran-exito-de-participacion\/#article","isPartOf":{"@id":"https:\/\/ibecbarcelona.eu\/es\/la-embl-ibec-winter-conference-se-clausura-con-un-gran-exito-de-participacion\/"},"author":{"name":"\u00c0ngels L\u00f3pez","@id":"https:\/\/ibecbarcelona.eu\/#\/schema\/person\/c212c6b589546130be67986b9290e2b8"},"headline":"La EMBL-IBEC Winter Conference se clausura con un gran \u00e9xito de participaci\u00f3n","datePublished":"2020-02-13T11:51:54+00:00","dateModified":"2020-06-15T11:21:05+00:00","mainEntityOfPage":{"@id":"https:\/\/ibecbarcelona.eu\/es\/la-embl-ibec-winter-conference-se-clausura-con-un-gran-exito-de-participacion\/"},"wordCount":537,"publisher":{"@id":"https:\/\/ibecbarcelona.eu\/#organization"},"image":{"@id":"https:\/\/ibecbarcelona.eu\/es\/la-embl-ibec-winter-conference-se-clausura-con-un-gran-exito-de-participacion\/#primaryimage"},"thumbnailUrl":"https:\/\/ibecbarcelona.eu\/wp-content\/uploads\/2020\/02\/eiwc20_1.png","keywords":["Nuria Montserrat","Xavier Trepat"],"articleSection":["Noticias institucionales"],"inLanguage":"es"},{"@type":"WebPage","@id":"https:\/\/ibecbarcelona.eu\/es\/la-embl-ibec-winter-conference-se-clausura-con-un-gran-exito-de-participacion\/","url":"https:\/\/ibecbarcelona.eu\/es\/la-embl-ibec-winter-conference-se-clausura-con-un-gran-exito-de-participacion\/","name":"La EMBL-IBEC Winter Conference se clausura con un gran \u00e9xito de participaci\u00f3n - Institute for Bioengineering of Catalonia","isPartOf":{"@id":"https:\/\/ibecbarcelona.eu\/#website"},"primaryImageOfPage":{"@id":"https:\/\/ibecbarcelona.eu\/es\/la-embl-ibec-winter-conference-se-clausura-con-un-gran-exito-de-participacion\/#primaryimage"},"image":{"@id":"https:\/\/ibecbarcelona.eu\/es\/la-embl-ibec-winter-conference-se-clausura-con-un-gran-exito-de-participacion\/#primaryimage"},"thumbnailUrl":"https:\/\/ibecbarcelona.eu\/wp-content\/uploads\/2020\/02\/eiwc20_1.png","datePublished":"2020-02-13T11:51:54+00:00","dateModified":"2020-06-15T11:21:05+00:00","description":"La \"EMBL-IBEC Winter Conference reuni\u00f3 esta semana en La Pedrera de Barcelona a un total de 200 expertos internacionales en el campo de la bioingenier\u00eda.","breadcrumb":{"@id":"https:\/\/ibecbarcelona.eu\/es\/la-embl-ibec-winter-conference-se-clausura-con-un-gran-exito-de-participacion\/#breadcrumb"},"inLanguage":"es","potentialAction":[{"@type":"ReadAction","target":["https:\/\/ibecbarcelona.eu\/es\/la-embl-ibec-winter-conference-se-clausura-con-un-gran-exito-de-participacion\/"]}]},{"@type":"ImageObject","inLanguage":"es","@id":"https:\/\/ibecbarcelona.eu\/es\/la-embl-ibec-winter-conference-se-clausura-con-un-gran-exito-de-participacion\/#primaryimage","url":"https:\/\/ibecbarcelona.eu\/wp-content\/uploads\/2020\/02\/eiwc20_1.png","contentUrl":"https:\/\/ibecbarcelona.eu\/wp-content\/uploads\/2020\/02\/eiwc20_1.png","width":500,"height":333},{"@type":"BreadcrumbList","@id":"https:\/\/ibecbarcelona.eu\/es\/la-embl-ibec-winter-conference-se-clausura-con-un-gran-exito-de-participacion\/#breadcrumb","itemListElement":[{"@type":"ListItem","position":1,"name":"Home","item":"https:\/\/ibecbarcelona.eu\/es\/"},{"@type":"ListItem","position":2,"name":"La EMBL-IBEC Winter Conference se clausura con un gran \u00e9xito de participaci\u00f3n"}]},{"@type":"WebSite","@id":"https:\/\/ibecbarcelona.eu\/#website","url":"https:\/\/ibecbarcelona.eu\/","name":"Institute for Bioengineering of Catalonia","description":"Bioengineering solutions for health","publisher":{"@id":"https:\/\/ibecbarcelona.eu\/#organization"},"potentialAction":[{"@type":"SearchAction","target":{"@type":"EntryPoint","urlTemplate":"https:\/\/ibecbarcelona.eu\/?s={search_term_string}"},"query-input":{"@type":"PropertyValueSpecification","valueRequired":true,"valueName":"search_term_string"}}],"inLanguage":"es"},{"@type":"Organization","@id":"https:\/\/ibecbarcelona.eu\/#organization","name":"Institute for Bioengineering of Catalonia","url":"https:\/\/ibecbarcelona.eu\/","logo":{"@type":"ImageObject","inLanguage":"es","@id":"https:\/\/ibecbarcelona.eu\/#\/schema\/logo\/image\/","url":"https:\/\/ibecbarcelona.eu\/wp-content\/uploads\/2026\/01\/cropped-IBEC_20ANYS_GRIS.png","contentUrl":"https:\/\/ibecbarcelona.eu\/wp-content\/uploads\/2026\/01\/cropped-IBEC_20ANYS_GRIS.png","width":696,"height":257,"caption":"Institute for Bioengineering of Catalonia"},"image":{"@id":"https:\/\/ibecbarcelona.eu\/#\/schema\/logo\/image\/"}},{"@type":"Person","@id":"https:\/\/ibecbarcelona.eu\/#\/schema\/person\/c212c6b589546130be67986b9290e2b8","name":"\u00c0ngels L\u00f3pez","image":{"@type":"ImageObject","inLanguage":"es","@id":"https:\/\/secure.gravatar.com\/avatar\/09ad6ba116bea0b15c5511860f83b302579fd7404c1180e9dae55c3f11d988c6?s=96&d=mm&r=g","url":"https:\/\/secure.gravatar.com\/avatar\/09ad6ba116bea0b15c5511860f83b302579fd7404c1180e9dae55c3f11d988c6?s=96&d=mm&r=g","contentUrl":"https:\/\/secure.gravatar.com\/avatar\/09ad6ba116bea0b15c5511860f83b302579fd7404c1180e9dae55c3f11d988c6?s=96&d=mm&r=g","caption":"\u00c0ngels L\u00f3pez"},"url":"https:\/\/ibecbarcelona.eu\/es\/author\/alopez\/"}]}},"AFP_featured_media_urls":{"full":["https:\/\/ibecbarcelona.eu\/wp-content\/uploads\/2020\/02\/eiwc20_1.png",500,333,false],"thumbnail":["https:\/\/ibecbarcelona.eu\/wp-content\/uploads\/2020\/02\/eiwc20_1-150x150.png",150,150,true],"medium":["https:\/\/ibecbarcelona.eu\/wp-content\/uploads\/2020\/02\/eiwc20_1-300x200.png",300,200,true],"medium_large":["https:\/\/ibecbarcelona.eu\/wp-content\/uploads\/2020\/02\/eiwc20_1.png",500,333,false],"large":["https:\/\/ibecbarcelona.eu\/wp-content\/uploads\/2020\/02\/eiwc20_1.png",500,333,false]},"AFP_attachments":{"full":["https:\/\/ibecbarcelona.eu\/wp-content\/uploads\/2020\/02\/eiwc20_1.png",500,333,false],"thumbnail":["https:\/\/ibecbarcelona.eu\/wp-content\/uploads\/2020\/02\/eiwc20_1-150x150.png",150,150,true],"medium":["https:\/\/ibecbarcelona.eu\/wp-content\/uploads\/2020\/02\/eiwc20_1-300x200.png",300,200,true],"medium_large":["https:\/\/ibecbarcelona.eu\/wp-content\/uploads\/2020\/02\/eiwc20_1.png",500,333,false],"large":["https:\/\/ibecbarcelona.eu\/wp-content\/uploads\/2020\/02\/eiwc20_1.png",500,333,false]},"AFP_videos":[],"AFP_video_blocks":"","AFP_category_names":["Noticias institucionales"],"_links":{"self":[{"href":"https:\/\/ibecbarcelona.eu\/es\/wp-json\/wp\/v2\/posts\/71376","targetHints":{"allow":["GET"]}}],"collection":[{"href":"https:\/\/ibecbarcelona.eu\/es\/wp-json\/wp\/v2\/posts"}],"about":[{"href":"https:\/\/ibecbarcelona.eu\/es\/wp-json\/wp\/v2\/types\/post"}],"author":[{"embeddable":true,"href":"https:\/\/ibecbarcelona.eu\/es\/wp-json\/wp\/v2\/users\/4"}],"replies":[{"embeddable":true,"href":"https:\/\/ibecbarcelona.eu\/es\/wp-json\/wp\/v2\/comments?post=71376"}],"version-history":[{"count":3,"href":"https:\/\/ibecbarcelona.eu\/es\/wp-json\/wp\/v2\/posts\/71376\/revisions"}],"predecessor-version":[{"id":71395,"href":"https:\/\/ibecbarcelona.eu\/es\/wp-json\/wp\/v2\/posts\/71376\/revisions\/71395"}],"wp:featuredmedia":[{"embeddable":true,"href":"https:\/\/ibecbarcelona.eu\/es\/wp-json\/wp\/v2\/media\/71380"}],"wp:attachment":[{"href":"https:\/\/ibecbarcelona.eu\/es\/wp-json\/wp\/v2\/media?parent=71376"}],"wp:term":[{"taxonomy":"category","embeddable":true,"href":"https:\/\/ibecbarcelona.eu\/es\/wp-json\/wp\/v2\/categories?post=71376"},{"taxonomy":"post_tag","embeddable":true,"href":"https:\/\/ibecbarcelona.eu\/es\/wp-json\/wp\/v2\/tags?post=71376"},{"taxonomy":"post_format","embeddable":true,"href":"https:\/\/ibecbarcelona.eu\/es\/wp-json\/wp\/v2\/post_formats?post=71376"}],"curies":[{"name":"wp","href":"https:\/\/api.w.org\/{rel}","templated":true}]}}