
{"id":71835,"date":"2019-11-23T13:47:07","date_gmt":"2019-11-23T12:47:07","guid":{"rendered":"http:\/\/ibecbarcelona.eu\/elisabeth-engel-en-radio-euskadi\/"},"modified":"2020-03-03T11:36:01","modified_gmt":"2020-03-03T10:36:01","slug":"elisabeth-engel-en-radio-euskadi","status":"publish","type":"post","link":"https:\/\/ibecbarcelona.eu\/es\/elisabeth-engel-en-radio-euskadi\/","title":{"rendered":"Elisabeth Engel en radio Euskadi"},"content":{"rendered":"<p>Pod\u00e9is escuchar su intervenci\u00f3n <a href=\"https:\/\/www.eitb.eus\/es\/radio\/radio-euskadi\/programas\/la-mecanica-del-caracol\/detalle\/6835551\/100xciencia4-lo-ciencia-hace-ti-ruta-dolmenes\/\" target=\"_blank\" rel=\"noopener noreferrer\">aqu\u00ed<\/a><\/p>\n","protected":false},"excerpt":{"rendered":"<h3><img decoding=\"async\" class=\"alignnone size-full wp-image-71830 lazyload\" data-src=\"http:\/\/www.ibecbarcelona.eu\/wp-content\/uploads\/2020\/02\/eengel_web.jpg\" alt=\"\" width=\"500\" height=\"375\" data-srcset=\"https:\/\/ibecbarcelona.eu\/wp-content\/uploads\/2020\/02\/eengel_web.jpg 500w, https:\/\/ibecbarcelona.eu\/wp-content\/uploads\/2020\/02\/eengel_web-300x225.jpg 300w, https:\/\/ibecbarcelona.eu\/wp-content\/uploads\/2020\/02\/eengel_web-150x113.jpg 150w\" data-sizes=\"(max-width: 500px) 100vw, 500px\" src=\"data:image\/svg+xml;base64,PHN2ZyB3aWR0aD0iMSIgaGVpZ2h0PSIxIiB4bWxucz0iaHR0cDovL3d3dy53My5vcmcvMjAwMC9zdmciPjwvc3ZnPg==\" style=\"--smush-placeholder-width: 500px; --smush-placeholder-aspect-ratio: 500\/375;\" \/>En motivo del encuentro de los centros de excelencia Severo Ochoa y Maria de Maeztu (SOMMa) en el evento 100xCiencia, celebrado en San Sebasti\u00e1n los d\u00edas 22 y 23 de noviembre, Elisabeth Engel habla en radio Euskadi sobre los \u00e1positos inteligentes que est\u00e1n desarrolando en su laboratorio. Estos ap\u00f3sitos liberan nanopart\u00edculas que contienen calcio para curar lesiones cr\u00f3nicas como por ejemplo las \u00falceras. <\/h3>\n","protected":false},"author":4,"featured_media":71832,"comment_status":"closed","ping_status":"closed","sticky":false,"template":"","format":"standard","meta":{"footnotes":""},"categories":[95],"tags":[774],"post_formats":[],"class_list":["post-71835","post","type-post","status-publish","format-standard","has-post-thumbnail","hentry","category-ibec-en-los-medios","tag-elisabeth-engel-es"],"yoast_head":"<!-- This site is optimized with the Yoast SEO plugin v27.5 - https:\/\/yoast.com\/product\/yoast-seo-wordpress\/ -->\n<title>Elisabeth Engel en radio Euskadi - Institute for Bioengineering of Catalonia<\/title>\n<meta name=\"robots\" content=\"index, follow, max-snippet:-1, max-image-preview:large, max-video-preview:-1\" \/>\n<link rel=\"canonical\" href=\"https:\/\/ibecbarcelona.eu\/es\/elisabeth-engel-en-radio-euskadi\/\" \/>\n<meta property=\"og:locale\" content=\"es_ES\" \/>\n<meta property=\"og:type\" content=\"article\" \/>\n<meta property=\"og:title\" content=\"Elisabeth Engel en radio Euskadi - Institute for Bioengineering of Catalonia\" \/>\n<meta property=\"og:description\" content=\"En motivo del encuentro de los centros de excelencia Severo Ochoa y Maria de Maeztu (SOMMa) en el evento 100xCiencia, celebrado en San Sebasti\u00e1n los d\u00edas 22 y 23 de noviembre, Elisabeth Engel habla en radio Euskadi sobre los \u00e1positos inteligentes que est\u00e1n desarrolando en su laboratorio. Estos ap\u00f3sitos liberan nanopart\u00edculas que contienen calcio para curar lesiones cr\u00f3nicas como por ejemplo las \u00falceras.\" \/>\n<meta property=\"og:url\" content=\"https:\/\/ibecbarcelona.eu\/es\/elisabeth-engel-en-radio-euskadi\/\" \/>\n<meta property=\"og:site_name\" content=\"Institute for Bioengineering of Catalonia\" \/>\n<meta property=\"article:published_time\" content=\"2019-11-23T12:47:07+00:00\" \/>\n<meta property=\"article:modified_time\" content=\"2020-03-03T10:36:01+00:00\" \/>\n<meta property=\"og:image\" content=\"https:\/\/ibecbarcelona.eu\/wp-content\/uploads\/2020\/02\/eengel_web.jpg\" \/>\n\t<meta property=\"og:image:width\" content=\"500\" \/>\n\t<meta property=\"og:image:height\" content=\"375\" \/>\n\t<meta property=\"og:image:type\" content=\"image\/jpeg\" \/>\n<meta name=\"author\" content=\"\u00c0ngels L\u00f3pez\" \/>\n<meta name=\"twitter:card\" content=\"summary_large_image\" \/>\n<meta name=\"twitter:label1\" content=\"Escrito por\" \/>\n\t<meta name=\"twitter:data1\" content=\"\u00c0ngels L\u00f3pez\" \/>\n<script type=\"application\/ld+json\" class=\"yoast-schema-graph\">{\"@context\":\"https:\\\/\\\/schema.org\",\"@graph\":[{\"@type\":\"Article\",\"@id\":\"https:\\\/\\\/ibecbarcelona.eu\\\/es\\\/elisabeth-engel-en-radio-euskadi\\\/#article\",\"isPartOf\":{\"@id\":\"https:\\\/\\\/ibecbarcelona.eu\\\/es\\\/elisabeth-engel-en-radio-euskadi\\\/\"},\"author\":{\"name\":\"\u00c0ngels L\u00f3pez\",\"@id\":\"https:\\\/\\\/ibecbarcelona.eu\\\/#\\\/schema\\\/person\\\/c212c6b589546130be67986b9290e2b8\"},\"headline\":\"Elisabeth Engel en radio Euskadi\",\"datePublished\":\"2019-11-23T12:47:07+00:00\",\"dateModified\":\"2020-03-03T10:36:01+00:00\",\"mainEntityOfPage\":{\"@id\":\"https:\\\/\\\/ibecbarcelona.eu\\\/es\\\/elisabeth-engel-en-radio-euskadi\\\/\"},\"wordCount\":12,\"publisher\":{\"@id\":\"https:\\\/\\\/ibecbarcelona.eu\\\/#organization\"},\"image\":{\"@id\":\"https:\\\/\\\/ibecbarcelona.eu\\\/es\\\/elisabeth-engel-en-radio-euskadi\\\/#primaryimage\"},\"thumbnailUrl\":\"https:\\\/\\\/ibecbarcelona.eu\\\/wp-content\\\/uploads\\\/2020\\\/02\\\/eengel_web.jpg\",\"keywords\":[\"Elisabeth Engel\"],\"articleSection\":[\"IBEC en los medios\"],\"inLanguage\":\"es\"},{\"@type\":\"WebPage\",\"@id\":\"https:\\\/\\\/ibecbarcelona.eu\\\/es\\\/elisabeth-engel-en-radio-euskadi\\\/\",\"url\":\"https:\\\/\\\/ibecbarcelona.eu\\\/es\\\/elisabeth-engel-en-radio-euskadi\\\/\",\"name\":\"Elisabeth Engel en radio Euskadi - Institute for Bioengineering of Catalonia\",\"isPartOf\":{\"@id\":\"https:\\\/\\\/ibecbarcelona.eu\\\/#website\"},\"primaryImageOfPage\":{\"@id\":\"https:\\\/\\\/ibecbarcelona.eu\\\/es\\\/elisabeth-engel-en-radio-euskadi\\\/#primaryimage\"},\"image\":{\"@id\":\"https:\\\/\\\/ibecbarcelona.eu\\\/es\\\/elisabeth-engel-en-radio-euskadi\\\/#primaryimage\"},\"thumbnailUrl\":\"https:\\\/\\\/ibecbarcelona.eu\\\/wp-content\\\/uploads\\\/2020\\\/02\\\/eengel_web.jpg\",\"datePublished\":\"2019-11-23T12:47:07+00:00\",\"dateModified\":\"2020-03-03T10:36:01+00:00\",\"breadcrumb\":{\"@id\":\"https:\\\/\\\/ibecbarcelona.eu\\\/es\\\/elisabeth-engel-en-radio-euskadi\\\/#breadcrumb\"},\"inLanguage\":\"es\",\"potentialAction\":[{\"@type\":\"ReadAction\",\"target\":[\"https:\\\/\\\/ibecbarcelona.eu\\\/es\\\/elisabeth-engel-en-radio-euskadi\\\/\"]}]},{\"@type\":\"ImageObject\",\"inLanguage\":\"es\",\"@id\":\"https:\\\/\\\/ibecbarcelona.eu\\\/es\\\/elisabeth-engel-en-radio-euskadi\\\/#primaryimage\",\"url\":\"https:\\\/\\\/ibecbarcelona.eu\\\/wp-content\\\/uploads\\\/2020\\\/02\\\/eengel_web.jpg\",\"contentUrl\":\"https:\\\/\\\/ibecbarcelona.eu\\\/wp-content\\\/uploads\\\/2020\\\/02\\\/eengel_web.jpg\",\"width\":500,\"height\":375},{\"@type\":\"BreadcrumbList\",\"@id\":\"https:\\\/\\\/ibecbarcelona.eu\\\/es\\\/elisabeth-engel-en-radio-euskadi\\\/#breadcrumb\",\"itemListElement\":[{\"@type\":\"ListItem\",\"position\":1,\"name\":\"Home\",\"item\":\"https:\\\/\\\/ibecbarcelona.eu\\\/es\\\/\"},{\"@type\":\"ListItem\",\"position\":2,\"name\":\"Elisabeth Engel en radio Euskadi\"}]},{\"@type\":\"WebSite\",\"@id\":\"https:\\\/\\\/ibecbarcelona.eu\\\/#website\",\"url\":\"https:\\\/\\\/ibecbarcelona.eu\\\/\",\"name\":\"Institute for Bioengineering of Catalonia\",\"description\":\"Bioengineering solutions for health\",\"publisher\":{\"@id\":\"https:\\\/\\\/ibecbarcelona.eu\\\/#organization\"},\"potentialAction\":[{\"@type\":\"SearchAction\",\"target\":{\"@type\":\"EntryPoint\",\"urlTemplate\":\"https:\\\/\\\/ibecbarcelona.eu\\\/?s={search_term_string}\"},\"query-input\":{\"@type\":\"PropertyValueSpecification\",\"valueRequired\":true,\"valueName\":\"search_term_string\"}}],\"inLanguage\":\"es\"},{\"@type\":\"Organization\",\"@id\":\"https:\\\/\\\/ibecbarcelona.eu\\\/#organization\",\"name\":\"Institute for Bioengineering of Catalonia\",\"url\":\"https:\\\/\\\/ibecbarcelona.eu\\\/\",\"logo\":{\"@type\":\"ImageObject\",\"inLanguage\":\"es\",\"@id\":\"https:\\\/\\\/ibecbarcelona.eu\\\/#\\\/schema\\\/logo\\\/image\\\/\",\"url\":\"https:\\\/\\\/ibecbarcelona.eu\\\/wp-content\\\/uploads\\\/2026\\\/01\\\/cropped-IBEC_20ANYS_GRIS.png\",\"contentUrl\":\"https:\\\/\\\/ibecbarcelona.eu\\\/wp-content\\\/uploads\\\/2026\\\/01\\\/cropped-IBEC_20ANYS_GRIS.png\",\"width\":696,\"height\":257,\"caption\":\"Institute for Bioengineering of Catalonia\"},\"image\":{\"@id\":\"https:\\\/\\\/ibecbarcelona.eu\\\/#\\\/schema\\\/logo\\\/image\\\/\"}},{\"@type\":\"Person\",\"@id\":\"https:\\\/\\\/ibecbarcelona.eu\\\/#\\\/schema\\\/person\\\/c212c6b589546130be67986b9290e2b8\",\"name\":\"\u00c0ngels L\u00f3pez\",\"image\":{\"@type\":\"ImageObject\",\"inLanguage\":\"es\",\"@id\":\"https:\\\/\\\/secure.gravatar.com\\\/avatar\\\/09ad6ba116bea0b15c5511860f83b302579fd7404c1180e9dae55c3f11d988c6?s=96&d=mm&r=g\",\"url\":\"https:\\\/\\\/secure.gravatar.com\\\/avatar\\\/09ad6ba116bea0b15c5511860f83b302579fd7404c1180e9dae55c3f11d988c6?s=96&d=mm&r=g\",\"contentUrl\":\"https:\\\/\\\/secure.gravatar.com\\\/avatar\\\/09ad6ba116bea0b15c5511860f83b302579fd7404c1180e9dae55c3f11d988c6?s=96&d=mm&r=g\",\"caption\":\"\u00c0ngels L\u00f3pez\"},\"url\":\"https:\\\/\\\/ibecbarcelona.eu\\\/es\\\/author\\\/alopez\\\/\"}]}<\/script>\n<!-- \/ Yoast SEO plugin. -->","yoast_head_json":{"title":"Elisabeth Engel en radio Euskadi - Institute for Bioengineering of Catalonia","robots":{"index":"index","follow":"follow","max-snippet":"max-snippet:-1","max-image-preview":"max-image-preview:large","max-video-preview":"max-video-preview:-1"},"canonical":"https:\/\/ibecbarcelona.eu\/es\/elisabeth-engel-en-radio-euskadi\/","og_locale":"es_ES","og_type":"article","og_title":"Elisabeth Engel en radio Euskadi - Institute for Bioengineering of Catalonia","og_description":"En motivo del encuentro de los centros de excelencia Severo Ochoa y Maria de Maeztu (SOMMa) en el evento 100xCiencia, celebrado en San Sebasti\u00e1n los d\u00edas 22 y 23 de noviembre, Elisabeth Engel habla en radio Euskadi sobre los \u00e1positos inteligentes que est\u00e1n desarrolando en su laboratorio. Estos ap\u00f3sitos liberan nanopart\u00edculas que contienen calcio para curar lesiones cr\u00f3nicas como por ejemplo las \u00falceras.","og_url":"https:\/\/ibecbarcelona.eu\/es\/elisabeth-engel-en-radio-euskadi\/","og_site_name":"Institute for Bioengineering of Catalonia","article_published_time":"2019-11-23T12:47:07+00:00","article_modified_time":"2020-03-03T10:36:01+00:00","og_image":[{"width":500,"height":375,"url":"https:\/\/ibecbarcelona.eu\/wp-content\/uploads\/2020\/02\/eengel_web.jpg","type":"image\/jpeg"}],"author":"\u00c0ngels L\u00f3pez","twitter_card":"summary_large_image","twitter_misc":{"Escrito por":"\u00c0ngels L\u00f3pez"},"schema":{"@context":"https:\/\/schema.org","@graph":[{"@type":"Article","@id":"https:\/\/ibecbarcelona.eu\/es\/elisabeth-engel-en-radio-euskadi\/#article","isPartOf":{"@id":"https:\/\/ibecbarcelona.eu\/es\/elisabeth-engel-en-radio-euskadi\/"},"author":{"name":"\u00c0ngels L\u00f3pez","@id":"https:\/\/ibecbarcelona.eu\/#\/schema\/person\/c212c6b589546130be67986b9290e2b8"},"headline":"Elisabeth Engel en radio Euskadi","datePublished":"2019-11-23T12:47:07+00:00","dateModified":"2020-03-03T10:36:01+00:00","mainEntityOfPage":{"@id":"https:\/\/ibecbarcelona.eu\/es\/elisabeth-engel-en-radio-euskadi\/"},"wordCount":12,"publisher":{"@id":"https:\/\/ibecbarcelona.eu\/#organization"},"image":{"@id":"https:\/\/ibecbarcelona.eu\/es\/elisabeth-engel-en-radio-euskadi\/#primaryimage"},"thumbnailUrl":"https:\/\/ibecbarcelona.eu\/wp-content\/uploads\/2020\/02\/eengel_web.jpg","keywords":["Elisabeth Engel"],"articleSection":["IBEC en los medios"],"inLanguage":"es"},{"@type":"WebPage","@id":"https:\/\/ibecbarcelona.eu\/es\/elisabeth-engel-en-radio-euskadi\/","url":"https:\/\/ibecbarcelona.eu\/es\/elisabeth-engel-en-radio-euskadi\/","name":"Elisabeth Engel en radio Euskadi - Institute for Bioengineering of Catalonia","isPartOf":{"@id":"https:\/\/ibecbarcelona.eu\/#website"},"primaryImageOfPage":{"@id":"https:\/\/ibecbarcelona.eu\/es\/elisabeth-engel-en-radio-euskadi\/#primaryimage"},"image":{"@id":"https:\/\/ibecbarcelona.eu\/es\/elisabeth-engel-en-radio-euskadi\/#primaryimage"},"thumbnailUrl":"https:\/\/ibecbarcelona.eu\/wp-content\/uploads\/2020\/02\/eengel_web.jpg","datePublished":"2019-11-23T12:47:07+00:00","dateModified":"2020-03-03T10:36:01+00:00","breadcrumb":{"@id":"https:\/\/ibecbarcelona.eu\/es\/elisabeth-engel-en-radio-euskadi\/#breadcrumb"},"inLanguage":"es","potentialAction":[{"@type":"ReadAction","target":["https:\/\/ibecbarcelona.eu\/es\/elisabeth-engel-en-radio-euskadi\/"]}]},{"@type":"ImageObject","inLanguage":"es","@id":"https:\/\/ibecbarcelona.eu\/es\/elisabeth-engel-en-radio-euskadi\/#primaryimage","url":"https:\/\/ibecbarcelona.eu\/wp-content\/uploads\/2020\/02\/eengel_web.jpg","contentUrl":"https:\/\/ibecbarcelona.eu\/wp-content\/uploads\/2020\/02\/eengel_web.jpg","width":500,"height":375},{"@type":"BreadcrumbList","@id":"https:\/\/ibecbarcelona.eu\/es\/elisabeth-engel-en-radio-euskadi\/#breadcrumb","itemListElement":[{"@type":"ListItem","position":1,"name":"Home","item":"https:\/\/ibecbarcelona.eu\/es\/"},{"@type":"ListItem","position":2,"name":"Elisabeth Engel en radio Euskadi"}]},{"@type":"WebSite","@id":"https:\/\/ibecbarcelona.eu\/#website","url":"https:\/\/ibecbarcelona.eu\/","name":"Institute for Bioengineering of Catalonia","description":"Bioengineering solutions for health","publisher":{"@id":"https:\/\/ibecbarcelona.eu\/#organization"},"potentialAction":[{"@type":"SearchAction","target":{"@type":"EntryPoint","urlTemplate":"https:\/\/ibecbarcelona.eu\/?s={search_term_string}"},"query-input":{"@type":"PropertyValueSpecification","valueRequired":true,"valueName":"search_term_string"}}],"inLanguage":"es"},{"@type":"Organization","@id":"https:\/\/ibecbarcelona.eu\/#organization","name":"Institute for Bioengineering of Catalonia","url":"https:\/\/ibecbarcelona.eu\/","logo":{"@type":"ImageObject","inLanguage":"es","@id":"https:\/\/ibecbarcelona.eu\/#\/schema\/logo\/image\/","url":"https:\/\/ibecbarcelona.eu\/wp-content\/uploads\/2026\/01\/cropped-IBEC_20ANYS_GRIS.png","contentUrl":"https:\/\/ibecbarcelona.eu\/wp-content\/uploads\/2026\/01\/cropped-IBEC_20ANYS_GRIS.png","width":696,"height":257,"caption":"Institute for Bioengineering of Catalonia"},"image":{"@id":"https:\/\/ibecbarcelona.eu\/#\/schema\/logo\/image\/"}},{"@type":"Person","@id":"https:\/\/ibecbarcelona.eu\/#\/schema\/person\/c212c6b589546130be67986b9290e2b8","name":"\u00c0ngels L\u00f3pez","image":{"@type":"ImageObject","inLanguage":"es","@id":"https:\/\/secure.gravatar.com\/avatar\/09ad6ba116bea0b15c5511860f83b302579fd7404c1180e9dae55c3f11d988c6?s=96&d=mm&r=g","url":"https:\/\/secure.gravatar.com\/avatar\/09ad6ba116bea0b15c5511860f83b302579fd7404c1180e9dae55c3f11d988c6?s=96&d=mm&r=g","contentUrl":"https:\/\/secure.gravatar.com\/avatar\/09ad6ba116bea0b15c5511860f83b302579fd7404c1180e9dae55c3f11d988c6?s=96&d=mm&r=g","caption":"\u00c0ngels L\u00f3pez"},"url":"https:\/\/ibecbarcelona.eu\/es\/author\/alopez\/"}]}},"AFP_featured_media_urls":{"full":["https:\/\/ibecbarcelona.eu\/wp-content\/uploads\/2020\/02\/eengel_web.jpg",500,375,false],"thumbnail":["https:\/\/ibecbarcelona.eu\/wp-content\/uploads\/2020\/02\/eengel_web-150x150.jpg",150,150,true],"medium":["https:\/\/ibecbarcelona.eu\/wp-content\/uploads\/2020\/02\/eengel_web-300x225.jpg",300,225,true],"medium_large":["https:\/\/ibecbarcelona.eu\/wp-content\/uploads\/2020\/02\/eengel_web.jpg",500,375,false],"large":["https:\/\/ibecbarcelona.eu\/wp-content\/uploads\/2020\/02\/eengel_web.jpg",500,375,false]},"AFP_attachments":{"full":["https:\/\/ibecbarcelona.eu\/wp-content\/uploads\/2020\/02\/eengel_web.jpg",500,375,false],"thumbnail":["https:\/\/ibecbarcelona.eu\/wp-content\/uploads\/2020\/02\/eengel_web-150x150.jpg",150,150,true],"medium":["https:\/\/ibecbarcelona.eu\/wp-content\/uploads\/2020\/02\/eengel_web-300x225.jpg",300,225,true],"medium_large":["https:\/\/ibecbarcelona.eu\/wp-content\/uploads\/2020\/02\/eengel_web.jpg",500,375,false],"large":["https:\/\/ibecbarcelona.eu\/wp-content\/uploads\/2020\/02\/eengel_web.jpg",500,375,false]},"AFP_videos":[],"AFP_video_blocks":"","AFP_category_names":["IBEC en los medios"],"_links":{"self":[{"href":"https:\/\/ibecbarcelona.eu\/es\/wp-json\/wp\/v2\/posts\/71835","targetHints":{"allow":["GET"]}}],"collection":[{"href":"https:\/\/ibecbarcelona.eu\/es\/wp-json\/wp\/v2\/posts"}],"about":[{"href":"https:\/\/ibecbarcelona.eu\/es\/wp-json\/wp\/v2\/types\/post"}],"author":[{"embeddable":true,"href":"https:\/\/ibecbarcelona.eu\/es\/wp-json\/wp\/v2\/users\/4"}],"replies":[{"embeddable":true,"href":"https:\/\/ibecbarcelona.eu\/es\/wp-json\/wp\/v2\/comments?post=71835"}],"version-history":[{"count":2,"href":"https:\/\/ibecbarcelona.eu\/es\/wp-json\/wp\/v2\/posts\/71835\/revisions"}],"predecessor-version":[{"id":71841,"href":"https:\/\/ibecbarcelona.eu\/es\/wp-json\/wp\/v2\/posts\/71835\/revisions\/71841"}],"wp:featuredmedia":[{"embeddable":true,"href":"https:\/\/ibecbarcelona.eu\/es\/wp-json\/wp\/v2\/media\/71832"}],"wp:attachment":[{"href":"https:\/\/ibecbarcelona.eu\/es\/wp-json\/wp\/v2\/media?parent=71835"}],"wp:term":[{"taxonomy":"category","embeddable":true,"href":"https:\/\/ibecbarcelona.eu\/es\/wp-json\/wp\/v2\/categories?post=71835"},{"taxonomy":"post_tag","embeddable":true,"href":"https:\/\/ibecbarcelona.eu\/es\/wp-json\/wp\/v2\/tags?post=71835"},{"taxonomy":"post_format","embeddable":true,"href":"https:\/\/ibecbarcelona.eu\/es\/wp-json\/wp\/v2\/post_formats?post=71835"}],"curies":[{"name":"wp","href":"https:\/\/api.w.org\/{rel}","templated":true}]}}