
{"id":72309,"date":"2020-03-10T11:44:45","date_gmt":"2020-03-10T10:44:45","guid":{"rendered":"http:\/\/ibecbarcelona.eu\/?p=72309"},"modified":"2020-06-05T10:36:24","modified_gmt":"2020-06-05T08:36:24","slug":"elisabeth-engel-en-el-metodo-podcast","status":"publish","type":"post","link":"https:\/\/ibecbarcelona.eu\/es\/elisabeth-engel-en-el-metodo-podcast\/","title":{"rendered":"Elisabeth Engel en \u00abEl M\u00e9todo\u00bb podcast"},"content":{"rendered":"<p>Tambi\u00e9n habla del proyecto europeo que coordina desde el IBEC llamado \u00ab<a href=\"https:\/\/nangioderm.eu\/\" target=\"_blank\" rel=\"noopener noreferrer\">nAngioDerm<\/a>\u00bb que pretende promover la regeneraci\u00f3n in situ de heridas cr\u00f3nicas y quemaduras cut\u00e1neas sin necesidad de c\u00e9lulas ni factores de crecimiento. El enfoque innovador de nAngioDerm se basa en la liberaci\u00f3n controlada de iones bioactivos.<\/p>\n<p>Pod\u00e9is escuchar el podcast completo <a href=\"https:\/\/cuonda.com\/el-metodo\/biomateriales#play\" target=\"_blank\" rel=\"noopener noreferrer\">aqu\u00ed<\/a><\/p>\n","protected":false},"excerpt":{"rendered":"<h3><a href=\"http:\/\/www.ibecbarcelona.eu\/?attachment_id=72298\" rel=\"attachment wp-att-72298\"><img decoding=\"async\" class=\"alignnone size-full wp-image-72298 lazyload\" data-src=\"http:\/\/www.ibecbarcelona.eu\/wp-content\/uploads\/2020\/03\/0M0A0983_.jpg\" alt=\"\" width=\"500\" height=\"333\" data-srcset=\"https:\/\/ibecbarcelona.eu\/wp-content\/uploads\/2020\/03\/0M0A0983_.jpg 500w, https:\/\/ibecbarcelona.eu\/wp-content\/uploads\/2020\/03\/0M0A0983_-300x200.jpg 300w, https:\/\/ibecbarcelona.eu\/wp-content\/uploads\/2020\/03\/0M0A0983_-150x100.jpg 150w\" data-sizes=\"(max-width: 500px) 100vw, 500px\" src=\"data:image\/svg+xml;base64,PHN2ZyB3aWR0aD0iMSIgaGVpZ2h0PSIxIiB4bWxucz0iaHR0cDovL3d3dy53My5vcmcvMjAwMC9zdmciPjwvc3ZnPg==\" style=\"--smush-placeholder-width: 500px; --smush-placeholder-aspect-ratio: 500\/333;\" \/><\/a>Segundo programa de nuestra colaboraci\u00f3n mensual con Lu\u00eds Quevedo al podcast \u00abEl M\u00e9todo\u00bb. Es el turno de Elisabeth Engel, investigadora principal del grupo \u00abBiomateriales para terapias regenerativas\u00bb del IBEC, donde nos habla de biomateriales, bioprinting 3D, medicina personalizada, entre otros.<\/h3>\n","protected":false},"author":4,"featured_media":72300,"comment_status":"closed","ping_status":"closed","sticky":false,"template":"","format":"standard","meta":{"footnotes":""},"categories":[95],"tags":[774],"post_formats":[],"class_list":["post-72309","post","type-post","status-publish","format-standard","has-post-thumbnail","hentry","category-ibec-en-los-medios","tag-elisabeth-engel-es"],"yoast_head":"<!-- This site is optimized with the Yoast SEO plugin v27.5 - https:\/\/yoast.com\/product\/yoast-seo-wordpress\/ -->\n<title>Elisabeth Engel en &quot;El M\u00e9todo&quot; podcast - Institute for Bioengineering of Catalonia<\/title>\n<meta name=\"robots\" content=\"index, follow, max-snippet:-1, max-image-preview:large, max-video-preview:-1\" \/>\n<link rel=\"canonical\" href=\"https:\/\/ibecbarcelona.eu\/es\/elisabeth-engel-en-el-metodo-podcast\/\" \/>\n<meta property=\"og:locale\" content=\"es_ES\" \/>\n<meta property=\"og:type\" content=\"article\" \/>\n<meta property=\"og:title\" content=\"Elisabeth Engel en &quot;El M\u00e9todo&quot; podcast - Institute for Bioengineering of Catalonia\" \/>\n<meta property=\"og:description\" content=\"Segundo programa de nuestra colaboraci\u00f3n mensual con Lu\u00eds Quevedo al podcast &quot;El M\u00e9todo&quot;. Es el turno de Elisabeth Engel, investigadora principal del grupo &quot;Biomateriales para terapias regenerativas&quot; del IBEC, donde nos habla de biomateriales, bioprinting 3D, medicina personalizada, entre otros.\" \/>\n<meta property=\"og:url\" content=\"https:\/\/ibecbarcelona.eu\/es\/elisabeth-engel-en-el-metodo-podcast\/\" \/>\n<meta property=\"og:site_name\" content=\"Institute for Bioengineering of Catalonia\" \/>\n<meta property=\"article:published_time\" content=\"2020-03-10T10:44:45+00:00\" \/>\n<meta property=\"article:modified_time\" content=\"2020-06-05T08:36:24+00:00\" \/>\n<meta property=\"og:image\" content=\"https:\/\/ibecbarcelona.eu\/wp-content\/uploads\/2020\/03\/0M0A0983_.jpg\" \/>\n\t<meta property=\"og:image:width\" content=\"500\" \/>\n\t<meta property=\"og:image:height\" content=\"333\" \/>\n\t<meta property=\"og:image:type\" content=\"image\/jpeg\" \/>\n<meta name=\"author\" content=\"\u00c0ngels L\u00f3pez\" \/>\n<meta name=\"twitter:card\" content=\"summary_large_image\" \/>\n<meta name=\"twitter:label1\" content=\"Escrito por\" \/>\n\t<meta name=\"twitter:data1\" content=\"\u00c0ngels L\u00f3pez\" \/>\n<script type=\"application\/ld+json\" class=\"yoast-schema-graph\">{\"@context\":\"https:\\\/\\\/schema.org\",\"@graph\":[{\"@type\":\"Article\",\"@id\":\"https:\\\/\\\/ibecbarcelona.eu\\\/es\\\/elisabeth-engel-en-el-metodo-podcast\\\/#article\",\"isPartOf\":{\"@id\":\"https:\\\/\\\/ibecbarcelona.eu\\\/es\\\/elisabeth-engel-en-el-metodo-podcast\\\/\"},\"author\":{\"name\":\"\u00c0ngels L\u00f3pez\",\"@id\":\"https:\\\/\\\/ibecbarcelona.eu\\\/#\\\/schema\\\/person\\\/c212c6b589546130be67986b9290e2b8\"},\"headline\":\"Elisabeth Engel en \u00abEl M\u00e9todo\u00bb podcast\",\"datePublished\":\"2020-03-10T10:44:45+00:00\",\"dateModified\":\"2020-06-05T08:36:24+00:00\",\"mainEntityOfPage\":{\"@id\":\"https:\\\/\\\/ibecbarcelona.eu\\\/es\\\/elisabeth-engel-en-el-metodo-podcast\\\/\"},\"wordCount\":67,\"publisher\":{\"@id\":\"https:\\\/\\\/ibecbarcelona.eu\\\/#organization\"},\"image\":{\"@id\":\"https:\\\/\\\/ibecbarcelona.eu\\\/es\\\/elisabeth-engel-en-el-metodo-podcast\\\/#primaryimage\"},\"thumbnailUrl\":\"https:\\\/\\\/ibecbarcelona.eu\\\/wp-content\\\/uploads\\\/2020\\\/03\\\/0M0A0983_.jpg\",\"keywords\":[\"Elisabeth Engel\"],\"articleSection\":[\"IBEC en los medios\"],\"inLanguage\":\"es\"},{\"@type\":\"WebPage\",\"@id\":\"https:\\\/\\\/ibecbarcelona.eu\\\/es\\\/elisabeth-engel-en-el-metodo-podcast\\\/\",\"url\":\"https:\\\/\\\/ibecbarcelona.eu\\\/es\\\/elisabeth-engel-en-el-metodo-podcast\\\/\",\"name\":\"Elisabeth Engel en \\\"El M\u00e9todo\\\" podcast - Institute for Bioengineering of Catalonia\",\"isPartOf\":{\"@id\":\"https:\\\/\\\/ibecbarcelona.eu\\\/#website\"},\"primaryImageOfPage\":{\"@id\":\"https:\\\/\\\/ibecbarcelona.eu\\\/es\\\/elisabeth-engel-en-el-metodo-podcast\\\/#primaryimage\"},\"image\":{\"@id\":\"https:\\\/\\\/ibecbarcelona.eu\\\/es\\\/elisabeth-engel-en-el-metodo-podcast\\\/#primaryimage\"},\"thumbnailUrl\":\"https:\\\/\\\/ibecbarcelona.eu\\\/wp-content\\\/uploads\\\/2020\\\/03\\\/0M0A0983_.jpg\",\"datePublished\":\"2020-03-10T10:44:45+00:00\",\"dateModified\":\"2020-06-05T08:36:24+00:00\",\"breadcrumb\":{\"@id\":\"https:\\\/\\\/ibecbarcelona.eu\\\/es\\\/elisabeth-engel-en-el-metodo-podcast\\\/#breadcrumb\"},\"inLanguage\":\"es\",\"potentialAction\":[{\"@type\":\"ReadAction\",\"target\":[\"https:\\\/\\\/ibecbarcelona.eu\\\/es\\\/elisabeth-engel-en-el-metodo-podcast\\\/\"]}]},{\"@type\":\"ImageObject\",\"inLanguage\":\"es\",\"@id\":\"https:\\\/\\\/ibecbarcelona.eu\\\/es\\\/elisabeth-engel-en-el-metodo-podcast\\\/#primaryimage\",\"url\":\"https:\\\/\\\/ibecbarcelona.eu\\\/wp-content\\\/uploads\\\/2020\\\/03\\\/0M0A0983_.jpg\",\"contentUrl\":\"https:\\\/\\\/ibecbarcelona.eu\\\/wp-content\\\/uploads\\\/2020\\\/03\\\/0M0A0983_.jpg\",\"width\":500,\"height\":333},{\"@type\":\"BreadcrumbList\",\"@id\":\"https:\\\/\\\/ibecbarcelona.eu\\\/es\\\/elisabeth-engel-en-el-metodo-podcast\\\/#breadcrumb\",\"itemListElement\":[{\"@type\":\"ListItem\",\"position\":1,\"name\":\"Home\",\"item\":\"https:\\\/\\\/ibecbarcelona.eu\\\/es\\\/\"},{\"@type\":\"ListItem\",\"position\":2,\"name\":\"Elisabeth Engel en &#8220;El M\u00e9todo&#8221; podcast\"}]},{\"@type\":\"WebSite\",\"@id\":\"https:\\\/\\\/ibecbarcelona.eu\\\/#website\",\"url\":\"https:\\\/\\\/ibecbarcelona.eu\\\/\",\"name\":\"Institute for Bioengineering of Catalonia\",\"description\":\"Bioengineering solutions for health\",\"publisher\":{\"@id\":\"https:\\\/\\\/ibecbarcelona.eu\\\/#organization\"},\"potentialAction\":[{\"@type\":\"SearchAction\",\"target\":{\"@type\":\"EntryPoint\",\"urlTemplate\":\"https:\\\/\\\/ibecbarcelona.eu\\\/?s={search_term_string}\"},\"query-input\":{\"@type\":\"PropertyValueSpecification\",\"valueRequired\":true,\"valueName\":\"search_term_string\"}}],\"inLanguage\":\"es\"},{\"@type\":\"Organization\",\"@id\":\"https:\\\/\\\/ibecbarcelona.eu\\\/#organization\",\"name\":\"Institute for Bioengineering of Catalonia\",\"url\":\"https:\\\/\\\/ibecbarcelona.eu\\\/\",\"logo\":{\"@type\":\"ImageObject\",\"inLanguage\":\"es\",\"@id\":\"https:\\\/\\\/ibecbarcelona.eu\\\/#\\\/schema\\\/logo\\\/image\\\/\",\"url\":\"https:\\\/\\\/ibecbarcelona.eu\\\/wp-content\\\/uploads\\\/2026\\\/01\\\/cropped-IBEC_20ANYS_GRIS.png\",\"contentUrl\":\"https:\\\/\\\/ibecbarcelona.eu\\\/wp-content\\\/uploads\\\/2026\\\/01\\\/cropped-IBEC_20ANYS_GRIS.png\",\"width\":696,\"height\":257,\"caption\":\"Institute for Bioengineering of Catalonia\"},\"image\":{\"@id\":\"https:\\\/\\\/ibecbarcelona.eu\\\/#\\\/schema\\\/logo\\\/image\\\/\"}},{\"@type\":\"Person\",\"@id\":\"https:\\\/\\\/ibecbarcelona.eu\\\/#\\\/schema\\\/person\\\/c212c6b589546130be67986b9290e2b8\",\"name\":\"\u00c0ngels L\u00f3pez\",\"image\":{\"@type\":\"ImageObject\",\"inLanguage\":\"es\",\"@id\":\"https:\\\/\\\/secure.gravatar.com\\\/avatar\\\/09ad6ba116bea0b15c5511860f83b302579fd7404c1180e9dae55c3f11d988c6?s=96&d=mm&r=g\",\"url\":\"https:\\\/\\\/secure.gravatar.com\\\/avatar\\\/09ad6ba116bea0b15c5511860f83b302579fd7404c1180e9dae55c3f11d988c6?s=96&d=mm&r=g\",\"contentUrl\":\"https:\\\/\\\/secure.gravatar.com\\\/avatar\\\/09ad6ba116bea0b15c5511860f83b302579fd7404c1180e9dae55c3f11d988c6?s=96&d=mm&r=g\",\"caption\":\"\u00c0ngels L\u00f3pez\"},\"url\":\"https:\\\/\\\/ibecbarcelona.eu\\\/es\\\/author\\\/alopez\\\/\"}]}<\/script>\n<!-- \/ Yoast SEO plugin. -->","yoast_head_json":{"title":"Elisabeth Engel en \"El M\u00e9todo\" podcast - Institute for Bioengineering of Catalonia","robots":{"index":"index","follow":"follow","max-snippet":"max-snippet:-1","max-image-preview":"max-image-preview:large","max-video-preview":"max-video-preview:-1"},"canonical":"https:\/\/ibecbarcelona.eu\/es\/elisabeth-engel-en-el-metodo-podcast\/","og_locale":"es_ES","og_type":"article","og_title":"Elisabeth Engel en \"El M\u00e9todo\" podcast - Institute for Bioengineering of Catalonia","og_description":"Segundo programa de nuestra colaboraci\u00f3n mensual con Lu\u00eds Quevedo al podcast \"El M\u00e9todo\". Es el turno de Elisabeth Engel, investigadora principal del grupo \"Biomateriales para terapias regenerativas\" del IBEC, donde nos habla de biomateriales, bioprinting 3D, medicina personalizada, entre otros.","og_url":"https:\/\/ibecbarcelona.eu\/es\/elisabeth-engel-en-el-metodo-podcast\/","og_site_name":"Institute for Bioengineering of Catalonia","article_published_time":"2020-03-10T10:44:45+00:00","article_modified_time":"2020-06-05T08:36:24+00:00","og_image":[{"width":500,"height":333,"url":"https:\/\/ibecbarcelona.eu\/wp-content\/uploads\/2020\/03\/0M0A0983_.jpg","type":"image\/jpeg"}],"author":"\u00c0ngels L\u00f3pez","twitter_card":"summary_large_image","twitter_misc":{"Escrito por":"\u00c0ngels L\u00f3pez"},"schema":{"@context":"https:\/\/schema.org","@graph":[{"@type":"Article","@id":"https:\/\/ibecbarcelona.eu\/es\/elisabeth-engel-en-el-metodo-podcast\/#article","isPartOf":{"@id":"https:\/\/ibecbarcelona.eu\/es\/elisabeth-engel-en-el-metodo-podcast\/"},"author":{"name":"\u00c0ngels L\u00f3pez","@id":"https:\/\/ibecbarcelona.eu\/#\/schema\/person\/c212c6b589546130be67986b9290e2b8"},"headline":"Elisabeth Engel en \u00abEl M\u00e9todo\u00bb podcast","datePublished":"2020-03-10T10:44:45+00:00","dateModified":"2020-06-05T08:36:24+00:00","mainEntityOfPage":{"@id":"https:\/\/ibecbarcelona.eu\/es\/elisabeth-engel-en-el-metodo-podcast\/"},"wordCount":67,"publisher":{"@id":"https:\/\/ibecbarcelona.eu\/#organization"},"image":{"@id":"https:\/\/ibecbarcelona.eu\/es\/elisabeth-engel-en-el-metodo-podcast\/#primaryimage"},"thumbnailUrl":"https:\/\/ibecbarcelona.eu\/wp-content\/uploads\/2020\/03\/0M0A0983_.jpg","keywords":["Elisabeth Engel"],"articleSection":["IBEC en los medios"],"inLanguage":"es"},{"@type":"WebPage","@id":"https:\/\/ibecbarcelona.eu\/es\/elisabeth-engel-en-el-metodo-podcast\/","url":"https:\/\/ibecbarcelona.eu\/es\/elisabeth-engel-en-el-metodo-podcast\/","name":"Elisabeth Engel en \"El M\u00e9todo\" podcast - Institute for Bioengineering of Catalonia","isPartOf":{"@id":"https:\/\/ibecbarcelona.eu\/#website"},"primaryImageOfPage":{"@id":"https:\/\/ibecbarcelona.eu\/es\/elisabeth-engel-en-el-metodo-podcast\/#primaryimage"},"image":{"@id":"https:\/\/ibecbarcelona.eu\/es\/elisabeth-engel-en-el-metodo-podcast\/#primaryimage"},"thumbnailUrl":"https:\/\/ibecbarcelona.eu\/wp-content\/uploads\/2020\/03\/0M0A0983_.jpg","datePublished":"2020-03-10T10:44:45+00:00","dateModified":"2020-06-05T08:36:24+00:00","breadcrumb":{"@id":"https:\/\/ibecbarcelona.eu\/es\/elisabeth-engel-en-el-metodo-podcast\/#breadcrumb"},"inLanguage":"es","potentialAction":[{"@type":"ReadAction","target":["https:\/\/ibecbarcelona.eu\/es\/elisabeth-engel-en-el-metodo-podcast\/"]}]},{"@type":"ImageObject","inLanguage":"es","@id":"https:\/\/ibecbarcelona.eu\/es\/elisabeth-engel-en-el-metodo-podcast\/#primaryimage","url":"https:\/\/ibecbarcelona.eu\/wp-content\/uploads\/2020\/03\/0M0A0983_.jpg","contentUrl":"https:\/\/ibecbarcelona.eu\/wp-content\/uploads\/2020\/03\/0M0A0983_.jpg","width":500,"height":333},{"@type":"BreadcrumbList","@id":"https:\/\/ibecbarcelona.eu\/es\/elisabeth-engel-en-el-metodo-podcast\/#breadcrumb","itemListElement":[{"@type":"ListItem","position":1,"name":"Home","item":"https:\/\/ibecbarcelona.eu\/es\/"},{"@type":"ListItem","position":2,"name":"Elisabeth Engel en &#8220;El M\u00e9todo&#8221; podcast"}]},{"@type":"WebSite","@id":"https:\/\/ibecbarcelona.eu\/#website","url":"https:\/\/ibecbarcelona.eu\/","name":"Institute for Bioengineering of Catalonia","description":"Bioengineering solutions for health","publisher":{"@id":"https:\/\/ibecbarcelona.eu\/#organization"},"potentialAction":[{"@type":"SearchAction","target":{"@type":"EntryPoint","urlTemplate":"https:\/\/ibecbarcelona.eu\/?s={search_term_string}"},"query-input":{"@type":"PropertyValueSpecification","valueRequired":true,"valueName":"search_term_string"}}],"inLanguage":"es"},{"@type":"Organization","@id":"https:\/\/ibecbarcelona.eu\/#organization","name":"Institute for Bioengineering of Catalonia","url":"https:\/\/ibecbarcelona.eu\/","logo":{"@type":"ImageObject","inLanguage":"es","@id":"https:\/\/ibecbarcelona.eu\/#\/schema\/logo\/image\/","url":"https:\/\/ibecbarcelona.eu\/wp-content\/uploads\/2026\/01\/cropped-IBEC_20ANYS_GRIS.png","contentUrl":"https:\/\/ibecbarcelona.eu\/wp-content\/uploads\/2026\/01\/cropped-IBEC_20ANYS_GRIS.png","width":696,"height":257,"caption":"Institute for Bioengineering of Catalonia"},"image":{"@id":"https:\/\/ibecbarcelona.eu\/#\/schema\/logo\/image\/"}},{"@type":"Person","@id":"https:\/\/ibecbarcelona.eu\/#\/schema\/person\/c212c6b589546130be67986b9290e2b8","name":"\u00c0ngels L\u00f3pez","image":{"@type":"ImageObject","inLanguage":"es","@id":"https:\/\/secure.gravatar.com\/avatar\/09ad6ba116bea0b15c5511860f83b302579fd7404c1180e9dae55c3f11d988c6?s=96&d=mm&r=g","url":"https:\/\/secure.gravatar.com\/avatar\/09ad6ba116bea0b15c5511860f83b302579fd7404c1180e9dae55c3f11d988c6?s=96&d=mm&r=g","contentUrl":"https:\/\/secure.gravatar.com\/avatar\/09ad6ba116bea0b15c5511860f83b302579fd7404c1180e9dae55c3f11d988c6?s=96&d=mm&r=g","caption":"\u00c0ngels L\u00f3pez"},"url":"https:\/\/ibecbarcelona.eu\/es\/author\/alopez\/"}]}},"AFP_featured_media_urls":{"full":["https:\/\/ibecbarcelona.eu\/wp-content\/uploads\/2020\/03\/0M0A0983_.jpg",500,333,false],"thumbnail":["https:\/\/ibecbarcelona.eu\/wp-content\/uploads\/2020\/03\/0M0A0983_-150x150.jpg",150,150,true],"medium":["https:\/\/ibecbarcelona.eu\/wp-content\/uploads\/2020\/03\/0M0A0983_-300x200.jpg",300,200,true],"medium_large":["https:\/\/ibecbarcelona.eu\/wp-content\/uploads\/2020\/03\/0M0A0983_.jpg",500,333,false],"large":["https:\/\/ibecbarcelona.eu\/wp-content\/uploads\/2020\/03\/0M0A0983_.jpg",500,333,false]},"AFP_attachments":{"full":["https:\/\/ibecbarcelona.eu\/wp-content\/uploads\/2020\/03\/0M0A0983_.jpg",500,333,false],"thumbnail":["https:\/\/ibecbarcelona.eu\/wp-content\/uploads\/2020\/03\/0M0A0983_-150x150.jpg",150,150,true],"medium":["https:\/\/ibecbarcelona.eu\/wp-content\/uploads\/2020\/03\/0M0A0983_-300x200.jpg",300,200,true],"medium_large":["https:\/\/ibecbarcelona.eu\/wp-content\/uploads\/2020\/03\/0M0A0983_.jpg",500,333,false],"large":["https:\/\/ibecbarcelona.eu\/wp-content\/uploads\/2020\/03\/0M0A0983_.jpg",500,333,false]},"AFP_videos":[],"AFP_video_blocks":"","AFP_category_names":["IBEC en los medios"],"_links":{"self":[{"href":"https:\/\/ibecbarcelona.eu\/es\/wp-json\/wp\/v2\/posts\/72309","targetHints":{"allow":["GET"]}}],"collection":[{"href":"https:\/\/ibecbarcelona.eu\/es\/wp-json\/wp\/v2\/posts"}],"about":[{"href":"https:\/\/ibecbarcelona.eu\/es\/wp-json\/wp\/v2\/types\/post"}],"author":[{"embeddable":true,"href":"https:\/\/ibecbarcelona.eu\/es\/wp-json\/wp\/v2\/users\/4"}],"replies":[{"embeddable":true,"href":"https:\/\/ibecbarcelona.eu\/es\/wp-json\/wp\/v2\/comments?post=72309"}],"version-history":[{"count":3,"href":"https:\/\/ibecbarcelona.eu\/es\/wp-json\/wp\/v2\/posts\/72309\/revisions"}],"predecessor-version":[{"id":72312,"href":"https:\/\/ibecbarcelona.eu\/es\/wp-json\/wp\/v2\/posts\/72309\/revisions\/72312"}],"wp:featuredmedia":[{"embeddable":true,"href":"https:\/\/ibecbarcelona.eu\/es\/wp-json\/wp\/v2\/media\/72300"}],"wp:attachment":[{"href":"https:\/\/ibecbarcelona.eu\/es\/wp-json\/wp\/v2\/media?parent=72309"}],"wp:term":[{"taxonomy":"category","embeddable":true,"href":"https:\/\/ibecbarcelona.eu\/es\/wp-json\/wp\/v2\/categories?post=72309"},{"taxonomy":"post_tag","embeddable":true,"href":"https:\/\/ibecbarcelona.eu\/es\/wp-json\/wp\/v2\/tags?post=72309"},{"taxonomy":"post_format","embeddable":true,"href":"https:\/\/ibecbarcelona.eu\/es\/wp-json\/wp\/v2\/post_formats?post=72309"}],"curies":[{"name":"wp","href":"https:\/\/api.w.org\/{rel}","templated":true}]}}