
{"id":73347,"date":"2020-03-16T11:58:46","date_gmt":"2020-03-16T10:58:46","guid":{"rendered":"http:\/\/ibecbarcelona.eu\/?p=73347"},"modified":"2021-02-12T17:36:54","modified_gmt":"2021-02-12T16:36:54","slug":"el-ibec-se-suma-a-la-comunidad-base3d-para-contribuir-al-futuro-de-la-impresion-3d","status":"publish","type":"post","link":"https:\/\/ibecbarcelona.eu\/es\/el-ibec-se-suma-a-la-comunidad-base3d-para-contribuir-al-futuro-de-la-impresion-3d\/","title":{"rendered":"El IBEC se suma a la comunidad BASE3D para contribuir al futuro de la impresi\u00f3n 3D"},"content":{"rendered":"<p>El proyecto est\u00e1 liderado por el CIM de la Universidad Polit\u00e9cnica de Catalu\u00f1a (UPC) \u2014una entidad perteneciente a la UPC que tiene como misi\u00f3n transferir conocimientos de ingenier\u00eda y de gesti\u00f3n de la tecnolog\u00eda\u2014y re\u00fane a los centros de investigaci\u00f3n m\u00e1s prestigiosos de Catalu\u00f1a para potenciar la I+D+i en impresi\u00f3n 3D.<\/p>\n<p><span data-contrast=\"auto\">Con un presupuesto de 3.7 M\u20ac\u00a0<\/span><span data-contrast=\"auto\">e<\/span><span data-contrast=\"auto\">l<\/span><span data-contrast=\"auto\">\u00a0<\/span><span data-contrast=\"auto\">consorcio tiene por<\/span><span data-contrast=\"auto\">\u00a0objetivo afrontar los principales retos actuales de las tecnolog\u00edas de fabricaci\u00f3n aditiva, entre los cuales se encuentran la formulaci\u00f3n de nuevos materiales, la optimizaci\u00f3n d<\/span><span data-contrast=\"auto\">e\u00a0<\/span><span data-contrast=\"auto\">la tecnolog\u00eda para la obtenci\u00f3n de piezas funcionales, los acabados y\u00a0postprocesados<\/span><span data-contrast=\"auto\">,<\/span><span data-contrast=\"auto\">\u00a0<\/span><span data-contrast=\"auto\">y<\/span><span data-contrast=\"auto\">\u00a0el incremento de la productivida<\/span><span data-contrast=\"auto\">d.<\/span><span data-contrast=\"auto\">\u00a0Cada una de las tecnolog\u00edas propuestas por el proyect<\/span><span data-contrast=\"auto\">o<\/span><span data-contrast=\"auto\">\u00a0<\/span><span data-contrast=\"auto\">tendr\u00e1 un gran impacto<\/span><span data-contrast=\"auto\">\u00a0en sectores como la industria\u00a0<\/span><span data-contrast=\"auto\">tradicional<\/span><span data-contrast=\"auto\">, la industria alimentaria, el sector biom\u00e9dico y el sector de<\/span><span data-contrast=\"auto\">\u00a0la<\/span><span data-contrast=\"auto\">\u00a0construcci\u00f3n.<\/span><span data-ccp-props=\"{&quot;201341983&quot;:0,&quot;335551550&quot;:6,&quot;335551620&quot;:6,&quot;335559739&quot;:160,&quot;335559740&quot;:276}\">\u00a0<\/span><\/p>\n<p><span data-contrast=\"auto\">BASE3D<\/span><span data-contrast=\"auto\">\u00a0<\/span><span data-contrast=\"auto\">se divide en 4\u00a0sub-<\/span><span data-contrast=\"auto\">proyectos<\/span><span data-contrast=\"auto\">:<\/span><span data-ccp-props=\"{&quot;201341983&quot;:0,&quot;335551550&quot;:6,&quot;335551620&quot;:6,&quot;335559739&quot;:160,&quot;335559740&quot;:276}\">\u00a0<\/span><\/p>\n<ul>\n<li aria-setsize=\"-1\" data-aria-level=\"1\" data-aria-posinset=\"4\" data-listid=\"1\" data-font=\"Calibri\" data-leveltext=\"-\"><b><span data-contrast=\"auto\">Light3D<\/span><\/b><span data-contrast=\"auto\">:<\/span><span data-contrast=\"auto\">\u00a0enfocado a estudiar las tecnolog\u00edas 3D relacionadas con la luz para la fabricaci\u00f3n aditiva<\/span><span data-contrast=\"auto\">\u00a0(impresi\u00f3n 3D)<\/span><span data-contrast=\"auto\">\u00a0con\u00a0<\/span><span data-contrast=\"auto\">el\u00a0<\/span><span data-contrast=\"auto\">objet<\/span><span data-contrast=\"auto\">ivo<\/span><span data-contrast=\"auto\">\u00a0de mejorar los materiales y su uso para sus\u00a0<\/span><span data-contrast=\"auto\">m\u00faltiples<\/span><span data-contrast=\"auto\">\u00a0aplicaciones.\u00a0<\/span><span data-ccp-props=\"{&quot;134233279&quot;:true,&quot;201341983&quot;:0,&quot;335551550&quot;:6,&quot;335551620&quot;:6,&quot;335559739&quot;:160,&quot;335559740&quot;:276}\">\u00a0<\/span><\/li>\n<li aria-setsize=\"-1\" data-aria-level=\"1\" data-aria-posinset=\"4\" data-listid=\"1\" data-font=\"Calibri\" data-leveltext=\"-\"><b><span data-contrast=\"auto\">Fuse3D<\/span><\/b><span data-contrast=\"auto\">:<\/span><span data-contrast=\"auto\">\u00a0se centra en la mejora de los sistemas de conformaci\u00f3n de piezas por deposici\u00f3n de material caliente en forma\u00a0semi-fundida\u00a0o pastosa, aplicable fundamentalmente a materiales pl\u00e1sticos, met\u00e1licos o mixtos.<\/span><span data-ccp-props=\"{&quot;134233279&quot;:true,&quot;201341983&quot;:0,&quot;335551550&quot;:6,&quot;335551620&quot;:6,&quot;335559739&quot;:160,&quot;335559740&quot;:276}\">\u00a0<\/span><\/li>\n<li aria-setsize=\"-1\" data-aria-level=\"1\" data-aria-posinset=\"4\" data-listid=\"1\" data-font=\"Calibri\" data-leveltext=\"-\"><b><span data-contrast=\"auto\">Ink3D<\/span><\/b><span data-contrast=\"auto\">: centrado en dar respuesta a los grandes retos tecnol\u00f3gicos de impresi\u00f3n por deposici\u00f3n de materiales viscosos a temperatura ambiente con el\u00a0<\/span><span data-contrast=\"auto\">objetivo<\/span><span data-contrast=\"auto\">\u00a0de obtener estructuras 3D con un elevado control de la estructura\u00a0multiescala\u00a0y la fabricaci\u00f3n de piezas complejas\u00a0multimaterial\u00a0y\u00a0core-shell.\u00a0<\/span><span data-contrast=\"auto\">O<\/span><span data-contrast=\"auto\">ptimizar\u00e1 la\u00a0<\/span><span data-contrast=\"auto\">calidad<\/span><span data-contrast=\"auto\">\u00a0y la resoluci\u00f3n de la fabricaci\u00f3n de piezas para aplicaciones en el \u00e1mbito de la energ\u00eda y<\/span><span data-contrast=\"auto\">\u00a0la<\/span><span data-contrast=\"auto\">\u00a0biomedicina.<\/span><span data-ccp-props=\"{&quot;134233279&quot;:true,&quot;201341983&quot;:0,&quot;335551550&quot;:6,&quot;335551620&quot;:6,&quot;335559739&quot;:160,&quot;335559740&quot;:276}\">\u00a0<\/span><\/li>\n<\/ul>\n<ul>\n<li aria-setsize=\"-1\" data-aria-level=\"1\" data-aria-posinset=\"4\" data-listid=\"1\" data-font=\"Calibri\" data-leveltext=\"-\"><b><span data-contrast=\"auto\">Hybrid3D<\/span><\/b><span data-contrast=\"auto\">: su finalidad es el desarrollo, optimizaci\u00f3n e integraci\u00f3n de diferentes tecnolog\u00edas de fabricaci\u00f3n aditiva para obtener piezas\u00a0multimaterial\u00a0de alto valor a\u00f1adido.<\/span><span data-ccp-props=\"{&quot;134233279&quot;:true,&quot;201341983&quot;:0,&quot;335551550&quot;:6,&quot;335551620&quot;:6,&quot;335559739&quot;:160,&quot;335559740&quot;:276}\">\u00a0<\/span><\/li>\n<\/ul>\n<p><span data-contrast=\"auto\">El proyecto<\/span><span data-contrast=\"auto\">\u00a0<\/span><span data-contrast=\"auto\">se enmarca<\/span><span data-contrast=\"auto\">\u00a0en el<\/span><span data-contrast=\"auto\">\u00a0programa de tecnolog\u00edas emergentes que ha\u00a0<\/span><span data-contrast=\"auto\">impulsado<\/span><span data-contrast=\"auto\">\u00a0la Generalitat de Catalu\u00f1a<\/span><span data-contrast=\"auto\">\u00a0(co<\/span><span data-contrast=\"auto\">&#8211;<\/span><span data-contrast=\"auto\">financiadora\u00a0del proyecto)<\/span><span data-contrast=\"auto\">\u00a0a trav\u00e9s\u00a0<\/span><span data-contrast=\"auto\">su \u201c<\/span><span data-contrast=\"auto\">Estrategia<\/span><span data-contrast=\"auto\">\u00a0de\u00a0<\/span><span data-contrast=\"auto\">investigaci\u00f3n e\u00a0<\/span><span data-contrast=\"auto\">I<\/span><span data-contrast=\"auto\">nnovaci\u00f3n para la<\/span><span data-contrast=\"auto\">\u00a0E<\/span><span data-contrast=\"auto\">specializaci\u00f3n\u00a0<\/span><span data-contrast=\"auto\">I<\/span><span data-contrast=\"auto\">nteligente de Catalu\u00f1a<\/span><span data-contrast=\"auto\">\u201d<\/span><span data-contrast=\"auto\">\u00a0<\/span><span data-contrast=\"auto\">(<\/span><a href=\"http:\/\/catalunya2020.gencat.cat\/ca\/ris3cat\/\"><span data-contrast=\"none\">RIS3CAT<\/span><\/a><span data-contrast=\"auto\">\u00a0por sus siglas en catal\u00e1n).<\/span><span data-contrast=\"auto\">\u00a0<\/span><span data-contrast=\"auto\">RIS3CAT\u00a0<\/span><span data-contrast=\"auto\">impulsa el desarrollo de nuevas actividades emergentes basadas en tecnolog\u00edas o procesos innovadores que tengan po<\/span><span data-contrast=\"auto\">r<\/span><span data-contrast=\"auto\">\u00a0objetivo abrir nuevos merca<\/span><span data-contrast=\"auto\">do<\/span><span data-contrast=\"auto\">s o\u00a0<\/span><span data-contrast=\"auto\">transformar<\/span><span data-contrast=\"auto\">\u00a0lo<\/span><span data-contrast=\"auto\">s q<\/span><span data-contrast=\"auto\">ue ya existen. Se trata de nuevas tecnolog\u00edas con un elevado potencial para generar nuevas actividades econ\u00f3micas\u00a0<\/span><span data-contrast=\"auto\">que\u00a0<\/span><span data-contrast=\"auto\">son prioritarias en las pol\u00edticas de investigaci\u00f3n e innovaci\u00f3n del Gobierno de Catalu\u00f1a\u00a0<\/span><span data-contrast=\"auto\">y para la Uni\u00f3n Europea.<\/span><span data-contrast=\"auto\">\u00a0<\/span><span data-ccp-props=\"{&quot;201341983&quot;:0,&quot;335551550&quot;:6,&quot;335551620&quot;:6,&quot;335559739&quot;:160,&quot;335559740&quot;:276}\">\u00a0<\/span><\/p>\n<p><span data-contrast=\"auto\">La agrupaci\u00f3n BASE3D est\u00e1\u00a0<\/span><span data-contrast=\"auto\">compuest<\/span><span data-contrast=\"auto\">a<\/span><span data-contrast=\"auto\">\u00a0por una larga lista de integrantes, entre\u00a0<\/span><span data-contrast=\"auto\">los que se encuentran<\/span><span data-contrast=\"auto\">\u00a0los siguientes institutos\u00a0<\/span><span data-contrast=\"auto\">de investigaci\u00f3n y empresas<\/span><span data-contrast=\"auto\">, as\u00ed como tambi\u00e9n 12 grupos\u00a0<\/span><span data-contrast=\"auto\">de investigaci\u00f3n de la UPC\u00a0<\/span><span data-contrast=\"auto\">que contar\u00e1n con un 45% del presupuesto total destinado<\/span><span data-contrast=\"auto\">\u00a0a este proyecto:<\/span><\/p>\n<ul>\n<li aria-setsize=\"-1\" data-aria-level=\"1\" data-aria-posinset=\"4\" data-listid=\"1\" data-font=\"Calibri\" data-leveltext=\"-\"><span data-contrast=\"auto\">Centro Internacional de M\u00e9todos Num\u00e9ricos en la Ingenier\u00eda (CIMNE)<\/span><span data-ccp-props=\"{&quot;134233279&quot;:true,&quot;201341983&quot;:0,&quot;335559739&quot;:160,&quot;335559740&quot;:240}\">\u00a0<\/span><\/li>\n<\/ul>\n<ul>\n<li aria-setsize=\"-1\" data-aria-level=\"1\" data-aria-posinset=\"4\" data-listid=\"1\" data-font=\"Calibri\" data-leveltext=\"-\"><span data-contrast=\"auto\">E<\/span><span data-contrast=\"auto\">l grupo GEMAT del Instituto Qu\u00edmico de Sarri\u00e0 (IQS)<\/span><span data-ccp-props=\"{&quot;134233279&quot;:true,&quot;201341983&quot;:0,&quot;335559739&quot;:160,&quot;335559740&quot;:240}\">\u00a0<\/span><\/li>\n<li aria-setsize=\"-1\" data-aria-level=\"1\" data-aria-posinset=\"4\" data-listid=\"1\" data-font=\"Calibri\" data-leveltext=\"-\"><span data-contrast=\"auto\">Instituto Catal\u00e1n de Investigaci\u00f3n Qu\u00edmica (ICIQ)<\/span><span data-ccp-props=\"{&quot;134233279&quot;:true,&quot;201341983&quot;:0,&quot;335559739&quot;:160,&quot;335559740&quot;:240}\">\u00a0<\/span><\/li>\n<li aria-setsize=\"-1\" data-aria-level=\"1\" data-aria-posinset=\"4\" data-listid=\"1\" data-font=\"Calibri\" data-leveltext=\"-\"><span data-contrast=\"auto\">Fundaci\u00f3n y el Hospital Sant Joan de\u00a0D\u00e9u\u00a0<\/span><span data-ccp-props=\"{&quot;134233279&quot;:true,&quot;201341983&quot;:0,&quot;335559739&quot;:160,&quot;335559740&quot;:240}\">\u00a0<\/span><\/li>\n<li aria-setsize=\"-1\" data-aria-level=\"1\" data-aria-posinset=\"4\" data-listid=\"1\" data-font=\"Calibri\" data-leveltext=\"-\"><span data-contrast=\"auto\">Instituto de<\/span><span data-contrast=\"auto\">\u00a0<\/span><span data-contrast=\"auto\">Investigaci\u00f3n en Energ\u00eda de Catalunya (IREC)<\/span><span data-ccp-props=\"{&quot;134233279&quot;:true,&quot;201341983&quot;:0,&quot;335559739&quot;:160,&quot;335559740&quot;:240}\">\u00a0<\/span><\/li>\n<li aria-setsize=\"-1\" data-aria-level=\"1\" data-aria-posinset=\"4\" data-listid=\"1\" data-font=\"Calibri\" data-leveltext=\"-\"><span data-contrast=\"auto\">E<\/span><span data-contrast=\"auto\">l Grupo de Investigaci\u00f3n en Ingenier\u00eda de Producto Proceso y<\/span><span data-contrast=\"auto\">\u00a0<\/span><span data-contrast=\"auto\">Producci\u00f3n (GREP) de la\u00a0Universitat\u00a0de Girona (UdG)<\/span><span data-ccp-props=\"{&quot;134233279&quot;:true,&quot;201341983&quot;:0,&quot;335559739&quot;:160,&quot;335559740&quot;:240}\">\u00a0<\/span><\/li>\n<\/ul>\n<ul>\n<li aria-setsize=\"-1\" data-aria-level=\"1\" data-aria-posinset=\"4\" data-listid=\"1\" data-font=\"Calibri\" data-leveltext=\"-\"><span data-contrast=\"auto\">Centro de Dise\u00f1o y Optimizaci\u00f3n de Procesos y<\/span><span data-contrast=\"auto\">\u00a0<\/span><span data-contrast=\"auto\">Materiales (DIOPMA) de la\u00a0Universitat\u00a0de Barcelona (UB)\u00a0<\/span><span data-ccp-props=\"{&quot;134233279&quot;:true,&quot;201341983&quot;:0,&quot;335559739&quot;:160,&quot;335559740&quot;:240}\">\u00a0<\/span><\/li>\n<li aria-setsize=\"-1\" data-aria-level=\"1\" data-aria-posinset=\"4\" data-listid=\"1\" data-font=\"Calibri\" data-leveltext=\"-\"><span data-contrast=\"auto\">Centro de Prototipos y Soluciones<\/span><span data-contrast=\"auto\">\u00a0<\/span><span data-contrast=\"auto\">Hardware-Software (CEPHIS) de la\u00a0Universitat\u00a0Aut\u00f2noma\u00a0de Barcelona (UAB)<\/span><span data-ccp-props=\"{&quot;134233279&quot;:true,&quot;201341983&quot;:0,&quot;335559739&quot;:160,&quot;335559740&quot;:240}\">\u00a0<\/span><\/li>\n<li aria-setsize=\"-1\" data-aria-level=\"1\" data-aria-posinset=\"4\" data-listid=\"1\" data-font=\"Calibri\" data-leveltext=\"-\"><span data-contrast=\"auto\">LEITAT\u00a0\u00a0<\/span><span data-ccp-props=\"{&quot;134233279&quot;:true,&quot;201341983&quot;:0,&quot;335559739&quot;:160,&quot;335559740&quot;:240}\">\u00a0<\/span><\/li>\n<li aria-setsize=\"-1\" data-aria-level=\"1\" data-aria-posinset=\"4\" data-listid=\"1\" data-font=\"Calibri\" data-leveltext=\"-\"><span data-contrast=\"auto\">Eurecat<\/span><span data-ccp-props=\"{&quot;134233279&quot;:true,&quot;201341983&quot;:0,&quot;335559739&quot;:160,&quot;335559740&quot;:240}\">\u00a0<\/span><\/li>\n<\/ul>\n<p><img decoding=\"async\" class=\"alignleft size-full wp-image-81738 lazyload\" data-src=\"https:\/\/ibecbarcelona.eu\/wp-content\/uploads\/2021\/02\/logotip_FEDERforweb-1.jpg\" alt=\"\" width=\"787\" height=\"101\" data-srcset=\"https:\/\/ibecbarcelona.eu\/wp-content\/uploads\/2021\/02\/logotip_FEDERforweb-1.jpg 787w, https:\/\/ibecbarcelona.eu\/wp-content\/uploads\/2021\/02\/logotip_FEDERforweb-1-300x39.jpg 300w, https:\/\/ibecbarcelona.eu\/wp-content\/uploads\/2021\/02\/logotip_FEDERforweb-1-768x99.jpg 768w, https:\/\/ibecbarcelona.eu\/wp-content\/uploads\/2021\/02\/logotip_FEDERforweb-1-150x19.jpg 150w\" data-sizes=\"(max-width: 787px) 100vw, 787px\" src=\"data:image\/svg+xml;base64,PHN2ZyB3aWR0aD0iMSIgaGVpZ2h0PSIxIiB4bWxucz0iaHR0cDovL3d3dy53My5vcmcvMjAwMC9zdmciPjwvc3ZnPg==\" style=\"--smush-placeholder-width: 787px; --smush-placeholder-aspect-ratio: 787\/101;\" \/><\/p>\n","protected":false},"excerpt":{"rendered":"<h3><img decoding=\"async\" class=\"alignnone size-full wp-image-73349 lazyload\" data-src=\"http:\/\/www.ibecbarcelona.eu\/wp-content\/uploads\/2020\/03\/BAse3d.jpg\" alt=\"\" width=\"400\" height=\"266\" data-srcset=\"https:\/\/ibecbarcelona.eu\/wp-content\/uploads\/2020\/03\/BAse3d.jpg 400w, https:\/\/ibecbarcelona.eu\/wp-content\/uploads\/2020\/03\/BAse3d-300x200.jpg 300w, https:\/\/ibecbarcelona.eu\/wp-content\/uploads\/2020\/03\/BAse3d-150x100.jpg 150w\" data-sizes=\"(max-width: 400px) 100vw, 400px\" src=\"data:image\/svg+xml;base64,PHN2ZyB3aWR0aD0iMSIgaGVpZ2h0PSIxIiB4bWxucz0iaHR0cDovL3d3dy53My5vcmcvMjAwMC9zdmciPjwvc3ZnPg==\" style=\"--smush-placeholder-width: 400px; --smush-placeholder-aspect-ratio: 400\/266;\" \/>El Instituto de Bioingenier\u00eda de Catalu\u00f1a (IBEC) aportar\u00e1 su amplia experiencia en impresi\u00f3n y bioimpresi\u00f3n 3D a comunidad BASE 3D, una entidad que agrupa centros de investigaci\u00f3n de toda Catalu\u00f1a con el objetivo de potenciar la I+D+i en el campo de la impresi\u00f3n 3D.<\/h3>\n<p>Los grupos dirigidos por Josep Samitier, Elisabeth Engel, N\u00faria Montserrat y Javier Ram\u00f3n en el IBEC se suman al proyecto BASE3D.<\/p>\n","protected":false},"author":4,"featured_media":73349,"comment_status":"closed","ping_status":"closed","sticky":false,"template":"","format":"standard","meta":{"footnotes":""},"categories":[94],"tags":[933,303,774,302,1130,1137,1124],"post_formats":[],"class_list":["post-73347","post","type-post","status-publish","format-standard","has-post-thumbnail","hentry","category-noticias-institucionales","tag-base3d","tag-bioimpresion","tag-elisabeth-engel-es","tag-impresion-3d","tag-javier-ramon-es","tag-josep-samitier-es","tag-nuria-montserrat-es-2"],"yoast_head":"<!-- This site is optimized with the Yoast SEO plugin v27.5 - https:\/\/yoast.com\/product\/yoast-seo-wordpress\/ -->\n<title>El IBEC se suma a la comunidad BASE3D para contribuir al futuro de la impresi\u00f3n 3D - Institute for Bioengineering of Catalonia<\/title>\n<meta name=\"robots\" content=\"index, follow, max-snippet:-1, max-image-preview:large, max-video-preview:-1\" \/>\n<link rel=\"canonical\" href=\"https:\/\/ibecbarcelona.eu\/es\/el-ibec-se-suma-a-la-comunidad-base3d-para-contribuir-al-futuro-de-la-impresion-3d\/\" \/>\n<meta property=\"og:locale\" content=\"es_ES\" \/>\n<meta property=\"og:type\" content=\"article\" \/>\n<meta property=\"og:title\" content=\"El IBEC se suma a la comunidad BASE3D para contribuir al futuro de la impresi\u00f3n 3D - Institute for Bioengineering of Catalonia\" \/>\n<meta property=\"og:description\" content=\"El Instituto de Bioingenier\u00eda de Catalu\u00f1a (IBEC) aportar\u00e1 su amplia experiencia en impresi\u00f3n y bioimpresi\u00f3n 3D a comunidad BASE 3D, una entidad que agrupa centros de investigaci\u00f3n de toda Catalu\u00f1a con el objetivo de potenciar la I+D+i en el campo de la impresi\u00f3n 3D. Los grupos dirigidos por Josep Samitier, Elisabeth Engel, N\u00faria Montserrat y Javier Ram\u00f3n en el IBEC se suman al proyecto BASE3D.\" \/>\n<meta property=\"og:url\" content=\"https:\/\/ibecbarcelona.eu\/es\/el-ibec-se-suma-a-la-comunidad-base3d-para-contribuir-al-futuro-de-la-impresion-3d\/\" \/>\n<meta property=\"og:site_name\" content=\"Institute for Bioengineering of Catalonia\" \/>\n<meta property=\"article:published_time\" content=\"2020-03-16T10:58:46+00:00\" \/>\n<meta property=\"article:modified_time\" content=\"2021-02-12T16:36:54+00:00\" \/>\n<meta property=\"og:image\" content=\"https:\/\/ibecbarcelona.eu\/wp-content\/uploads\/2020\/03\/BAse3d.jpg\" \/>\n\t<meta property=\"og:image:width\" content=\"400\" \/>\n\t<meta property=\"og:image:height\" content=\"266\" \/>\n\t<meta property=\"og:image:type\" content=\"image\/jpeg\" \/>\n<meta name=\"author\" content=\"\u00c0ngels L\u00f3pez\" \/>\n<meta name=\"twitter:card\" content=\"summary_large_image\" \/>\n<meta name=\"twitter:label1\" content=\"Escrito por\" \/>\n\t<meta name=\"twitter:data1\" content=\"\u00c0ngels L\u00f3pez\" \/>\n\t<meta name=\"twitter:label2\" content=\"Tiempo de lectura\" \/>\n\t<meta name=\"twitter:data2\" content=\"3 minutos\" \/>\n<script type=\"application\/ld+json\" class=\"yoast-schema-graph\">{\"@context\":\"https:\\\/\\\/schema.org\",\"@graph\":[{\"@type\":\"Article\",\"@id\":\"https:\\\/\\\/ibecbarcelona.eu\\\/es\\\/el-ibec-se-suma-a-la-comunidad-base3d-para-contribuir-al-futuro-de-la-impresion-3d\\\/#article\",\"isPartOf\":{\"@id\":\"https:\\\/\\\/ibecbarcelona.eu\\\/es\\\/el-ibec-se-suma-a-la-comunidad-base3d-para-contribuir-al-futuro-de-la-impresion-3d\\\/\"},\"author\":{\"name\":\"\u00c0ngels L\u00f3pez\",\"@id\":\"https:\\\/\\\/ibecbarcelona.eu\\\/#\\\/schema\\\/person\\\/c212c6b589546130be67986b9290e2b8\"},\"headline\":\"El IBEC se suma a la comunidad BASE3D para contribuir al futuro de la impresi\u00f3n 3D\",\"datePublished\":\"2020-03-16T10:58:46+00:00\",\"dateModified\":\"2021-02-12T16:36:54+00:00\",\"mainEntityOfPage\":{\"@id\":\"https:\\\/\\\/ibecbarcelona.eu\\\/es\\\/el-ibec-se-suma-a-la-comunidad-base3d-para-contribuir-al-futuro-de-la-impresion-3d\\\/\"},\"wordCount\":650,\"publisher\":{\"@id\":\"https:\\\/\\\/ibecbarcelona.eu\\\/#organization\"},\"image\":{\"@id\":\"https:\\\/\\\/ibecbarcelona.eu\\\/es\\\/el-ibec-se-suma-a-la-comunidad-base3d-para-contribuir-al-futuro-de-la-impresion-3d\\\/#primaryimage\"},\"thumbnailUrl\":\"https:\\\/\\\/ibecbarcelona.eu\\\/wp-content\\\/uploads\\\/2020\\\/03\\\/BAse3d.jpg\",\"keywords\":[\"BASE3D\",\"Bioimpresi\u00f3n\",\"Elisabeth Engel\",\"Impresi\u00f3n 3D\",\"Javier Ram\u00f3n\",\"Josep Samitier\",\"Nuria Montserrat\"],\"articleSection\":[\"Noticias institucionales\"],\"inLanguage\":\"es\"},{\"@type\":\"WebPage\",\"@id\":\"https:\\\/\\\/ibecbarcelona.eu\\\/es\\\/el-ibec-se-suma-a-la-comunidad-base3d-para-contribuir-al-futuro-de-la-impresion-3d\\\/\",\"url\":\"https:\\\/\\\/ibecbarcelona.eu\\\/es\\\/el-ibec-se-suma-a-la-comunidad-base3d-para-contribuir-al-futuro-de-la-impresion-3d\\\/\",\"name\":\"El IBEC se suma a la comunidad BASE3D para contribuir al futuro de la impresi\u00f3n 3D - Institute for Bioengineering of Catalonia\",\"isPartOf\":{\"@id\":\"https:\\\/\\\/ibecbarcelona.eu\\\/#website\"},\"primaryImageOfPage\":{\"@id\":\"https:\\\/\\\/ibecbarcelona.eu\\\/es\\\/el-ibec-se-suma-a-la-comunidad-base3d-para-contribuir-al-futuro-de-la-impresion-3d\\\/#primaryimage\"},\"image\":{\"@id\":\"https:\\\/\\\/ibecbarcelona.eu\\\/es\\\/el-ibec-se-suma-a-la-comunidad-base3d-para-contribuir-al-futuro-de-la-impresion-3d\\\/#primaryimage\"},\"thumbnailUrl\":\"https:\\\/\\\/ibecbarcelona.eu\\\/wp-content\\\/uploads\\\/2020\\\/03\\\/BAse3d.jpg\",\"datePublished\":\"2020-03-16T10:58:46+00:00\",\"dateModified\":\"2021-02-12T16:36:54+00:00\",\"breadcrumb\":{\"@id\":\"https:\\\/\\\/ibecbarcelona.eu\\\/es\\\/el-ibec-se-suma-a-la-comunidad-base3d-para-contribuir-al-futuro-de-la-impresion-3d\\\/#breadcrumb\"},\"inLanguage\":\"es\",\"potentialAction\":[{\"@type\":\"ReadAction\",\"target\":[\"https:\\\/\\\/ibecbarcelona.eu\\\/es\\\/el-ibec-se-suma-a-la-comunidad-base3d-para-contribuir-al-futuro-de-la-impresion-3d\\\/\"]}]},{\"@type\":\"ImageObject\",\"inLanguage\":\"es\",\"@id\":\"https:\\\/\\\/ibecbarcelona.eu\\\/es\\\/el-ibec-se-suma-a-la-comunidad-base3d-para-contribuir-al-futuro-de-la-impresion-3d\\\/#primaryimage\",\"url\":\"https:\\\/\\\/ibecbarcelona.eu\\\/wp-content\\\/uploads\\\/2020\\\/03\\\/BAse3d.jpg\",\"contentUrl\":\"https:\\\/\\\/ibecbarcelona.eu\\\/wp-content\\\/uploads\\\/2020\\\/03\\\/BAse3d.jpg\",\"width\":400,\"height\":266},{\"@type\":\"BreadcrumbList\",\"@id\":\"https:\\\/\\\/ibecbarcelona.eu\\\/es\\\/el-ibec-se-suma-a-la-comunidad-base3d-para-contribuir-al-futuro-de-la-impresion-3d\\\/#breadcrumb\",\"itemListElement\":[{\"@type\":\"ListItem\",\"position\":1,\"name\":\"Home\",\"item\":\"https:\\\/\\\/ibecbarcelona.eu\\\/es\\\/\"},{\"@type\":\"ListItem\",\"position\":2,\"name\":\"El IBEC se suma a la comunidad BASE3D para contribuir al futuro de la impresi\u00f3n 3D\"}]},{\"@type\":\"WebSite\",\"@id\":\"https:\\\/\\\/ibecbarcelona.eu\\\/#website\",\"url\":\"https:\\\/\\\/ibecbarcelona.eu\\\/\",\"name\":\"Institute for Bioengineering of Catalonia\",\"description\":\"Bioengineering solutions for health\",\"publisher\":{\"@id\":\"https:\\\/\\\/ibecbarcelona.eu\\\/#organization\"},\"potentialAction\":[{\"@type\":\"SearchAction\",\"target\":{\"@type\":\"EntryPoint\",\"urlTemplate\":\"https:\\\/\\\/ibecbarcelona.eu\\\/?s={search_term_string}\"},\"query-input\":{\"@type\":\"PropertyValueSpecification\",\"valueRequired\":true,\"valueName\":\"search_term_string\"}}],\"inLanguage\":\"es\"},{\"@type\":\"Organization\",\"@id\":\"https:\\\/\\\/ibecbarcelona.eu\\\/#organization\",\"name\":\"Institute for Bioengineering of Catalonia\",\"url\":\"https:\\\/\\\/ibecbarcelona.eu\\\/\",\"logo\":{\"@type\":\"ImageObject\",\"inLanguage\":\"es\",\"@id\":\"https:\\\/\\\/ibecbarcelona.eu\\\/#\\\/schema\\\/logo\\\/image\\\/\",\"url\":\"https:\\\/\\\/ibecbarcelona.eu\\\/wp-content\\\/uploads\\\/2026\\\/01\\\/cropped-IBEC_20ANYS_GRIS.png\",\"contentUrl\":\"https:\\\/\\\/ibecbarcelona.eu\\\/wp-content\\\/uploads\\\/2026\\\/01\\\/cropped-IBEC_20ANYS_GRIS.png\",\"width\":696,\"height\":257,\"caption\":\"Institute for Bioengineering of Catalonia\"},\"image\":{\"@id\":\"https:\\\/\\\/ibecbarcelona.eu\\\/#\\\/schema\\\/logo\\\/image\\\/\"}},{\"@type\":\"Person\",\"@id\":\"https:\\\/\\\/ibecbarcelona.eu\\\/#\\\/schema\\\/person\\\/c212c6b589546130be67986b9290e2b8\",\"name\":\"\u00c0ngels L\u00f3pez\",\"image\":{\"@type\":\"ImageObject\",\"inLanguage\":\"es\",\"@id\":\"https:\\\/\\\/secure.gravatar.com\\\/avatar\\\/09ad6ba116bea0b15c5511860f83b302579fd7404c1180e9dae55c3f11d988c6?s=96&d=mm&r=g\",\"url\":\"https:\\\/\\\/secure.gravatar.com\\\/avatar\\\/09ad6ba116bea0b15c5511860f83b302579fd7404c1180e9dae55c3f11d988c6?s=96&d=mm&r=g\",\"contentUrl\":\"https:\\\/\\\/secure.gravatar.com\\\/avatar\\\/09ad6ba116bea0b15c5511860f83b302579fd7404c1180e9dae55c3f11d988c6?s=96&d=mm&r=g\",\"caption\":\"\u00c0ngels L\u00f3pez\"},\"url\":\"https:\\\/\\\/ibecbarcelona.eu\\\/es\\\/author\\\/alopez\\\/\"}]}<\/script>\n<!-- \/ Yoast SEO plugin. -->","yoast_head_json":{"title":"El IBEC se suma a la comunidad BASE3D para contribuir al futuro de la impresi\u00f3n 3D - Institute for Bioengineering of Catalonia","robots":{"index":"index","follow":"follow","max-snippet":"max-snippet:-1","max-image-preview":"max-image-preview:large","max-video-preview":"max-video-preview:-1"},"canonical":"https:\/\/ibecbarcelona.eu\/es\/el-ibec-se-suma-a-la-comunidad-base3d-para-contribuir-al-futuro-de-la-impresion-3d\/","og_locale":"es_ES","og_type":"article","og_title":"El IBEC se suma a la comunidad BASE3D para contribuir al futuro de la impresi\u00f3n 3D - Institute for Bioengineering of Catalonia","og_description":"El Instituto de Bioingenier\u00eda de Catalu\u00f1a (IBEC) aportar\u00e1 su amplia experiencia en impresi\u00f3n y bioimpresi\u00f3n 3D a comunidad BASE 3D, una entidad que agrupa centros de investigaci\u00f3n de toda Catalu\u00f1a con el objetivo de potenciar la I+D+i en el campo de la impresi\u00f3n 3D. Los grupos dirigidos por Josep Samitier, Elisabeth Engel, N\u00faria Montserrat y Javier Ram\u00f3n en el IBEC se suman al proyecto BASE3D.","og_url":"https:\/\/ibecbarcelona.eu\/es\/el-ibec-se-suma-a-la-comunidad-base3d-para-contribuir-al-futuro-de-la-impresion-3d\/","og_site_name":"Institute for Bioengineering of Catalonia","article_published_time":"2020-03-16T10:58:46+00:00","article_modified_time":"2021-02-12T16:36:54+00:00","og_image":[{"width":400,"height":266,"url":"https:\/\/ibecbarcelona.eu\/wp-content\/uploads\/2020\/03\/BAse3d.jpg","type":"image\/jpeg"}],"author":"\u00c0ngels L\u00f3pez","twitter_card":"summary_large_image","twitter_misc":{"Escrito por":"\u00c0ngels L\u00f3pez","Tiempo de lectura":"3 minutos"},"schema":{"@context":"https:\/\/schema.org","@graph":[{"@type":"Article","@id":"https:\/\/ibecbarcelona.eu\/es\/el-ibec-se-suma-a-la-comunidad-base3d-para-contribuir-al-futuro-de-la-impresion-3d\/#article","isPartOf":{"@id":"https:\/\/ibecbarcelona.eu\/es\/el-ibec-se-suma-a-la-comunidad-base3d-para-contribuir-al-futuro-de-la-impresion-3d\/"},"author":{"name":"\u00c0ngels L\u00f3pez","@id":"https:\/\/ibecbarcelona.eu\/#\/schema\/person\/c212c6b589546130be67986b9290e2b8"},"headline":"El IBEC se suma a la comunidad BASE3D para contribuir al futuro de la impresi\u00f3n 3D","datePublished":"2020-03-16T10:58:46+00:00","dateModified":"2021-02-12T16:36:54+00:00","mainEntityOfPage":{"@id":"https:\/\/ibecbarcelona.eu\/es\/el-ibec-se-suma-a-la-comunidad-base3d-para-contribuir-al-futuro-de-la-impresion-3d\/"},"wordCount":650,"publisher":{"@id":"https:\/\/ibecbarcelona.eu\/#organization"},"image":{"@id":"https:\/\/ibecbarcelona.eu\/es\/el-ibec-se-suma-a-la-comunidad-base3d-para-contribuir-al-futuro-de-la-impresion-3d\/#primaryimage"},"thumbnailUrl":"https:\/\/ibecbarcelona.eu\/wp-content\/uploads\/2020\/03\/BAse3d.jpg","keywords":["BASE3D","Bioimpresi\u00f3n","Elisabeth Engel","Impresi\u00f3n 3D","Javier Ram\u00f3n","Josep Samitier","Nuria Montserrat"],"articleSection":["Noticias institucionales"],"inLanguage":"es"},{"@type":"WebPage","@id":"https:\/\/ibecbarcelona.eu\/es\/el-ibec-se-suma-a-la-comunidad-base3d-para-contribuir-al-futuro-de-la-impresion-3d\/","url":"https:\/\/ibecbarcelona.eu\/es\/el-ibec-se-suma-a-la-comunidad-base3d-para-contribuir-al-futuro-de-la-impresion-3d\/","name":"El IBEC se suma a la comunidad BASE3D para contribuir al futuro de la impresi\u00f3n 3D - Institute for Bioengineering of Catalonia","isPartOf":{"@id":"https:\/\/ibecbarcelona.eu\/#website"},"primaryImageOfPage":{"@id":"https:\/\/ibecbarcelona.eu\/es\/el-ibec-se-suma-a-la-comunidad-base3d-para-contribuir-al-futuro-de-la-impresion-3d\/#primaryimage"},"image":{"@id":"https:\/\/ibecbarcelona.eu\/es\/el-ibec-se-suma-a-la-comunidad-base3d-para-contribuir-al-futuro-de-la-impresion-3d\/#primaryimage"},"thumbnailUrl":"https:\/\/ibecbarcelona.eu\/wp-content\/uploads\/2020\/03\/BAse3d.jpg","datePublished":"2020-03-16T10:58:46+00:00","dateModified":"2021-02-12T16:36:54+00:00","breadcrumb":{"@id":"https:\/\/ibecbarcelona.eu\/es\/el-ibec-se-suma-a-la-comunidad-base3d-para-contribuir-al-futuro-de-la-impresion-3d\/#breadcrumb"},"inLanguage":"es","potentialAction":[{"@type":"ReadAction","target":["https:\/\/ibecbarcelona.eu\/es\/el-ibec-se-suma-a-la-comunidad-base3d-para-contribuir-al-futuro-de-la-impresion-3d\/"]}]},{"@type":"ImageObject","inLanguage":"es","@id":"https:\/\/ibecbarcelona.eu\/es\/el-ibec-se-suma-a-la-comunidad-base3d-para-contribuir-al-futuro-de-la-impresion-3d\/#primaryimage","url":"https:\/\/ibecbarcelona.eu\/wp-content\/uploads\/2020\/03\/BAse3d.jpg","contentUrl":"https:\/\/ibecbarcelona.eu\/wp-content\/uploads\/2020\/03\/BAse3d.jpg","width":400,"height":266},{"@type":"BreadcrumbList","@id":"https:\/\/ibecbarcelona.eu\/es\/el-ibec-se-suma-a-la-comunidad-base3d-para-contribuir-al-futuro-de-la-impresion-3d\/#breadcrumb","itemListElement":[{"@type":"ListItem","position":1,"name":"Home","item":"https:\/\/ibecbarcelona.eu\/es\/"},{"@type":"ListItem","position":2,"name":"El IBEC se suma a la comunidad BASE3D para contribuir al futuro de la impresi\u00f3n 3D"}]},{"@type":"WebSite","@id":"https:\/\/ibecbarcelona.eu\/#website","url":"https:\/\/ibecbarcelona.eu\/","name":"Institute for Bioengineering of Catalonia","description":"Bioengineering solutions for health","publisher":{"@id":"https:\/\/ibecbarcelona.eu\/#organization"},"potentialAction":[{"@type":"SearchAction","target":{"@type":"EntryPoint","urlTemplate":"https:\/\/ibecbarcelona.eu\/?s={search_term_string}"},"query-input":{"@type":"PropertyValueSpecification","valueRequired":true,"valueName":"search_term_string"}}],"inLanguage":"es"},{"@type":"Organization","@id":"https:\/\/ibecbarcelona.eu\/#organization","name":"Institute for Bioengineering of Catalonia","url":"https:\/\/ibecbarcelona.eu\/","logo":{"@type":"ImageObject","inLanguage":"es","@id":"https:\/\/ibecbarcelona.eu\/#\/schema\/logo\/image\/","url":"https:\/\/ibecbarcelona.eu\/wp-content\/uploads\/2026\/01\/cropped-IBEC_20ANYS_GRIS.png","contentUrl":"https:\/\/ibecbarcelona.eu\/wp-content\/uploads\/2026\/01\/cropped-IBEC_20ANYS_GRIS.png","width":696,"height":257,"caption":"Institute for Bioengineering of Catalonia"},"image":{"@id":"https:\/\/ibecbarcelona.eu\/#\/schema\/logo\/image\/"}},{"@type":"Person","@id":"https:\/\/ibecbarcelona.eu\/#\/schema\/person\/c212c6b589546130be67986b9290e2b8","name":"\u00c0ngels L\u00f3pez","image":{"@type":"ImageObject","inLanguage":"es","@id":"https:\/\/secure.gravatar.com\/avatar\/09ad6ba116bea0b15c5511860f83b302579fd7404c1180e9dae55c3f11d988c6?s=96&d=mm&r=g","url":"https:\/\/secure.gravatar.com\/avatar\/09ad6ba116bea0b15c5511860f83b302579fd7404c1180e9dae55c3f11d988c6?s=96&d=mm&r=g","contentUrl":"https:\/\/secure.gravatar.com\/avatar\/09ad6ba116bea0b15c5511860f83b302579fd7404c1180e9dae55c3f11d988c6?s=96&d=mm&r=g","caption":"\u00c0ngels L\u00f3pez"},"url":"https:\/\/ibecbarcelona.eu\/es\/author\/alopez\/"}]}},"AFP_featured_media_urls":{"full":["https:\/\/ibecbarcelona.eu\/wp-content\/uploads\/2020\/03\/BAse3d.jpg",400,266,false],"thumbnail":["https:\/\/ibecbarcelona.eu\/wp-content\/uploads\/2020\/03\/BAse3d-150x150.jpg",150,150,true],"medium":["https:\/\/ibecbarcelona.eu\/wp-content\/uploads\/2020\/03\/BAse3d-300x200.jpg",300,200,true],"medium_large":["https:\/\/ibecbarcelona.eu\/wp-content\/uploads\/2020\/03\/BAse3d.jpg",400,266,false],"large":["https:\/\/ibecbarcelona.eu\/wp-content\/uploads\/2020\/03\/BAse3d.jpg",400,266,false]},"AFP_attachments":{"full":["https:\/\/ibecbarcelona.eu\/wp-content\/uploads\/2021\/02\/logotip_FEDERforweb-1.jpg",787,101,false],"thumbnail":["https:\/\/ibecbarcelona.eu\/wp-content\/uploads\/2021\/02\/logotip_FEDERforweb-1-150x101.jpg",150,101,true],"medium":["https:\/\/ibecbarcelona.eu\/wp-content\/uploads\/2021\/02\/logotip_FEDERforweb-1-300x39.jpg",300,39,true],"medium_large":["https:\/\/ibecbarcelona.eu\/wp-content\/uploads\/2021\/02\/logotip_FEDERforweb-1-768x99.jpg",768,99,true],"large":["https:\/\/ibecbarcelona.eu\/wp-content\/uploads\/2021\/02\/logotip_FEDERforweb-1.jpg",787,101,false]},"AFP_videos":[],"AFP_video_blocks":"","AFP_category_names":["Noticias institucionales"],"_links":{"self":[{"href":"https:\/\/ibecbarcelona.eu\/es\/wp-json\/wp\/v2\/posts\/73347","targetHints":{"allow":["GET"]}}],"collection":[{"href":"https:\/\/ibecbarcelona.eu\/es\/wp-json\/wp\/v2\/posts"}],"about":[{"href":"https:\/\/ibecbarcelona.eu\/es\/wp-json\/wp\/v2\/types\/post"}],"author":[{"embeddable":true,"href":"https:\/\/ibecbarcelona.eu\/es\/wp-json\/wp\/v2\/users\/4"}],"replies":[{"embeddable":true,"href":"https:\/\/ibecbarcelona.eu\/es\/wp-json\/wp\/v2\/comments?post=73347"}],"version-history":[{"count":5,"href":"https:\/\/ibecbarcelona.eu\/es\/wp-json\/wp\/v2\/posts\/73347\/revisions"}],"predecessor-version":[{"id":81748,"href":"https:\/\/ibecbarcelona.eu\/es\/wp-json\/wp\/v2\/posts\/73347\/revisions\/81748"}],"wp:featuredmedia":[{"embeddable":true,"href":"https:\/\/ibecbarcelona.eu\/es\/wp-json\/wp\/v2\/media\/73349"}],"wp:attachment":[{"href":"https:\/\/ibecbarcelona.eu\/es\/wp-json\/wp\/v2\/media?parent=73347"}],"wp:term":[{"taxonomy":"category","embeddable":true,"href":"https:\/\/ibecbarcelona.eu\/es\/wp-json\/wp\/v2\/categories?post=73347"},{"taxonomy":"post_tag","embeddable":true,"href":"https:\/\/ibecbarcelona.eu\/es\/wp-json\/wp\/v2\/tags?post=73347"},{"taxonomy":"post_format","embeddable":true,"href":"https:\/\/ibecbarcelona.eu\/es\/wp-json\/wp\/v2\/post_formats?post=73347"}],"curies":[{"name":"wp","href":"https:\/\/api.w.org\/{rel}","templated":true}]}}