
{"id":75211,"date":"2020-06-10T11:07:56","date_gmt":"2020-06-10T09:07:56","guid":{"rendered":"http:\/\/ibecbarcelona.eu\/?p=75211"},"modified":"2020-11-19T09:20:42","modified_gmt":"2020-11-19T08:20:42","slug":"assistant-administratiu-de-core-facilities","status":"publish","type":"post","link":"https:\/\/ibecbarcelona.eu\/es\/assistant-administratiu-de-core-facilities\/","title":{"rendered":"Assistant Administratiu de Core Facilities"},"content":{"rendered":"<p>&nbsp;<\/p>\n<p><strong>Principals tasques i responsabilitats:<\/strong><\/p>\n<ul>\n<li>Gestionar el material de laboratori de la \u201cbotiga\u201d IBEC: control de l\u2019estoc, compra, recepci\u00f3, emmagatzematge i venda.<\/li>\n<li>Compra i reposici\u00f3 de material d\u2019\u00fas com\u00fa dels laboratoris.<\/li>\n<li>Recepci\u00f3 de material i equipament: gesti\u00f3 d\u2019albarans i actualitzaci\u00f3 d\u2019inventari en SAP.<\/li>\n<li>Mantenir actualitzades les bases de dades d\u2019usuaris i documents de facturaci\u00f3 relacionats amb els serveis de la unitat de Core Facilities<\/li>\n<li>Organitzar la compra i distribuci\u00f3 dels EPIs. Gestionar el rentat de les bates de laboratori: recollida, enviament i reposici\u00f3.<\/li>\n<\/ul>\n<p>&nbsp;<\/p>\n<p><strong>Requeriments:<\/strong><\/p>\n<p>&nbsp;<\/p>\n<ul>\n<li>Formaci\u00f3 de Cicle Formatiu de Grau Mig\/Superior en Gesti\u00f3 Administrativa.<\/li>\n<li>Catal\u00e0 i castell\u00e0, tant verbal com escrit. Coneixement mitj\u00e0 d\u2019angl\u00e8s.<\/li>\n<li>Capacitat comunicativa, proactivitat, organitzaci\u00f3, planificaci\u00f3, facilitat pel treball en equip i orientaci\u00f3 al client intern.<\/li>\n<li>Usuari avan\u00e7at d\u2019Outlook, Excel, Access i Microsoft Office.<\/li>\n<\/ul>\n<p><strong>\u00a0<\/strong><\/p>\n<p><strong>S\u2019ofereix:<\/strong><\/p>\n<p>&nbsp;<\/p>\n<ul>\n<li>Nombre de posicions: 1<\/li>\n<li>Data inici: 01 de Juliol 2019<\/li>\n<li>Condicions laborals:\n<ul>\n<li>Contracte temporal a temps complert, <u>per cobrir una baixa maternal<\/u> durant un per\u00edode d\u2019uns 6 mesos.<\/li>\n<li>Nivell salarial d\u2019acord amb la titulaci\u00f3 i experi\u00e8ncia aportades.<\/li>\n<li>Mesures per conciliar la vida laboral i familiar (perm\u00eds de maternitat i paternitat, horari laboral flexible, teletreball, 23 dies h\u00e0bils de vacances remunerades, 9 dies de descans per a assumptes personals, entre d&#8217;altres).<\/li>\n<li>Oportunitats de desenvolupament professional: l&#8217;IBEC disposa d&#8217;un cat\u00e0leg de formaci\u00f3 en habilitats t\u00e8cniques i compet\u00e8ncies transversals.<\/li>\n<\/ul>\n<\/li>\n<\/ul>\n<p>&nbsp;<\/p>\n<p><strong>\u00a0<\/strong><\/p>\n<p><strong>Com aplicar?<\/strong><\/p>\n<p>Els interessats hauran d&#8217;enviar el seu CV, carta de presentaci\u00f3 i el contacte per demanar refer\u00e8ncies a: <a href=\"mailto:jobs@ibecbarcelona.eu\">jobs@ibecbarcelona.eu<\/a> abans del 24\/06\/2020 (Referencia: AA-IO).<\/p>\n<p><strong>\u00a0<\/strong><\/p>\n<p><strong>Principis del proc\u00e9s de selecci\u00f3:<\/strong><\/p>\n<p>La nostra pol\u00edtica de selecci\u00f3 est\u00e0 basada en l\u2019estrat\u00e8gia OTM (m\u00e8rit, transpar\u00e8ncia i publicitat) de la Uni\u00f3 Europea, www.ibecbarcelona.eu\/jobs\/ , per tant, no hi ha restriccions de ciutadania ni de g\u00e8nere i es recomana als candidats amb discapacitat que apliquin. El nostre comprom\u00eds als principis OTM-R tamb\u00e9 es poden trobar en altres pol\u00edtiques com el nostre Pla d\u2019Igualtat.<\/p>\n<p>&nbsp;<\/p>\n<p><strong>Protecci\u00f3 de dades de car\u00e0cter personal:<\/strong><strong>\u00a0<\/strong><\/p>\n<p>L&#8217;IBEC garanteix que les dades personals dels candidats siguin processades segons el que requereix el Reglament General de Protecci\u00f3 de Dades de la UE (GDPR) i la Llei 3\/2018 de Protecci\u00f3 de Dades.<\/p>\n<p>Les dades personals seran processades \u00fanicament a efectes del proc\u00e9s de selecci\u00f3.<\/p>\n<p><strong>\u00a0<\/strong><\/p>\n<p><strong>Qui som?<\/strong><\/p>\n<p>L&#8217;Institut de Bioenginyeria de Catalunya, l&#8217;IBEC \u00e9s un centre d&#8217;investigaci\u00f3 interdisciplinari centrat en Bioenginyeria i Nanomedicina amb seu a Barcelona. L&#8217;IBEC \u00e9s una de les principals institucions de recerca anomenades Centre d&#8217;Investigaci\u00f3 Severo Ochoa del Ministeri d&#8217;Economia i Competitivitat (que s&#8217;encarrega de la pol\u00edtica de recerca i innovaci\u00f3 a Espanya), que reconeix l&#8217;excel\u00b7l\u00e8ncia al m\u00e9s alt nivell internacional en mat\u00e8ria de recerca, formaci\u00f3 i recursos humans , divulgaci\u00f3 i transfer\u00e8ncia de tecnologia.<\/p>\n<p>La missi\u00f3 de l&#8217;IBEC \u00e9s desenvolupar una investigaci\u00f3 interdisciplin\u00e0ria d&#8217;alta qualitat internacional que, tot creant coneixements, contribueixi a millorar la seva qualitat de vida, millorar la salut i generar riquesa. Un vincle estreta amb universitats clau, hospitals de refer\u00e8ncia i corporacions s\u00f3n actius que faciliten la consecuci\u00f3 de la missi\u00f3.<\/p>\n<p>L&#8217;IBEC va ser creat el 2005 per la Generalitat de Catalunya, la Universitat de Barcelona i la Universitat Polit\u00e8cnica de Catalunya (UPC).<\/p>\n<p>L&#8217;IBEC es troba al Parc Cient\u00edfic de Barcelona i gestiona un pressupost anual de 12M\u20ac i instal\u00b7lacions de 3.800 metres quadrats, 22 grups de recerca i un equip d&#8217;investigadors i serveis de suport de 350 persones de 30 pa\u00efsos diferents. <a href=\"https:\/\/ibecbarcelona.eu\">www.ibecbarcelona.eu<\/a><\/p>\n<p>&nbsp;<\/p>\n<p><img decoding=\"async\" class=\"alignnone size-full wp-image-57483 lazyload\" data-src=\"https:\/\/ibecbarcelona.eu\/wp-content\/uploads\/2018\/02\/HR_01sm.jpg\" alt=\"\" width=\"100\" height=\"71\" src=\"data:image\/svg+xml;base64,PHN2ZyB3aWR0aD0iMSIgaGVpZ2h0PSIxIiB4bWxucz0iaHR0cDovL3d3dy53My5vcmcvMjAwMC9zdmciPjwvc3ZnPg==\" style=\"--smush-placeholder-width: 100px; --smush-placeholder-aspect-ratio: 100\/71;\" \/><\/p>\n","protected":false},"excerpt":{"rendered":"<p><img decoding=\"async\" data-src=\"http:\/\/www.ibecbarcelona.eu\/wp-content\/uploads\/2014\/10\/support.jpg\" src=\"data:image\/svg+xml;base64,PHN2ZyB3aWR0aD0iMSIgaGVpZ2h0PSIxIiB4bWxucz0iaHR0cDovL3d3dy53My5vcmcvMjAwMC9zdmciPjwvc3ZnPg==\" class=\"lazyload\"><strong>Application Deadline:<\/strong> 24\/06\/2020<br \/><strong>Ref:<\/strong> AA-IO<\/p>\n<p>L\u2019Institut de Bioenginyeria de Catalunya (IBEC)<strong>requereix incorporar un\/-a Assistant Administratiu<\/strong> a la unitat de Core Facilities de l\u2019IBEC, que te la funci\u00f3 de proporcionar serveis i suport diaris relacionats amb la gesti\u00f3 b\u00e0sica dels laboratoris, per tal de facilitar la recerca i promoure la interacci\u00f3 i l\u2019intercanvi de coneixement entre cient\u00edfics de l\u2019IBEC.<\/p>\n","protected":false},"author":4,"featured_media":0,"comment_status":"closed","ping_status":"closed","sticky":false,"template":"","format":"standard","meta":{"footnotes":""},"categories":[266],"tags":[],"post_formats":[],"class_list":["post-75211","post","type-post","status-publish","format-standard","hentry","category-closed-positions"],"yoast_head":"<!-- This site is optimized with the Yoast SEO plugin v27.5 - https:\/\/yoast.com\/product\/yoast-seo-wordpress\/ -->\n<title>Assistant Administratiu de Core Facilities - Institute for Bioengineering of Catalonia<\/title>\n<meta name=\"robots\" content=\"index, follow, max-snippet:-1, max-image-preview:large, max-video-preview:-1\" \/>\n<link rel=\"canonical\" href=\"https:\/\/ibecbarcelona.eu\/ca\/assistant-administratiu-de-core-facilities\/\" \/>\n<meta property=\"og:locale\" content=\"es_ES\" \/>\n<meta property=\"og:type\" content=\"article\" \/>\n<meta property=\"og:title\" content=\"Assistant Administratiu de Core Facilities - Institute for Bioengineering of Catalonia\" \/>\n<meta property=\"og:description\" content=\"Application Deadline: 24\/06\/2020Ref: AA-IO  L\u2019Institut de Bioenginyeria de Catalunya (IBEC)requereix incorporar un\/-a Assistant Administratiu a la unitat de Core Facilities de l\u2019IBEC, que te la funci\u00f3 de proporcionar serveis i suport diaris relacionats amb la gesti\u00f3 b\u00e0sica dels laboratoris, per tal de facilitar la recerca i promoure la interacci\u00f3 i l\u2019intercanvi de coneixement entre cient\u00edfics de l\u2019IBEC.\" \/>\n<meta property=\"og:url\" content=\"https:\/\/ibecbarcelona.eu\/ca\/assistant-administratiu-de-core-facilities\/\" \/>\n<meta property=\"og:site_name\" content=\"Institute for Bioengineering of Catalonia\" \/>\n<meta property=\"article:published_time\" content=\"2020-06-10T09:07:56+00:00\" \/>\n<meta property=\"article:modified_time\" content=\"2020-11-19T08:20:42+00:00\" \/>\n<meta property=\"og:image\" content=\"https:\/\/ibecbarcelona.eu\/wp-content\/uploads\/2018\/02\/HR_01sm.jpg\" \/>\n<meta name=\"author\" content=\"\u00c0ngels L\u00f3pez\" \/>\n<meta name=\"twitter:card\" content=\"summary_large_image\" \/>\n<meta name=\"twitter:label1\" content=\"Escrito por\" \/>\n\t<meta name=\"twitter:data1\" content=\"\u00c0ngels L\u00f3pez\" \/>\n\t<meta name=\"twitter:label2\" content=\"Tiempo de lectura\" \/>\n\t<meta name=\"twitter:data2\" content=\"3 minutos\" \/>\n<script type=\"application\/ld+json\" class=\"yoast-schema-graph\">{\"@context\":\"https:\\\/\\\/schema.org\",\"@graph\":[{\"@type\":\"Article\",\"@id\":\"https:\\\/\\\/ibecbarcelona.eu\\\/ca\\\/assistant-administratiu-de-core-facilities\\\/#article\",\"isPartOf\":{\"@id\":\"https:\\\/\\\/ibecbarcelona.eu\\\/ca\\\/assistant-administratiu-de-core-facilities\\\/\"},\"author\":{\"name\":\"\u00c0ngels L\u00f3pez\",\"@id\":\"https:\\\/\\\/ibecbarcelona.eu\\\/#\\\/schema\\\/person\\\/c212c6b589546130be67986b9290e2b8\"},\"headline\":\"Assistant Administratiu de Core Facilities\",\"datePublished\":\"2020-06-10T09:07:56+00:00\",\"dateModified\":\"2020-11-19T08:20:42+00:00\",\"mainEntityOfPage\":{\"@id\":\"https:\\\/\\\/ibecbarcelona.eu\\\/ca\\\/assistant-administratiu-de-core-facilities\\\/\"},\"wordCount\":589,\"publisher\":{\"@id\":\"https:\\\/\\\/ibecbarcelona.eu\\\/#organization\"},\"image\":{\"@id\":\"https:\\\/\\\/ibecbarcelona.eu\\\/ca\\\/assistant-administratiu-de-core-facilities\\\/#primaryimage\"},\"thumbnailUrl\":\"https:\\\/\\\/ibecbarcelona.eu\\\/wp-content\\\/uploads\\\/2018\\\/02\\\/HR_01sm.jpg\",\"articleSection\":[\"Closed positions\"],\"inLanguage\":\"es\"},{\"@type\":\"WebPage\",\"@id\":\"https:\\\/\\\/ibecbarcelona.eu\\\/ca\\\/assistant-administratiu-de-core-facilities\\\/\",\"url\":\"https:\\\/\\\/ibecbarcelona.eu\\\/ca\\\/assistant-administratiu-de-core-facilities\\\/\",\"name\":\"Assistant Administratiu de Core Facilities - Institute for Bioengineering of Catalonia\",\"isPartOf\":{\"@id\":\"https:\\\/\\\/ibecbarcelona.eu\\\/#website\"},\"primaryImageOfPage\":{\"@id\":\"https:\\\/\\\/ibecbarcelona.eu\\\/ca\\\/assistant-administratiu-de-core-facilities\\\/#primaryimage\"},\"image\":{\"@id\":\"https:\\\/\\\/ibecbarcelona.eu\\\/ca\\\/assistant-administratiu-de-core-facilities\\\/#primaryimage\"},\"thumbnailUrl\":\"https:\\\/\\\/ibecbarcelona.eu\\\/wp-content\\\/uploads\\\/2018\\\/02\\\/HR_01sm.jpg\",\"datePublished\":\"2020-06-10T09:07:56+00:00\",\"dateModified\":\"2020-11-19T08:20:42+00:00\",\"breadcrumb\":{\"@id\":\"https:\\\/\\\/ibecbarcelona.eu\\\/ca\\\/assistant-administratiu-de-core-facilities\\\/#breadcrumb\"},\"inLanguage\":\"es\",\"potentialAction\":[{\"@type\":\"ReadAction\",\"target\":[\"https:\\\/\\\/ibecbarcelona.eu\\\/ca\\\/assistant-administratiu-de-core-facilities\\\/\"]}]},{\"@type\":\"ImageObject\",\"inLanguage\":\"es\",\"@id\":\"https:\\\/\\\/ibecbarcelona.eu\\\/ca\\\/assistant-administratiu-de-core-facilities\\\/#primaryimage\",\"url\":\"https:\\\/\\\/ibecbarcelona.eu\\\/wp-content\\\/uploads\\\/2018\\\/02\\\/HR_01sm.jpg\",\"contentUrl\":\"https:\\\/\\\/ibecbarcelona.eu\\\/wp-content\\\/uploads\\\/2018\\\/02\\\/HR_01sm.jpg\"},{\"@type\":\"BreadcrumbList\",\"@id\":\"https:\\\/\\\/ibecbarcelona.eu\\\/ca\\\/assistant-administratiu-de-core-facilities\\\/#breadcrumb\",\"itemListElement\":[{\"@type\":\"ListItem\",\"position\":1,\"name\":\"Home\",\"item\":\"https:\\\/\\\/ibecbarcelona.eu\\\/es\\\/\"},{\"@type\":\"ListItem\",\"position\":2,\"name\":\"Assistant Administratiu de Core Facilities\"}]},{\"@type\":\"WebSite\",\"@id\":\"https:\\\/\\\/ibecbarcelona.eu\\\/#website\",\"url\":\"https:\\\/\\\/ibecbarcelona.eu\\\/\",\"name\":\"Institute for Bioengineering of Catalonia\",\"description\":\"Bioengineering solutions for health\",\"publisher\":{\"@id\":\"https:\\\/\\\/ibecbarcelona.eu\\\/#organization\"},\"potentialAction\":[{\"@type\":\"SearchAction\",\"target\":{\"@type\":\"EntryPoint\",\"urlTemplate\":\"https:\\\/\\\/ibecbarcelona.eu\\\/?s={search_term_string}\"},\"query-input\":{\"@type\":\"PropertyValueSpecification\",\"valueRequired\":true,\"valueName\":\"search_term_string\"}}],\"inLanguage\":\"es\"},{\"@type\":\"Organization\",\"@id\":\"https:\\\/\\\/ibecbarcelona.eu\\\/#organization\",\"name\":\"Institute for Bioengineering of Catalonia\",\"url\":\"https:\\\/\\\/ibecbarcelona.eu\\\/\",\"logo\":{\"@type\":\"ImageObject\",\"inLanguage\":\"es\",\"@id\":\"https:\\\/\\\/ibecbarcelona.eu\\\/#\\\/schema\\\/logo\\\/image\\\/\",\"url\":\"https:\\\/\\\/ibecbarcelona.eu\\\/wp-content\\\/uploads\\\/2026\\\/01\\\/cropped-IBEC_20ANYS_GRIS.png\",\"contentUrl\":\"https:\\\/\\\/ibecbarcelona.eu\\\/wp-content\\\/uploads\\\/2026\\\/01\\\/cropped-IBEC_20ANYS_GRIS.png\",\"width\":696,\"height\":257,\"caption\":\"Institute for Bioengineering of Catalonia\"},\"image\":{\"@id\":\"https:\\\/\\\/ibecbarcelona.eu\\\/#\\\/schema\\\/logo\\\/image\\\/\"}},{\"@type\":\"Person\",\"@id\":\"https:\\\/\\\/ibecbarcelona.eu\\\/#\\\/schema\\\/person\\\/c212c6b589546130be67986b9290e2b8\",\"name\":\"\u00c0ngels L\u00f3pez\",\"image\":{\"@type\":\"ImageObject\",\"inLanguage\":\"es\",\"@id\":\"https:\\\/\\\/secure.gravatar.com\\\/avatar\\\/09ad6ba116bea0b15c5511860f83b302579fd7404c1180e9dae55c3f11d988c6?s=96&d=mm&r=g\",\"url\":\"https:\\\/\\\/secure.gravatar.com\\\/avatar\\\/09ad6ba116bea0b15c5511860f83b302579fd7404c1180e9dae55c3f11d988c6?s=96&d=mm&r=g\",\"contentUrl\":\"https:\\\/\\\/secure.gravatar.com\\\/avatar\\\/09ad6ba116bea0b15c5511860f83b302579fd7404c1180e9dae55c3f11d988c6?s=96&d=mm&r=g\",\"caption\":\"\u00c0ngels L\u00f3pez\"},\"url\":\"https:\\\/\\\/ibecbarcelona.eu\\\/es\\\/author\\\/alopez\\\/\"}]}<\/script>\n<!-- \/ Yoast SEO plugin. -->","yoast_head_json":{"title":"Assistant Administratiu de Core Facilities - Institute for Bioengineering of Catalonia","robots":{"index":"index","follow":"follow","max-snippet":"max-snippet:-1","max-image-preview":"max-image-preview:large","max-video-preview":"max-video-preview:-1"},"canonical":"https:\/\/ibecbarcelona.eu\/ca\/assistant-administratiu-de-core-facilities\/","og_locale":"es_ES","og_type":"article","og_title":"Assistant Administratiu de Core Facilities - Institute for Bioengineering of Catalonia","og_description":"Application Deadline: 24\/06\/2020Ref: AA-IO  L\u2019Institut de Bioenginyeria de Catalunya (IBEC)requereix incorporar un\/-a Assistant Administratiu a la unitat de Core Facilities de l\u2019IBEC, que te la funci\u00f3 de proporcionar serveis i suport diaris relacionats amb la gesti\u00f3 b\u00e0sica dels laboratoris, per tal de facilitar la recerca i promoure la interacci\u00f3 i l\u2019intercanvi de coneixement entre cient\u00edfics de l\u2019IBEC.","og_url":"https:\/\/ibecbarcelona.eu\/ca\/assistant-administratiu-de-core-facilities\/","og_site_name":"Institute for Bioengineering of Catalonia","article_published_time":"2020-06-10T09:07:56+00:00","article_modified_time":"2020-11-19T08:20:42+00:00","og_image":[{"url":"https:\/\/ibecbarcelona.eu\/wp-content\/uploads\/2018\/02\/HR_01sm.jpg","type":"","width":"","height":""}],"author":"\u00c0ngels L\u00f3pez","twitter_card":"summary_large_image","twitter_misc":{"Escrito por":"\u00c0ngels L\u00f3pez","Tiempo de lectura":"3 minutos"},"schema":{"@context":"https:\/\/schema.org","@graph":[{"@type":"Article","@id":"https:\/\/ibecbarcelona.eu\/ca\/assistant-administratiu-de-core-facilities\/#article","isPartOf":{"@id":"https:\/\/ibecbarcelona.eu\/ca\/assistant-administratiu-de-core-facilities\/"},"author":{"name":"\u00c0ngels L\u00f3pez","@id":"https:\/\/ibecbarcelona.eu\/#\/schema\/person\/c212c6b589546130be67986b9290e2b8"},"headline":"Assistant Administratiu de Core Facilities","datePublished":"2020-06-10T09:07:56+00:00","dateModified":"2020-11-19T08:20:42+00:00","mainEntityOfPage":{"@id":"https:\/\/ibecbarcelona.eu\/ca\/assistant-administratiu-de-core-facilities\/"},"wordCount":589,"publisher":{"@id":"https:\/\/ibecbarcelona.eu\/#organization"},"image":{"@id":"https:\/\/ibecbarcelona.eu\/ca\/assistant-administratiu-de-core-facilities\/#primaryimage"},"thumbnailUrl":"https:\/\/ibecbarcelona.eu\/wp-content\/uploads\/2018\/02\/HR_01sm.jpg","articleSection":["Closed positions"],"inLanguage":"es"},{"@type":"WebPage","@id":"https:\/\/ibecbarcelona.eu\/ca\/assistant-administratiu-de-core-facilities\/","url":"https:\/\/ibecbarcelona.eu\/ca\/assistant-administratiu-de-core-facilities\/","name":"Assistant Administratiu de Core Facilities - Institute for Bioengineering of Catalonia","isPartOf":{"@id":"https:\/\/ibecbarcelona.eu\/#website"},"primaryImageOfPage":{"@id":"https:\/\/ibecbarcelona.eu\/ca\/assistant-administratiu-de-core-facilities\/#primaryimage"},"image":{"@id":"https:\/\/ibecbarcelona.eu\/ca\/assistant-administratiu-de-core-facilities\/#primaryimage"},"thumbnailUrl":"https:\/\/ibecbarcelona.eu\/wp-content\/uploads\/2018\/02\/HR_01sm.jpg","datePublished":"2020-06-10T09:07:56+00:00","dateModified":"2020-11-19T08:20:42+00:00","breadcrumb":{"@id":"https:\/\/ibecbarcelona.eu\/ca\/assistant-administratiu-de-core-facilities\/#breadcrumb"},"inLanguage":"es","potentialAction":[{"@type":"ReadAction","target":["https:\/\/ibecbarcelona.eu\/ca\/assistant-administratiu-de-core-facilities\/"]}]},{"@type":"ImageObject","inLanguage":"es","@id":"https:\/\/ibecbarcelona.eu\/ca\/assistant-administratiu-de-core-facilities\/#primaryimage","url":"https:\/\/ibecbarcelona.eu\/wp-content\/uploads\/2018\/02\/HR_01sm.jpg","contentUrl":"https:\/\/ibecbarcelona.eu\/wp-content\/uploads\/2018\/02\/HR_01sm.jpg"},{"@type":"BreadcrumbList","@id":"https:\/\/ibecbarcelona.eu\/ca\/assistant-administratiu-de-core-facilities\/#breadcrumb","itemListElement":[{"@type":"ListItem","position":1,"name":"Home","item":"https:\/\/ibecbarcelona.eu\/es\/"},{"@type":"ListItem","position":2,"name":"Assistant Administratiu de Core Facilities"}]},{"@type":"WebSite","@id":"https:\/\/ibecbarcelona.eu\/#website","url":"https:\/\/ibecbarcelona.eu\/","name":"Institute for Bioengineering of Catalonia","description":"Bioengineering solutions for health","publisher":{"@id":"https:\/\/ibecbarcelona.eu\/#organization"},"potentialAction":[{"@type":"SearchAction","target":{"@type":"EntryPoint","urlTemplate":"https:\/\/ibecbarcelona.eu\/?s={search_term_string}"},"query-input":{"@type":"PropertyValueSpecification","valueRequired":true,"valueName":"search_term_string"}}],"inLanguage":"es"},{"@type":"Organization","@id":"https:\/\/ibecbarcelona.eu\/#organization","name":"Institute for Bioengineering of Catalonia","url":"https:\/\/ibecbarcelona.eu\/","logo":{"@type":"ImageObject","inLanguage":"es","@id":"https:\/\/ibecbarcelona.eu\/#\/schema\/logo\/image\/","url":"https:\/\/ibecbarcelona.eu\/wp-content\/uploads\/2026\/01\/cropped-IBEC_20ANYS_GRIS.png","contentUrl":"https:\/\/ibecbarcelona.eu\/wp-content\/uploads\/2026\/01\/cropped-IBEC_20ANYS_GRIS.png","width":696,"height":257,"caption":"Institute for Bioengineering of Catalonia"},"image":{"@id":"https:\/\/ibecbarcelona.eu\/#\/schema\/logo\/image\/"}},{"@type":"Person","@id":"https:\/\/ibecbarcelona.eu\/#\/schema\/person\/c212c6b589546130be67986b9290e2b8","name":"\u00c0ngels L\u00f3pez","image":{"@type":"ImageObject","inLanguage":"es","@id":"https:\/\/secure.gravatar.com\/avatar\/09ad6ba116bea0b15c5511860f83b302579fd7404c1180e9dae55c3f11d988c6?s=96&d=mm&r=g","url":"https:\/\/secure.gravatar.com\/avatar\/09ad6ba116bea0b15c5511860f83b302579fd7404c1180e9dae55c3f11d988c6?s=96&d=mm&r=g","contentUrl":"https:\/\/secure.gravatar.com\/avatar\/09ad6ba116bea0b15c5511860f83b302579fd7404c1180e9dae55c3f11d988c6?s=96&d=mm&r=g","caption":"\u00c0ngels L\u00f3pez"},"url":"https:\/\/ibecbarcelona.eu\/es\/author\/alopez\/"}]}},"AFP_featured_media_urls":{"full":false,"thumbnail":false,"medium":false,"medium_large":false,"large":false},"AFP_attachments":[],"AFP_videos":[],"AFP_video_blocks":"","AFP_category_names":["Closed positions"],"_links":{"self":[{"href":"https:\/\/ibecbarcelona.eu\/es\/wp-json\/wp\/v2\/posts\/75211","targetHints":{"allow":["GET"]}}],"collection":[{"href":"https:\/\/ibecbarcelona.eu\/es\/wp-json\/wp\/v2\/posts"}],"about":[{"href":"https:\/\/ibecbarcelona.eu\/es\/wp-json\/wp\/v2\/types\/post"}],"author":[{"embeddable":true,"href":"https:\/\/ibecbarcelona.eu\/es\/wp-json\/wp\/v2\/users\/4"}],"replies":[{"embeddable":true,"href":"https:\/\/ibecbarcelona.eu\/es\/wp-json\/wp\/v2\/comments?post=75211"}],"version-history":[{"count":7,"href":"https:\/\/ibecbarcelona.eu\/es\/wp-json\/wp\/v2\/posts\/75211\/revisions"}],"predecessor-version":[{"id":75218,"href":"https:\/\/ibecbarcelona.eu\/es\/wp-json\/wp\/v2\/posts\/75211\/revisions\/75218"}],"wp:attachment":[{"href":"https:\/\/ibecbarcelona.eu\/es\/wp-json\/wp\/v2\/media?parent=75211"}],"wp:term":[{"taxonomy":"category","embeddable":true,"href":"https:\/\/ibecbarcelona.eu\/es\/wp-json\/wp\/v2\/categories?post=75211"},{"taxonomy":"post_tag","embeddable":true,"href":"https:\/\/ibecbarcelona.eu\/es\/wp-json\/wp\/v2\/tags?post=75211"},{"taxonomy":"post_format","embeddable":true,"href":"https:\/\/ibecbarcelona.eu\/es\/wp-json\/wp\/v2\/post_formats?post=75211"}],"curies":[{"name":"wp","href":"https:\/\/api.w.org\/{rel}","templated":true}]}}