
{"id":7556,"date":"2013-07-31T08:25:08","date_gmt":"2013-07-31T08:25:08","guid":{"rendered":"http:\/\/ibecbarcelona.eu\/new\/qel-futuro-augura-que-tendremos-la-salud-al-alcance-de-la-manoq\/"},"modified":"2015-01-05T13:09:50","modified_gmt":"2015-01-05T13:09:50","slug":"qel-futuro-augura-que-tendremos-la-salud-al-alcance-de-la-manoq","status":"publish","type":"post","link":"https:\/\/ibecbarcelona.eu\/es\/qel-futuro-augura-que-tendremos-la-salud-al-alcance-de-la-manoq\/","title":{"rendered":"\u00abEl futuro augura que tendremos la salud al alcance de la mano\u00bb"},"content":{"rendered":"<p>Para leer el art\u00edculo, clica sobre la imagen.<\/p>\n","protected":false},"excerpt":{"rendered":"<p><a href=\"https:\/\/ibecbarcelona.eu\/wp-content\/uploads\/2013\/07\/130729alma_9.pdf\" target=\"_blank\"><img decoding=\"async\" class=\"left size-full wp-image-7551\" src=\"https:\/\/ibecbarcelona.eu\/wp-content\/uploads\/2013\/07\/130729alma_9.pdf\" border=\"0\" \/><\/a>Una entrevista con Josep Samitier, el director del IBEC, publicada en la edici\u00f3n de verano de <em>Alma<\/em>, la revista de la Obra Social \u00abLa Caixa\u00bb.<\/p>\n","protected":false},"author":4,"featured_media":0,"comment_status":"closed","ping_status":"closed","sticky":false,"template":"","format":"standard","meta":{"footnotes":""},"categories":[95],"tags":[],"post_formats":[],"class_list":["post-7556","post","type-post","status-publish","format-standard","hentry","category-ibec-en-los-medios"],"yoast_head":"<!-- This site is optimized with the Yoast SEO plugin v27.4 - https:\/\/yoast.com\/product\/yoast-seo-wordpress\/ -->\n<title>&quot;El futuro augura que tendremos la salud al alcance de la mano&quot; - Institute for Bioengineering of Catalonia<\/title>\n<meta name=\"robots\" content=\"index, follow, max-snippet:-1, max-image-preview:large, max-video-preview:-1\" \/>\n<link rel=\"canonical\" href=\"https:\/\/ibecbarcelona.eu\/es\/qel-futuro-augura-que-tendremos-la-salud-al-alcance-de-la-manoq\/\" \/>\n<meta property=\"og:locale\" content=\"es_ES\" \/>\n<meta property=\"og:type\" content=\"article\" \/>\n<meta property=\"og:title\" content=\"&quot;El futuro augura que tendremos la salud al alcance de la mano&quot; - Institute for Bioengineering of Catalonia\" \/>\n<meta property=\"og:description\" content=\"Una entrevista con Josep Samitier, el director del IBEC, publicada en la edici\u00f3n de verano de Alma, la revista de la Obra Social &quot;La Caixa&quot;.\" \/>\n<meta property=\"og:url\" content=\"https:\/\/ibecbarcelona.eu\/es\/qel-futuro-augura-que-tendremos-la-salud-al-alcance-de-la-manoq\/\" \/>\n<meta property=\"og:site_name\" content=\"Institute for Bioengineering of Catalonia\" \/>\n<meta property=\"article:published_time\" content=\"2013-07-31T08:25:08+00:00\" \/>\n<meta property=\"article:modified_time\" content=\"2015-01-05T13:09:50+00:00\" \/>\n<meta name=\"author\" content=\"\u00c0ngels L\u00f3pez\" \/>\n<meta name=\"twitter:card\" content=\"summary_large_image\" \/>\n<meta name=\"twitter:label1\" content=\"Escrito por\" \/>\n\t<meta name=\"twitter:data1\" content=\"\u00c0ngels L\u00f3pez\" \/>\n<script type=\"application\/ld+json\" class=\"yoast-schema-graph\">{\"@context\":\"https:\\\/\\\/schema.org\",\"@graph\":[{\"@type\":\"Article\",\"@id\":\"https:\\\/\\\/ibecbarcelona.eu\\\/es\\\/qel-futuro-augura-que-tendremos-la-salud-al-alcance-de-la-manoq\\\/#article\",\"isPartOf\":{\"@id\":\"https:\\\/\\\/ibecbarcelona.eu\\\/es\\\/qel-futuro-augura-que-tendremos-la-salud-al-alcance-de-la-manoq\\\/\"},\"author\":{\"name\":\"\u00c0ngels L\u00f3pez\",\"@id\":\"https:\\\/\\\/ibecbarcelona.eu\\\/#\\\/schema\\\/person\\\/c212c6b589546130be67986b9290e2b8\"},\"headline\":\"\u00abEl futuro augura que tendremos la salud al alcance de la mano\u00bb\",\"datePublished\":\"2013-07-31T08:25:08+00:00\",\"dateModified\":\"2015-01-05T13:09:50+00:00\",\"mainEntityOfPage\":{\"@id\":\"https:\\\/\\\/ibecbarcelona.eu\\\/es\\\/qel-futuro-augura-que-tendremos-la-salud-al-alcance-de-la-manoq\\\/\"},\"wordCount\":21,\"publisher\":{\"@id\":\"https:\\\/\\\/ibecbarcelona.eu\\\/#organization\"},\"articleSection\":[\"IBEC en los medios\"],\"inLanguage\":\"es\"},{\"@type\":\"WebPage\",\"@id\":\"https:\\\/\\\/ibecbarcelona.eu\\\/es\\\/qel-futuro-augura-que-tendremos-la-salud-al-alcance-de-la-manoq\\\/\",\"url\":\"https:\\\/\\\/ibecbarcelona.eu\\\/es\\\/qel-futuro-augura-que-tendremos-la-salud-al-alcance-de-la-manoq\\\/\",\"name\":\"\\\"El futuro augura que tendremos la salud al alcance de la mano\\\" - Institute for Bioengineering of Catalonia\",\"isPartOf\":{\"@id\":\"https:\\\/\\\/ibecbarcelona.eu\\\/#website\"},\"datePublished\":\"2013-07-31T08:25:08+00:00\",\"dateModified\":\"2015-01-05T13:09:50+00:00\",\"breadcrumb\":{\"@id\":\"https:\\\/\\\/ibecbarcelona.eu\\\/es\\\/qel-futuro-augura-que-tendremos-la-salud-al-alcance-de-la-manoq\\\/#breadcrumb\"},\"inLanguage\":\"es\",\"potentialAction\":[{\"@type\":\"ReadAction\",\"target\":[\"https:\\\/\\\/ibecbarcelona.eu\\\/es\\\/qel-futuro-augura-que-tendremos-la-salud-al-alcance-de-la-manoq\\\/\"]}]},{\"@type\":\"BreadcrumbList\",\"@id\":\"https:\\\/\\\/ibecbarcelona.eu\\\/es\\\/qel-futuro-augura-que-tendremos-la-salud-al-alcance-de-la-manoq\\\/#breadcrumb\",\"itemListElement\":[{\"@type\":\"ListItem\",\"position\":1,\"name\":\"Home\",\"item\":\"https:\\\/\\\/ibecbarcelona.eu\\\/es\\\/\"},{\"@type\":\"ListItem\",\"position\":2,\"name\":\"&#8220;El futuro augura que tendremos la salud al alcance de la mano&#8221;\"}]},{\"@type\":\"WebSite\",\"@id\":\"https:\\\/\\\/ibecbarcelona.eu\\\/#website\",\"url\":\"https:\\\/\\\/ibecbarcelona.eu\\\/\",\"name\":\"Institute for Bioengineering of Catalonia\",\"description\":\"Bioengineering solutions for health\",\"publisher\":{\"@id\":\"https:\\\/\\\/ibecbarcelona.eu\\\/#organization\"},\"potentialAction\":[{\"@type\":\"SearchAction\",\"target\":{\"@type\":\"EntryPoint\",\"urlTemplate\":\"https:\\\/\\\/ibecbarcelona.eu\\\/?s={search_term_string}\"},\"query-input\":{\"@type\":\"PropertyValueSpecification\",\"valueRequired\":true,\"valueName\":\"search_term_string\"}}],\"inLanguage\":\"es\"},{\"@type\":\"Organization\",\"@id\":\"https:\\\/\\\/ibecbarcelona.eu\\\/#organization\",\"name\":\"Institute for Bioengineering of Catalonia\",\"url\":\"https:\\\/\\\/ibecbarcelona.eu\\\/\",\"logo\":{\"@type\":\"ImageObject\",\"inLanguage\":\"es\",\"@id\":\"https:\\\/\\\/ibecbarcelona.eu\\\/#\\\/schema\\\/logo\\\/image\\\/\",\"url\":\"https:\\\/\\\/ibecbarcelona.eu\\\/wp-content\\\/uploads\\\/2026\\\/01\\\/cropped-IBEC_20ANYS_GRIS.png\",\"contentUrl\":\"https:\\\/\\\/ibecbarcelona.eu\\\/wp-content\\\/uploads\\\/2026\\\/01\\\/cropped-IBEC_20ANYS_GRIS.png\",\"width\":696,\"height\":257,\"caption\":\"Institute for Bioengineering of Catalonia\"},\"image\":{\"@id\":\"https:\\\/\\\/ibecbarcelona.eu\\\/#\\\/schema\\\/logo\\\/image\\\/\"}},{\"@type\":\"Person\",\"@id\":\"https:\\\/\\\/ibecbarcelona.eu\\\/#\\\/schema\\\/person\\\/c212c6b589546130be67986b9290e2b8\",\"name\":\"\u00c0ngels L\u00f3pez\",\"image\":{\"@type\":\"ImageObject\",\"inLanguage\":\"es\",\"@id\":\"https:\\\/\\\/secure.gravatar.com\\\/avatar\\\/09ad6ba116bea0b15c5511860f83b302579fd7404c1180e9dae55c3f11d988c6?s=96&d=mm&r=g\",\"url\":\"https:\\\/\\\/secure.gravatar.com\\\/avatar\\\/09ad6ba116bea0b15c5511860f83b302579fd7404c1180e9dae55c3f11d988c6?s=96&d=mm&r=g\",\"contentUrl\":\"https:\\\/\\\/secure.gravatar.com\\\/avatar\\\/09ad6ba116bea0b15c5511860f83b302579fd7404c1180e9dae55c3f11d988c6?s=96&d=mm&r=g\",\"caption\":\"\u00c0ngels L\u00f3pez\"},\"url\":\"https:\\\/\\\/ibecbarcelona.eu\\\/es\\\/author\\\/alopez\\\/\"}]}<\/script>\n<!-- \/ Yoast SEO plugin. -->","yoast_head_json":{"title":"\"El futuro augura que tendremos la salud al alcance de la mano\" - Institute for Bioengineering of Catalonia","robots":{"index":"index","follow":"follow","max-snippet":"max-snippet:-1","max-image-preview":"max-image-preview:large","max-video-preview":"max-video-preview:-1"},"canonical":"https:\/\/ibecbarcelona.eu\/es\/qel-futuro-augura-que-tendremos-la-salud-al-alcance-de-la-manoq\/","og_locale":"es_ES","og_type":"article","og_title":"\"El futuro augura que tendremos la salud al alcance de la mano\" - Institute for Bioengineering of Catalonia","og_description":"Una entrevista con Josep Samitier, el director del IBEC, publicada en la edici\u00f3n de verano de Alma, la revista de la Obra Social \"La Caixa\".","og_url":"https:\/\/ibecbarcelona.eu\/es\/qel-futuro-augura-que-tendremos-la-salud-al-alcance-de-la-manoq\/","og_site_name":"Institute for Bioengineering of Catalonia","article_published_time":"2013-07-31T08:25:08+00:00","article_modified_time":"2015-01-05T13:09:50+00:00","author":"\u00c0ngels L\u00f3pez","twitter_card":"summary_large_image","twitter_misc":{"Escrito por":"\u00c0ngels L\u00f3pez"},"schema":{"@context":"https:\/\/schema.org","@graph":[{"@type":"Article","@id":"https:\/\/ibecbarcelona.eu\/es\/qel-futuro-augura-que-tendremos-la-salud-al-alcance-de-la-manoq\/#article","isPartOf":{"@id":"https:\/\/ibecbarcelona.eu\/es\/qel-futuro-augura-que-tendremos-la-salud-al-alcance-de-la-manoq\/"},"author":{"name":"\u00c0ngels L\u00f3pez","@id":"https:\/\/ibecbarcelona.eu\/#\/schema\/person\/c212c6b589546130be67986b9290e2b8"},"headline":"\u00abEl futuro augura que tendremos la salud al alcance de la mano\u00bb","datePublished":"2013-07-31T08:25:08+00:00","dateModified":"2015-01-05T13:09:50+00:00","mainEntityOfPage":{"@id":"https:\/\/ibecbarcelona.eu\/es\/qel-futuro-augura-que-tendremos-la-salud-al-alcance-de-la-manoq\/"},"wordCount":21,"publisher":{"@id":"https:\/\/ibecbarcelona.eu\/#organization"},"articleSection":["IBEC en los medios"],"inLanguage":"es"},{"@type":"WebPage","@id":"https:\/\/ibecbarcelona.eu\/es\/qel-futuro-augura-que-tendremos-la-salud-al-alcance-de-la-manoq\/","url":"https:\/\/ibecbarcelona.eu\/es\/qel-futuro-augura-que-tendremos-la-salud-al-alcance-de-la-manoq\/","name":"\"El futuro augura que tendremos la salud al alcance de la mano\" - Institute for Bioengineering of Catalonia","isPartOf":{"@id":"https:\/\/ibecbarcelona.eu\/#website"},"datePublished":"2013-07-31T08:25:08+00:00","dateModified":"2015-01-05T13:09:50+00:00","breadcrumb":{"@id":"https:\/\/ibecbarcelona.eu\/es\/qel-futuro-augura-que-tendremos-la-salud-al-alcance-de-la-manoq\/#breadcrumb"},"inLanguage":"es","potentialAction":[{"@type":"ReadAction","target":["https:\/\/ibecbarcelona.eu\/es\/qel-futuro-augura-que-tendremos-la-salud-al-alcance-de-la-manoq\/"]}]},{"@type":"BreadcrumbList","@id":"https:\/\/ibecbarcelona.eu\/es\/qel-futuro-augura-que-tendremos-la-salud-al-alcance-de-la-manoq\/#breadcrumb","itemListElement":[{"@type":"ListItem","position":1,"name":"Home","item":"https:\/\/ibecbarcelona.eu\/es\/"},{"@type":"ListItem","position":2,"name":"&#8220;El futuro augura que tendremos la salud al alcance de la mano&#8221;"}]},{"@type":"WebSite","@id":"https:\/\/ibecbarcelona.eu\/#website","url":"https:\/\/ibecbarcelona.eu\/","name":"Institute for Bioengineering of Catalonia","description":"Bioengineering solutions for health","publisher":{"@id":"https:\/\/ibecbarcelona.eu\/#organization"},"potentialAction":[{"@type":"SearchAction","target":{"@type":"EntryPoint","urlTemplate":"https:\/\/ibecbarcelona.eu\/?s={search_term_string}"},"query-input":{"@type":"PropertyValueSpecification","valueRequired":true,"valueName":"search_term_string"}}],"inLanguage":"es"},{"@type":"Organization","@id":"https:\/\/ibecbarcelona.eu\/#organization","name":"Institute for Bioengineering of Catalonia","url":"https:\/\/ibecbarcelona.eu\/","logo":{"@type":"ImageObject","inLanguage":"es","@id":"https:\/\/ibecbarcelona.eu\/#\/schema\/logo\/image\/","url":"https:\/\/ibecbarcelona.eu\/wp-content\/uploads\/2026\/01\/cropped-IBEC_20ANYS_GRIS.png","contentUrl":"https:\/\/ibecbarcelona.eu\/wp-content\/uploads\/2026\/01\/cropped-IBEC_20ANYS_GRIS.png","width":696,"height":257,"caption":"Institute for Bioengineering of Catalonia"},"image":{"@id":"https:\/\/ibecbarcelona.eu\/#\/schema\/logo\/image\/"}},{"@type":"Person","@id":"https:\/\/ibecbarcelona.eu\/#\/schema\/person\/c212c6b589546130be67986b9290e2b8","name":"\u00c0ngels L\u00f3pez","image":{"@type":"ImageObject","inLanguage":"es","@id":"https:\/\/secure.gravatar.com\/avatar\/09ad6ba116bea0b15c5511860f83b302579fd7404c1180e9dae55c3f11d988c6?s=96&d=mm&r=g","url":"https:\/\/secure.gravatar.com\/avatar\/09ad6ba116bea0b15c5511860f83b302579fd7404c1180e9dae55c3f11d988c6?s=96&d=mm&r=g","contentUrl":"https:\/\/secure.gravatar.com\/avatar\/09ad6ba116bea0b15c5511860f83b302579fd7404c1180e9dae55c3f11d988c6?s=96&d=mm&r=g","caption":"\u00c0ngels L\u00f3pez"},"url":"https:\/\/ibecbarcelona.eu\/es\/author\/alopez\/"}]}},"AFP_featured_media_urls":{"full":false,"thumbnail":false,"medium":false,"medium_large":false,"large":false},"AFP_attachments":[],"AFP_videos":[],"AFP_video_blocks":"","AFP_category_names":["IBEC en los medios"],"_links":{"self":[{"href":"https:\/\/ibecbarcelona.eu\/es\/wp-json\/wp\/v2\/posts\/7556","targetHints":{"allow":["GET"]}}],"collection":[{"href":"https:\/\/ibecbarcelona.eu\/es\/wp-json\/wp\/v2\/posts"}],"about":[{"href":"https:\/\/ibecbarcelona.eu\/es\/wp-json\/wp\/v2\/types\/post"}],"author":[{"embeddable":true,"href":"https:\/\/ibecbarcelona.eu\/es\/wp-json\/wp\/v2\/users\/4"}],"replies":[{"embeddable":true,"href":"https:\/\/ibecbarcelona.eu\/es\/wp-json\/wp\/v2\/comments?post=7556"}],"version-history":[{"count":0,"href":"https:\/\/ibecbarcelona.eu\/es\/wp-json\/wp\/v2\/posts\/7556\/revisions"}],"wp:attachment":[{"href":"https:\/\/ibecbarcelona.eu\/es\/wp-json\/wp\/v2\/media?parent=7556"}],"wp:term":[{"taxonomy":"category","embeddable":true,"href":"https:\/\/ibecbarcelona.eu\/es\/wp-json\/wp\/v2\/categories?post=7556"},{"taxonomy":"post_tag","embeddable":true,"href":"https:\/\/ibecbarcelona.eu\/es\/wp-json\/wp\/v2\/tags?post=7556"},{"taxonomy":"post_format","embeddable":true,"href":"https:\/\/ibecbarcelona.eu\/es\/wp-json\/wp\/v2\/post_formats?post=7556"}],"curies":[{"name":"wp","href":"https:\/\/api.w.org\/{rel}","templated":true}]}}