
{"id":7562,"date":"2013-09-04T08:51:29","date_gmt":"2013-09-04T08:51:29","guid":{"rendered":"http:\/\/ibecbarcelona.eu\/new\/un-articulo-del-ibec-en-la-portada-del-nature-materials\/"},"modified":"2015-01-07T13:21:12","modified_gmt":"2015-01-07T13:21:12","slug":"un-articulo-del-ibec-en-la-portada-del-nature-materials","status":"publish","type":"post","link":"https:\/\/ibecbarcelona.eu\/es\/un-articulo-del-ibec-en-la-portada-del-nature-materials\/","title":{"rendered":"Un art\u00edculo del IBEC en la portada del Nature Materials"},"content":{"rendered":"<p>La portada destaca el art\u00edculo sobre la <em>Kenotaxis<\/em>, publicado en l\u00ednea en junio, que el Grupo de \u00abDin\u00e1mica integrativa de c\u00e9lulas y tejidos\u00bb, liderado por Xavier Trepat,  public\u00f3 junto con colegas de la Escuela de Salud P\u00fablica de Harvard. La Kenotaxis es un nuevo concepto en biolog\u00eda que describe la forma en que las c\u00e9lulas epiteliales se mueven en grupo llenando los espacios que se encuentran, impulsadas por las fuerzas internas y de c\u00e9lulas cercanas.<\/p>\n","protected":false},"excerpt":{"rendered":"<p><a href=\"http:\/\/www.nature.com\/nmat\/journal\/v12\/n9\/covers\/index.html\" target=\"_blank\"><img decoding=\"async\" class=\"left size-full wp-image-7557 lazyload\" data-src=\"https:\/\/ibecbarcelona.eu\/wp-content\/uploads\/2013\/09\/natmatcover.jpg\" border=\"0\" width=\"330\" height=\"427\" data-srcset=\"https:\/\/ibecbarcelona.eu\/wp-content\/uploads\/2013\/09\/natmatcover.jpg 482w, https:\/\/ibecbarcelona.eu\/wp-content\/uploads\/2013\/09\/natmatcover-231x300.jpg 231w, https:\/\/ibecbarcelona.eu\/wp-content\/uploads\/2013\/09\/natmatcover-115x150.jpg 115w\" data-sizes=\"(max-width: 330px) 100vw, 330px\" src=\"data:image\/svg+xml;base64,PHN2ZyB3aWR0aD0iMSIgaGVpZ2h0PSIxIiB4bWxucz0iaHR0cDovL3d3dy53My5vcmcvMjAwMC9zdmciPjwvc3ZnPg==\" style=\"--smush-placeholder-width: 330px; --smush-placeholder-aspect-ratio: 330\/427;\" \/><\/a>La imagen de la \u00faltima portada de la revista <em>Nature Materials<\/em> fue dise\u00f1ada por el estudiante de doctorado del IBEC Xavier Serra, muestra un tejido real computacionalmente segmentado simulando un <em>trencad\u00eds<\/em> gaudiniano.<\/p>\n","protected":false},"author":4,"featured_media":7557,"comment_status":"closed","ping_status":"closed","sticky":false,"template":"","format":"standard","meta":{"footnotes":""},"categories":[94],"tags":[],"post_formats":[],"class_list":["post-7562","post","type-post","status-publish","format-standard","has-post-thumbnail","hentry","category-noticias-institucionales"],"yoast_head":"<!-- This site is optimized with the Yoast SEO plugin v27.4 - https:\/\/yoast.com\/product\/yoast-seo-wordpress\/ -->\n<title>Un art\u00edculo del IBEC en la portada del Nature Materials - Institute for Bioengineering of Catalonia<\/title>\n<meta name=\"robots\" content=\"index, follow, max-snippet:-1, max-image-preview:large, max-video-preview:-1\" \/>\n<link rel=\"canonical\" href=\"https:\/\/ibecbarcelona.eu\/es\/un-articulo-del-ibec-en-la-portada-del-nature-materials\/\" \/>\n<meta property=\"og:locale\" content=\"es_ES\" \/>\n<meta property=\"og:type\" content=\"article\" \/>\n<meta property=\"og:title\" content=\"Un art\u00edculo del IBEC en la portada del Nature Materials - Institute for Bioengineering of Catalonia\" \/>\n<meta property=\"og:description\" content=\"La imagen de la \u00faltima portada de la revista Nature Materials fue dise\u00f1ada por el estudiante de doctorado del IBEC Xavier Serra, muestra un tejido real computacionalmente segmentado simulando un trencad\u00eds gaudiniano.\" \/>\n<meta property=\"og:url\" content=\"https:\/\/ibecbarcelona.eu\/es\/un-articulo-del-ibec-en-la-portada-del-nature-materials\/\" \/>\n<meta property=\"og:site_name\" content=\"Institute for Bioengineering of Catalonia\" \/>\n<meta property=\"article:published_time\" content=\"2013-09-04T08:51:29+00:00\" \/>\n<meta property=\"article:modified_time\" content=\"2015-01-07T13:21:12+00:00\" \/>\n<meta property=\"og:image\" content=\"https:\/\/ibecbarcelona.eu\/wp-content\/uploads\/2013\/09\/natmatcover.jpg\" \/>\n\t<meta property=\"og:image:width\" content=\"482\" \/>\n\t<meta property=\"og:image:height\" content=\"624\" \/>\n\t<meta property=\"og:image:type\" content=\"image\/jpeg\" \/>\n<meta name=\"author\" content=\"\u00c0ngels L\u00f3pez\" \/>\n<meta name=\"twitter:card\" content=\"summary_large_image\" \/>\n<meta name=\"twitter:label1\" content=\"Escrito por\" \/>\n\t<meta name=\"twitter:data1\" content=\"\u00c0ngels L\u00f3pez\" \/>\n<script type=\"application\/ld+json\" class=\"yoast-schema-graph\">{\"@context\":\"https:\\\/\\\/schema.org\",\"@graph\":[{\"@type\":\"Article\",\"@id\":\"https:\\\/\\\/ibecbarcelona.eu\\\/es\\\/un-articulo-del-ibec-en-la-portada-del-nature-materials\\\/#article\",\"isPartOf\":{\"@id\":\"https:\\\/\\\/ibecbarcelona.eu\\\/es\\\/un-articulo-del-ibec-en-la-portada-del-nature-materials\\\/\"},\"author\":{\"name\":\"\u00c0ngels L\u00f3pez\",\"@id\":\"https:\\\/\\\/ibecbarcelona.eu\\\/#\\\/schema\\\/person\\\/c212c6b589546130be67986b9290e2b8\"},\"headline\":\"Un art\u00edculo del IBEC en la portada del Nature Materials\",\"datePublished\":\"2013-09-04T08:51:29+00:00\",\"dateModified\":\"2015-01-07T13:21:12+00:00\",\"mainEntityOfPage\":{\"@id\":\"https:\\\/\\\/ibecbarcelona.eu\\\/es\\\/un-articulo-del-ibec-en-la-portada-del-nature-materials\\\/\"},\"wordCount\":94,\"publisher\":{\"@id\":\"https:\\\/\\\/ibecbarcelona.eu\\\/#organization\"},\"image\":{\"@id\":\"https:\\\/\\\/ibecbarcelona.eu\\\/es\\\/un-articulo-del-ibec-en-la-portada-del-nature-materials\\\/#primaryimage\"},\"thumbnailUrl\":\"https:\\\/\\\/ibecbarcelona.eu\\\/wp-content\\\/uploads\\\/2013\\\/09\\\/natmatcover.jpg\",\"articleSection\":[\"Noticias institucionales\"],\"inLanguage\":\"es\"},{\"@type\":\"WebPage\",\"@id\":\"https:\\\/\\\/ibecbarcelona.eu\\\/es\\\/un-articulo-del-ibec-en-la-portada-del-nature-materials\\\/\",\"url\":\"https:\\\/\\\/ibecbarcelona.eu\\\/es\\\/un-articulo-del-ibec-en-la-portada-del-nature-materials\\\/\",\"name\":\"Un art\u00edculo del IBEC en la portada del Nature Materials - Institute for Bioengineering of Catalonia\",\"isPartOf\":{\"@id\":\"https:\\\/\\\/ibecbarcelona.eu\\\/#website\"},\"primaryImageOfPage\":{\"@id\":\"https:\\\/\\\/ibecbarcelona.eu\\\/es\\\/un-articulo-del-ibec-en-la-portada-del-nature-materials\\\/#primaryimage\"},\"image\":{\"@id\":\"https:\\\/\\\/ibecbarcelona.eu\\\/es\\\/un-articulo-del-ibec-en-la-portada-del-nature-materials\\\/#primaryimage\"},\"thumbnailUrl\":\"https:\\\/\\\/ibecbarcelona.eu\\\/wp-content\\\/uploads\\\/2013\\\/09\\\/natmatcover.jpg\",\"datePublished\":\"2013-09-04T08:51:29+00:00\",\"dateModified\":\"2015-01-07T13:21:12+00:00\",\"breadcrumb\":{\"@id\":\"https:\\\/\\\/ibecbarcelona.eu\\\/es\\\/un-articulo-del-ibec-en-la-portada-del-nature-materials\\\/#breadcrumb\"},\"inLanguage\":\"es\",\"potentialAction\":[{\"@type\":\"ReadAction\",\"target\":[\"https:\\\/\\\/ibecbarcelona.eu\\\/es\\\/un-articulo-del-ibec-en-la-portada-del-nature-materials\\\/\"]}]},{\"@type\":\"ImageObject\",\"inLanguage\":\"es\",\"@id\":\"https:\\\/\\\/ibecbarcelona.eu\\\/es\\\/un-articulo-del-ibec-en-la-portada-del-nature-materials\\\/#primaryimage\",\"url\":\"https:\\\/\\\/ibecbarcelona.eu\\\/wp-content\\\/uploads\\\/2013\\\/09\\\/natmatcover.jpg\",\"contentUrl\":\"https:\\\/\\\/ibecbarcelona.eu\\\/wp-content\\\/uploads\\\/2013\\\/09\\\/natmatcover.jpg\",\"width\":482,\"height\":624},{\"@type\":\"BreadcrumbList\",\"@id\":\"https:\\\/\\\/ibecbarcelona.eu\\\/es\\\/un-articulo-del-ibec-en-la-portada-del-nature-materials\\\/#breadcrumb\",\"itemListElement\":[{\"@type\":\"ListItem\",\"position\":1,\"name\":\"Home\",\"item\":\"https:\\\/\\\/ibecbarcelona.eu\\\/es\\\/\"},{\"@type\":\"ListItem\",\"position\":2,\"name\":\"Un art\u00edculo del IBEC en la portada del Nature Materials\"}]},{\"@type\":\"WebSite\",\"@id\":\"https:\\\/\\\/ibecbarcelona.eu\\\/#website\",\"url\":\"https:\\\/\\\/ibecbarcelona.eu\\\/\",\"name\":\"Institute for Bioengineering of Catalonia\",\"description\":\"Bioengineering solutions for health\",\"publisher\":{\"@id\":\"https:\\\/\\\/ibecbarcelona.eu\\\/#organization\"},\"potentialAction\":[{\"@type\":\"SearchAction\",\"target\":{\"@type\":\"EntryPoint\",\"urlTemplate\":\"https:\\\/\\\/ibecbarcelona.eu\\\/?s={search_term_string}\"},\"query-input\":{\"@type\":\"PropertyValueSpecification\",\"valueRequired\":true,\"valueName\":\"search_term_string\"}}],\"inLanguage\":\"es\"},{\"@type\":\"Organization\",\"@id\":\"https:\\\/\\\/ibecbarcelona.eu\\\/#organization\",\"name\":\"Institute for Bioengineering of Catalonia\",\"url\":\"https:\\\/\\\/ibecbarcelona.eu\\\/\",\"logo\":{\"@type\":\"ImageObject\",\"inLanguage\":\"es\",\"@id\":\"https:\\\/\\\/ibecbarcelona.eu\\\/#\\\/schema\\\/logo\\\/image\\\/\",\"url\":\"https:\\\/\\\/ibecbarcelona.eu\\\/wp-content\\\/uploads\\\/2026\\\/01\\\/cropped-IBEC_20ANYS_GRIS.png\",\"contentUrl\":\"https:\\\/\\\/ibecbarcelona.eu\\\/wp-content\\\/uploads\\\/2026\\\/01\\\/cropped-IBEC_20ANYS_GRIS.png\",\"width\":696,\"height\":257,\"caption\":\"Institute for Bioengineering of Catalonia\"},\"image\":{\"@id\":\"https:\\\/\\\/ibecbarcelona.eu\\\/#\\\/schema\\\/logo\\\/image\\\/\"}},{\"@type\":\"Person\",\"@id\":\"https:\\\/\\\/ibecbarcelona.eu\\\/#\\\/schema\\\/person\\\/c212c6b589546130be67986b9290e2b8\",\"name\":\"\u00c0ngels L\u00f3pez\",\"image\":{\"@type\":\"ImageObject\",\"inLanguage\":\"es\",\"@id\":\"https:\\\/\\\/secure.gravatar.com\\\/avatar\\\/09ad6ba116bea0b15c5511860f83b302579fd7404c1180e9dae55c3f11d988c6?s=96&d=mm&r=g\",\"url\":\"https:\\\/\\\/secure.gravatar.com\\\/avatar\\\/09ad6ba116bea0b15c5511860f83b302579fd7404c1180e9dae55c3f11d988c6?s=96&d=mm&r=g\",\"contentUrl\":\"https:\\\/\\\/secure.gravatar.com\\\/avatar\\\/09ad6ba116bea0b15c5511860f83b302579fd7404c1180e9dae55c3f11d988c6?s=96&d=mm&r=g\",\"caption\":\"\u00c0ngels L\u00f3pez\"},\"url\":\"https:\\\/\\\/ibecbarcelona.eu\\\/es\\\/author\\\/alopez\\\/\"}]}<\/script>\n<!-- \/ Yoast SEO plugin. -->","yoast_head_json":{"title":"Un art\u00edculo del IBEC en la portada del Nature Materials - Institute for Bioengineering of Catalonia","robots":{"index":"index","follow":"follow","max-snippet":"max-snippet:-1","max-image-preview":"max-image-preview:large","max-video-preview":"max-video-preview:-1"},"canonical":"https:\/\/ibecbarcelona.eu\/es\/un-articulo-del-ibec-en-la-portada-del-nature-materials\/","og_locale":"es_ES","og_type":"article","og_title":"Un art\u00edculo del IBEC en la portada del Nature Materials - Institute for Bioengineering of Catalonia","og_description":"La imagen de la \u00faltima portada de la revista Nature Materials fue dise\u00f1ada por el estudiante de doctorado del IBEC Xavier Serra, muestra un tejido real computacionalmente segmentado simulando un trencad\u00eds gaudiniano.","og_url":"https:\/\/ibecbarcelona.eu\/es\/un-articulo-del-ibec-en-la-portada-del-nature-materials\/","og_site_name":"Institute for Bioengineering of Catalonia","article_published_time":"2013-09-04T08:51:29+00:00","article_modified_time":"2015-01-07T13:21:12+00:00","og_image":[{"width":482,"height":624,"url":"https:\/\/ibecbarcelona.eu\/wp-content\/uploads\/2013\/09\/natmatcover.jpg","type":"image\/jpeg"}],"author":"\u00c0ngels L\u00f3pez","twitter_card":"summary_large_image","twitter_misc":{"Escrito por":"\u00c0ngels L\u00f3pez"},"schema":{"@context":"https:\/\/schema.org","@graph":[{"@type":"Article","@id":"https:\/\/ibecbarcelona.eu\/es\/un-articulo-del-ibec-en-la-portada-del-nature-materials\/#article","isPartOf":{"@id":"https:\/\/ibecbarcelona.eu\/es\/un-articulo-del-ibec-en-la-portada-del-nature-materials\/"},"author":{"name":"\u00c0ngels L\u00f3pez","@id":"https:\/\/ibecbarcelona.eu\/#\/schema\/person\/c212c6b589546130be67986b9290e2b8"},"headline":"Un art\u00edculo del IBEC en la portada del Nature Materials","datePublished":"2013-09-04T08:51:29+00:00","dateModified":"2015-01-07T13:21:12+00:00","mainEntityOfPage":{"@id":"https:\/\/ibecbarcelona.eu\/es\/un-articulo-del-ibec-en-la-portada-del-nature-materials\/"},"wordCount":94,"publisher":{"@id":"https:\/\/ibecbarcelona.eu\/#organization"},"image":{"@id":"https:\/\/ibecbarcelona.eu\/es\/un-articulo-del-ibec-en-la-portada-del-nature-materials\/#primaryimage"},"thumbnailUrl":"https:\/\/ibecbarcelona.eu\/wp-content\/uploads\/2013\/09\/natmatcover.jpg","articleSection":["Noticias institucionales"],"inLanguage":"es"},{"@type":"WebPage","@id":"https:\/\/ibecbarcelona.eu\/es\/un-articulo-del-ibec-en-la-portada-del-nature-materials\/","url":"https:\/\/ibecbarcelona.eu\/es\/un-articulo-del-ibec-en-la-portada-del-nature-materials\/","name":"Un art\u00edculo del IBEC en la portada del Nature Materials - Institute for Bioengineering of Catalonia","isPartOf":{"@id":"https:\/\/ibecbarcelona.eu\/#website"},"primaryImageOfPage":{"@id":"https:\/\/ibecbarcelona.eu\/es\/un-articulo-del-ibec-en-la-portada-del-nature-materials\/#primaryimage"},"image":{"@id":"https:\/\/ibecbarcelona.eu\/es\/un-articulo-del-ibec-en-la-portada-del-nature-materials\/#primaryimage"},"thumbnailUrl":"https:\/\/ibecbarcelona.eu\/wp-content\/uploads\/2013\/09\/natmatcover.jpg","datePublished":"2013-09-04T08:51:29+00:00","dateModified":"2015-01-07T13:21:12+00:00","breadcrumb":{"@id":"https:\/\/ibecbarcelona.eu\/es\/un-articulo-del-ibec-en-la-portada-del-nature-materials\/#breadcrumb"},"inLanguage":"es","potentialAction":[{"@type":"ReadAction","target":["https:\/\/ibecbarcelona.eu\/es\/un-articulo-del-ibec-en-la-portada-del-nature-materials\/"]}]},{"@type":"ImageObject","inLanguage":"es","@id":"https:\/\/ibecbarcelona.eu\/es\/un-articulo-del-ibec-en-la-portada-del-nature-materials\/#primaryimage","url":"https:\/\/ibecbarcelona.eu\/wp-content\/uploads\/2013\/09\/natmatcover.jpg","contentUrl":"https:\/\/ibecbarcelona.eu\/wp-content\/uploads\/2013\/09\/natmatcover.jpg","width":482,"height":624},{"@type":"BreadcrumbList","@id":"https:\/\/ibecbarcelona.eu\/es\/un-articulo-del-ibec-en-la-portada-del-nature-materials\/#breadcrumb","itemListElement":[{"@type":"ListItem","position":1,"name":"Home","item":"https:\/\/ibecbarcelona.eu\/es\/"},{"@type":"ListItem","position":2,"name":"Un art\u00edculo del IBEC en la portada del Nature Materials"}]},{"@type":"WebSite","@id":"https:\/\/ibecbarcelona.eu\/#website","url":"https:\/\/ibecbarcelona.eu\/","name":"Institute for Bioengineering of Catalonia","description":"Bioengineering solutions for health","publisher":{"@id":"https:\/\/ibecbarcelona.eu\/#organization"},"potentialAction":[{"@type":"SearchAction","target":{"@type":"EntryPoint","urlTemplate":"https:\/\/ibecbarcelona.eu\/?s={search_term_string}"},"query-input":{"@type":"PropertyValueSpecification","valueRequired":true,"valueName":"search_term_string"}}],"inLanguage":"es"},{"@type":"Organization","@id":"https:\/\/ibecbarcelona.eu\/#organization","name":"Institute for Bioengineering of Catalonia","url":"https:\/\/ibecbarcelona.eu\/","logo":{"@type":"ImageObject","inLanguage":"es","@id":"https:\/\/ibecbarcelona.eu\/#\/schema\/logo\/image\/","url":"https:\/\/ibecbarcelona.eu\/wp-content\/uploads\/2026\/01\/cropped-IBEC_20ANYS_GRIS.png","contentUrl":"https:\/\/ibecbarcelona.eu\/wp-content\/uploads\/2026\/01\/cropped-IBEC_20ANYS_GRIS.png","width":696,"height":257,"caption":"Institute for Bioengineering of Catalonia"},"image":{"@id":"https:\/\/ibecbarcelona.eu\/#\/schema\/logo\/image\/"}},{"@type":"Person","@id":"https:\/\/ibecbarcelona.eu\/#\/schema\/person\/c212c6b589546130be67986b9290e2b8","name":"\u00c0ngels L\u00f3pez","image":{"@type":"ImageObject","inLanguage":"es","@id":"https:\/\/secure.gravatar.com\/avatar\/09ad6ba116bea0b15c5511860f83b302579fd7404c1180e9dae55c3f11d988c6?s=96&d=mm&r=g","url":"https:\/\/secure.gravatar.com\/avatar\/09ad6ba116bea0b15c5511860f83b302579fd7404c1180e9dae55c3f11d988c6?s=96&d=mm&r=g","contentUrl":"https:\/\/secure.gravatar.com\/avatar\/09ad6ba116bea0b15c5511860f83b302579fd7404c1180e9dae55c3f11d988c6?s=96&d=mm&r=g","caption":"\u00c0ngels L\u00f3pez"},"url":"https:\/\/ibecbarcelona.eu\/es\/author\/alopez\/"}]}},"AFP_featured_media_urls":{"full":["https:\/\/ibecbarcelona.eu\/wp-content\/uploads\/2013\/09\/natmatcover.jpg",482,624,false],"thumbnail":["https:\/\/ibecbarcelona.eu\/wp-content\/uploads\/2013\/09\/natmatcover-150x150.jpg",150,150,true],"medium":["https:\/\/ibecbarcelona.eu\/wp-content\/uploads\/2013\/09\/natmatcover-231x300.jpg",231,300,true],"medium_large":["https:\/\/ibecbarcelona.eu\/wp-content\/uploads\/2013\/09\/natmatcover.jpg",482,624,false],"large":["https:\/\/ibecbarcelona.eu\/wp-content\/uploads\/2013\/09\/natmatcover.jpg",482,624,false]},"AFP_attachments":{"full":["https:\/\/ibecbarcelona.eu\/wp-content\/uploads\/2013\/09\/natmatcover.jpg",482,624,false],"thumbnail":["https:\/\/ibecbarcelona.eu\/wp-content\/uploads\/2013\/09\/natmatcover-150x150.jpg",150,150,true],"medium":["https:\/\/ibecbarcelona.eu\/wp-content\/uploads\/2013\/09\/natmatcover-231x300.jpg",231,300,true],"medium_large":["https:\/\/ibecbarcelona.eu\/wp-content\/uploads\/2013\/09\/natmatcover.jpg",482,624,false],"large":["https:\/\/ibecbarcelona.eu\/wp-content\/uploads\/2013\/09\/natmatcover.jpg",482,624,false]},"AFP_videos":[],"AFP_video_blocks":"","AFP_category_names":["Noticias institucionales"],"_links":{"self":[{"href":"https:\/\/ibecbarcelona.eu\/es\/wp-json\/wp\/v2\/posts\/7562","targetHints":{"allow":["GET"]}}],"collection":[{"href":"https:\/\/ibecbarcelona.eu\/es\/wp-json\/wp\/v2\/posts"}],"about":[{"href":"https:\/\/ibecbarcelona.eu\/es\/wp-json\/wp\/v2\/types\/post"}],"author":[{"embeddable":true,"href":"https:\/\/ibecbarcelona.eu\/es\/wp-json\/wp\/v2\/users\/4"}],"replies":[{"embeddable":true,"href":"https:\/\/ibecbarcelona.eu\/es\/wp-json\/wp\/v2\/comments?post=7562"}],"version-history":[{"count":0,"href":"https:\/\/ibecbarcelona.eu\/es\/wp-json\/wp\/v2\/posts\/7562\/revisions"}],"wp:featuredmedia":[{"embeddable":true,"href":"https:\/\/ibecbarcelona.eu\/es\/wp-json\/wp\/v2\/media\/7557"}],"wp:attachment":[{"href":"https:\/\/ibecbarcelona.eu\/es\/wp-json\/wp\/v2\/media?parent=7562"}],"wp:term":[{"taxonomy":"category","embeddable":true,"href":"https:\/\/ibecbarcelona.eu\/es\/wp-json\/wp\/v2\/categories?post=7562"},{"taxonomy":"post_tag","embeddable":true,"href":"https:\/\/ibecbarcelona.eu\/es\/wp-json\/wp\/v2\/tags?post=7562"},{"taxonomy":"post_format","embeddable":true,"href":"https:\/\/ibecbarcelona.eu\/es\/wp-json\/wp\/v2\/post_formats?post=7562"}],"curies":[{"name":"wp","href":"https:\/\/api.w.org\/{rel}","templated":true}]}}