
{"id":76355,"date":"2020-07-22T10:42:25","date_gmt":"2020-07-22T08:42:25","guid":{"rendered":"http:\/\/ibecbarcelona.eu\/?p=76355"},"modified":"2020-07-22T11:38:58","modified_gmt":"2020-07-22T09:38:58","slug":"josep-samitier-distinguido-con-la-medalla-narcis-monturiol-por-su-contribucion-a-la-ciencia-y-la-tecnologia","status":"publish","type":"post","link":"https:\/\/ibecbarcelona.eu\/es\/josep-samitier-distinguido-con-la-medalla-narcis-monturiol-por-su-contribucion-a-la-ciencia-y-la-tecnologia\/","title":{"rendered":"Josep Samitier, distinguido con la medalla Narc\u00eds Monturiol por su contribuci\u00f3n a la ciencia y la tecnolog\u00eda"},"content":{"rendered":"<h3>Josep Samitier y la Nanobioingenier\u00eda<\/h3>\n<p>Josep Samitier Mart\u00ed es Director del Instituto de Bioingenier\u00eda de Catalu\u00f1a (IBEC), Catedr\u00e1tico del Departamento de Ingenier\u00eda Electr\u00f3nica y Biom\u00e9dica de la Universidad de Barcelona (UB) y Presidente de la Asociaci\u00f3n Catalana de Entidades de Investigaci\u00f3n (ACER) . Es impulsor de la nanobioingenier\u00eda a trav\u00e9s del grupo de investigaci\u00f3n que lidera en el IBEC, que se focaliza en aplicar la nanotecnolog\u00eda para desarrollar nuevos sistemas y dispositivos biom\u00e9dicos, principalmente con fines diagn\u00f3sticos, y dispositivos microflu\u00eddicos integrados de \u00f3rgano-en-un-chip, para estudiar enfermedades y para el cribado de f\u00e1rmacos. Actualmente, es el coordinador de la Plataforma Espa\u00f1ola de Nanomedicina (<a href=\"https:\/\/nanomedspain.net\/\" target=\"_blank\" rel=\"noopener noreferrer\">NANOMED Spain<\/a>) y tambi\u00e9n es miembro del Instituto de Estudios Catalanes (IEC).<\/p>\n<blockquote><p><strong>Es una gran satisfacci\u00f3n poder contribuir al progreso de la ciencia y la tecnolog\u00eda del nuestro pa\u00eds.<\/strong><\/p>\n<p><strong>Josep Samitier<\/strong><\/p><\/blockquote>\n<p>Josep Samitier fue miembro fundador del <em>European Institute of Innovation &amp; Technology in Health (EIT).<\/em> Tambi\u00e9n fue co-director del Centro de Ingenier\u00eda de Microsistemas (CEMIC) de la Red de Innovaci\u00f3n Tecnol\u00f3gica (XiT). Durante cuatro a\u00f1os ejerci\u00f3 de subdirector del Parque Cient\u00edfico de Barcelona.<\/p>\n<p>En el \u00e1mbito acad\u00e9mico, adem\u00e1s de ser Catedr\u00e1tico del Departamento de Ingenier\u00eda Electr\u00f3nica y Biom\u00e9dica de la Universidad de Barcelona (UB), ha sido vicerrector de Pol\u00edtica Internacional y de Innovaci\u00f3n, as\u00ed como de Programas Internacionales de Investigaci\u00f3n, y rector en funciones, de la misma universidad.<\/p>\n<p>En 2003 recibi\u00f3 el Premio Ciudad de Barcelona en la categor\u00eda de innovaci\u00f3n tecnol\u00f3gica.<\/p>\n<h3>Otros galardonados y Medalla Narc\u00eds Monturiol<\/h3>\n<p>Estos galardones, instituidos por la Generalitat en 1982, distinguen a las personas y entidades por su contribuci\u00f3n destacada en el desarrollo de la ciencia y la tecnolog\u00eda en Catalu\u00f1a. Este a\u00f1o, diez investigadores del sistema catal\u00e1n de conocimiento (seis hombres y cuatro mujeres) han recibido esta distinci\u00f3n y el Instituto de Ciencias Fot\u00f3nicas (ICFO) ha recibido la Placa Narc\u00eds Monturiol, que reconoce una instituci\u00f3n del pa\u00eds.<\/p>\n<p>Las personas que recibir\u00e1n la Medalla Narc\u00eds Monturiol al m\u00e9rito cient\u00edfico y tecnol\u00f3gico son: Ramon Brugada y Terradellas, Paul Christou, M. Teresa Espinal y Farr\u00e9, Manel Esteller, Pilar Garc\u00eda Almirall, Paloma Mas, Victoria Reyes Garc\u00eda, Jordi Salas-Salvad\u00f3, Josep Samitier y Mart\u00ed y Sebasti\u00e1n Xamb\u00f3 Descamps.<\/p>\n<p>Con la resoluci\u00f3n aprobada hoy, el Gobierno ha otorgado un total de 291 Medallas Narc\u00eds Monturiol (227 hombres y 64 mujeres), mientras que las instituciones galardonadas con la Placa Narc\u00eds Monturiol han sido cuarenta y seis. Las personas y las instituciones galardonadas abarcan todos los \u00e1mbitos del conocimiento, desde las ciencias de la vida y de la salud hasta las humanidades y las ciencias sociales, pasando por la arquitectura, la ingenier\u00eda y dem\u00e1s ciencias. Como el a\u00f1o pasado, cuando las medallas se entregaron a ocho mujeres y once hombres, este 2020 se contin\u00faa avanzando en el camino hacia el equilibrio de g\u00e9nero del sistema catal\u00e1n de I + D, integrado en m\u00e1s de un 42% por mujeres.<\/p>\n<p>&nbsp;<\/p>\n<p>&nbsp;<\/p>\n","protected":false},"excerpt":{"rendered":"<h3><img decoding=\"async\" class=\"alignnone size-full wp-image-73999 lazyload\" data-src=\"http:\/\/www.ibecbarcelona.eu\/wp-content\/uploads\/2020\/05\/JSamitier_web.jpg\" alt=\"\" width=\"500\" height=\"333\" data-srcset=\"https:\/\/ibecbarcelona.eu\/wp-content\/uploads\/2020\/05\/JSamitier_web.jpg 500w, https:\/\/ibecbarcelona.eu\/wp-content\/uploads\/2020\/05\/JSamitier_web-300x200.jpg 300w, https:\/\/ibecbarcelona.eu\/wp-content\/uploads\/2020\/05\/JSamitier_web-150x100.jpg 150w\" data-sizes=\"(max-width: 500px) 100vw, 500px\" src=\"data:image\/svg+xml;base64,PHN2ZyB3aWR0aD0iMSIgaGVpZ2h0PSIxIiB4bWxucz0iaHR0cDovL3d3dy53My5vcmcvMjAwMC9zdmciPjwvc3ZnPg==\" style=\"--smush-placeholder-width: 500px; --smush-placeholder-aspect-ratio: 500\/333;\" \/>El Gobierno de la Generalitat de Catalu\u00f1a dio a conocer ayer, la concesi\u00f3n de la Medalla Narc\u00eds Monturiol al m\u00e9rito cient\u00edfico y tecnol\u00f3gico al Director del IBEC, Josep Samitier Mart\u00ed, por su contribuci\u00f3n al desarrollo del sistema catal\u00e1n de ciencia y tecnolog\u00eda . <\/h3>\n<p><P> En total, diez investigadores del sistema catal\u00e1n de conocimiento (seis hombres y cuatro mujeres) han recibido esta distinci\u00f3n, as\u00ed como tambi\u00e9n un centro de investigaci\u00f3n ha sido galardonado con la Placa Narc\u00eds Monturiol, que reconoce una instituci\u00f3n del pa\u00eds. <\/ p><\/p>\n","protected":false},"author":4,"featured_media":74001,"comment_status":"closed","ping_status":"closed","sticky":false,"template":"","format":"standard","meta":{"footnotes":""},"categories":[94],"tags":[1137],"post_formats":[],"class_list":["post-76355","post","type-post","status-publish","format-standard","has-post-thumbnail","hentry","category-noticias-institucionales","tag-josep-samitier-es"],"yoast_head":"<!-- This site is optimized with the Yoast SEO plugin v27.4 - https:\/\/yoast.com\/product\/yoast-seo-wordpress\/ -->\n<title>Josep Samitier, distinguido con la medalla Narc\u00eds Monturiol por su contribuci\u00f3n a la ciencia y la tecnolog\u00eda - Institute for Bioengineering of Catalonia<\/title>\n<meta name=\"robots\" content=\"index, follow, max-snippet:-1, max-image-preview:large, max-video-preview:-1\" \/>\n<link rel=\"canonical\" href=\"https:\/\/ibecbarcelona.eu\/es\/josep-samitier-distinguido-con-la-medalla-narcis-monturiol-por-su-contribucion-a-la-ciencia-y-la-tecnologia\/\" \/>\n<meta property=\"og:locale\" content=\"es_ES\" \/>\n<meta property=\"og:type\" content=\"article\" \/>\n<meta property=\"og:title\" content=\"Josep Samitier, distinguido con la medalla Narc\u00eds Monturiol por su contribuci\u00f3n a la ciencia y la tecnolog\u00eda - Institute for Bioengineering of Catalonia\" \/>\n<meta property=\"og:description\" content=\"El Gobierno de la Generalitat de Catalu\u00f1a dio a conocer ayer, la concesi\u00f3n de la Medalla Narc\u00eds Monturiol al m\u00e9rito cient\u00edfico y tecnol\u00f3gico al Director del IBEC, Josep Samitier Mart\u00ed, por su contribuci\u00f3n al desarrollo del sistema catal\u00e1n de ciencia y tecnolog\u00eda .  En total, diez investigadores del sistema catal\u00e1n de conocimiento (seis hombres y cuatro mujeres) han recibido esta distinci\u00f3n, as\u00ed como tambi\u00e9n un centro de investigaci\u00f3n ha sido galardonado con la Placa Narc\u00eds Monturiol, que reconoce una instituci\u00f3n del pa\u00eds.\" \/>\n<meta property=\"og:url\" content=\"https:\/\/ibecbarcelona.eu\/es\/josep-samitier-distinguido-con-la-medalla-narcis-monturiol-por-su-contribucion-a-la-ciencia-y-la-tecnologia\/\" \/>\n<meta property=\"og:site_name\" content=\"Institute for Bioengineering of Catalonia\" \/>\n<meta property=\"article:published_time\" content=\"2020-07-22T08:42:25+00:00\" \/>\n<meta property=\"article:modified_time\" content=\"2020-07-22T09:38:58+00:00\" \/>\n<meta property=\"og:image\" content=\"https:\/\/ibecbarcelona.eu\/wp-content\/uploads\/2020\/05\/JSamitier_web.jpg\" \/>\n\t<meta property=\"og:image:width\" content=\"500\" \/>\n\t<meta property=\"og:image:height\" content=\"333\" \/>\n\t<meta property=\"og:image:type\" content=\"image\/jpeg\" \/>\n<meta name=\"author\" content=\"\u00c0ngels L\u00f3pez\" \/>\n<meta name=\"twitter:card\" content=\"summary_large_image\" \/>\n<meta name=\"twitter:label1\" content=\"Escrito por\" \/>\n\t<meta name=\"twitter:data1\" content=\"\u00c0ngels L\u00f3pez\" \/>\n\t<meta name=\"twitter:label2\" content=\"Tiempo de lectura\" \/>\n\t<meta name=\"twitter:data2\" content=\"3 minutos\" \/>\n<script type=\"application\/ld+json\" class=\"yoast-schema-graph\">{\"@context\":\"https:\\\/\\\/schema.org\",\"@graph\":[{\"@type\":\"Article\",\"@id\":\"https:\\\/\\\/ibecbarcelona.eu\\\/es\\\/josep-samitier-distinguido-con-la-medalla-narcis-monturiol-por-su-contribucion-a-la-ciencia-y-la-tecnologia\\\/#article\",\"isPartOf\":{\"@id\":\"https:\\\/\\\/ibecbarcelona.eu\\\/es\\\/josep-samitier-distinguido-con-la-medalla-narcis-monturiol-por-su-contribucion-a-la-ciencia-y-la-tecnologia\\\/\"},\"author\":{\"name\":\"\u00c0ngels L\u00f3pez\",\"@id\":\"https:\\\/\\\/ibecbarcelona.eu\\\/#\\\/schema\\\/person\\\/c212c6b589546130be67986b9290e2b8\"},\"headline\":\"Josep Samitier, distinguido con la medalla Narc\u00eds Monturiol por su contribuci\u00f3n a la ciencia y la tecnolog\u00eda\",\"datePublished\":\"2020-07-22T08:42:25+00:00\",\"dateModified\":\"2020-07-22T09:38:58+00:00\",\"mainEntityOfPage\":{\"@id\":\"https:\\\/\\\/ibecbarcelona.eu\\\/es\\\/josep-samitier-distinguido-con-la-medalla-narcis-monturiol-por-su-contribucion-a-la-ciencia-y-la-tecnologia\\\/\"},\"wordCount\":551,\"publisher\":{\"@id\":\"https:\\\/\\\/ibecbarcelona.eu\\\/#organization\"},\"image\":{\"@id\":\"https:\\\/\\\/ibecbarcelona.eu\\\/es\\\/josep-samitier-distinguido-con-la-medalla-narcis-monturiol-por-su-contribucion-a-la-ciencia-y-la-tecnologia\\\/#primaryimage\"},\"thumbnailUrl\":\"https:\\\/\\\/ibecbarcelona.eu\\\/wp-content\\\/uploads\\\/2020\\\/05\\\/JSamitier_web.jpg\",\"keywords\":[\"Josep Samitier\"],\"articleSection\":[\"Noticias institucionales\"],\"inLanguage\":\"es\"},{\"@type\":\"WebPage\",\"@id\":\"https:\\\/\\\/ibecbarcelona.eu\\\/es\\\/josep-samitier-distinguido-con-la-medalla-narcis-monturiol-por-su-contribucion-a-la-ciencia-y-la-tecnologia\\\/\",\"url\":\"https:\\\/\\\/ibecbarcelona.eu\\\/es\\\/josep-samitier-distinguido-con-la-medalla-narcis-monturiol-por-su-contribucion-a-la-ciencia-y-la-tecnologia\\\/\",\"name\":\"Josep Samitier, distinguido con la medalla Narc\u00eds Monturiol por su contribuci\u00f3n a la ciencia y la tecnolog\u00eda - Institute for Bioengineering of Catalonia\",\"isPartOf\":{\"@id\":\"https:\\\/\\\/ibecbarcelona.eu\\\/#website\"},\"primaryImageOfPage\":{\"@id\":\"https:\\\/\\\/ibecbarcelona.eu\\\/es\\\/josep-samitier-distinguido-con-la-medalla-narcis-monturiol-por-su-contribucion-a-la-ciencia-y-la-tecnologia\\\/#primaryimage\"},\"image\":{\"@id\":\"https:\\\/\\\/ibecbarcelona.eu\\\/es\\\/josep-samitier-distinguido-con-la-medalla-narcis-monturiol-por-su-contribucion-a-la-ciencia-y-la-tecnologia\\\/#primaryimage\"},\"thumbnailUrl\":\"https:\\\/\\\/ibecbarcelona.eu\\\/wp-content\\\/uploads\\\/2020\\\/05\\\/JSamitier_web.jpg\",\"datePublished\":\"2020-07-22T08:42:25+00:00\",\"dateModified\":\"2020-07-22T09:38:58+00:00\",\"breadcrumb\":{\"@id\":\"https:\\\/\\\/ibecbarcelona.eu\\\/es\\\/josep-samitier-distinguido-con-la-medalla-narcis-monturiol-por-su-contribucion-a-la-ciencia-y-la-tecnologia\\\/#breadcrumb\"},\"inLanguage\":\"es\",\"potentialAction\":[{\"@type\":\"ReadAction\",\"target\":[\"https:\\\/\\\/ibecbarcelona.eu\\\/es\\\/josep-samitier-distinguido-con-la-medalla-narcis-monturiol-por-su-contribucion-a-la-ciencia-y-la-tecnologia\\\/\"]}]},{\"@type\":\"ImageObject\",\"inLanguage\":\"es\",\"@id\":\"https:\\\/\\\/ibecbarcelona.eu\\\/es\\\/josep-samitier-distinguido-con-la-medalla-narcis-monturiol-por-su-contribucion-a-la-ciencia-y-la-tecnologia\\\/#primaryimage\",\"url\":\"https:\\\/\\\/ibecbarcelona.eu\\\/wp-content\\\/uploads\\\/2020\\\/05\\\/JSamitier_web.jpg\",\"contentUrl\":\"https:\\\/\\\/ibecbarcelona.eu\\\/wp-content\\\/uploads\\\/2020\\\/05\\\/JSamitier_web.jpg\",\"width\":500,\"height\":333},{\"@type\":\"BreadcrumbList\",\"@id\":\"https:\\\/\\\/ibecbarcelona.eu\\\/es\\\/josep-samitier-distinguido-con-la-medalla-narcis-monturiol-por-su-contribucion-a-la-ciencia-y-la-tecnologia\\\/#breadcrumb\",\"itemListElement\":[{\"@type\":\"ListItem\",\"position\":1,\"name\":\"Home\",\"item\":\"https:\\\/\\\/ibecbarcelona.eu\\\/es\\\/\"},{\"@type\":\"ListItem\",\"position\":2,\"name\":\"Josep Samitier, distinguido con la medalla Narc\u00eds Monturiol por su contribuci\u00f3n a la ciencia y la tecnolog\u00eda\"}]},{\"@type\":\"WebSite\",\"@id\":\"https:\\\/\\\/ibecbarcelona.eu\\\/#website\",\"url\":\"https:\\\/\\\/ibecbarcelona.eu\\\/\",\"name\":\"Institute for Bioengineering of Catalonia\",\"description\":\"Bioengineering solutions for health\",\"publisher\":{\"@id\":\"https:\\\/\\\/ibecbarcelona.eu\\\/#organization\"},\"potentialAction\":[{\"@type\":\"SearchAction\",\"target\":{\"@type\":\"EntryPoint\",\"urlTemplate\":\"https:\\\/\\\/ibecbarcelona.eu\\\/?s={search_term_string}\"},\"query-input\":{\"@type\":\"PropertyValueSpecification\",\"valueRequired\":true,\"valueName\":\"search_term_string\"}}],\"inLanguage\":\"es\"},{\"@type\":\"Organization\",\"@id\":\"https:\\\/\\\/ibecbarcelona.eu\\\/#organization\",\"name\":\"Institute for Bioengineering of Catalonia\",\"url\":\"https:\\\/\\\/ibecbarcelona.eu\\\/\",\"logo\":{\"@type\":\"ImageObject\",\"inLanguage\":\"es\",\"@id\":\"https:\\\/\\\/ibecbarcelona.eu\\\/#\\\/schema\\\/logo\\\/image\\\/\",\"url\":\"https:\\\/\\\/ibecbarcelona.eu\\\/wp-content\\\/uploads\\\/2026\\\/01\\\/cropped-IBEC_20ANYS_GRIS.png\",\"contentUrl\":\"https:\\\/\\\/ibecbarcelona.eu\\\/wp-content\\\/uploads\\\/2026\\\/01\\\/cropped-IBEC_20ANYS_GRIS.png\",\"width\":696,\"height\":257,\"caption\":\"Institute for Bioengineering of Catalonia\"},\"image\":{\"@id\":\"https:\\\/\\\/ibecbarcelona.eu\\\/#\\\/schema\\\/logo\\\/image\\\/\"}},{\"@type\":\"Person\",\"@id\":\"https:\\\/\\\/ibecbarcelona.eu\\\/#\\\/schema\\\/person\\\/c212c6b589546130be67986b9290e2b8\",\"name\":\"\u00c0ngels L\u00f3pez\",\"image\":{\"@type\":\"ImageObject\",\"inLanguage\":\"es\",\"@id\":\"https:\\\/\\\/secure.gravatar.com\\\/avatar\\\/09ad6ba116bea0b15c5511860f83b302579fd7404c1180e9dae55c3f11d988c6?s=96&d=mm&r=g\",\"url\":\"https:\\\/\\\/secure.gravatar.com\\\/avatar\\\/09ad6ba116bea0b15c5511860f83b302579fd7404c1180e9dae55c3f11d988c6?s=96&d=mm&r=g\",\"contentUrl\":\"https:\\\/\\\/secure.gravatar.com\\\/avatar\\\/09ad6ba116bea0b15c5511860f83b302579fd7404c1180e9dae55c3f11d988c6?s=96&d=mm&r=g\",\"caption\":\"\u00c0ngels L\u00f3pez\"},\"url\":\"https:\\\/\\\/ibecbarcelona.eu\\\/es\\\/author\\\/alopez\\\/\"}]}<\/script>\n<!-- \/ Yoast SEO plugin. -->","yoast_head_json":{"title":"Josep Samitier, distinguido con la medalla Narc\u00eds Monturiol por su contribuci\u00f3n a la ciencia y la tecnolog\u00eda - Institute for Bioengineering of Catalonia","robots":{"index":"index","follow":"follow","max-snippet":"max-snippet:-1","max-image-preview":"max-image-preview:large","max-video-preview":"max-video-preview:-1"},"canonical":"https:\/\/ibecbarcelona.eu\/es\/josep-samitier-distinguido-con-la-medalla-narcis-monturiol-por-su-contribucion-a-la-ciencia-y-la-tecnologia\/","og_locale":"es_ES","og_type":"article","og_title":"Josep Samitier, distinguido con la medalla Narc\u00eds Monturiol por su contribuci\u00f3n a la ciencia y la tecnolog\u00eda - Institute for Bioengineering of Catalonia","og_description":"El Gobierno de la Generalitat de Catalu\u00f1a dio a conocer ayer, la concesi\u00f3n de la Medalla Narc\u00eds Monturiol al m\u00e9rito cient\u00edfico y tecnol\u00f3gico al Director del IBEC, Josep Samitier Mart\u00ed, por su contribuci\u00f3n al desarrollo del sistema catal\u00e1n de ciencia y tecnolog\u00eda .  En total, diez investigadores del sistema catal\u00e1n de conocimiento (seis hombres y cuatro mujeres) han recibido esta distinci\u00f3n, as\u00ed como tambi\u00e9n un centro de investigaci\u00f3n ha sido galardonado con la Placa Narc\u00eds Monturiol, que reconoce una instituci\u00f3n del pa\u00eds.","og_url":"https:\/\/ibecbarcelona.eu\/es\/josep-samitier-distinguido-con-la-medalla-narcis-monturiol-por-su-contribucion-a-la-ciencia-y-la-tecnologia\/","og_site_name":"Institute for Bioengineering of Catalonia","article_published_time":"2020-07-22T08:42:25+00:00","article_modified_time":"2020-07-22T09:38:58+00:00","og_image":[{"width":500,"height":333,"url":"https:\/\/ibecbarcelona.eu\/wp-content\/uploads\/2020\/05\/JSamitier_web.jpg","type":"image\/jpeg"}],"author":"\u00c0ngels L\u00f3pez","twitter_card":"summary_large_image","twitter_misc":{"Escrito por":"\u00c0ngels L\u00f3pez","Tiempo de lectura":"3 minutos"},"schema":{"@context":"https:\/\/schema.org","@graph":[{"@type":"Article","@id":"https:\/\/ibecbarcelona.eu\/es\/josep-samitier-distinguido-con-la-medalla-narcis-monturiol-por-su-contribucion-a-la-ciencia-y-la-tecnologia\/#article","isPartOf":{"@id":"https:\/\/ibecbarcelona.eu\/es\/josep-samitier-distinguido-con-la-medalla-narcis-monturiol-por-su-contribucion-a-la-ciencia-y-la-tecnologia\/"},"author":{"name":"\u00c0ngels L\u00f3pez","@id":"https:\/\/ibecbarcelona.eu\/#\/schema\/person\/c212c6b589546130be67986b9290e2b8"},"headline":"Josep Samitier, distinguido con la medalla Narc\u00eds Monturiol por su contribuci\u00f3n a la ciencia y la tecnolog\u00eda","datePublished":"2020-07-22T08:42:25+00:00","dateModified":"2020-07-22T09:38:58+00:00","mainEntityOfPage":{"@id":"https:\/\/ibecbarcelona.eu\/es\/josep-samitier-distinguido-con-la-medalla-narcis-monturiol-por-su-contribucion-a-la-ciencia-y-la-tecnologia\/"},"wordCount":551,"publisher":{"@id":"https:\/\/ibecbarcelona.eu\/#organization"},"image":{"@id":"https:\/\/ibecbarcelona.eu\/es\/josep-samitier-distinguido-con-la-medalla-narcis-monturiol-por-su-contribucion-a-la-ciencia-y-la-tecnologia\/#primaryimage"},"thumbnailUrl":"https:\/\/ibecbarcelona.eu\/wp-content\/uploads\/2020\/05\/JSamitier_web.jpg","keywords":["Josep Samitier"],"articleSection":["Noticias institucionales"],"inLanguage":"es"},{"@type":"WebPage","@id":"https:\/\/ibecbarcelona.eu\/es\/josep-samitier-distinguido-con-la-medalla-narcis-monturiol-por-su-contribucion-a-la-ciencia-y-la-tecnologia\/","url":"https:\/\/ibecbarcelona.eu\/es\/josep-samitier-distinguido-con-la-medalla-narcis-monturiol-por-su-contribucion-a-la-ciencia-y-la-tecnologia\/","name":"Josep Samitier, distinguido con la medalla Narc\u00eds Monturiol por su contribuci\u00f3n a la ciencia y la tecnolog\u00eda - Institute for Bioengineering of Catalonia","isPartOf":{"@id":"https:\/\/ibecbarcelona.eu\/#website"},"primaryImageOfPage":{"@id":"https:\/\/ibecbarcelona.eu\/es\/josep-samitier-distinguido-con-la-medalla-narcis-monturiol-por-su-contribucion-a-la-ciencia-y-la-tecnologia\/#primaryimage"},"image":{"@id":"https:\/\/ibecbarcelona.eu\/es\/josep-samitier-distinguido-con-la-medalla-narcis-monturiol-por-su-contribucion-a-la-ciencia-y-la-tecnologia\/#primaryimage"},"thumbnailUrl":"https:\/\/ibecbarcelona.eu\/wp-content\/uploads\/2020\/05\/JSamitier_web.jpg","datePublished":"2020-07-22T08:42:25+00:00","dateModified":"2020-07-22T09:38:58+00:00","breadcrumb":{"@id":"https:\/\/ibecbarcelona.eu\/es\/josep-samitier-distinguido-con-la-medalla-narcis-monturiol-por-su-contribucion-a-la-ciencia-y-la-tecnologia\/#breadcrumb"},"inLanguage":"es","potentialAction":[{"@type":"ReadAction","target":["https:\/\/ibecbarcelona.eu\/es\/josep-samitier-distinguido-con-la-medalla-narcis-monturiol-por-su-contribucion-a-la-ciencia-y-la-tecnologia\/"]}]},{"@type":"ImageObject","inLanguage":"es","@id":"https:\/\/ibecbarcelona.eu\/es\/josep-samitier-distinguido-con-la-medalla-narcis-monturiol-por-su-contribucion-a-la-ciencia-y-la-tecnologia\/#primaryimage","url":"https:\/\/ibecbarcelona.eu\/wp-content\/uploads\/2020\/05\/JSamitier_web.jpg","contentUrl":"https:\/\/ibecbarcelona.eu\/wp-content\/uploads\/2020\/05\/JSamitier_web.jpg","width":500,"height":333},{"@type":"BreadcrumbList","@id":"https:\/\/ibecbarcelona.eu\/es\/josep-samitier-distinguido-con-la-medalla-narcis-monturiol-por-su-contribucion-a-la-ciencia-y-la-tecnologia\/#breadcrumb","itemListElement":[{"@type":"ListItem","position":1,"name":"Home","item":"https:\/\/ibecbarcelona.eu\/es\/"},{"@type":"ListItem","position":2,"name":"Josep Samitier, distinguido con la medalla Narc\u00eds Monturiol por su contribuci\u00f3n a la ciencia y la tecnolog\u00eda"}]},{"@type":"WebSite","@id":"https:\/\/ibecbarcelona.eu\/#website","url":"https:\/\/ibecbarcelona.eu\/","name":"Institute for Bioengineering of Catalonia","description":"Bioengineering solutions for health","publisher":{"@id":"https:\/\/ibecbarcelona.eu\/#organization"},"potentialAction":[{"@type":"SearchAction","target":{"@type":"EntryPoint","urlTemplate":"https:\/\/ibecbarcelona.eu\/?s={search_term_string}"},"query-input":{"@type":"PropertyValueSpecification","valueRequired":true,"valueName":"search_term_string"}}],"inLanguage":"es"},{"@type":"Organization","@id":"https:\/\/ibecbarcelona.eu\/#organization","name":"Institute for Bioengineering of Catalonia","url":"https:\/\/ibecbarcelona.eu\/","logo":{"@type":"ImageObject","inLanguage":"es","@id":"https:\/\/ibecbarcelona.eu\/#\/schema\/logo\/image\/","url":"https:\/\/ibecbarcelona.eu\/wp-content\/uploads\/2026\/01\/cropped-IBEC_20ANYS_GRIS.png","contentUrl":"https:\/\/ibecbarcelona.eu\/wp-content\/uploads\/2026\/01\/cropped-IBEC_20ANYS_GRIS.png","width":696,"height":257,"caption":"Institute for Bioengineering of Catalonia"},"image":{"@id":"https:\/\/ibecbarcelona.eu\/#\/schema\/logo\/image\/"}},{"@type":"Person","@id":"https:\/\/ibecbarcelona.eu\/#\/schema\/person\/c212c6b589546130be67986b9290e2b8","name":"\u00c0ngels L\u00f3pez","image":{"@type":"ImageObject","inLanguage":"es","@id":"https:\/\/secure.gravatar.com\/avatar\/09ad6ba116bea0b15c5511860f83b302579fd7404c1180e9dae55c3f11d988c6?s=96&d=mm&r=g","url":"https:\/\/secure.gravatar.com\/avatar\/09ad6ba116bea0b15c5511860f83b302579fd7404c1180e9dae55c3f11d988c6?s=96&d=mm&r=g","contentUrl":"https:\/\/secure.gravatar.com\/avatar\/09ad6ba116bea0b15c5511860f83b302579fd7404c1180e9dae55c3f11d988c6?s=96&d=mm&r=g","caption":"\u00c0ngels L\u00f3pez"},"url":"https:\/\/ibecbarcelona.eu\/es\/author\/alopez\/"}]}},"AFP_featured_media_urls":{"full":["https:\/\/ibecbarcelona.eu\/wp-content\/uploads\/2020\/05\/JSamitier_web.jpg",500,333,false],"thumbnail":["https:\/\/ibecbarcelona.eu\/wp-content\/uploads\/2020\/05\/JSamitier_web-150x150.jpg",150,150,true],"medium":["https:\/\/ibecbarcelona.eu\/wp-content\/uploads\/2020\/05\/JSamitier_web-300x200.jpg",300,200,true],"medium_large":["https:\/\/ibecbarcelona.eu\/wp-content\/uploads\/2020\/05\/JSamitier_web.jpg",500,333,false],"large":["https:\/\/ibecbarcelona.eu\/wp-content\/uploads\/2020\/05\/JSamitier_web.jpg",500,333,false]},"AFP_attachments":[],"AFP_videos":[],"AFP_video_blocks":"","AFP_category_names":["Noticias institucionales"],"_links":{"self":[{"href":"https:\/\/ibecbarcelona.eu\/es\/wp-json\/wp\/v2\/posts\/76355","targetHints":{"allow":["GET"]}}],"collection":[{"href":"https:\/\/ibecbarcelona.eu\/es\/wp-json\/wp\/v2\/posts"}],"about":[{"href":"https:\/\/ibecbarcelona.eu\/es\/wp-json\/wp\/v2\/types\/post"}],"author":[{"embeddable":true,"href":"https:\/\/ibecbarcelona.eu\/es\/wp-json\/wp\/v2\/users\/4"}],"replies":[{"embeddable":true,"href":"https:\/\/ibecbarcelona.eu\/es\/wp-json\/wp\/v2\/comments?post=76355"}],"version-history":[{"count":5,"href":"https:\/\/ibecbarcelona.eu\/es\/wp-json\/wp\/v2\/posts\/76355\/revisions"}],"predecessor-version":[{"id":76369,"href":"https:\/\/ibecbarcelona.eu\/es\/wp-json\/wp\/v2\/posts\/76355\/revisions\/76369"}],"wp:featuredmedia":[{"embeddable":true,"href":"https:\/\/ibecbarcelona.eu\/es\/wp-json\/wp\/v2\/media\/74001"}],"wp:attachment":[{"href":"https:\/\/ibecbarcelona.eu\/es\/wp-json\/wp\/v2\/media?parent=76355"}],"wp:term":[{"taxonomy":"category","embeddable":true,"href":"https:\/\/ibecbarcelona.eu\/es\/wp-json\/wp\/v2\/categories?post=76355"},{"taxonomy":"post_tag","embeddable":true,"href":"https:\/\/ibecbarcelona.eu\/es\/wp-json\/wp\/v2\/tags?post=76355"},{"taxonomy":"post_format","embeddable":true,"href":"https:\/\/ibecbarcelona.eu\/es\/wp-json\/wp\/v2\/post_formats?post=76355"}],"curies":[{"name":"wp","href":"https:\/\/api.w.org\/{rel}","templated":true}]}}