
{"id":7690,"date":"2013-09-12T12:50:58","date_gmt":"2013-09-12T12:50:58","guid":{"rendered":"http:\/\/ibecbarcelona.eu\/new\/josep-a-planell-primer-cientifico-espanol-en-recibir-el-premio-europeo-de-biomateriales\/"},"modified":"2015-01-07T13:21:12","modified_gmt":"2015-01-07T13:21:12","slug":"josep-a-planell-primer-cientifico-espanol-en-recibir-el-premio-europeo-de-biomateriales","status":"publish","type":"post","link":"https:\/\/ibecbarcelona.eu\/es\/josep-a-planell-primer-cientifico-espanol-en-recibir-el-premio-europeo-de-biomateriales\/","title":{"rendered":"Josep A. Planell, primer cient\u00edfico espa\u00f1ol en recibir el premio europeo de biomateriales"},"content":{"rendered":"<p>Josep A Planell es el primer cient\u00edfico en Espa\u00f1a en recibir el mencionado premio, que reconoce a los investigadores que contribuyen de manera significativa al campo de los biomateriales a trav\u00e9s de la investigaci\u00f3n b\u00e1sica, experimental y cl\u00ednica. Algunos de los logros m\u00e1s sobresalientes de su ilustre carrera, que \u00faltimamente se ha centrado en la investigaci\u00f3n y el desarrollo de cementos \u00f3seos, incluyen la creaci\u00f3n de biomateriales basados en materiales compuestos porosos de fosfato de calcio para la regeneraci\u00f3n \u00f3sea, y el desarrollo de nuevos materiales angiog\u00e9nicos capaces de desencadenar formaci\u00f3n de nuevos vasos e inducir la vascularizaci\u00f3n.<\/p>\n<p>Entre los ganadores de ediciones anteriores del premio, creado en 1982, se incluye al Profesor Em\u00e9rito de Materiales M\u00e9dicos de la Universidad de Cambridge, William Bonfield.<\/p>\n<p>En abril de este a\u00f1o, Josep Planell, que mantiene una posici\u00f3n de investigaci\u00f3n en el IBEC, dej\u00f3 la Direcci\u00f3n del Instituto despu\u00e9s de siete a\u00f1os para pasar a ocupar el cargo de Rector de la Universitat Oberta de Catalunya.<\/p>\n","protected":false},"excerpt":{"rendered":"<p><img decoding=\"async\" class=\"left size-full wp-image-7685 lazyload\" data-src=\"https:\/\/ibecbarcelona.eu\/wp-content\/uploads\/2013\/09\/georgewinter.jpg\" border=\"0\" width=\"500\" height=\"377\" data-srcset=\"https:\/\/ibecbarcelona.eu\/wp-content\/uploads\/2013\/09\/georgewinter.jpg 500w, https:\/\/ibecbarcelona.eu\/wp-content\/uploads\/2013\/09\/georgewinter-300x226.jpg 300w, https:\/\/ibecbarcelona.eu\/wp-content\/uploads\/2013\/09\/georgewinter-198x150.jpg 198w, https:\/\/ibecbarcelona.eu\/wp-content\/uploads\/2013\/09\/georgewinter-150x113.jpg 150w\" data-sizes=\"(max-width: 500px) 100vw, 500px\" src=\"data:image\/svg+xml;base64,PHN2ZyB3aWR0aD0iMSIgaGVpZ2h0PSIxIiB4bWxucz0iaHR0cDovL3d3dy53My5vcmcvMjAwMC9zdmciPjwvc3ZnPg==\" style=\"--smush-placeholder-width: 500px; --smush-placeholder-aspect-ratio: 500\/377;\" \/>El director fundador del IBEC, Josep A. Planell, recibi\u00f3 el prestigioso premio George Winter otorgado por la Sociedad Europea de Biomateriales, durante la conferencia anual que se celebr\u00f3 el pasado martes en Madrid.<\/p>\n","protected":false},"author":4,"featured_media":7685,"comment_status":"closed","ping_status":"closed","sticky":false,"template":"","format":"standard","meta":{"footnotes":""},"categories":[94],"tags":[],"post_formats":[],"class_list":["post-7690","post","type-post","status-publish","format-standard","has-post-thumbnail","hentry","category-noticias-institucionales"],"yoast_head":"<!-- This site is optimized with the Yoast SEO plugin v27.4 - https:\/\/yoast.com\/product\/yoast-seo-wordpress\/ -->\n<title>Josep A. Planell, primer cient\u00edfico espa\u00f1ol en recibir el premio europeo de biomateriales - Institute for Bioengineering of Catalonia<\/title>\n<meta name=\"robots\" content=\"index, follow, max-snippet:-1, max-image-preview:large, max-video-preview:-1\" \/>\n<link rel=\"canonical\" href=\"https:\/\/ibecbarcelona.eu\/es\/josep-a-planell-primer-cientifico-espanol-en-recibir-el-premio-europeo-de-biomateriales\/\" \/>\n<meta property=\"og:locale\" content=\"es_ES\" \/>\n<meta property=\"og:type\" content=\"article\" \/>\n<meta property=\"og:title\" content=\"Josep A. Planell, primer cient\u00edfico espa\u00f1ol en recibir el premio europeo de biomateriales - Institute for Bioengineering of Catalonia\" \/>\n<meta property=\"og:description\" content=\"El director fundador del IBEC, Josep A. Planell, recibi\u00f3 el prestigioso premio George Winter otorgado por la Sociedad Europea de Biomateriales, durante la conferencia anual que se celebr\u00f3 el pasado martes en Madrid.\" \/>\n<meta property=\"og:url\" content=\"https:\/\/ibecbarcelona.eu\/es\/josep-a-planell-primer-cientifico-espanol-en-recibir-el-premio-europeo-de-biomateriales\/\" \/>\n<meta property=\"og:site_name\" content=\"Institute for Bioengineering of Catalonia\" \/>\n<meta property=\"article:published_time\" content=\"2013-09-12T12:50:58+00:00\" \/>\n<meta property=\"article:modified_time\" content=\"2015-01-07T13:21:12+00:00\" \/>\n<meta property=\"og:image\" content=\"https:\/\/ibecbarcelona.eu\/wp-content\/uploads\/2013\/09\/georgewinter.jpg\" \/>\n\t<meta property=\"og:image:width\" content=\"500\" \/>\n\t<meta property=\"og:image:height\" content=\"377\" \/>\n\t<meta property=\"og:image:type\" content=\"image\/jpeg\" \/>\n<meta name=\"author\" content=\"\u00c0ngels L\u00f3pez\" \/>\n<meta name=\"twitter:card\" content=\"summary_large_image\" \/>\n<meta name=\"twitter:label1\" content=\"Escrito por\" \/>\n\t<meta name=\"twitter:data1\" content=\"\u00c0ngels L\u00f3pez\" \/>\n\t<meta name=\"twitter:label2\" content=\"Tiempo de lectura\" \/>\n\t<meta name=\"twitter:data2\" content=\"1 minuto\" \/>\n<script type=\"application\/ld+json\" class=\"yoast-schema-graph\">{\"@context\":\"https:\\\/\\\/schema.org\",\"@graph\":[{\"@type\":\"Article\",\"@id\":\"https:\\\/\\\/ibecbarcelona.eu\\\/es\\\/josep-a-planell-primer-cientifico-espanol-en-recibir-el-premio-europeo-de-biomateriales\\\/#article\",\"isPartOf\":{\"@id\":\"https:\\\/\\\/ibecbarcelona.eu\\\/es\\\/josep-a-planell-primer-cientifico-espanol-en-recibir-el-premio-europeo-de-biomateriales\\\/\"},\"author\":{\"name\":\"\u00c0ngels L\u00f3pez\",\"@id\":\"https:\\\/\\\/ibecbarcelona.eu\\\/#\\\/schema\\\/person\\\/c212c6b589546130be67986b9290e2b8\"},\"headline\":\"Josep A. Planell, primer cient\u00edfico espa\u00f1ol en recibir el premio europeo de biomateriales\",\"datePublished\":\"2013-09-12T12:50:58+00:00\",\"dateModified\":\"2015-01-07T13:21:12+00:00\",\"mainEntityOfPage\":{\"@id\":\"https:\\\/\\\/ibecbarcelona.eu\\\/es\\\/josep-a-planell-primer-cientifico-espanol-en-recibir-el-premio-europeo-de-biomateriales\\\/\"},\"wordCount\":198,\"publisher\":{\"@id\":\"https:\\\/\\\/ibecbarcelona.eu\\\/#organization\"},\"image\":{\"@id\":\"https:\\\/\\\/ibecbarcelona.eu\\\/es\\\/josep-a-planell-primer-cientifico-espanol-en-recibir-el-premio-europeo-de-biomateriales\\\/#primaryimage\"},\"thumbnailUrl\":\"https:\\\/\\\/ibecbarcelona.eu\\\/wp-content\\\/uploads\\\/2013\\\/09\\\/georgewinter.jpg\",\"articleSection\":[\"Noticias institucionales\"],\"inLanguage\":\"es\"},{\"@type\":\"WebPage\",\"@id\":\"https:\\\/\\\/ibecbarcelona.eu\\\/es\\\/josep-a-planell-primer-cientifico-espanol-en-recibir-el-premio-europeo-de-biomateriales\\\/\",\"url\":\"https:\\\/\\\/ibecbarcelona.eu\\\/es\\\/josep-a-planell-primer-cientifico-espanol-en-recibir-el-premio-europeo-de-biomateriales\\\/\",\"name\":\"Josep A. Planell, primer cient\u00edfico espa\u00f1ol en recibir el premio europeo de biomateriales - Institute for Bioengineering of Catalonia\",\"isPartOf\":{\"@id\":\"https:\\\/\\\/ibecbarcelona.eu\\\/#website\"},\"primaryImageOfPage\":{\"@id\":\"https:\\\/\\\/ibecbarcelona.eu\\\/es\\\/josep-a-planell-primer-cientifico-espanol-en-recibir-el-premio-europeo-de-biomateriales\\\/#primaryimage\"},\"image\":{\"@id\":\"https:\\\/\\\/ibecbarcelona.eu\\\/es\\\/josep-a-planell-primer-cientifico-espanol-en-recibir-el-premio-europeo-de-biomateriales\\\/#primaryimage\"},\"thumbnailUrl\":\"https:\\\/\\\/ibecbarcelona.eu\\\/wp-content\\\/uploads\\\/2013\\\/09\\\/georgewinter.jpg\",\"datePublished\":\"2013-09-12T12:50:58+00:00\",\"dateModified\":\"2015-01-07T13:21:12+00:00\",\"breadcrumb\":{\"@id\":\"https:\\\/\\\/ibecbarcelona.eu\\\/es\\\/josep-a-planell-primer-cientifico-espanol-en-recibir-el-premio-europeo-de-biomateriales\\\/#breadcrumb\"},\"inLanguage\":\"es\",\"potentialAction\":[{\"@type\":\"ReadAction\",\"target\":[\"https:\\\/\\\/ibecbarcelona.eu\\\/es\\\/josep-a-planell-primer-cientifico-espanol-en-recibir-el-premio-europeo-de-biomateriales\\\/\"]}]},{\"@type\":\"ImageObject\",\"inLanguage\":\"es\",\"@id\":\"https:\\\/\\\/ibecbarcelona.eu\\\/es\\\/josep-a-planell-primer-cientifico-espanol-en-recibir-el-premio-europeo-de-biomateriales\\\/#primaryimage\",\"url\":\"https:\\\/\\\/ibecbarcelona.eu\\\/wp-content\\\/uploads\\\/2013\\\/09\\\/georgewinter.jpg\",\"contentUrl\":\"https:\\\/\\\/ibecbarcelona.eu\\\/wp-content\\\/uploads\\\/2013\\\/09\\\/georgewinter.jpg\",\"width\":500,\"height\":377},{\"@type\":\"BreadcrumbList\",\"@id\":\"https:\\\/\\\/ibecbarcelona.eu\\\/es\\\/josep-a-planell-primer-cientifico-espanol-en-recibir-el-premio-europeo-de-biomateriales\\\/#breadcrumb\",\"itemListElement\":[{\"@type\":\"ListItem\",\"position\":1,\"name\":\"Home\",\"item\":\"https:\\\/\\\/ibecbarcelona.eu\\\/es\\\/\"},{\"@type\":\"ListItem\",\"position\":2,\"name\":\"Josep A. Planell, primer cient\u00edfico espa\u00f1ol en recibir el premio europeo de biomateriales\"}]},{\"@type\":\"WebSite\",\"@id\":\"https:\\\/\\\/ibecbarcelona.eu\\\/#website\",\"url\":\"https:\\\/\\\/ibecbarcelona.eu\\\/\",\"name\":\"Institute for Bioengineering of Catalonia\",\"description\":\"Bioengineering solutions for health\",\"publisher\":{\"@id\":\"https:\\\/\\\/ibecbarcelona.eu\\\/#organization\"},\"potentialAction\":[{\"@type\":\"SearchAction\",\"target\":{\"@type\":\"EntryPoint\",\"urlTemplate\":\"https:\\\/\\\/ibecbarcelona.eu\\\/?s={search_term_string}\"},\"query-input\":{\"@type\":\"PropertyValueSpecification\",\"valueRequired\":true,\"valueName\":\"search_term_string\"}}],\"inLanguage\":\"es\"},{\"@type\":\"Organization\",\"@id\":\"https:\\\/\\\/ibecbarcelona.eu\\\/#organization\",\"name\":\"Institute for Bioengineering of Catalonia\",\"url\":\"https:\\\/\\\/ibecbarcelona.eu\\\/\",\"logo\":{\"@type\":\"ImageObject\",\"inLanguage\":\"es\",\"@id\":\"https:\\\/\\\/ibecbarcelona.eu\\\/#\\\/schema\\\/logo\\\/image\\\/\",\"url\":\"https:\\\/\\\/ibecbarcelona.eu\\\/wp-content\\\/uploads\\\/2026\\\/01\\\/cropped-IBEC_20ANYS_GRIS.png\",\"contentUrl\":\"https:\\\/\\\/ibecbarcelona.eu\\\/wp-content\\\/uploads\\\/2026\\\/01\\\/cropped-IBEC_20ANYS_GRIS.png\",\"width\":696,\"height\":257,\"caption\":\"Institute for Bioengineering of Catalonia\"},\"image\":{\"@id\":\"https:\\\/\\\/ibecbarcelona.eu\\\/#\\\/schema\\\/logo\\\/image\\\/\"}},{\"@type\":\"Person\",\"@id\":\"https:\\\/\\\/ibecbarcelona.eu\\\/#\\\/schema\\\/person\\\/c212c6b589546130be67986b9290e2b8\",\"name\":\"\u00c0ngels L\u00f3pez\",\"image\":{\"@type\":\"ImageObject\",\"inLanguage\":\"es\",\"@id\":\"https:\\\/\\\/secure.gravatar.com\\\/avatar\\\/09ad6ba116bea0b15c5511860f83b302579fd7404c1180e9dae55c3f11d988c6?s=96&d=mm&r=g\",\"url\":\"https:\\\/\\\/secure.gravatar.com\\\/avatar\\\/09ad6ba116bea0b15c5511860f83b302579fd7404c1180e9dae55c3f11d988c6?s=96&d=mm&r=g\",\"contentUrl\":\"https:\\\/\\\/secure.gravatar.com\\\/avatar\\\/09ad6ba116bea0b15c5511860f83b302579fd7404c1180e9dae55c3f11d988c6?s=96&d=mm&r=g\",\"caption\":\"\u00c0ngels L\u00f3pez\"},\"url\":\"https:\\\/\\\/ibecbarcelona.eu\\\/es\\\/author\\\/alopez\\\/\"}]}<\/script>\n<!-- \/ Yoast SEO plugin. -->","yoast_head_json":{"title":"Josep A. Planell, primer cient\u00edfico espa\u00f1ol en recibir el premio europeo de biomateriales - Institute for Bioengineering of Catalonia","robots":{"index":"index","follow":"follow","max-snippet":"max-snippet:-1","max-image-preview":"max-image-preview:large","max-video-preview":"max-video-preview:-1"},"canonical":"https:\/\/ibecbarcelona.eu\/es\/josep-a-planell-primer-cientifico-espanol-en-recibir-el-premio-europeo-de-biomateriales\/","og_locale":"es_ES","og_type":"article","og_title":"Josep A. Planell, primer cient\u00edfico espa\u00f1ol en recibir el premio europeo de biomateriales - Institute for Bioengineering of Catalonia","og_description":"El director fundador del IBEC, Josep A. Planell, recibi\u00f3 el prestigioso premio George Winter otorgado por la Sociedad Europea de Biomateriales, durante la conferencia anual que se celebr\u00f3 el pasado martes en Madrid.","og_url":"https:\/\/ibecbarcelona.eu\/es\/josep-a-planell-primer-cientifico-espanol-en-recibir-el-premio-europeo-de-biomateriales\/","og_site_name":"Institute for Bioengineering of Catalonia","article_published_time":"2013-09-12T12:50:58+00:00","article_modified_time":"2015-01-07T13:21:12+00:00","og_image":[{"width":500,"height":377,"url":"https:\/\/ibecbarcelona.eu\/wp-content\/uploads\/2013\/09\/georgewinter.jpg","type":"image\/jpeg"}],"author":"\u00c0ngels L\u00f3pez","twitter_card":"summary_large_image","twitter_misc":{"Escrito por":"\u00c0ngels L\u00f3pez","Tiempo de lectura":"1 minuto"},"schema":{"@context":"https:\/\/schema.org","@graph":[{"@type":"Article","@id":"https:\/\/ibecbarcelona.eu\/es\/josep-a-planell-primer-cientifico-espanol-en-recibir-el-premio-europeo-de-biomateriales\/#article","isPartOf":{"@id":"https:\/\/ibecbarcelona.eu\/es\/josep-a-planell-primer-cientifico-espanol-en-recibir-el-premio-europeo-de-biomateriales\/"},"author":{"name":"\u00c0ngels L\u00f3pez","@id":"https:\/\/ibecbarcelona.eu\/#\/schema\/person\/c212c6b589546130be67986b9290e2b8"},"headline":"Josep A. Planell, primer cient\u00edfico espa\u00f1ol en recibir el premio europeo de biomateriales","datePublished":"2013-09-12T12:50:58+00:00","dateModified":"2015-01-07T13:21:12+00:00","mainEntityOfPage":{"@id":"https:\/\/ibecbarcelona.eu\/es\/josep-a-planell-primer-cientifico-espanol-en-recibir-el-premio-europeo-de-biomateriales\/"},"wordCount":198,"publisher":{"@id":"https:\/\/ibecbarcelona.eu\/#organization"},"image":{"@id":"https:\/\/ibecbarcelona.eu\/es\/josep-a-planell-primer-cientifico-espanol-en-recibir-el-premio-europeo-de-biomateriales\/#primaryimage"},"thumbnailUrl":"https:\/\/ibecbarcelona.eu\/wp-content\/uploads\/2013\/09\/georgewinter.jpg","articleSection":["Noticias institucionales"],"inLanguage":"es"},{"@type":"WebPage","@id":"https:\/\/ibecbarcelona.eu\/es\/josep-a-planell-primer-cientifico-espanol-en-recibir-el-premio-europeo-de-biomateriales\/","url":"https:\/\/ibecbarcelona.eu\/es\/josep-a-planell-primer-cientifico-espanol-en-recibir-el-premio-europeo-de-biomateriales\/","name":"Josep A. Planell, primer cient\u00edfico espa\u00f1ol en recibir el premio europeo de biomateriales - Institute for Bioengineering of Catalonia","isPartOf":{"@id":"https:\/\/ibecbarcelona.eu\/#website"},"primaryImageOfPage":{"@id":"https:\/\/ibecbarcelona.eu\/es\/josep-a-planell-primer-cientifico-espanol-en-recibir-el-premio-europeo-de-biomateriales\/#primaryimage"},"image":{"@id":"https:\/\/ibecbarcelona.eu\/es\/josep-a-planell-primer-cientifico-espanol-en-recibir-el-premio-europeo-de-biomateriales\/#primaryimage"},"thumbnailUrl":"https:\/\/ibecbarcelona.eu\/wp-content\/uploads\/2013\/09\/georgewinter.jpg","datePublished":"2013-09-12T12:50:58+00:00","dateModified":"2015-01-07T13:21:12+00:00","breadcrumb":{"@id":"https:\/\/ibecbarcelona.eu\/es\/josep-a-planell-primer-cientifico-espanol-en-recibir-el-premio-europeo-de-biomateriales\/#breadcrumb"},"inLanguage":"es","potentialAction":[{"@type":"ReadAction","target":["https:\/\/ibecbarcelona.eu\/es\/josep-a-planell-primer-cientifico-espanol-en-recibir-el-premio-europeo-de-biomateriales\/"]}]},{"@type":"ImageObject","inLanguage":"es","@id":"https:\/\/ibecbarcelona.eu\/es\/josep-a-planell-primer-cientifico-espanol-en-recibir-el-premio-europeo-de-biomateriales\/#primaryimage","url":"https:\/\/ibecbarcelona.eu\/wp-content\/uploads\/2013\/09\/georgewinter.jpg","contentUrl":"https:\/\/ibecbarcelona.eu\/wp-content\/uploads\/2013\/09\/georgewinter.jpg","width":500,"height":377},{"@type":"BreadcrumbList","@id":"https:\/\/ibecbarcelona.eu\/es\/josep-a-planell-primer-cientifico-espanol-en-recibir-el-premio-europeo-de-biomateriales\/#breadcrumb","itemListElement":[{"@type":"ListItem","position":1,"name":"Home","item":"https:\/\/ibecbarcelona.eu\/es\/"},{"@type":"ListItem","position":2,"name":"Josep A. Planell, primer cient\u00edfico espa\u00f1ol en recibir el premio europeo de biomateriales"}]},{"@type":"WebSite","@id":"https:\/\/ibecbarcelona.eu\/#website","url":"https:\/\/ibecbarcelona.eu\/","name":"Institute for Bioengineering of Catalonia","description":"Bioengineering solutions for health","publisher":{"@id":"https:\/\/ibecbarcelona.eu\/#organization"},"potentialAction":[{"@type":"SearchAction","target":{"@type":"EntryPoint","urlTemplate":"https:\/\/ibecbarcelona.eu\/?s={search_term_string}"},"query-input":{"@type":"PropertyValueSpecification","valueRequired":true,"valueName":"search_term_string"}}],"inLanguage":"es"},{"@type":"Organization","@id":"https:\/\/ibecbarcelona.eu\/#organization","name":"Institute for Bioengineering of Catalonia","url":"https:\/\/ibecbarcelona.eu\/","logo":{"@type":"ImageObject","inLanguage":"es","@id":"https:\/\/ibecbarcelona.eu\/#\/schema\/logo\/image\/","url":"https:\/\/ibecbarcelona.eu\/wp-content\/uploads\/2026\/01\/cropped-IBEC_20ANYS_GRIS.png","contentUrl":"https:\/\/ibecbarcelona.eu\/wp-content\/uploads\/2026\/01\/cropped-IBEC_20ANYS_GRIS.png","width":696,"height":257,"caption":"Institute for Bioengineering of Catalonia"},"image":{"@id":"https:\/\/ibecbarcelona.eu\/#\/schema\/logo\/image\/"}},{"@type":"Person","@id":"https:\/\/ibecbarcelona.eu\/#\/schema\/person\/c212c6b589546130be67986b9290e2b8","name":"\u00c0ngels L\u00f3pez","image":{"@type":"ImageObject","inLanguage":"es","@id":"https:\/\/secure.gravatar.com\/avatar\/09ad6ba116bea0b15c5511860f83b302579fd7404c1180e9dae55c3f11d988c6?s=96&d=mm&r=g","url":"https:\/\/secure.gravatar.com\/avatar\/09ad6ba116bea0b15c5511860f83b302579fd7404c1180e9dae55c3f11d988c6?s=96&d=mm&r=g","contentUrl":"https:\/\/secure.gravatar.com\/avatar\/09ad6ba116bea0b15c5511860f83b302579fd7404c1180e9dae55c3f11d988c6?s=96&d=mm&r=g","caption":"\u00c0ngels L\u00f3pez"},"url":"https:\/\/ibecbarcelona.eu\/es\/author\/alopez\/"}]}},"AFP_featured_media_urls":{"full":["https:\/\/ibecbarcelona.eu\/wp-content\/uploads\/2013\/09\/georgewinter.jpg",500,377,false],"thumbnail":["https:\/\/ibecbarcelona.eu\/wp-content\/uploads\/2013\/09\/georgewinter-150x150.jpg",150,150,true],"medium":["https:\/\/ibecbarcelona.eu\/wp-content\/uploads\/2013\/09\/georgewinter-300x226.jpg",300,226,true],"medium_large":["https:\/\/ibecbarcelona.eu\/wp-content\/uploads\/2013\/09\/georgewinter.jpg",500,377,false],"large":["https:\/\/ibecbarcelona.eu\/wp-content\/uploads\/2013\/09\/georgewinter.jpg",500,377,false]},"AFP_attachments":{"full":["https:\/\/ibecbarcelona.eu\/wp-content\/uploads\/2013\/09\/georgewinter.jpg",500,377,false],"thumbnail":["https:\/\/ibecbarcelona.eu\/wp-content\/uploads\/2013\/09\/georgewinter-150x150.jpg",150,150,true],"medium":["https:\/\/ibecbarcelona.eu\/wp-content\/uploads\/2013\/09\/georgewinter-300x226.jpg",300,226,true],"medium_large":["https:\/\/ibecbarcelona.eu\/wp-content\/uploads\/2013\/09\/georgewinter.jpg",500,377,false],"large":["https:\/\/ibecbarcelona.eu\/wp-content\/uploads\/2013\/09\/georgewinter.jpg",500,377,false]},"AFP_videos":[],"AFP_video_blocks":"","AFP_category_names":["Noticias institucionales"],"_links":{"self":[{"href":"https:\/\/ibecbarcelona.eu\/es\/wp-json\/wp\/v2\/posts\/7690","targetHints":{"allow":["GET"]}}],"collection":[{"href":"https:\/\/ibecbarcelona.eu\/es\/wp-json\/wp\/v2\/posts"}],"about":[{"href":"https:\/\/ibecbarcelona.eu\/es\/wp-json\/wp\/v2\/types\/post"}],"author":[{"embeddable":true,"href":"https:\/\/ibecbarcelona.eu\/es\/wp-json\/wp\/v2\/users\/4"}],"replies":[{"embeddable":true,"href":"https:\/\/ibecbarcelona.eu\/es\/wp-json\/wp\/v2\/comments?post=7690"}],"version-history":[{"count":0,"href":"https:\/\/ibecbarcelona.eu\/es\/wp-json\/wp\/v2\/posts\/7690\/revisions"}],"wp:featuredmedia":[{"embeddable":true,"href":"https:\/\/ibecbarcelona.eu\/es\/wp-json\/wp\/v2\/media\/7685"}],"wp:attachment":[{"href":"https:\/\/ibecbarcelona.eu\/es\/wp-json\/wp\/v2\/media?parent=7690"}],"wp:term":[{"taxonomy":"category","embeddable":true,"href":"https:\/\/ibecbarcelona.eu\/es\/wp-json\/wp\/v2\/categories?post=7690"},{"taxonomy":"post_tag","embeddable":true,"href":"https:\/\/ibecbarcelona.eu\/es\/wp-json\/wp\/v2\/tags?post=7690"},{"taxonomy":"post_format","embeddable":true,"href":"https:\/\/ibecbarcelona.eu\/es\/wp-json\/wp\/v2\/post_formats?post=7690"}],"curies":[{"name":"wp","href":"https:\/\/api.w.org\/{rel}","templated":true}]}}