
{"id":7697,"date":"2013-09-25T08:09:02","date_gmt":"2013-09-25T08:09:02","guid":{"rendered":"http:\/\/ibecbarcelona.eu\/new\/investigador-del-ibec-en-la-primera-clase-del-d-health-barcelona\/"},"modified":"2015-01-07T13:21:12","modified_gmt":"2015-01-07T13:21:12","slug":"investigador-del-ibec-en-la-primera-clase-del-d-health-barcelona","status":"publish","type":"post","link":"https:\/\/ibecbarcelona.eu\/es\/investigador-del-ibec-en-la-primera-clase-del-d-health-barcelona\/","title":{"rendered":"Investigador del IBEC en la primera clase del d-HEALTH Barcelona"},"content":{"rendered":"<p>La clase de 2013-2014 seleccionada para el programa, insignia principal de la iniciativa de Biocat MOEBIO inspirada por el prestigioso Biodesign Fellowship de la Universidad de Stanford, est\u00e1 formada por 12 \u00abj\u00f3venes brillantes\u00bb de los EEUU, Alemania, Italia y Espa\u00f1a que entre todos ellos juntan 105 publicaciones cient\u00edficas, 18 premios profesionales y 6 patentes.<\/p>\n<p>El objetivo del d\u00b7HEALTH Barcelona es llevar la innovaci\u00f3n al sector de la salud Catal\u00e1n y propulsar la ciudad hacia la primera divisi\u00f3n de la innovaci\u00f3n en tecnolog\u00eda m\u00e9dica. Setenta especialistas internacionales ser\u00e1n responsables de entrenar a los j\u00f3venes para identificar problemas cl\u00ednicos, dise\u00f1ar soluciones y emprender modelos de negocios viables de productos y servicios. Los participantes pasar\u00e1n las ocho primeras semanas observando a los doctores y a los pacientes en el Hospital Cl\u00ednic, en el Hospital Sant Joan de D\u00e9u y en el Institut Guttmann, con el objetivo de generar un \u00ablistado de gastos\u00bb en las necesidades del sector m\u00e9dico.<\/p>\n<p>\u00abEstoy encantado de participar en el programa porqu\u00e9 me permitir\u00e1 identificar la realidad, concretar necesidades en la sanidad\u00bb, dice Mateu, investigador s\u00e9nior del grupo de Nanobioingenier\u00eda del IBEC. \u00abDespu\u00e9s de esto, lo siguiente ser\u00e1 inventar prototipos e implementar las mejores soluciones para hacer un cambio real en la vida de las personas.\u00bb<\/p>\n<p>Si quiere m\u00e1s informaci\u00f3n sobre d\u00b7HEALTH Barcelona, visite\u00a0<a href=\"http:\/\/www.moebio.org\/programs\/d-health-barcelona\/the-program\" target=\"_blank\">http:\/\/www.moebio.org\/programs\/d-health-barcelona\/the-program<\/a><\/p>\n","protected":false},"excerpt":{"rendered":"<p><img decoding=\"async\" class=\"left size-full wp-image-7692 lazyload\" data-src=\"https:\/\/ibecbarcelona.eu\/wp-content\/uploads\/2013\/09\/pla.jpg\" border=\"0\" width=\"400\" height=\"327\" data-srcset=\"https:\/\/ibecbarcelona.eu\/wp-content\/uploads\/2013\/09\/pla.jpg 400w, https:\/\/ibecbarcelona.eu\/wp-content\/uploads\/2013\/09\/pla-300x245.jpg 300w, https:\/\/ibecbarcelona.eu\/wp-content\/uploads\/2013\/09\/pla-183x150.jpg 183w, https:\/\/ibecbarcelona.eu\/wp-content\/uploads\/2013\/09\/pla-150x122.jpg 150w\" data-sizes=\"(max-width: 400px) 100vw, 400px\" src=\"data:image\/svg+xml;base64,PHN2ZyB3aWR0aD0iMSIgaGVpZ2h0PSIxIiB4bWxucz0iaHR0cDovL3d3dy53My5vcmcvMjAwMC9zdmciPjwvc3ZnPg==\" style=\"--smush-placeholder-width: 400px; --smush-placeholder-aspect-ratio: 400\/327;\" \/>Mateu Pla, investigador s\u00e9nior del IBEC es uno de los 12 investigadores elegidos para formar parte del primer Design Health Barcelona (d.HEALTH Barcelona), el programa de alta educaci\u00f3n que empieza esta semana.<\/p>\n","protected":false},"author":4,"featured_media":7692,"comment_status":"closed","ping_status":"closed","sticky":false,"template":"","format":"standard","meta":{"footnotes":""},"categories":[94],"tags":[],"post_formats":[],"class_list":["post-7697","post","type-post","status-publish","format-standard","has-post-thumbnail","hentry","category-noticias-institucionales"],"yoast_head":"<!-- This site is optimized with the Yoast SEO plugin v27.4 - https:\/\/yoast.com\/product\/yoast-seo-wordpress\/ -->\n<title>Investigador del IBEC en la primera clase del d-HEALTH Barcelona - Institute for Bioengineering of Catalonia<\/title>\n<meta name=\"robots\" content=\"index, follow, max-snippet:-1, max-image-preview:large, max-video-preview:-1\" \/>\n<link rel=\"canonical\" href=\"https:\/\/ibecbarcelona.eu\/es\/investigador-del-ibec-en-la-primera-clase-del-d-health-barcelona\/\" \/>\n<meta property=\"og:locale\" content=\"es_ES\" \/>\n<meta property=\"og:type\" content=\"article\" \/>\n<meta property=\"og:title\" content=\"Investigador del IBEC en la primera clase del d-HEALTH Barcelona - Institute for Bioengineering of Catalonia\" \/>\n<meta property=\"og:description\" content=\"Mateu Pla, investigador s\u00e9nior del IBEC es uno de los 12 investigadores elegidos para formar parte del primer Design Health Barcelona (d.HEALTH Barcelona), el programa de alta educaci\u00f3n que empieza esta semana.\" \/>\n<meta property=\"og:url\" content=\"https:\/\/ibecbarcelona.eu\/es\/investigador-del-ibec-en-la-primera-clase-del-d-health-barcelona\/\" \/>\n<meta property=\"og:site_name\" content=\"Institute for Bioengineering of Catalonia\" \/>\n<meta property=\"article:published_time\" content=\"2013-09-25T08:09:02+00:00\" \/>\n<meta property=\"article:modified_time\" content=\"2015-01-07T13:21:12+00:00\" \/>\n<meta property=\"og:image\" content=\"https:\/\/ibecbarcelona.eu\/wp-content\/uploads\/2013\/09\/pla.jpg\" \/>\n\t<meta property=\"og:image:width\" content=\"400\" \/>\n\t<meta property=\"og:image:height\" content=\"327\" \/>\n\t<meta property=\"og:image:type\" content=\"image\/jpeg\" \/>\n<meta name=\"author\" content=\"\u00c0ngels L\u00f3pez\" \/>\n<meta name=\"twitter:card\" content=\"summary_large_image\" \/>\n<meta name=\"twitter:label1\" content=\"Escrito por\" \/>\n\t<meta name=\"twitter:data1\" content=\"\u00c0ngels L\u00f3pez\" \/>\n\t<meta name=\"twitter:label2\" content=\"Tiempo de lectura\" \/>\n\t<meta name=\"twitter:data2\" content=\"1 minuto\" \/>\n<script type=\"application\/ld+json\" class=\"yoast-schema-graph\">{\"@context\":\"https:\\\/\\\/schema.org\",\"@graph\":[{\"@type\":\"Article\",\"@id\":\"https:\\\/\\\/ibecbarcelona.eu\\\/es\\\/investigador-del-ibec-en-la-primera-clase-del-d-health-barcelona\\\/#article\",\"isPartOf\":{\"@id\":\"https:\\\/\\\/ibecbarcelona.eu\\\/es\\\/investigador-del-ibec-en-la-primera-clase-del-d-health-barcelona\\\/\"},\"author\":{\"name\":\"\u00c0ngels L\u00f3pez\",\"@id\":\"https:\\\/\\\/ibecbarcelona.eu\\\/#\\\/schema\\\/person\\\/c212c6b589546130be67986b9290e2b8\"},\"headline\":\"Investigador del IBEC en la primera clase del d-HEALTH Barcelona\",\"datePublished\":\"2013-09-25T08:09:02+00:00\",\"dateModified\":\"2015-01-07T13:21:12+00:00\",\"mainEntityOfPage\":{\"@id\":\"https:\\\/\\\/ibecbarcelona.eu\\\/es\\\/investigador-del-ibec-en-la-primera-clase-del-d-health-barcelona\\\/\"},\"wordCount\":252,\"publisher\":{\"@id\":\"https:\\\/\\\/ibecbarcelona.eu\\\/#organization\"},\"image\":{\"@id\":\"https:\\\/\\\/ibecbarcelona.eu\\\/es\\\/investigador-del-ibec-en-la-primera-clase-del-d-health-barcelona\\\/#primaryimage\"},\"thumbnailUrl\":\"https:\\\/\\\/ibecbarcelona.eu\\\/wp-content\\\/uploads\\\/2013\\\/09\\\/pla.jpg\",\"articleSection\":[\"Noticias institucionales\"],\"inLanguage\":\"es\"},{\"@type\":\"WebPage\",\"@id\":\"https:\\\/\\\/ibecbarcelona.eu\\\/es\\\/investigador-del-ibec-en-la-primera-clase-del-d-health-barcelona\\\/\",\"url\":\"https:\\\/\\\/ibecbarcelona.eu\\\/es\\\/investigador-del-ibec-en-la-primera-clase-del-d-health-barcelona\\\/\",\"name\":\"Investigador del IBEC en la primera clase del d-HEALTH Barcelona - Institute for Bioengineering of Catalonia\",\"isPartOf\":{\"@id\":\"https:\\\/\\\/ibecbarcelona.eu\\\/#website\"},\"primaryImageOfPage\":{\"@id\":\"https:\\\/\\\/ibecbarcelona.eu\\\/es\\\/investigador-del-ibec-en-la-primera-clase-del-d-health-barcelona\\\/#primaryimage\"},\"image\":{\"@id\":\"https:\\\/\\\/ibecbarcelona.eu\\\/es\\\/investigador-del-ibec-en-la-primera-clase-del-d-health-barcelona\\\/#primaryimage\"},\"thumbnailUrl\":\"https:\\\/\\\/ibecbarcelona.eu\\\/wp-content\\\/uploads\\\/2013\\\/09\\\/pla.jpg\",\"datePublished\":\"2013-09-25T08:09:02+00:00\",\"dateModified\":\"2015-01-07T13:21:12+00:00\",\"breadcrumb\":{\"@id\":\"https:\\\/\\\/ibecbarcelona.eu\\\/es\\\/investigador-del-ibec-en-la-primera-clase-del-d-health-barcelona\\\/#breadcrumb\"},\"inLanguage\":\"es\",\"potentialAction\":[{\"@type\":\"ReadAction\",\"target\":[\"https:\\\/\\\/ibecbarcelona.eu\\\/es\\\/investigador-del-ibec-en-la-primera-clase-del-d-health-barcelona\\\/\"]}]},{\"@type\":\"ImageObject\",\"inLanguage\":\"es\",\"@id\":\"https:\\\/\\\/ibecbarcelona.eu\\\/es\\\/investigador-del-ibec-en-la-primera-clase-del-d-health-barcelona\\\/#primaryimage\",\"url\":\"https:\\\/\\\/ibecbarcelona.eu\\\/wp-content\\\/uploads\\\/2013\\\/09\\\/pla.jpg\",\"contentUrl\":\"https:\\\/\\\/ibecbarcelona.eu\\\/wp-content\\\/uploads\\\/2013\\\/09\\\/pla.jpg\",\"width\":400,\"height\":327},{\"@type\":\"BreadcrumbList\",\"@id\":\"https:\\\/\\\/ibecbarcelona.eu\\\/es\\\/investigador-del-ibec-en-la-primera-clase-del-d-health-barcelona\\\/#breadcrumb\",\"itemListElement\":[{\"@type\":\"ListItem\",\"position\":1,\"name\":\"Home\",\"item\":\"https:\\\/\\\/ibecbarcelona.eu\\\/es\\\/\"},{\"@type\":\"ListItem\",\"position\":2,\"name\":\"Investigador del IBEC en la primera clase del d-HEALTH Barcelona\"}]},{\"@type\":\"WebSite\",\"@id\":\"https:\\\/\\\/ibecbarcelona.eu\\\/#website\",\"url\":\"https:\\\/\\\/ibecbarcelona.eu\\\/\",\"name\":\"Institute for Bioengineering of Catalonia\",\"description\":\"Bioengineering solutions for health\",\"publisher\":{\"@id\":\"https:\\\/\\\/ibecbarcelona.eu\\\/#organization\"},\"potentialAction\":[{\"@type\":\"SearchAction\",\"target\":{\"@type\":\"EntryPoint\",\"urlTemplate\":\"https:\\\/\\\/ibecbarcelona.eu\\\/?s={search_term_string}\"},\"query-input\":{\"@type\":\"PropertyValueSpecification\",\"valueRequired\":true,\"valueName\":\"search_term_string\"}}],\"inLanguage\":\"es\"},{\"@type\":\"Organization\",\"@id\":\"https:\\\/\\\/ibecbarcelona.eu\\\/#organization\",\"name\":\"Institute for Bioengineering of Catalonia\",\"url\":\"https:\\\/\\\/ibecbarcelona.eu\\\/\",\"logo\":{\"@type\":\"ImageObject\",\"inLanguage\":\"es\",\"@id\":\"https:\\\/\\\/ibecbarcelona.eu\\\/#\\\/schema\\\/logo\\\/image\\\/\",\"url\":\"https:\\\/\\\/ibecbarcelona.eu\\\/wp-content\\\/uploads\\\/2026\\\/01\\\/cropped-IBEC_20ANYS_GRIS.png\",\"contentUrl\":\"https:\\\/\\\/ibecbarcelona.eu\\\/wp-content\\\/uploads\\\/2026\\\/01\\\/cropped-IBEC_20ANYS_GRIS.png\",\"width\":696,\"height\":257,\"caption\":\"Institute for Bioengineering of Catalonia\"},\"image\":{\"@id\":\"https:\\\/\\\/ibecbarcelona.eu\\\/#\\\/schema\\\/logo\\\/image\\\/\"}},{\"@type\":\"Person\",\"@id\":\"https:\\\/\\\/ibecbarcelona.eu\\\/#\\\/schema\\\/person\\\/c212c6b589546130be67986b9290e2b8\",\"name\":\"\u00c0ngels L\u00f3pez\",\"image\":{\"@type\":\"ImageObject\",\"inLanguage\":\"es\",\"@id\":\"https:\\\/\\\/secure.gravatar.com\\\/avatar\\\/09ad6ba116bea0b15c5511860f83b302579fd7404c1180e9dae55c3f11d988c6?s=96&d=mm&r=g\",\"url\":\"https:\\\/\\\/secure.gravatar.com\\\/avatar\\\/09ad6ba116bea0b15c5511860f83b302579fd7404c1180e9dae55c3f11d988c6?s=96&d=mm&r=g\",\"contentUrl\":\"https:\\\/\\\/secure.gravatar.com\\\/avatar\\\/09ad6ba116bea0b15c5511860f83b302579fd7404c1180e9dae55c3f11d988c6?s=96&d=mm&r=g\",\"caption\":\"\u00c0ngels L\u00f3pez\"},\"url\":\"https:\\\/\\\/ibecbarcelona.eu\\\/es\\\/author\\\/alopez\\\/\"}]}<\/script>\n<!-- \/ Yoast SEO plugin. -->","yoast_head_json":{"title":"Investigador del IBEC en la primera clase del d-HEALTH Barcelona - Institute for Bioengineering of Catalonia","robots":{"index":"index","follow":"follow","max-snippet":"max-snippet:-1","max-image-preview":"max-image-preview:large","max-video-preview":"max-video-preview:-1"},"canonical":"https:\/\/ibecbarcelona.eu\/es\/investigador-del-ibec-en-la-primera-clase-del-d-health-barcelona\/","og_locale":"es_ES","og_type":"article","og_title":"Investigador del IBEC en la primera clase del d-HEALTH Barcelona - Institute for Bioengineering of Catalonia","og_description":"Mateu Pla, investigador s\u00e9nior del IBEC es uno de los 12 investigadores elegidos para formar parte del primer Design Health Barcelona (d.HEALTH Barcelona), el programa de alta educaci\u00f3n que empieza esta semana.","og_url":"https:\/\/ibecbarcelona.eu\/es\/investigador-del-ibec-en-la-primera-clase-del-d-health-barcelona\/","og_site_name":"Institute for Bioengineering of Catalonia","article_published_time":"2013-09-25T08:09:02+00:00","article_modified_time":"2015-01-07T13:21:12+00:00","og_image":[{"width":400,"height":327,"url":"https:\/\/ibecbarcelona.eu\/wp-content\/uploads\/2013\/09\/pla.jpg","type":"image\/jpeg"}],"author":"\u00c0ngels L\u00f3pez","twitter_card":"summary_large_image","twitter_misc":{"Escrito por":"\u00c0ngels L\u00f3pez","Tiempo de lectura":"1 minuto"},"schema":{"@context":"https:\/\/schema.org","@graph":[{"@type":"Article","@id":"https:\/\/ibecbarcelona.eu\/es\/investigador-del-ibec-en-la-primera-clase-del-d-health-barcelona\/#article","isPartOf":{"@id":"https:\/\/ibecbarcelona.eu\/es\/investigador-del-ibec-en-la-primera-clase-del-d-health-barcelona\/"},"author":{"name":"\u00c0ngels L\u00f3pez","@id":"https:\/\/ibecbarcelona.eu\/#\/schema\/person\/c212c6b589546130be67986b9290e2b8"},"headline":"Investigador del IBEC en la primera clase del d-HEALTH Barcelona","datePublished":"2013-09-25T08:09:02+00:00","dateModified":"2015-01-07T13:21:12+00:00","mainEntityOfPage":{"@id":"https:\/\/ibecbarcelona.eu\/es\/investigador-del-ibec-en-la-primera-clase-del-d-health-barcelona\/"},"wordCount":252,"publisher":{"@id":"https:\/\/ibecbarcelona.eu\/#organization"},"image":{"@id":"https:\/\/ibecbarcelona.eu\/es\/investigador-del-ibec-en-la-primera-clase-del-d-health-barcelona\/#primaryimage"},"thumbnailUrl":"https:\/\/ibecbarcelona.eu\/wp-content\/uploads\/2013\/09\/pla.jpg","articleSection":["Noticias institucionales"],"inLanguage":"es"},{"@type":"WebPage","@id":"https:\/\/ibecbarcelona.eu\/es\/investigador-del-ibec-en-la-primera-clase-del-d-health-barcelona\/","url":"https:\/\/ibecbarcelona.eu\/es\/investigador-del-ibec-en-la-primera-clase-del-d-health-barcelona\/","name":"Investigador del IBEC en la primera clase del d-HEALTH Barcelona - Institute for Bioengineering of Catalonia","isPartOf":{"@id":"https:\/\/ibecbarcelona.eu\/#website"},"primaryImageOfPage":{"@id":"https:\/\/ibecbarcelona.eu\/es\/investigador-del-ibec-en-la-primera-clase-del-d-health-barcelona\/#primaryimage"},"image":{"@id":"https:\/\/ibecbarcelona.eu\/es\/investigador-del-ibec-en-la-primera-clase-del-d-health-barcelona\/#primaryimage"},"thumbnailUrl":"https:\/\/ibecbarcelona.eu\/wp-content\/uploads\/2013\/09\/pla.jpg","datePublished":"2013-09-25T08:09:02+00:00","dateModified":"2015-01-07T13:21:12+00:00","breadcrumb":{"@id":"https:\/\/ibecbarcelona.eu\/es\/investigador-del-ibec-en-la-primera-clase-del-d-health-barcelona\/#breadcrumb"},"inLanguage":"es","potentialAction":[{"@type":"ReadAction","target":["https:\/\/ibecbarcelona.eu\/es\/investigador-del-ibec-en-la-primera-clase-del-d-health-barcelona\/"]}]},{"@type":"ImageObject","inLanguage":"es","@id":"https:\/\/ibecbarcelona.eu\/es\/investigador-del-ibec-en-la-primera-clase-del-d-health-barcelona\/#primaryimage","url":"https:\/\/ibecbarcelona.eu\/wp-content\/uploads\/2013\/09\/pla.jpg","contentUrl":"https:\/\/ibecbarcelona.eu\/wp-content\/uploads\/2013\/09\/pla.jpg","width":400,"height":327},{"@type":"BreadcrumbList","@id":"https:\/\/ibecbarcelona.eu\/es\/investigador-del-ibec-en-la-primera-clase-del-d-health-barcelona\/#breadcrumb","itemListElement":[{"@type":"ListItem","position":1,"name":"Home","item":"https:\/\/ibecbarcelona.eu\/es\/"},{"@type":"ListItem","position":2,"name":"Investigador del IBEC en la primera clase del d-HEALTH Barcelona"}]},{"@type":"WebSite","@id":"https:\/\/ibecbarcelona.eu\/#website","url":"https:\/\/ibecbarcelona.eu\/","name":"Institute for Bioengineering of Catalonia","description":"Bioengineering solutions for health","publisher":{"@id":"https:\/\/ibecbarcelona.eu\/#organization"},"potentialAction":[{"@type":"SearchAction","target":{"@type":"EntryPoint","urlTemplate":"https:\/\/ibecbarcelona.eu\/?s={search_term_string}"},"query-input":{"@type":"PropertyValueSpecification","valueRequired":true,"valueName":"search_term_string"}}],"inLanguage":"es"},{"@type":"Organization","@id":"https:\/\/ibecbarcelona.eu\/#organization","name":"Institute for Bioengineering of Catalonia","url":"https:\/\/ibecbarcelona.eu\/","logo":{"@type":"ImageObject","inLanguage":"es","@id":"https:\/\/ibecbarcelona.eu\/#\/schema\/logo\/image\/","url":"https:\/\/ibecbarcelona.eu\/wp-content\/uploads\/2026\/01\/cropped-IBEC_20ANYS_GRIS.png","contentUrl":"https:\/\/ibecbarcelona.eu\/wp-content\/uploads\/2026\/01\/cropped-IBEC_20ANYS_GRIS.png","width":696,"height":257,"caption":"Institute for Bioengineering of Catalonia"},"image":{"@id":"https:\/\/ibecbarcelona.eu\/#\/schema\/logo\/image\/"}},{"@type":"Person","@id":"https:\/\/ibecbarcelona.eu\/#\/schema\/person\/c212c6b589546130be67986b9290e2b8","name":"\u00c0ngels L\u00f3pez","image":{"@type":"ImageObject","inLanguage":"es","@id":"https:\/\/secure.gravatar.com\/avatar\/09ad6ba116bea0b15c5511860f83b302579fd7404c1180e9dae55c3f11d988c6?s=96&d=mm&r=g","url":"https:\/\/secure.gravatar.com\/avatar\/09ad6ba116bea0b15c5511860f83b302579fd7404c1180e9dae55c3f11d988c6?s=96&d=mm&r=g","contentUrl":"https:\/\/secure.gravatar.com\/avatar\/09ad6ba116bea0b15c5511860f83b302579fd7404c1180e9dae55c3f11d988c6?s=96&d=mm&r=g","caption":"\u00c0ngels L\u00f3pez"},"url":"https:\/\/ibecbarcelona.eu\/es\/author\/alopez\/"}]}},"AFP_featured_media_urls":{"full":["https:\/\/ibecbarcelona.eu\/wp-content\/uploads\/2013\/09\/pla.jpg",400,327,false],"thumbnail":["https:\/\/ibecbarcelona.eu\/wp-content\/uploads\/2013\/09\/pla-150x150.jpg",150,150,true],"medium":["https:\/\/ibecbarcelona.eu\/wp-content\/uploads\/2013\/09\/pla-300x245.jpg",300,245,true],"medium_large":["https:\/\/ibecbarcelona.eu\/wp-content\/uploads\/2013\/09\/pla.jpg",400,327,false],"large":["https:\/\/ibecbarcelona.eu\/wp-content\/uploads\/2013\/09\/pla.jpg",400,327,false]},"AFP_attachments":{"full":["https:\/\/ibecbarcelona.eu\/wp-content\/uploads\/2013\/09\/pla.jpg",400,327,false],"thumbnail":["https:\/\/ibecbarcelona.eu\/wp-content\/uploads\/2013\/09\/pla-150x150.jpg",150,150,true],"medium":["https:\/\/ibecbarcelona.eu\/wp-content\/uploads\/2013\/09\/pla-300x245.jpg",300,245,true],"medium_large":["https:\/\/ibecbarcelona.eu\/wp-content\/uploads\/2013\/09\/pla.jpg",400,327,false],"large":["https:\/\/ibecbarcelona.eu\/wp-content\/uploads\/2013\/09\/pla.jpg",400,327,false]},"AFP_videos":[],"AFP_video_blocks":"","AFP_category_names":["Noticias institucionales"],"_links":{"self":[{"href":"https:\/\/ibecbarcelona.eu\/es\/wp-json\/wp\/v2\/posts\/7697","targetHints":{"allow":["GET"]}}],"collection":[{"href":"https:\/\/ibecbarcelona.eu\/es\/wp-json\/wp\/v2\/posts"}],"about":[{"href":"https:\/\/ibecbarcelona.eu\/es\/wp-json\/wp\/v2\/types\/post"}],"author":[{"embeddable":true,"href":"https:\/\/ibecbarcelona.eu\/es\/wp-json\/wp\/v2\/users\/4"}],"replies":[{"embeddable":true,"href":"https:\/\/ibecbarcelona.eu\/es\/wp-json\/wp\/v2\/comments?post=7697"}],"version-history":[{"count":0,"href":"https:\/\/ibecbarcelona.eu\/es\/wp-json\/wp\/v2\/posts\/7697\/revisions"}],"wp:featuredmedia":[{"embeddable":true,"href":"https:\/\/ibecbarcelona.eu\/es\/wp-json\/wp\/v2\/media\/7692"}],"wp:attachment":[{"href":"https:\/\/ibecbarcelona.eu\/es\/wp-json\/wp\/v2\/media?parent=7697"}],"wp:term":[{"taxonomy":"category","embeddable":true,"href":"https:\/\/ibecbarcelona.eu\/es\/wp-json\/wp\/v2\/categories?post=7697"},{"taxonomy":"post_tag","embeddable":true,"href":"https:\/\/ibecbarcelona.eu\/es\/wp-json\/wp\/v2\/tags?post=7697"},{"taxonomy":"post_format","embeddable":true,"href":"https:\/\/ibecbarcelona.eu\/es\/wp-json\/wp\/v2\/post_formats?post=7697"}],"curies":[{"name":"wp","href":"https:\/\/api.w.org\/{rel}","templated":true}]}}