
{"id":7729,"date":"2013-10-02T07:38:11","date_gmt":"2013-10-02T07:38:11","guid":{"rendered":"http:\/\/ibecbarcelona.eu\/new\/un-gran-exito-del-primer-evento-de-divulgacion-financiado-por-bbva\/"},"modified":"2015-01-07T13:21:11","modified_gmt":"2015-01-07T13:21:11","slug":"un-gran-exito-del-primer-evento-de-divulgacion-financiado-por-bbva","status":"publish","type":"post","link":"https:\/\/ibecbarcelona.eu\/es\/un-gran-exito-del-primer-evento-de-divulgacion-financiado-por-bbva\/","title":{"rendered":"Un gran \u00e9xito del primer evento de divulgaci\u00f3n financiado por BBVA"},"content":{"rendered":"<p>Esta ha sido la primera del ciclo de charlas cient\u00edficas dirigidas al p\u00fablico general que ofrece IBEC enmarcadas en el proyecto \u00abApropa&#8217;t a la Ci\u00e8ncia\u00bb, proyecto que se ha podido llevar a cabo gracias a la financiaci\u00f3n recibida de la Fundaci\u00f3 Antigues Caixes Catalanes del BBVA.<\/p>\n<p>La audiencia estuvo extremadamente agradecida y participativa durante la charla, que cubr\u00eda desde la historia de los robots y la su presencia en la cultura popular, hasta unas pinceladas importantes sobre la investigaci\u00f3n en este campo que se actualmente se hace en IBEC. El p\u00fablico hizo muchas preguntas y contribuy\u00f3 con ideas y comentaros a los microdebates propuestos a lo largo de toda la charla.<\/p>\n<p>M\u00e1s charlas de este tipo &#8211; que adem\u00e1s de la rob\u00f3tica tratar\u00e1n la nanotecnolog\u00eda (Rosa Letizia Zaffino, Juan Pablo Agusil) y la ingenier\u00eda de tejidos (Melba Navarro, Miguel Angel Mateos, Oscar Casta\u00f1o) \u2013 tendr\u00e1n lugar desde ahora hasta Diciembre en otras bibliotecas y Centros C\u00edvicos de Barcelona:<\/p>\n<p>  <\/p>\n<table border=\"0\">\n<tbody>\n<tr>\n<td style=\"width: 75px;\">1st Oct<\/td>\n<td>Biblioteca Sant Antoni &#8211; Joan Oliver<\/td>\n<td style=\"width: 75px;\">19:00<\/td>\n<td>Rob\u00f2tica<\/td>\n<\/tr>\n<tr>\n<td>3rd Oct<\/td>\n<td>Centre C\u00edvic Can Deu<\/td>\n<td>19:00 <\/td>\n<td><span style=\"color: #000000; font-family: Verdana, Arial, Helvetica, sans-serif; font-size: 10px; line-height: normal;\">Nanotecnologia<\/span><\/td>\n<\/tr>\n<tr>\n<td>15th Oct <\/td>\n<td>CREC | Centre de Recursos per Emprenedors i Ciutadans\u00a0\u00a0\u00a0\u00a0 <\/td>\n<td>19:00 <\/td>\n<td><span style=\"color: #000000; font-family: Verdana, Arial, Helvetica, sans-serif; font-size: 10px; line-height: normal;\">Nanotecnologia<\/span><\/td>\n<\/tr>\n<tr>\n<td>17th Oct <\/td>\n<td>Biblioteca La Sagrera &#8211; Marina Clotet <\/td>\n<td>19:00 <\/td>\n<td>Regeneraci\u00f3 de teixits<\/td>\n<\/tr>\n<tr>\n<td>22nd Oct<\/td>\n<td>Biblioteca Sagrada Fam\u00edlia <\/td>\n<td>19:00 <\/td>\n<td><span style=\"color: #000000; font-family: Verdana, Arial, Helvetica, sans-serif; font-size: 10px; line-height: normal;\">Rob\u00f2tica<\/span><\/td>\n<\/tr>\n<tr>\n<td>29th Oct <\/td>\n<td>Centre C\u00edvic Can Castell\u00f3 <\/td>\n<td>19:00 <\/td>\n<td><span style=\"color: #000000; font-family: Verdana, Arial, Helvetica, sans-serif; font-size: 10px; line-height: normal;\">Regeneraci\u00f3 de teixits<\/span><\/td>\n<\/tr>\n<tr>\n<td>30th Oct <\/td>\n<td>Centre C\u00edvic Can Deu <\/td>\n<td>19:00 <\/td>\n<td><span style=\"color: #000000; font-family: Verdana, Arial, Helvetica, sans-serif; font-size: 10px; line-height: normal;\">Rob\u00f2tica<\/span><\/td>\n<\/tr>\n<tr>\n<td>12th Nov <\/td>\n<td>Centre Cultural Albareda <\/td>\n<td>19:00 <\/td>\n<td><span style=\"color: #000000; font-family: Verdana, Arial, Helvetica, sans-serif; font-size: 10px; line-height: normal;\">Rob\u00f2tica<\/span><\/td>\n<\/tr>\n<tr>\n<td>14th Nov <\/td>\n<td>Centre Cultural Albareda <\/td>\n<td>19:00 <\/td>\n<td><span style=\"color: #000000; font-family: Verdana, Arial, Helvetica, sans-serif; font-size: 10px; line-height: normal;\">Nanotecnologia<\/span><\/td>\n<\/tr>\n<tr>\n<td>19th Nov <\/td>\n<td>Biblioteca P\u00fablica Les Corts-Miquel Llongueras <\/td>\n<td>19:30 <\/td>\n<td><span style=\"color: #000000; font-family: Verdana, Arial, Helvetica, sans-serif; font-size: 10px; line-height: normal;\">Regeneraci\u00f3 de teixits<\/span><\/td>\n<\/tr>\n<tr>\n<td>21st Nov <\/td>\n<td>Biblioteca P\u00fablica Les Corts-Miquel Llongueras <\/td>\n<td>19:30 <\/td>\n<td><span style=\"color: #000000; font-family: Verdana, Arial, Helvetica, sans-serif; font-size: 10px; line-height: normal;\">Rob\u00f2tica<\/span> <\/td>\n<\/tr>\n<tr>\n<td>26th Nov <\/td>\n<td>Centre C\u00edvic Can Castell\u00f3 <\/td>\n<td>19:00 <\/td>\n<td><span style=\"color: #000000; font-family: Verdana, Arial, Helvetica, sans-serif; font-size: 10px; line-height: normal;\">Nanotecnologia<\/span><\/td>\n<\/tr>\n<tr>\n<td>28th Nov <\/td>\n<td>Biblioteca Vallcarca i els Penitents-M. <\/td>\n<td>19:00 <\/td>\n<td><span style=\"color: #000000; font-family: Verdana, Arial, Helvetica, sans-serif; font-size: 10px; line-height: normal;\">Regeneraci\u00f3 de teixits<\/span><\/td>\n<\/tr>\n<tr>\n<td>16th Dec <\/td>\n<td>Biblioteca Sagrada Fam\u00edlia <\/td>\n<td>19:00 <\/td>\n<td><span style=\"color: #000000; font-family: Verdana, Arial, Helvetica, sans-serif; font-size: 10px; line-height: normal;\">Nanotecnologia<\/span><\/td>\n<\/tr>\n<tr>\n<td>17th Dec<\/td>\n<td>Biblioteca Sagrada Fam\u00edlia <\/td>\n<td>19:00 <\/td>\n<td><span style=\"color: #000000; font-family: Verdana, Arial, Helvetica, sans-serif; font-size: 10px; line-height: normal;\">Regeneraci\u00f3 de teixits<\/span><\/td>\n<\/tr>\n<\/tbody>\n<\/table>\n<p>Para m\u00e1s informaci\u00f3n visitad: <a href=\"divulga\" target=\"_blank\">https:\/\/ibecbarcelona.eu\/divulga<\/a>.<\/p>\n","protected":false},"excerpt":{"rendered":"<p><img decoding=\"async\" class=\"left size-full wp-image-7724 lazyload\" data-src=\"https:\/\/ibecbarcelona.eu\/wp-content\/uploads\/2013\/10\/xgiraltbbva.jpg\" border=\"0\" width=\"400\" height=\"380\" data-srcset=\"https:\/\/ibecbarcelona.eu\/wp-content\/uploads\/2013\/10\/xgiraltbbva.jpg 400w, https:\/\/ibecbarcelona.eu\/wp-content\/uploads\/2013\/10\/xgiraltbbva-300x285.jpg 300w, https:\/\/ibecbarcelona.eu\/wp-content\/uploads\/2013\/10\/xgiraltbbva-157x150.jpg 157w, https:\/\/ibecbarcelona.eu\/wp-content\/uploads\/2013\/10\/xgiraltbbva-150x142.jpg 150w\" data-sizes=\"(max-width: 400px) 100vw, 400px\" src=\"data:image\/svg+xml;base64,PHN2ZyB3aWR0aD0iMSIgaGVpZ2h0PSIxIiB4bWxucz0iaHR0cDovL3d3dy53My5vcmcvMjAwMC9zdmciPjwvc3ZnPg==\" style=\"--smush-placeholder-width: 400px; --smush-placeholder-aspect-ratio: 400\/380;\" \/>Residentes del distrito de Sant Antoni de Barcelona aprendieron todo sobre rob\u00f3tica ayer por la tarde a &#8216;Ens envaeixen els robots!&#8217;, una charla impartida por Xavier Giralt, miembro del grupo de Rob\u00f3tica del IBEC, en la Biblioteca San Antoni-Joan Oliver.<\/p>\n","protected":false},"author":4,"featured_media":7724,"comment_status":"closed","ping_status":"closed","sticky":false,"template":"","format":"standard","meta":{"footnotes":""},"categories":[94],"tags":[],"post_formats":[],"class_list":["post-7729","post","type-post","status-publish","format-standard","has-post-thumbnail","hentry","category-noticias-institucionales"],"yoast_head":"<!-- This site is optimized with the Yoast SEO plugin v27.4 - https:\/\/yoast.com\/product\/yoast-seo-wordpress\/ -->\n<title>Un gran \u00e9xito del primer evento de divulgaci\u00f3n financiado por BBVA - Institute for Bioengineering of Catalonia<\/title>\n<meta name=\"robots\" content=\"index, follow, max-snippet:-1, max-image-preview:large, max-video-preview:-1\" \/>\n<link rel=\"canonical\" href=\"https:\/\/ibecbarcelona.eu\/es\/un-gran-exito-del-primer-evento-de-divulgacion-financiado-por-bbva\/\" \/>\n<meta property=\"og:locale\" content=\"es_ES\" \/>\n<meta property=\"og:type\" content=\"article\" \/>\n<meta property=\"og:title\" content=\"Un gran \u00e9xito del primer evento de divulgaci\u00f3n financiado por BBVA - Institute for Bioengineering of Catalonia\" \/>\n<meta property=\"og:description\" content=\"Residentes del distrito de Sant Antoni de Barcelona aprendieron todo sobre rob\u00f3tica ayer por la tarde a &#039;Ens envaeixen els robots!&#039;, una charla impartida por Xavier Giralt, miembro del grupo de Rob\u00f3tica del IBEC, en la Biblioteca San Antoni-Joan Oliver.\" \/>\n<meta property=\"og:url\" content=\"https:\/\/ibecbarcelona.eu\/es\/un-gran-exito-del-primer-evento-de-divulgacion-financiado-por-bbva\/\" \/>\n<meta property=\"og:site_name\" content=\"Institute for Bioengineering of Catalonia\" \/>\n<meta property=\"article:published_time\" content=\"2013-10-02T07:38:11+00:00\" \/>\n<meta property=\"article:modified_time\" content=\"2015-01-07T13:21:11+00:00\" \/>\n<meta property=\"og:image\" content=\"https:\/\/ibecbarcelona.eu\/wp-content\/uploads\/2013\/10\/xgiraltbbva.jpg\" \/>\n\t<meta property=\"og:image:width\" content=\"400\" \/>\n\t<meta property=\"og:image:height\" content=\"380\" \/>\n\t<meta property=\"og:image:type\" content=\"image\/jpeg\" \/>\n<meta name=\"author\" content=\"\u00c0ngels L\u00f3pez\" \/>\n<meta name=\"twitter:card\" content=\"summary_large_image\" \/>\n<meta name=\"twitter:label1\" content=\"Escrito por\" \/>\n\t<meta name=\"twitter:data1\" content=\"\u00c0ngels L\u00f3pez\" \/>\n\t<meta name=\"twitter:label2\" content=\"Tiempo de lectura\" \/>\n\t<meta name=\"twitter:data2\" content=\"2 minutos\" \/>\n<script type=\"application\/ld+json\" class=\"yoast-schema-graph\">{\"@context\":\"https:\\\/\\\/schema.org\",\"@graph\":[{\"@type\":\"Article\",\"@id\":\"https:\\\/\\\/ibecbarcelona.eu\\\/es\\\/un-gran-exito-del-primer-evento-de-divulgacion-financiado-por-bbva\\\/#article\",\"isPartOf\":{\"@id\":\"https:\\\/\\\/ibecbarcelona.eu\\\/es\\\/un-gran-exito-del-primer-evento-de-divulgacion-financiado-por-bbva\\\/\"},\"author\":{\"name\":\"\u00c0ngels L\u00f3pez\",\"@id\":\"https:\\\/\\\/ibecbarcelona.eu\\\/#\\\/schema\\\/person\\\/c212c6b589546130be67986b9290e2b8\"},\"headline\":\"Un gran \u00e9xito del primer evento de divulgaci\u00f3n financiado por BBVA\",\"datePublished\":\"2013-10-02T07:38:11+00:00\",\"dateModified\":\"2015-01-07T13:21:11+00:00\",\"mainEntityOfPage\":{\"@id\":\"https:\\\/\\\/ibecbarcelona.eu\\\/es\\\/un-gran-exito-del-primer-evento-de-divulgacion-financiado-por-bbva\\\/\"},\"wordCount\":330,\"publisher\":{\"@id\":\"https:\\\/\\\/ibecbarcelona.eu\\\/#organization\"},\"image\":{\"@id\":\"https:\\\/\\\/ibecbarcelona.eu\\\/es\\\/un-gran-exito-del-primer-evento-de-divulgacion-financiado-por-bbva\\\/#primaryimage\"},\"thumbnailUrl\":\"https:\\\/\\\/ibecbarcelona.eu\\\/wp-content\\\/uploads\\\/2013\\\/10\\\/xgiraltbbva.jpg\",\"articleSection\":[\"Noticias institucionales\"],\"inLanguage\":\"es\"},{\"@type\":\"WebPage\",\"@id\":\"https:\\\/\\\/ibecbarcelona.eu\\\/es\\\/un-gran-exito-del-primer-evento-de-divulgacion-financiado-por-bbva\\\/\",\"url\":\"https:\\\/\\\/ibecbarcelona.eu\\\/es\\\/un-gran-exito-del-primer-evento-de-divulgacion-financiado-por-bbva\\\/\",\"name\":\"Un gran \u00e9xito del primer evento de divulgaci\u00f3n financiado por BBVA - Institute for Bioengineering of Catalonia\",\"isPartOf\":{\"@id\":\"https:\\\/\\\/ibecbarcelona.eu\\\/#website\"},\"primaryImageOfPage\":{\"@id\":\"https:\\\/\\\/ibecbarcelona.eu\\\/es\\\/un-gran-exito-del-primer-evento-de-divulgacion-financiado-por-bbva\\\/#primaryimage\"},\"image\":{\"@id\":\"https:\\\/\\\/ibecbarcelona.eu\\\/es\\\/un-gran-exito-del-primer-evento-de-divulgacion-financiado-por-bbva\\\/#primaryimage\"},\"thumbnailUrl\":\"https:\\\/\\\/ibecbarcelona.eu\\\/wp-content\\\/uploads\\\/2013\\\/10\\\/xgiraltbbva.jpg\",\"datePublished\":\"2013-10-02T07:38:11+00:00\",\"dateModified\":\"2015-01-07T13:21:11+00:00\",\"breadcrumb\":{\"@id\":\"https:\\\/\\\/ibecbarcelona.eu\\\/es\\\/un-gran-exito-del-primer-evento-de-divulgacion-financiado-por-bbva\\\/#breadcrumb\"},\"inLanguage\":\"es\",\"potentialAction\":[{\"@type\":\"ReadAction\",\"target\":[\"https:\\\/\\\/ibecbarcelona.eu\\\/es\\\/un-gran-exito-del-primer-evento-de-divulgacion-financiado-por-bbva\\\/\"]}]},{\"@type\":\"ImageObject\",\"inLanguage\":\"es\",\"@id\":\"https:\\\/\\\/ibecbarcelona.eu\\\/es\\\/un-gran-exito-del-primer-evento-de-divulgacion-financiado-por-bbva\\\/#primaryimage\",\"url\":\"https:\\\/\\\/ibecbarcelona.eu\\\/wp-content\\\/uploads\\\/2013\\\/10\\\/xgiraltbbva.jpg\",\"contentUrl\":\"https:\\\/\\\/ibecbarcelona.eu\\\/wp-content\\\/uploads\\\/2013\\\/10\\\/xgiraltbbva.jpg\",\"width\":400,\"height\":380},{\"@type\":\"BreadcrumbList\",\"@id\":\"https:\\\/\\\/ibecbarcelona.eu\\\/es\\\/un-gran-exito-del-primer-evento-de-divulgacion-financiado-por-bbva\\\/#breadcrumb\",\"itemListElement\":[{\"@type\":\"ListItem\",\"position\":1,\"name\":\"Home\",\"item\":\"https:\\\/\\\/ibecbarcelona.eu\\\/es\\\/\"},{\"@type\":\"ListItem\",\"position\":2,\"name\":\"Un gran \u00e9xito del primer evento de divulgaci\u00f3n financiado por BBVA\"}]},{\"@type\":\"WebSite\",\"@id\":\"https:\\\/\\\/ibecbarcelona.eu\\\/#website\",\"url\":\"https:\\\/\\\/ibecbarcelona.eu\\\/\",\"name\":\"Institute for Bioengineering of Catalonia\",\"description\":\"Bioengineering solutions for health\",\"publisher\":{\"@id\":\"https:\\\/\\\/ibecbarcelona.eu\\\/#organization\"},\"potentialAction\":[{\"@type\":\"SearchAction\",\"target\":{\"@type\":\"EntryPoint\",\"urlTemplate\":\"https:\\\/\\\/ibecbarcelona.eu\\\/?s={search_term_string}\"},\"query-input\":{\"@type\":\"PropertyValueSpecification\",\"valueRequired\":true,\"valueName\":\"search_term_string\"}}],\"inLanguage\":\"es\"},{\"@type\":\"Organization\",\"@id\":\"https:\\\/\\\/ibecbarcelona.eu\\\/#organization\",\"name\":\"Institute for Bioengineering of Catalonia\",\"url\":\"https:\\\/\\\/ibecbarcelona.eu\\\/\",\"logo\":{\"@type\":\"ImageObject\",\"inLanguage\":\"es\",\"@id\":\"https:\\\/\\\/ibecbarcelona.eu\\\/#\\\/schema\\\/logo\\\/image\\\/\",\"url\":\"https:\\\/\\\/ibecbarcelona.eu\\\/wp-content\\\/uploads\\\/2026\\\/01\\\/cropped-IBEC_20ANYS_GRIS.png\",\"contentUrl\":\"https:\\\/\\\/ibecbarcelona.eu\\\/wp-content\\\/uploads\\\/2026\\\/01\\\/cropped-IBEC_20ANYS_GRIS.png\",\"width\":696,\"height\":257,\"caption\":\"Institute for Bioengineering of Catalonia\"},\"image\":{\"@id\":\"https:\\\/\\\/ibecbarcelona.eu\\\/#\\\/schema\\\/logo\\\/image\\\/\"}},{\"@type\":\"Person\",\"@id\":\"https:\\\/\\\/ibecbarcelona.eu\\\/#\\\/schema\\\/person\\\/c212c6b589546130be67986b9290e2b8\",\"name\":\"\u00c0ngels L\u00f3pez\",\"image\":{\"@type\":\"ImageObject\",\"inLanguage\":\"es\",\"@id\":\"https:\\\/\\\/secure.gravatar.com\\\/avatar\\\/09ad6ba116bea0b15c5511860f83b302579fd7404c1180e9dae55c3f11d988c6?s=96&d=mm&r=g\",\"url\":\"https:\\\/\\\/secure.gravatar.com\\\/avatar\\\/09ad6ba116bea0b15c5511860f83b302579fd7404c1180e9dae55c3f11d988c6?s=96&d=mm&r=g\",\"contentUrl\":\"https:\\\/\\\/secure.gravatar.com\\\/avatar\\\/09ad6ba116bea0b15c5511860f83b302579fd7404c1180e9dae55c3f11d988c6?s=96&d=mm&r=g\",\"caption\":\"\u00c0ngels L\u00f3pez\"},\"url\":\"https:\\\/\\\/ibecbarcelona.eu\\\/es\\\/author\\\/alopez\\\/\"}]}<\/script>\n<!-- \/ Yoast SEO plugin. -->","yoast_head_json":{"title":"Un gran \u00e9xito del primer evento de divulgaci\u00f3n financiado por BBVA - Institute for Bioengineering of Catalonia","robots":{"index":"index","follow":"follow","max-snippet":"max-snippet:-1","max-image-preview":"max-image-preview:large","max-video-preview":"max-video-preview:-1"},"canonical":"https:\/\/ibecbarcelona.eu\/es\/un-gran-exito-del-primer-evento-de-divulgacion-financiado-por-bbva\/","og_locale":"es_ES","og_type":"article","og_title":"Un gran \u00e9xito del primer evento de divulgaci\u00f3n financiado por BBVA - Institute for Bioengineering of Catalonia","og_description":"Residentes del distrito de Sant Antoni de Barcelona aprendieron todo sobre rob\u00f3tica ayer por la tarde a 'Ens envaeixen els robots!', una charla impartida por Xavier Giralt, miembro del grupo de Rob\u00f3tica del IBEC, en la Biblioteca San Antoni-Joan Oliver.","og_url":"https:\/\/ibecbarcelona.eu\/es\/un-gran-exito-del-primer-evento-de-divulgacion-financiado-por-bbva\/","og_site_name":"Institute for Bioengineering of Catalonia","article_published_time":"2013-10-02T07:38:11+00:00","article_modified_time":"2015-01-07T13:21:11+00:00","og_image":[{"width":400,"height":380,"url":"https:\/\/ibecbarcelona.eu\/wp-content\/uploads\/2013\/10\/xgiraltbbva.jpg","type":"image\/jpeg"}],"author":"\u00c0ngels L\u00f3pez","twitter_card":"summary_large_image","twitter_misc":{"Escrito por":"\u00c0ngels L\u00f3pez","Tiempo de lectura":"2 minutos"},"schema":{"@context":"https:\/\/schema.org","@graph":[{"@type":"Article","@id":"https:\/\/ibecbarcelona.eu\/es\/un-gran-exito-del-primer-evento-de-divulgacion-financiado-por-bbva\/#article","isPartOf":{"@id":"https:\/\/ibecbarcelona.eu\/es\/un-gran-exito-del-primer-evento-de-divulgacion-financiado-por-bbva\/"},"author":{"name":"\u00c0ngels L\u00f3pez","@id":"https:\/\/ibecbarcelona.eu\/#\/schema\/person\/c212c6b589546130be67986b9290e2b8"},"headline":"Un gran \u00e9xito del primer evento de divulgaci\u00f3n financiado por BBVA","datePublished":"2013-10-02T07:38:11+00:00","dateModified":"2015-01-07T13:21:11+00:00","mainEntityOfPage":{"@id":"https:\/\/ibecbarcelona.eu\/es\/un-gran-exito-del-primer-evento-de-divulgacion-financiado-por-bbva\/"},"wordCount":330,"publisher":{"@id":"https:\/\/ibecbarcelona.eu\/#organization"},"image":{"@id":"https:\/\/ibecbarcelona.eu\/es\/un-gran-exito-del-primer-evento-de-divulgacion-financiado-por-bbva\/#primaryimage"},"thumbnailUrl":"https:\/\/ibecbarcelona.eu\/wp-content\/uploads\/2013\/10\/xgiraltbbva.jpg","articleSection":["Noticias institucionales"],"inLanguage":"es"},{"@type":"WebPage","@id":"https:\/\/ibecbarcelona.eu\/es\/un-gran-exito-del-primer-evento-de-divulgacion-financiado-por-bbva\/","url":"https:\/\/ibecbarcelona.eu\/es\/un-gran-exito-del-primer-evento-de-divulgacion-financiado-por-bbva\/","name":"Un gran \u00e9xito del primer evento de divulgaci\u00f3n financiado por BBVA - Institute for Bioengineering of Catalonia","isPartOf":{"@id":"https:\/\/ibecbarcelona.eu\/#website"},"primaryImageOfPage":{"@id":"https:\/\/ibecbarcelona.eu\/es\/un-gran-exito-del-primer-evento-de-divulgacion-financiado-por-bbva\/#primaryimage"},"image":{"@id":"https:\/\/ibecbarcelona.eu\/es\/un-gran-exito-del-primer-evento-de-divulgacion-financiado-por-bbva\/#primaryimage"},"thumbnailUrl":"https:\/\/ibecbarcelona.eu\/wp-content\/uploads\/2013\/10\/xgiraltbbva.jpg","datePublished":"2013-10-02T07:38:11+00:00","dateModified":"2015-01-07T13:21:11+00:00","breadcrumb":{"@id":"https:\/\/ibecbarcelona.eu\/es\/un-gran-exito-del-primer-evento-de-divulgacion-financiado-por-bbva\/#breadcrumb"},"inLanguage":"es","potentialAction":[{"@type":"ReadAction","target":["https:\/\/ibecbarcelona.eu\/es\/un-gran-exito-del-primer-evento-de-divulgacion-financiado-por-bbva\/"]}]},{"@type":"ImageObject","inLanguage":"es","@id":"https:\/\/ibecbarcelona.eu\/es\/un-gran-exito-del-primer-evento-de-divulgacion-financiado-por-bbva\/#primaryimage","url":"https:\/\/ibecbarcelona.eu\/wp-content\/uploads\/2013\/10\/xgiraltbbva.jpg","contentUrl":"https:\/\/ibecbarcelona.eu\/wp-content\/uploads\/2013\/10\/xgiraltbbva.jpg","width":400,"height":380},{"@type":"BreadcrumbList","@id":"https:\/\/ibecbarcelona.eu\/es\/un-gran-exito-del-primer-evento-de-divulgacion-financiado-por-bbva\/#breadcrumb","itemListElement":[{"@type":"ListItem","position":1,"name":"Home","item":"https:\/\/ibecbarcelona.eu\/es\/"},{"@type":"ListItem","position":2,"name":"Un gran \u00e9xito del primer evento de divulgaci\u00f3n financiado por BBVA"}]},{"@type":"WebSite","@id":"https:\/\/ibecbarcelona.eu\/#website","url":"https:\/\/ibecbarcelona.eu\/","name":"Institute for Bioengineering of Catalonia","description":"Bioengineering solutions for health","publisher":{"@id":"https:\/\/ibecbarcelona.eu\/#organization"},"potentialAction":[{"@type":"SearchAction","target":{"@type":"EntryPoint","urlTemplate":"https:\/\/ibecbarcelona.eu\/?s={search_term_string}"},"query-input":{"@type":"PropertyValueSpecification","valueRequired":true,"valueName":"search_term_string"}}],"inLanguage":"es"},{"@type":"Organization","@id":"https:\/\/ibecbarcelona.eu\/#organization","name":"Institute for Bioengineering of Catalonia","url":"https:\/\/ibecbarcelona.eu\/","logo":{"@type":"ImageObject","inLanguage":"es","@id":"https:\/\/ibecbarcelona.eu\/#\/schema\/logo\/image\/","url":"https:\/\/ibecbarcelona.eu\/wp-content\/uploads\/2026\/01\/cropped-IBEC_20ANYS_GRIS.png","contentUrl":"https:\/\/ibecbarcelona.eu\/wp-content\/uploads\/2026\/01\/cropped-IBEC_20ANYS_GRIS.png","width":696,"height":257,"caption":"Institute for Bioengineering of Catalonia"},"image":{"@id":"https:\/\/ibecbarcelona.eu\/#\/schema\/logo\/image\/"}},{"@type":"Person","@id":"https:\/\/ibecbarcelona.eu\/#\/schema\/person\/c212c6b589546130be67986b9290e2b8","name":"\u00c0ngels L\u00f3pez","image":{"@type":"ImageObject","inLanguage":"es","@id":"https:\/\/secure.gravatar.com\/avatar\/09ad6ba116bea0b15c5511860f83b302579fd7404c1180e9dae55c3f11d988c6?s=96&d=mm&r=g","url":"https:\/\/secure.gravatar.com\/avatar\/09ad6ba116bea0b15c5511860f83b302579fd7404c1180e9dae55c3f11d988c6?s=96&d=mm&r=g","contentUrl":"https:\/\/secure.gravatar.com\/avatar\/09ad6ba116bea0b15c5511860f83b302579fd7404c1180e9dae55c3f11d988c6?s=96&d=mm&r=g","caption":"\u00c0ngels L\u00f3pez"},"url":"https:\/\/ibecbarcelona.eu\/es\/author\/alopez\/"}]}},"AFP_featured_media_urls":{"full":["https:\/\/ibecbarcelona.eu\/wp-content\/uploads\/2013\/10\/xgiraltbbva.jpg",400,380,false],"thumbnail":["https:\/\/ibecbarcelona.eu\/wp-content\/uploads\/2013\/10\/xgiraltbbva-150x150.jpg",150,150,true],"medium":["https:\/\/ibecbarcelona.eu\/wp-content\/uploads\/2013\/10\/xgiraltbbva-300x285.jpg",300,285,true],"medium_large":["https:\/\/ibecbarcelona.eu\/wp-content\/uploads\/2013\/10\/xgiraltbbva.jpg",400,380,false],"large":["https:\/\/ibecbarcelona.eu\/wp-content\/uploads\/2013\/10\/xgiraltbbva.jpg",400,380,false]},"AFP_attachments":{"full":["https:\/\/ibecbarcelona.eu\/wp-content\/uploads\/2013\/10\/xgiraltbbva.jpg",400,380,false],"thumbnail":["https:\/\/ibecbarcelona.eu\/wp-content\/uploads\/2013\/10\/xgiraltbbva-150x150.jpg",150,150,true],"medium":["https:\/\/ibecbarcelona.eu\/wp-content\/uploads\/2013\/10\/xgiraltbbva-300x285.jpg",300,285,true],"medium_large":["https:\/\/ibecbarcelona.eu\/wp-content\/uploads\/2013\/10\/xgiraltbbva.jpg",400,380,false],"large":["https:\/\/ibecbarcelona.eu\/wp-content\/uploads\/2013\/10\/xgiraltbbva.jpg",400,380,false]},"AFP_videos":[],"AFP_video_blocks":"","AFP_category_names":["Noticias institucionales"],"_links":{"self":[{"href":"https:\/\/ibecbarcelona.eu\/es\/wp-json\/wp\/v2\/posts\/7729","targetHints":{"allow":["GET"]}}],"collection":[{"href":"https:\/\/ibecbarcelona.eu\/es\/wp-json\/wp\/v2\/posts"}],"about":[{"href":"https:\/\/ibecbarcelona.eu\/es\/wp-json\/wp\/v2\/types\/post"}],"author":[{"embeddable":true,"href":"https:\/\/ibecbarcelona.eu\/es\/wp-json\/wp\/v2\/users\/4"}],"replies":[{"embeddable":true,"href":"https:\/\/ibecbarcelona.eu\/es\/wp-json\/wp\/v2\/comments?post=7729"}],"version-history":[{"count":0,"href":"https:\/\/ibecbarcelona.eu\/es\/wp-json\/wp\/v2\/posts\/7729\/revisions"}],"wp:featuredmedia":[{"embeddable":true,"href":"https:\/\/ibecbarcelona.eu\/es\/wp-json\/wp\/v2\/media\/7724"}],"wp:attachment":[{"href":"https:\/\/ibecbarcelona.eu\/es\/wp-json\/wp\/v2\/media?parent=7729"}],"wp:term":[{"taxonomy":"category","embeddable":true,"href":"https:\/\/ibecbarcelona.eu\/es\/wp-json\/wp\/v2\/categories?post=7729"},{"taxonomy":"post_tag","embeddable":true,"href":"https:\/\/ibecbarcelona.eu\/es\/wp-json\/wp\/v2\/tags?post=7729"},{"taxonomy":"post_format","embeddable":true,"href":"https:\/\/ibecbarcelona.eu\/es\/wp-json\/wp\/v2\/post_formats?post=7729"}],"curies":[{"name":"wp","href":"https:\/\/api.w.org\/{rel}","templated":true}]}}