
{"id":7750,"date":"2013-10-10T07:45:06","date_gmt":"2013-10-10T07:45:06","guid":{"rendered":"http:\/\/ibecbarcelona.eu\/new\/bdebate-analiza-que-puede-ofrecer-la-nanotecnologia-para-la-salud\/"},"modified":"2015-01-07T13:21:11","modified_gmt":"2015-01-07T13:21:11","slug":"bdebate-analiza-que-puede-ofrecer-la-nanotecnologia-para-la-salud","status":"publish","type":"post","link":"https:\/\/ibecbarcelona.eu\/es\/bdebate-analiza-que-puede-ofrecer-la-nanotecnologia-para-la-salud\/","title":{"rendered":"\u201cB\u2022Debate\u201d analiza qu\u00e9 puede ofrecer la nanotecnolog\u00eda para la salud"},"content":{"rendered":"<p>Pau Gorostiza, investigador principal del IBEC, hizo una charla sobre el control de la neurotransmisi\u00f3n por luz durante el primer d\u00eda del evento de tres d\u00edas de duraci\u00f3n. En esta charla se discut\u00eda sobre los aspectos fundamentales de la liberaci\u00f3n de f\u00e1rmacos, de los diagn\u00f3sticos, de las aplicaciones innovadoras as\u00ed como de los riesgos propios de las nanotecnolog\u00edas.<\/p>\n<p>Al debate cerrado asistieron m\u00e1s de 80 expertos en este campo, entre los que se incluyen; Ruth Duncan, Directora del Centre for Polymer Therapeutics de la Universidad de Cardiff (Reino Unido), Yoshinobu Baba, de la Universidad de Nagoya (Jap\u00f3n), Marina Dobrovolskaia de la Universidad de Nova York (Estados Unidos) y George Georgiou profesor de la Universidad de Texas (Estados Unidos).<\/p>\n<p>Los B\u2022Debate, iniciativa de Biocat y de la Fundaci\u00f3n La Caixa, son reuniones cient\u00edficas de primera que invitan a expertos de todo el mundo a sentarse junto a cient\u00edficos de Barcelona y Catalu\u00f1a. La idea que hay detr\u00e1s de esto es la de crear una atm\u00f3sfera propicia para promover v\u00edvidas discusiones, generar ideas innovadoras y llegar a conclusiones importantes. Otros eventos de los B\u2022Debate han cubierto temas tan amplios como el envejecimiento, las tecnolog\u00edas innovadoras para mejorar el conocimiento del genoma humano, los recursos alimentarios, el cambio clim\u00e1tico o las nuevas fuentes de energ\u00eda.<\/p>\n<p>Para m\u00e1s informaci\u00f3n sobre \u201cNanotecnolog\u00edas en la Salud; retos actuales y perspectivas de futuro\u201d, o sobre los B\u2022Debate en general, visitad <a href=\"http:\/\/www.bdebate.org\/en\/forum\/nanotechnologies-health-current-challenges-and-future-prospects\" target=\"_blank\">http:\/\/www.bdebate.org\/en\/forum\/nanotechnologies-health-current-challenges-and-future-prospects<\/a><\/p>\n","protected":false},"excerpt":{"rendered":"<p><img decoding=\"async\" class=\"left size-full wp-image-7745 lazyload\" data-src=\"https:\/\/ibecbarcelona.eu\/wp-content\/uploads\/2013\/10\/bdebate.jpg\" border=\"0\" width=\"400\" height=\"320\" data-srcset=\"https:\/\/ibecbarcelona.eu\/wp-content\/uploads\/2013\/10\/bdebate.jpg 400w, https:\/\/ibecbarcelona.eu\/wp-content\/uploads\/2013\/10\/bdebate-300x240.jpg 300w, https:\/\/ibecbarcelona.eu\/wp-content\/uploads\/2013\/10\/bdebate-187x150.jpg 187w, https:\/\/ibecbarcelona.eu\/wp-content\/uploads\/2013\/10\/bdebate-150x120.jpg 150w\" data-sizes=\"(max-width: 400px) 100vw, 400px\" src=\"data:image\/svg+xml;base64,PHN2ZyB3aWR0aD0iMSIgaGVpZ2h0PSIxIiB4bWxucz0iaHR0cDovL3d3dy53My5vcmcvMjAwMC9zdmciPjwvc3ZnPg==\" style=\"--smush-placeholder-width: 400px; --smush-placeholder-aspect-ratio: 400\/320;\" \/>Esta semana en el CosmoCaixa se ofrece \u201cNanotecnolog\u00eda en la Salud; retos actuales y perspectivas de futuro\u201d un evento enmarcado en el proyecto B\u2022Debate, organizado por ICN e IBB en colaboraci\u00f3n con IBEC, UABCEI y Nanonica.<\/p>\n","protected":false},"author":4,"featured_media":7745,"comment_status":"closed","ping_status":"closed","sticky":false,"template":"","format":"standard","meta":{"footnotes":""},"categories":[94],"tags":[],"post_formats":[],"class_list":["post-7750","post","type-post","status-publish","format-standard","has-post-thumbnail","hentry","category-noticias-institucionales"],"yoast_head":"<!-- This site is optimized with the Yoast SEO plugin v27.4 - https:\/\/yoast.com\/product\/yoast-seo-wordpress\/ -->\n<title>\u201cB\u2022Debate\u201d analiza qu\u00e9 puede ofrecer la nanotecnolog\u00eda para la salud - Institute for Bioengineering of Catalonia<\/title>\n<meta name=\"robots\" content=\"index, follow, max-snippet:-1, max-image-preview:large, max-video-preview:-1\" \/>\n<link rel=\"canonical\" href=\"https:\/\/ibecbarcelona.eu\/es\/bdebate-analiza-que-puede-ofrecer-la-nanotecnologia-para-la-salud\/\" \/>\n<meta property=\"og:locale\" content=\"es_ES\" \/>\n<meta property=\"og:type\" content=\"article\" \/>\n<meta property=\"og:title\" content=\"\u201cB\u2022Debate\u201d analiza qu\u00e9 puede ofrecer la nanotecnolog\u00eda para la salud - Institute for Bioengineering of Catalonia\" \/>\n<meta property=\"og:description\" content=\"Esta semana en el CosmoCaixa se ofrece \u201cNanotecnolog\u00eda en la Salud; retos actuales y perspectivas de futuro\u201d un evento enmarcado en el proyecto B\u2022Debate, organizado por ICN e IBB en colaboraci\u00f3n con IBEC, UABCEI y Nanonica.\" \/>\n<meta property=\"og:url\" content=\"https:\/\/ibecbarcelona.eu\/es\/bdebate-analiza-que-puede-ofrecer-la-nanotecnologia-para-la-salud\/\" \/>\n<meta property=\"og:site_name\" content=\"Institute for Bioengineering of Catalonia\" \/>\n<meta property=\"article:published_time\" content=\"2013-10-10T07:45:06+00:00\" \/>\n<meta property=\"article:modified_time\" content=\"2015-01-07T13:21:11+00:00\" \/>\n<meta property=\"og:image\" content=\"https:\/\/ibecbarcelona.eu\/wp-content\/uploads\/2013\/10\/bdebate.jpg\" \/>\n\t<meta property=\"og:image:width\" content=\"400\" \/>\n\t<meta property=\"og:image:height\" content=\"320\" \/>\n\t<meta property=\"og:image:type\" content=\"image\/jpeg\" \/>\n<meta name=\"author\" content=\"\u00c0ngels L\u00f3pez\" \/>\n<meta name=\"twitter:card\" content=\"summary_large_image\" \/>\n<meta name=\"twitter:label1\" content=\"Escrito por\" \/>\n\t<meta name=\"twitter:data1\" content=\"\u00c0ngels L\u00f3pez\" \/>\n\t<meta name=\"twitter:label2\" content=\"Tiempo de lectura\" \/>\n\t<meta name=\"twitter:data2\" content=\"1 minuto\" \/>\n<script type=\"application\/ld+json\" class=\"yoast-schema-graph\">{\"@context\":\"https:\\\/\\\/schema.org\",\"@graph\":[{\"@type\":\"Article\",\"@id\":\"https:\\\/\\\/ibecbarcelona.eu\\\/es\\\/bdebate-analiza-que-puede-ofrecer-la-nanotecnologia-para-la-salud\\\/#article\",\"isPartOf\":{\"@id\":\"https:\\\/\\\/ibecbarcelona.eu\\\/es\\\/bdebate-analiza-que-puede-ofrecer-la-nanotecnologia-para-la-salud\\\/\"},\"author\":{\"name\":\"\u00c0ngels L\u00f3pez\",\"@id\":\"https:\\\/\\\/ibecbarcelona.eu\\\/#\\\/schema\\\/person\\\/c212c6b589546130be67986b9290e2b8\"},\"headline\":\"\u201cB\u2022Debate\u201d analiza qu\u00e9 puede ofrecer la nanotecnolog\u00eda para la salud\",\"datePublished\":\"2013-10-10T07:45:06+00:00\",\"dateModified\":\"2015-01-07T13:21:11+00:00\",\"mainEntityOfPage\":{\"@id\":\"https:\\\/\\\/ibecbarcelona.eu\\\/es\\\/bdebate-analiza-que-puede-ofrecer-la-nanotecnologia-para-la-salud\\\/\"},\"wordCount\":278,\"publisher\":{\"@id\":\"https:\\\/\\\/ibecbarcelona.eu\\\/#organization\"},\"image\":{\"@id\":\"https:\\\/\\\/ibecbarcelona.eu\\\/es\\\/bdebate-analiza-que-puede-ofrecer-la-nanotecnologia-para-la-salud\\\/#primaryimage\"},\"thumbnailUrl\":\"https:\\\/\\\/ibecbarcelona.eu\\\/wp-content\\\/uploads\\\/2013\\\/10\\\/bdebate.jpg\",\"articleSection\":[\"Noticias institucionales\"],\"inLanguage\":\"es\"},{\"@type\":\"WebPage\",\"@id\":\"https:\\\/\\\/ibecbarcelona.eu\\\/es\\\/bdebate-analiza-que-puede-ofrecer-la-nanotecnologia-para-la-salud\\\/\",\"url\":\"https:\\\/\\\/ibecbarcelona.eu\\\/es\\\/bdebate-analiza-que-puede-ofrecer-la-nanotecnologia-para-la-salud\\\/\",\"name\":\"\u201cB\u2022Debate\u201d analiza qu\u00e9 puede ofrecer la nanotecnolog\u00eda para la salud - Institute for Bioengineering of Catalonia\",\"isPartOf\":{\"@id\":\"https:\\\/\\\/ibecbarcelona.eu\\\/#website\"},\"primaryImageOfPage\":{\"@id\":\"https:\\\/\\\/ibecbarcelona.eu\\\/es\\\/bdebate-analiza-que-puede-ofrecer-la-nanotecnologia-para-la-salud\\\/#primaryimage\"},\"image\":{\"@id\":\"https:\\\/\\\/ibecbarcelona.eu\\\/es\\\/bdebate-analiza-que-puede-ofrecer-la-nanotecnologia-para-la-salud\\\/#primaryimage\"},\"thumbnailUrl\":\"https:\\\/\\\/ibecbarcelona.eu\\\/wp-content\\\/uploads\\\/2013\\\/10\\\/bdebate.jpg\",\"datePublished\":\"2013-10-10T07:45:06+00:00\",\"dateModified\":\"2015-01-07T13:21:11+00:00\",\"breadcrumb\":{\"@id\":\"https:\\\/\\\/ibecbarcelona.eu\\\/es\\\/bdebate-analiza-que-puede-ofrecer-la-nanotecnologia-para-la-salud\\\/#breadcrumb\"},\"inLanguage\":\"es\",\"potentialAction\":[{\"@type\":\"ReadAction\",\"target\":[\"https:\\\/\\\/ibecbarcelona.eu\\\/es\\\/bdebate-analiza-que-puede-ofrecer-la-nanotecnologia-para-la-salud\\\/\"]}]},{\"@type\":\"ImageObject\",\"inLanguage\":\"es\",\"@id\":\"https:\\\/\\\/ibecbarcelona.eu\\\/es\\\/bdebate-analiza-que-puede-ofrecer-la-nanotecnologia-para-la-salud\\\/#primaryimage\",\"url\":\"https:\\\/\\\/ibecbarcelona.eu\\\/wp-content\\\/uploads\\\/2013\\\/10\\\/bdebate.jpg\",\"contentUrl\":\"https:\\\/\\\/ibecbarcelona.eu\\\/wp-content\\\/uploads\\\/2013\\\/10\\\/bdebate.jpg\",\"width\":400,\"height\":320},{\"@type\":\"BreadcrumbList\",\"@id\":\"https:\\\/\\\/ibecbarcelona.eu\\\/es\\\/bdebate-analiza-que-puede-ofrecer-la-nanotecnologia-para-la-salud\\\/#breadcrumb\",\"itemListElement\":[{\"@type\":\"ListItem\",\"position\":1,\"name\":\"Home\",\"item\":\"https:\\\/\\\/ibecbarcelona.eu\\\/es\\\/\"},{\"@type\":\"ListItem\",\"position\":2,\"name\":\"\u201cB\u2022Debate\u201d analiza qu\u00e9 puede ofrecer la nanotecnolog\u00eda para la salud\"}]},{\"@type\":\"WebSite\",\"@id\":\"https:\\\/\\\/ibecbarcelona.eu\\\/#website\",\"url\":\"https:\\\/\\\/ibecbarcelona.eu\\\/\",\"name\":\"Institute for Bioengineering of Catalonia\",\"description\":\"Bioengineering solutions for health\",\"publisher\":{\"@id\":\"https:\\\/\\\/ibecbarcelona.eu\\\/#organization\"},\"potentialAction\":[{\"@type\":\"SearchAction\",\"target\":{\"@type\":\"EntryPoint\",\"urlTemplate\":\"https:\\\/\\\/ibecbarcelona.eu\\\/?s={search_term_string}\"},\"query-input\":{\"@type\":\"PropertyValueSpecification\",\"valueRequired\":true,\"valueName\":\"search_term_string\"}}],\"inLanguage\":\"es\"},{\"@type\":\"Organization\",\"@id\":\"https:\\\/\\\/ibecbarcelona.eu\\\/#organization\",\"name\":\"Institute for Bioengineering of Catalonia\",\"url\":\"https:\\\/\\\/ibecbarcelona.eu\\\/\",\"logo\":{\"@type\":\"ImageObject\",\"inLanguage\":\"es\",\"@id\":\"https:\\\/\\\/ibecbarcelona.eu\\\/#\\\/schema\\\/logo\\\/image\\\/\",\"url\":\"https:\\\/\\\/ibecbarcelona.eu\\\/wp-content\\\/uploads\\\/2026\\\/01\\\/cropped-IBEC_20ANYS_GRIS.png\",\"contentUrl\":\"https:\\\/\\\/ibecbarcelona.eu\\\/wp-content\\\/uploads\\\/2026\\\/01\\\/cropped-IBEC_20ANYS_GRIS.png\",\"width\":696,\"height\":257,\"caption\":\"Institute for Bioengineering of Catalonia\"},\"image\":{\"@id\":\"https:\\\/\\\/ibecbarcelona.eu\\\/#\\\/schema\\\/logo\\\/image\\\/\"}},{\"@type\":\"Person\",\"@id\":\"https:\\\/\\\/ibecbarcelona.eu\\\/#\\\/schema\\\/person\\\/c212c6b589546130be67986b9290e2b8\",\"name\":\"\u00c0ngels L\u00f3pez\",\"image\":{\"@type\":\"ImageObject\",\"inLanguage\":\"es\",\"@id\":\"https:\\\/\\\/secure.gravatar.com\\\/avatar\\\/09ad6ba116bea0b15c5511860f83b302579fd7404c1180e9dae55c3f11d988c6?s=96&d=mm&r=g\",\"url\":\"https:\\\/\\\/secure.gravatar.com\\\/avatar\\\/09ad6ba116bea0b15c5511860f83b302579fd7404c1180e9dae55c3f11d988c6?s=96&d=mm&r=g\",\"contentUrl\":\"https:\\\/\\\/secure.gravatar.com\\\/avatar\\\/09ad6ba116bea0b15c5511860f83b302579fd7404c1180e9dae55c3f11d988c6?s=96&d=mm&r=g\",\"caption\":\"\u00c0ngels L\u00f3pez\"},\"url\":\"https:\\\/\\\/ibecbarcelona.eu\\\/es\\\/author\\\/alopez\\\/\"}]}<\/script>\n<!-- \/ Yoast SEO plugin. -->","yoast_head_json":{"title":"\u201cB\u2022Debate\u201d analiza qu\u00e9 puede ofrecer la nanotecnolog\u00eda para la salud - Institute for Bioengineering of Catalonia","robots":{"index":"index","follow":"follow","max-snippet":"max-snippet:-1","max-image-preview":"max-image-preview:large","max-video-preview":"max-video-preview:-1"},"canonical":"https:\/\/ibecbarcelona.eu\/es\/bdebate-analiza-que-puede-ofrecer-la-nanotecnologia-para-la-salud\/","og_locale":"es_ES","og_type":"article","og_title":"\u201cB\u2022Debate\u201d analiza qu\u00e9 puede ofrecer la nanotecnolog\u00eda para la salud - Institute for Bioengineering of Catalonia","og_description":"Esta semana en el CosmoCaixa se ofrece \u201cNanotecnolog\u00eda en la Salud; retos actuales y perspectivas de futuro\u201d un evento enmarcado en el proyecto B\u2022Debate, organizado por ICN e IBB en colaboraci\u00f3n con IBEC, UABCEI y Nanonica.","og_url":"https:\/\/ibecbarcelona.eu\/es\/bdebate-analiza-que-puede-ofrecer-la-nanotecnologia-para-la-salud\/","og_site_name":"Institute for Bioengineering of Catalonia","article_published_time":"2013-10-10T07:45:06+00:00","article_modified_time":"2015-01-07T13:21:11+00:00","og_image":[{"width":400,"height":320,"url":"https:\/\/ibecbarcelona.eu\/wp-content\/uploads\/2013\/10\/bdebate.jpg","type":"image\/jpeg"}],"author":"\u00c0ngels L\u00f3pez","twitter_card":"summary_large_image","twitter_misc":{"Escrito por":"\u00c0ngels L\u00f3pez","Tiempo de lectura":"1 minuto"},"schema":{"@context":"https:\/\/schema.org","@graph":[{"@type":"Article","@id":"https:\/\/ibecbarcelona.eu\/es\/bdebate-analiza-que-puede-ofrecer-la-nanotecnologia-para-la-salud\/#article","isPartOf":{"@id":"https:\/\/ibecbarcelona.eu\/es\/bdebate-analiza-que-puede-ofrecer-la-nanotecnologia-para-la-salud\/"},"author":{"name":"\u00c0ngels L\u00f3pez","@id":"https:\/\/ibecbarcelona.eu\/#\/schema\/person\/c212c6b589546130be67986b9290e2b8"},"headline":"\u201cB\u2022Debate\u201d analiza qu\u00e9 puede ofrecer la nanotecnolog\u00eda para la salud","datePublished":"2013-10-10T07:45:06+00:00","dateModified":"2015-01-07T13:21:11+00:00","mainEntityOfPage":{"@id":"https:\/\/ibecbarcelona.eu\/es\/bdebate-analiza-que-puede-ofrecer-la-nanotecnologia-para-la-salud\/"},"wordCount":278,"publisher":{"@id":"https:\/\/ibecbarcelona.eu\/#organization"},"image":{"@id":"https:\/\/ibecbarcelona.eu\/es\/bdebate-analiza-que-puede-ofrecer-la-nanotecnologia-para-la-salud\/#primaryimage"},"thumbnailUrl":"https:\/\/ibecbarcelona.eu\/wp-content\/uploads\/2013\/10\/bdebate.jpg","articleSection":["Noticias institucionales"],"inLanguage":"es"},{"@type":"WebPage","@id":"https:\/\/ibecbarcelona.eu\/es\/bdebate-analiza-que-puede-ofrecer-la-nanotecnologia-para-la-salud\/","url":"https:\/\/ibecbarcelona.eu\/es\/bdebate-analiza-que-puede-ofrecer-la-nanotecnologia-para-la-salud\/","name":"\u201cB\u2022Debate\u201d analiza qu\u00e9 puede ofrecer la nanotecnolog\u00eda para la salud - Institute for Bioengineering of Catalonia","isPartOf":{"@id":"https:\/\/ibecbarcelona.eu\/#website"},"primaryImageOfPage":{"@id":"https:\/\/ibecbarcelona.eu\/es\/bdebate-analiza-que-puede-ofrecer-la-nanotecnologia-para-la-salud\/#primaryimage"},"image":{"@id":"https:\/\/ibecbarcelona.eu\/es\/bdebate-analiza-que-puede-ofrecer-la-nanotecnologia-para-la-salud\/#primaryimage"},"thumbnailUrl":"https:\/\/ibecbarcelona.eu\/wp-content\/uploads\/2013\/10\/bdebate.jpg","datePublished":"2013-10-10T07:45:06+00:00","dateModified":"2015-01-07T13:21:11+00:00","breadcrumb":{"@id":"https:\/\/ibecbarcelona.eu\/es\/bdebate-analiza-que-puede-ofrecer-la-nanotecnologia-para-la-salud\/#breadcrumb"},"inLanguage":"es","potentialAction":[{"@type":"ReadAction","target":["https:\/\/ibecbarcelona.eu\/es\/bdebate-analiza-que-puede-ofrecer-la-nanotecnologia-para-la-salud\/"]}]},{"@type":"ImageObject","inLanguage":"es","@id":"https:\/\/ibecbarcelona.eu\/es\/bdebate-analiza-que-puede-ofrecer-la-nanotecnologia-para-la-salud\/#primaryimage","url":"https:\/\/ibecbarcelona.eu\/wp-content\/uploads\/2013\/10\/bdebate.jpg","contentUrl":"https:\/\/ibecbarcelona.eu\/wp-content\/uploads\/2013\/10\/bdebate.jpg","width":400,"height":320},{"@type":"BreadcrumbList","@id":"https:\/\/ibecbarcelona.eu\/es\/bdebate-analiza-que-puede-ofrecer-la-nanotecnologia-para-la-salud\/#breadcrumb","itemListElement":[{"@type":"ListItem","position":1,"name":"Home","item":"https:\/\/ibecbarcelona.eu\/es\/"},{"@type":"ListItem","position":2,"name":"\u201cB\u2022Debate\u201d analiza qu\u00e9 puede ofrecer la nanotecnolog\u00eda para la salud"}]},{"@type":"WebSite","@id":"https:\/\/ibecbarcelona.eu\/#website","url":"https:\/\/ibecbarcelona.eu\/","name":"Institute for Bioengineering of Catalonia","description":"Bioengineering solutions for health","publisher":{"@id":"https:\/\/ibecbarcelona.eu\/#organization"},"potentialAction":[{"@type":"SearchAction","target":{"@type":"EntryPoint","urlTemplate":"https:\/\/ibecbarcelona.eu\/?s={search_term_string}"},"query-input":{"@type":"PropertyValueSpecification","valueRequired":true,"valueName":"search_term_string"}}],"inLanguage":"es"},{"@type":"Organization","@id":"https:\/\/ibecbarcelona.eu\/#organization","name":"Institute for Bioengineering of Catalonia","url":"https:\/\/ibecbarcelona.eu\/","logo":{"@type":"ImageObject","inLanguage":"es","@id":"https:\/\/ibecbarcelona.eu\/#\/schema\/logo\/image\/","url":"https:\/\/ibecbarcelona.eu\/wp-content\/uploads\/2026\/01\/cropped-IBEC_20ANYS_GRIS.png","contentUrl":"https:\/\/ibecbarcelona.eu\/wp-content\/uploads\/2026\/01\/cropped-IBEC_20ANYS_GRIS.png","width":696,"height":257,"caption":"Institute for Bioengineering of Catalonia"},"image":{"@id":"https:\/\/ibecbarcelona.eu\/#\/schema\/logo\/image\/"}},{"@type":"Person","@id":"https:\/\/ibecbarcelona.eu\/#\/schema\/person\/c212c6b589546130be67986b9290e2b8","name":"\u00c0ngels L\u00f3pez","image":{"@type":"ImageObject","inLanguage":"es","@id":"https:\/\/secure.gravatar.com\/avatar\/09ad6ba116bea0b15c5511860f83b302579fd7404c1180e9dae55c3f11d988c6?s=96&d=mm&r=g","url":"https:\/\/secure.gravatar.com\/avatar\/09ad6ba116bea0b15c5511860f83b302579fd7404c1180e9dae55c3f11d988c6?s=96&d=mm&r=g","contentUrl":"https:\/\/secure.gravatar.com\/avatar\/09ad6ba116bea0b15c5511860f83b302579fd7404c1180e9dae55c3f11d988c6?s=96&d=mm&r=g","caption":"\u00c0ngels L\u00f3pez"},"url":"https:\/\/ibecbarcelona.eu\/es\/author\/alopez\/"}]}},"AFP_featured_media_urls":{"full":["https:\/\/ibecbarcelona.eu\/wp-content\/uploads\/2013\/10\/bdebate.jpg",400,320,false],"thumbnail":["https:\/\/ibecbarcelona.eu\/wp-content\/uploads\/2013\/10\/bdebate-150x150.jpg",150,150,true],"medium":["https:\/\/ibecbarcelona.eu\/wp-content\/uploads\/2013\/10\/bdebate-300x240.jpg",300,240,true],"medium_large":["https:\/\/ibecbarcelona.eu\/wp-content\/uploads\/2013\/10\/bdebate.jpg",400,320,false],"large":["https:\/\/ibecbarcelona.eu\/wp-content\/uploads\/2013\/10\/bdebate.jpg",400,320,false]},"AFP_attachments":{"full":["https:\/\/ibecbarcelona.eu\/wp-content\/uploads\/2013\/10\/bdebate.jpg",400,320,false],"thumbnail":["https:\/\/ibecbarcelona.eu\/wp-content\/uploads\/2013\/10\/bdebate-150x150.jpg",150,150,true],"medium":["https:\/\/ibecbarcelona.eu\/wp-content\/uploads\/2013\/10\/bdebate-300x240.jpg",300,240,true],"medium_large":["https:\/\/ibecbarcelona.eu\/wp-content\/uploads\/2013\/10\/bdebate.jpg",400,320,false],"large":["https:\/\/ibecbarcelona.eu\/wp-content\/uploads\/2013\/10\/bdebate.jpg",400,320,false]},"AFP_videos":[],"AFP_video_blocks":"","AFP_category_names":["Noticias institucionales"],"_links":{"self":[{"href":"https:\/\/ibecbarcelona.eu\/es\/wp-json\/wp\/v2\/posts\/7750","targetHints":{"allow":["GET"]}}],"collection":[{"href":"https:\/\/ibecbarcelona.eu\/es\/wp-json\/wp\/v2\/posts"}],"about":[{"href":"https:\/\/ibecbarcelona.eu\/es\/wp-json\/wp\/v2\/types\/post"}],"author":[{"embeddable":true,"href":"https:\/\/ibecbarcelona.eu\/es\/wp-json\/wp\/v2\/users\/4"}],"replies":[{"embeddable":true,"href":"https:\/\/ibecbarcelona.eu\/es\/wp-json\/wp\/v2\/comments?post=7750"}],"version-history":[{"count":0,"href":"https:\/\/ibecbarcelona.eu\/es\/wp-json\/wp\/v2\/posts\/7750\/revisions"}],"wp:featuredmedia":[{"embeddable":true,"href":"https:\/\/ibecbarcelona.eu\/es\/wp-json\/wp\/v2\/media\/7745"}],"wp:attachment":[{"href":"https:\/\/ibecbarcelona.eu\/es\/wp-json\/wp\/v2\/media?parent=7750"}],"wp:term":[{"taxonomy":"category","embeddable":true,"href":"https:\/\/ibecbarcelona.eu\/es\/wp-json\/wp\/v2\/categories?post=7750"},{"taxonomy":"post_tag","embeddable":true,"href":"https:\/\/ibecbarcelona.eu\/es\/wp-json\/wp\/v2\/tags?post=7750"},{"taxonomy":"post_format","embeddable":true,"href":"https:\/\/ibecbarcelona.eu\/es\/wp-json\/wp\/v2\/post_formats?post=7750"}],"curies":[{"name":"wp","href":"https:\/\/api.w.org\/{rel}","templated":true}]}}