
{"id":7828,"date":"2013-10-25T11:04:58","date_gmt":"2013-10-25T11:04:58","guid":{"rendered":"http:\/\/ibecbarcelona.eu\/new\/ibec-organizo-la-iii-reunion-del-capitulo-espanol-esb\/"},"modified":"2015-01-07T13:21:11","modified_gmt":"2015-01-07T13:21:11","slug":"ibec-organizo-la-iii-reunion-del-capitulo-espanol-esb","status":"publish","type":"post","link":"https:\/\/ibecbarcelona.eu\/es\/ibec-organizo-la-iii-reunion-del-capitulo-espanol-esb\/","title":{"rendered":"IBEC organiz\u00f3 la III Reuni\u00f3n del Cap\u00edtulo Espa\u00f1ol ESB"},"content":{"rendered":"<\/h3>\n<p>La misi\u00f3n principal del cap\u00edtulo fue poner en contacto a profesionales e investigadores del \u00e1mbito de la Biomec\u00e1nica para potenciar la colaboraci\u00f3n entre las universidades, la cl\u00ednica y la empresa as\u00ed como fomentar la divulgaci\u00f3n y la promoci\u00f3n de los estudios en este campo que se desarrollan en Espa\u00f1a.<\/p>\n<p>\u00abLa jornada, que se ha desarrollado en un ambiente muy familiar, ha destacado por la gran calidad cient\u00edfica de las ponencias\u201d afirm\u00f3 J\u00e9r\u00f4me Noailly, miembro del comit\u00e9 organizador e investigador del IBEC, al terminar la reuni\u00f3n. \u201cAgradecemos la participaci\u00f3n de los sectores empresariales y hospitalarios que han compartido de manera muy constructiva su experiencia con los investigadores\u00bb.<\/p>\n<p>Casi un 50% de los asistentes a la reuni\u00f3n participaron tambi\u00e9n en los tres cursos impartidos el d\u00eda anterior. Dichos cursos fueron establecidos con la intenci\u00f3n de aportar una visi\u00f3n global de las t\u00e9cnicas empleadas para el desarrollo de un modelo de paciente a partir de los datos cl\u00ednicos.<\/p>\n<p>Los trabajos \u201cExplicit simulation of muscle activation in combination with intervertebral disc swelling reproduces in vivo intradiscal pressures in a L3-S1 lumbo-sacral spine model\u201d presentado por Themis Toumanidou en la categor\u00eda de Ciencias y \u201cThe role of both micro\/nano-topography and Na+ ion to enhance osseointegration\u201d presentado por Marc Fern\u00e1ndez Yag\u00fce en la categor\u00eda de Transferencia Tecnol\u00f3gica y Cl\u00ednica fueron galardonados por su excelencia, contenido y presentaci\u00f3n.<\/p>\n<p>Durante la reuni\u00f3n tambi\u00e9n tuvieron lugar las elecciones del comit\u00e9 ejecutivo del Cap\u00edtulo cuyos candidatos fueron Sebasti\u00e1n Idelsohn, Javier Mart\u00ednez Reina y J\u00e9r\u00f4me Noailly.<\/p>\n","protected":false},"excerpt":{"rendered":"<h3><img decoding=\"async\" class=\"left size-full wp-image-7823 lazyload\" data-src=\"https:\/\/ibecbarcelona.eu\/wp-content\/uploads\/2013\/10\/esbmeeting.jpg\" border=\"0\" width=\"500\" height=\"530\" data-srcset=\"https:\/\/ibecbarcelona.eu\/wp-content\/uploads\/2013\/10\/esbmeeting.jpg 500w, https:\/\/ibecbarcelona.eu\/wp-content\/uploads\/2013\/10\/esbmeeting-283x300.jpg 283w, https:\/\/ibecbarcelona.eu\/wp-content\/uploads\/2013\/10\/esbmeeting-141x150.jpg 141w\" data-sizes=\"(max-width: 500px) 100vw, 500px\" src=\"data:image\/svg+xml;base64,PHN2ZyB3aWR0aD0iMSIgaGVpZ2h0PSIxIiB4bWxucz0iaHR0cDovL3d3dy53My5vcmcvMjAwMC9zdmciPjwvc3ZnPg==\" style=\"--smush-placeholder-width: 500px; --smush-placeholder-aspect-ratio: 500\/530;\" \/>Durante la jornada de ayer se celebr\u00f3 la III Reuni\u00f3n del Cap\u00edtulo Espa\u00f1ol de la Sociedad Europea de Biomec\u00e1nica (ESB) organizada por el Instituto de Bioingenier\u00eda de Catalu\u00f1a (IBEC). El acto tuvo lugar en las instalaciones del Parc Cient\u00edfic de Barcelona (PCB) y acogi\u00f3 a 60 personas de centros investigadores, hospitales y universidades de toda Espa\u00f1a.      <\/p>\n","protected":false},"author":4,"featured_media":7823,"comment_status":"closed","ping_status":"closed","sticky":false,"template":"","format":"standard","meta":{"footnotes":""},"categories":[94],"tags":[],"post_formats":[],"class_list":["post-7828","post","type-post","status-publish","format-standard","has-post-thumbnail","hentry","category-noticias-institucionales"],"yoast_head":"<!-- This site is optimized with the Yoast SEO plugin v27.4 - https:\/\/yoast.com\/product\/yoast-seo-wordpress\/ -->\n<title>IBEC organiz\u00f3 la III Reuni\u00f3n del Cap\u00edtulo Espa\u00f1ol ESB - Institute for Bioengineering of Catalonia<\/title>\n<meta name=\"robots\" content=\"index, follow, max-snippet:-1, max-image-preview:large, max-video-preview:-1\" \/>\n<link rel=\"canonical\" href=\"https:\/\/ibecbarcelona.eu\/es\/ibec-organizo-la-iii-reunion-del-capitulo-espanol-esb\/\" \/>\n<meta property=\"og:locale\" content=\"es_ES\" \/>\n<meta property=\"og:type\" content=\"article\" \/>\n<meta property=\"og:title\" content=\"IBEC organiz\u00f3 la III Reuni\u00f3n del Cap\u00edtulo Espa\u00f1ol ESB - Institute for Bioengineering of Catalonia\" \/>\n<meta property=\"og:description\" content=\"Durante la jornada de ayer se celebr\u00f3 la III Reuni\u00f3n del Cap\u00edtulo Espa\u00f1ol de la Sociedad Europea de Biomec\u00e1nica (ESB) organizada por el Instituto de Bioingenier\u00eda de Catalu\u00f1a (IBEC). El acto tuvo lugar en las instalaciones del Parc Cient\u00edfic de Barcelona (PCB) y acogi\u00f3 a 60 personas de centros investigadores, hospitales y universidades de toda Espa\u00f1a.\" \/>\n<meta property=\"og:url\" content=\"https:\/\/ibecbarcelona.eu\/es\/ibec-organizo-la-iii-reunion-del-capitulo-espanol-esb\/\" \/>\n<meta property=\"og:site_name\" content=\"Institute for Bioengineering of Catalonia\" \/>\n<meta property=\"article:published_time\" content=\"2013-10-25T11:04:58+00:00\" \/>\n<meta property=\"article:modified_time\" content=\"2015-01-07T13:21:11+00:00\" \/>\n<meta property=\"og:image\" content=\"https:\/\/ibecbarcelona.eu\/wp-content\/uploads\/2013\/10\/esbmeeting.jpg\" \/>\n\t<meta property=\"og:image:width\" content=\"500\" \/>\n\t<meta property=\"og:image:height\" content=\"530\" \/>\n\t<meta property=\"og:image:type\" content=\"image\/jpeg\" \/>\n<meta name=\"author\" content=\"\u00c0ngels L\u00f3pez\" \/>\n<meta name=\"twitter:card\" content=\"summary_large_image\" \/>\n<meta name=\"twitter:label1\" content=\"Escrito por\" \/>\n\t<meta name=\"twitter:data1\" content=\"\u00c0ngels L\u00f3pez\" \/>\n\t<meta name=\"twitter:label2\" content=\"Tiempo de lectura\" \/>\n\t<meta name=\"twitter:data2\" content=\"1 minuto\" \/>\n<script type=\"application\/ld+json\" class=\"yoast-schema-graph\">{\"@context\":\"https:\\\/\\\/schema.org\",\"@graph\":[{\"@type\":\"Article\",\"@id\":\"https:\\\/\\\/ibecbarcelona.eu\\\/es\\\/ibec-organizo-la-iii-reunion-del-capitulo-espanol-esb\\\/#article\",\"isPartOf\":{\"@id\":\"https:\\\/\\\/ibecbarcelona.eu\\\/es\\\/ibec-organizo-la-iii-reunion-del-capitulo-espanol-esb\\\/\"},\"author\":{\"name\":\"\u00c0ngels L\u00f3pez\",\"@id\":\"https:\\\/\\\/ibecbarcelona.eu\\\/#\\\/schema\\\/person\\\/c212c6b589546130be67986b9290e2b8\"},\"headline\":\"IBEC organiz\u00f3 la III Reuni\u00f3n del Cap\u00edtulo Espa\u00f1ol ESB\",\"datePublished\":\"2013-10-25T11:04:58+00:00\",\"dateModified\":\"2015-01-07T13:21:11+00:00\",\"mainEntityOfPage\":{\"@id\":\"https:\\\/\\\/ibecbarcelona.eu\\\/es\\\/ibec-organizo-la-iii-reunion-del-capitulo-espanol-esb\\\/\"},\"wordCount\":292,\"publisher\":{\"@id\":\"https:\\\/\\\/ibecbarcelona.eu\\\/#organization\"},\"image\":{\"@id\":\"https:\\\/\\\/ibecbarcelona.eu\\\/es\\\/ibec-organizo-la-iii-reunion-del-capitulo-espanol-esb\\\/#primaryimage\"},\"thumbnailUrl\":\"https:\\\/\\\/ibecbarcelona.eu\\\/wp-content\\\/uploads\\\/2013\\\/10\\\/esbmeeting.jpg\",\"articleSection\":[\"Noticias institucionales\"],\"inLanguage\":\"es\"},{\"@type\":\"WebPage\",\"@id\":\"https:\\\/\\\/ibecbarcelona.eu\\\/es\\\/ibec-organizo-la-iii-reunion-del-capitulo-espanol-esb\\\/\",\"url\":\"https:\\\/\\\/ibecbarcelona.eu\\\/es\\\/ibec-organizo-la-iii-reunion-del-capitulo-espanol-esb\\\/\",\"name\":\"IBEC organiz\u00f3 la III Reuni\u00f3n del Cap\u00edtulo Espa\u00f1ol ESB - Institute for Bioengineering of Catalonia\",\"isPartOf\":{\"@id\":\"https:\\\/\\\/ibecbarcelona.eu\\\/#website\"},\"primaryImageOfPage\":{\"@id\":\"https:\\\/\\\/ibecbarcelona.eu\\\/es\\\/ibec-organizo-la-iii-reunion-del-capitulo-espanol-esb\\\/#primaryimage\"},\"image\":{\"@id\":\"https:\\\/\\\/ibecbarcelona.eu\\\/es\\\/ibec-organizo-la-iii-reunion-del-capitulo-espanol-esb\\\/#primaryimage\"},\"thumbnailUrl\":\"https:\\\/\\\/ibecbarcelona.eu\\\/wp-content\\\/uploads\\\/2013\\\/10\\\/esbmeeting.jpg\",\"datePublished\":\"2013-10-25T11:04:58+00:00\",\"dateModified\":\"2015-01-07T13:21:11+00:00\",\"breadcrumb\":{\"@id\":\"https:\\\/\\\/ibecbarcelona.eu\\\/es\\\/ibec-organizo-la-iii-reunion-del-capitulo-espanol-esb\\\/#breadcrumb\"},\"inLanguage\":\"es\",\"potentialAction\":[{\"@type\":\"ReadAction\",\"target\":[\"https:\\\/\\\/ibecbarcelona.eu\\\/es\\\/ibec-organizo-la-iii-reunion-del-capitulo-espanol-esb\\\/\"]}]},{\"@type\":\"ImageObject\",\"inLanguage\":\"es\",\"@id\":\"https:\\\/\\\/ibecbarcelona.eu\\\/es\\\/ibec-organizo-la-iii-reunion-del-capitulo-espanol-esb\\\/#primaryimage\",\"url\":\"https:\\\/\\\/ibecbarcelona.eu\\\/wp-content\\\/uploads\\\/2013\\\/10\\\/esbmeeting.jpg\",\"contentUrl\":\"https:\\\/\\\/ibecbarcelona.eu\\\/wp-content\\\/uploads\\\/2013\\\/10\\\/esbmeeting.jpg\",\"width\":500,\"height\":530},{\"@type\":\"BreadcrumbList\",\"@id\":\"https:\\\/\\\/ibecbarcelona.eu\\\/es\\\/ibec-organizo-la-iii-reunion-del-capitulo-espanol-esb\\\/#breadcrumb\",\"itemListElement\":[{\"@type\":\"ListItem\",\"position\":1,\"name\":\"Home\",\"item\":\"https:\\\/\\\/ibecbarcelona.eu\\\/es\\\/\"},{\"@type\":\"ListItem\",\"position\":2,\"name\":\"IBEC organiz\u00f3 la III Reuni\u00f3n del Cap\u00edtulo Espa\u00f1ol ESB\"}]},{\"@type\":\"WebSite\",\"@id\":\"https:\\\/\\\/ibecbarcelona.eu\\\/#website\",\"url\":\"https:\\\/\\\/ibecbarcelona.eu\\\/\",\"name\":\"Institute for Bioengineering of Catalonia\",\"description\":\"Bioengineering solutions for health\",\"publisher\":{\"@id\":\"https:\\\/\\\/ibecbarcelona.eu\\\/#organization\"},\"potentialAction\":[{\"@type\":\"SearchAction\",\"target\":{\"@type\":\"EntryPoint\",\"urlTemplate\":\"https:\\\/\\\/ibecbarcelona.eu\\\/?s={search_term_string}\"},\"query-input\":{\"@type\":\"PropertyValueSpecification\",\"valueRequired\":true,\"valueName\":\"search_term_string\"}}],\"inLanguage\":\"es\"},{\"@type\":\"Organization\",\"@id\":\"https:\\\/\\\/ibecbarcelona.eu\\\/#organization\",\"name\":\"Institute for Bioengineering of Catalonia\",\"url\":\"https:\\\/\\\/ibecbarcelona.eu\\\/\",\"logo\":{\"@type\":\"ImageObject\",\"inLanguage\":\"es\",\"@id\":\"https:\\\/\\\/ibecbarcelona.eu\\\/#\\\/schema\\\/logo\\\/image\\\/\",\"url\":\"https:\\\/\\\/ibecbarcelona.eu\\\/wp-content\\\/uploads\\\/2026\\\/01\\\/cropped-IBEC_20ANYS_GRIS.png\",\"contentUrl\":\"https:\\\/\\\/ibecbarcelona.eu\\\/wp-content\\\/uploads\\\/2026\\\/01\\\/cropped-IBEC_20ANYS_GRIS.png\",\"width\":696,\"height\":257,\"caption\":\"Institute for Bioengineering of Catalonia\"},\"image\":{\"@id\":\"https:\\\/\\\/ibecbarcelona.eu\\\/#\\\/schema\\\/logo\\\/image\\\/\"}},{\"@type\":\"Person\",\"@id\":\"https:\\\/\\\/ibecbarcelona.eu\\\/#\\\/schema\\\/person\\\/c212c6b589546130be67986b9290e2b8\",\"name\":\"\u00c0ngels L\u00f3pez\",\"image\":{\"@type\":\"ImageObject\",\"inLanguage\":\"es\",\"@id\":\"https:\\\/\\\/secure.gravatar.com\\\/avatar\\\/09ad6ba116bea0b15c5511860f83b302579fd7404c1180e9dae55c3f11d988c6?s=96&d=mm&r=g\",\"url\":\"https:\\\/\\\/secure.gravatar.com\\\/avatar\\\/09ad6ba116bea0b15c5511860f83b302579fd7404c1180e9dae55c3f11d988c6?s=96&d=mm&r=g\",\"contentUrl\":\"https:\\\/\\\/secure.gravatar.com\\\/avatar\\\/09ad6ba116bea0b15c5511860f83b302579fd7404c1180e9dae55c3f11d988c6?s=96&d=mm&r=g\",\"caption\":\"\u00c0ngels L\u00f3pez\"},\"url\":\"https:\\\/\\\/ibecbarcelona.eu\\\/es\\\/author\\\/alopez\\\/\"}]}<\/script>\n<!-- \/ Yoast SEO plugin. -->","yoast_head_json":{"title":"IBEC organiz\u00f3 la III Reuni\u00f3n del Cap\u00edtulo Espa\u00f1ol ESB - Institute for Bioengineering of Catalonia","robots":{"index":"index","follow":"follow","max-snippet":"max-snippet:-1","max-image-preview":"max-image-preview:large","max-video-preview":"max-video-preview:-1"},"canonical":"https:\/\/ibecbarcelona.eu\/es\/ibec-organizo-la-iii-reunion-del-capitulo-espanol-esb\/","og_locale":"es_ES","og_type":"article","og_title":"IBEC organiz\u00f3 la III Reuni\u00f3n del Cap\u00edtulo Espa\u00f1ol ESB - Institute for Bioengineering of Catalonia","og_description":"Durante la jornada de ayer se celebr\u00f3 la III Reuni\u00f3n del Cap\u00edtulo Espa\u00f1ol de la Sociedad Europea de Biomec\u00e1nica (ESB) organizada por el Instituto de Bioingenier\u00eda de Catalu\u00f1a (IBEC). El acto tuvo lugar en las instalaciones del Parc Cient\u00edfic de Barcelona (PCB) y acogi\u00f3 a 60 personas de centros investigadores, hospitales y universidades de toda Espa\u00f1a.","og_url":"https:\/\/ibecbarcelona.eu\/es\/ibec-organizo-la-iii-reunion-del-capitulo-espanol-esb\/","og_site_name":"Institute for Bioengineering of Catalonia","article_published_time":"2013-10-25T11:04:58+00:00","article_modified_time":"2015-01-07T13:21:11+00:00","og_image":[{"width":500,"height":530,"url":"https:\/\/ibecbarcelona.eu\/wp-content\/uploads\/2013\/10\/esbmeeting.jpg","type":"image\/jpeg"}],"author":"\u00c0ngels L\u00f3pez","twitter_card":"summary_large_image","twitter_misc":{"Escrito por":"\u00c0ngels L\u00f3pez","Tiempo de lectura":"1 minuto"},"schema":{"@context":"https:\/\/schema.org","@graph":[{"@type":"Article","@id":"https:\/\/ibecbarcelona.eu\/es\/ibec-organizo-la-iii-reunion-del-capitulo-espanol-esb\/#article","isPartOf":{"@id":"https:\/\/ibecbarcelona.eu\/es\/ibec-organizo-la-iii-reunion-del-capitulo-espanol-esb\/"},"author":{"name":"\u00c0ngels L\u00f3pez","@id":"https:\/\/ibecbarcelona.eu\/#\/schema\/person\/c212c6b589546130be67986b9290e2b8"},"headline":"IBEC organiz\u00f3 la III Reuni\u00f3n del Cap\u00edtulo Espa\u00f1ol ESB","datePublished":"2013-10-25T11:04:58+00:00","dateModified":"2015-01-07T13:21:11+00:00","mainEntityOfPage":{"@id":"https:\/\/ibecbarcelona.eu\/es\/ibec-organizo-la-iii-reunion-del-capitulo-espanol-esb\/"},"wordCount":292,"publisher":{"@id":"https:\/\/ibecbarcelona.eu\/#organization"},"image":{"@id":"https:\/\/ibecbarcelona.eu\/es\/ibec-organizo-la-iii-reunion-del-capitulo-espanol-esb\/#primaryimage"},"thumbnailUrl":"https:\/\/ibecbarcelona.eu\/wp-content\/uploads\/2013\/10\/esbmeeting.jpg","articleSection":["Noticias institucionales"],"inLanguage":"es"},{"@type":"WebPage","@id":"https:\/\/ibecbarcelona.eu\/es\/ibec-organizo-la-iii-reunion-del-capitulo-espanol-esb\/","url":"https:\/\/ibecbarcelona.eu\/es\/ibec-organizo-la-iii-reunion-del-capitulo-espanol-esb\/","name":"IBEC organiz\u00f3 la III Reuni\u00f3n del Cap\u00edtulo Espa\u00f1ol ESB - Institute for Bioengineering of Catalonia","isPartOf":{"@id":"https:\/\/ibecbarcelona.eu\/#website"},"primaryImageOfPage":{"@id":"https:\/\/ibecbarcelona.eu\/es\/ibec-organizo-la-iii-reunion-del-capitulo-espanol-esb\/#primaryimage"},"image":{"@id":"https:\/\/ibecbarcelona.eu\/es\/ibec-organizo-la-iii-reunion-del-capitulo-espanol-esb\/#primaryimage"},"thumbnailUrl":"https:\/\/ibecbarcelona.eu\/wp-content\/uploads\/2013\/10\/esbmeeting.jpg","datePublished":"2013-10-25T11:04:58+00:00","dateModified":"2015-01-07T13:21:11+00:00","breadcrumb":{"@id":"https:\/\/ibecbarcelona.eu\/es\/ibec-organizo-la-iii-reunion-del-capitulo-espanol-esb\/#breadcrumb"},"inLanguage":"es","potentialAction":[{"@type":"ReadAction","target":["https:\/\/ibecbarcelona.eu\/es\/ibec-organizo-la-iii-reunion-del-capitulo-espanol-esb\/"]}]},{"@type":"ImageObject","inLanguage":"es","@id":"https:\/\/ibecbarcelona.eu\/es\/ibec-organizo-la-iii-reunion-del-capitulo-espanol-esb\/#primaryimage","url":"https:\/\/ibecbarcelona.eu\/wp-content\/uploads\/2013\/10\/esbmeeting.jpg","contentUrl":"https:\/\/ibecbarcelona.eu\/wp-content\/uploads\/2013\/10\/esbmeeting.jpg","width":500,"height":530},{"@type":"BreadcrumbList","@id":"https:\/\/ibecbarcelona.eu\/es\/ibec-organizo-la-iii-reunion-del-capitulo-espanol-esb\/#breadcrumb","itemListElement":[{"@type":"ListItem","position":1,"name":"Home","item":"https:\/\/ibecbarcelona.eu\/es\/"},{"@type":"ListItem","position":2,"name":"IBEC organiz\u00f3 la III Reuni\u00f3n del Cap\u00edtulo Espa\u00f1ol ESB"}]},{"@type":"WebSite","@id":"https:\/\/ibecbarcelona.eu\/#website","url":"https:\/\/ibecbarcelona.eu\/","name":"Institute for Bioengineering of Catalonia","description":"Bioengineering solutions for health","publisher":{"@id":"https:\/\/ibecbarcelona.eu\/#organization"},"potentialAction":[{"@type":"SearchAction","target":{"@type":"EntryPoint","urlTemplate":"https:\/\/ibecbarcelona.eu\/?s={search_term_string}"},"query-input":{"@type":"PropertyValueSpecification","valueRequired":true,"valueName":"search_term_string"}}],"inLanguage":"es"},{"@type":"Organization","@id":"https:\/\/ibecbarcelona.eu\/#organization","name":"Institute for Bioengineering of Catalonia","url":"https:\/\/ibecbarcelona.eu\/","logo":{"@type":"ImageObject","inLanguage":"es","@id":"https:\/\/ibecbarcelona.eu\/#\/schema\/logo\/image\/","url":"https:\/\/ibecbarcelona.eu\/wp-content\/uploads\/2026\/01\/cropped-IBEC_20ANYS_GRIS.png","contentUrl":"https:\/\/ibecbarcelona.eu\/wp-content\/uploads\/2026\/01\/cropped-IBEC_20ANYS_GRIS.png","width":696,"height":257,"caption":"Institute for Bioengineering of Catalonia"},"image":{"@id":"https:\/\/ibecbarcelona.eu\/#\/schema\/logo\/image\/"}},{"@type":"Person","@id":"https:\/\/ibecbarcelona.eu\/#\/schema\/person\/c212c6b589546130be67986b9290e2b8","name":"\u00c0ngels L\u00f3pez","image":{"@type":"ImageObject","inLanguage":"es","@id":"https:\/\/secure.gravatar.com\/avatar\/09ad6ba116bea0b15c5511860f83b302579fd7404c1180e9dae55c3f11d988c6?s=96&d=mm&r=g","url":"https:\/\/secure.gravatar.com\/avatar\/09ad6ba116bea0b15c5511860f83b302579fd7404c1180e9dae55c3f11d988c6?s=96&d=mm&r=g","contentUrl":"https:\/\/secure.gravatar.com\/avatar\/09ad6ba116bea0b15c5511860f83b302579fd7404c1180e9dae55c3f11d988c6?s=96&d=mm&r=g","caption":"\u00c0ngels L\u00f3pez"},"url":"https:\/\/ibecbarcelona.eu\/es\/author\/alopez\/"}]}},"AFP_featured_media_urls":{"full":["https:\/\/ibecbarcelona.eu\/wp-content\/uploads\/2013\/10\/esbmeeting.jpg",500,530,false],"thumbnail":["https:\/\/ibecbarcelona.eu\/wp-content\/uploads\/2013\/10\/esbmeeting-150x150.jpg",150,150,true],"medium":["https:\/\/ibecbarcelona.eu\/wp-content\/uploads\/2013\/10\/esbmeeting-283x300.jpg",283,300,true],"medium_large":["https:\/\/ibecbarcelona.eu\/wp-content\/uploads\/2013\/10\/esbmeeting.jpg",500,530,false],"large":["https:\/\/ibecbarcelona.eu\/wp-content\/uploads\/2013\/10\/esbmeeting.jpg",500,530,false]},"AFP_attachments":{"full":["https:\/\/ibecbarcelona.eu\/wp-content\/uploads\/2013\/10\/esbmeeting.jpg",500,530,false],"thumbnail":["https:\/\/ibecbarcelona.eu\/wp-content\/uploads\/2013\/10\/esbmeeting-150x150.jpg",150,150,true],"medium":["https:\/\/ibecbarcelona.eu\/wp-content\/uploads\/2013\/10\/esbmeeting-283x300.jpg",283,300,true],"medium_large":["https:\/\/ibecbarcelona.eu\/wp-content\/uploads\/2013\/10\/esbmeeting.jpg",500,530,false],"large":["https:\/\/ibecbarcelona.eu\/wp-content\/uploads\/2013\/10\/esbmeeting.jpg",500,530,false]},"AFP_videos":[],"AFP_video_blocks":"","AFP_category_names":["Noticias institucionales"],"_links":{"self":[{"href":"https:\/\/ibecbarcelona.eu\/es\/wp-json\/wp\/v2\/posts\/7828","targetHints":{"allow":["GET"]}}],"collection":[{"href":"https:\/\/ibecbarcelona.eu\/es\/wp-json\/wp\/v2\/posts"}],"about":[{"href":"https:\/\/ibecbarcelona.eu\/es\/wp-json\/wp\/v2\/types\/post"}],"author":[{"embeddable":true,"href":"https:\/\/ibecbarcelona.eu\/es\/wp-json\/wp\/v2\/users\/4"}],"replies":[{"embeddable":true,"href":"https:\/\/ibecbarcelona.eu\/es\/wp-json\/wp\/v2\/comments?post=7828"}],"version-history":[{"count":0,"href":"https:\/\/ibecbarcelona.eu\/es\/wp-json\/wp\/v2\/posts\/7828\/revisions"}],"wp:featuredmedia":[{"embeddable":true,"href":"https:\/\/ibecbarcelona.eu\/es\/wp-json\/wp\/v2\/media\/7823"}],"wp:attachment":[{"href":"https:\/\/ibecbarcelona.eu\/es\/wp-json\/wp\/v2\/media?parent=7828"}],"wp:term":[{"taxonomy":"category","embeddable":true,"href":"https:\/\/ibecbarcelona.eu\/es\/wp-json\/wp\/v2\/categories?post=7828"},{"taxonomy":"post_tag","embeddable":true,"href":"https:\/\/ibecbarcelona.eu\/es\/wp-json\/wp\/v2\/tags?post=7828"},{"taxonomy":"post_format","embeddable":true,"href":"https:\/\/ibecbarcelona.eu\/es\/wp-json\/wp\/v2\/post_formats?post=7828"}],"curies":[{"name":"wp","href":"https:\/\/api.w.org\/{rel}","templated":true}]}}