
{"id":7836,"date":"2013-10-31T11:20:22","date_gmt":"2013-10-31T11:20:22","guid":{"rendered":"http:\/\/ibecbarcelona.eu\/new\/la-tv-y-la-radio-se-interesan-en-el-proyecto-dermoglass\/"},"modified":"2015-01-07T13:25:45","modified_gmt":"2015-01-07T13:25:45","slug":"la-tv-y-la-radio-se-interesan-en-el-proyecto-dermoglass","status":"publish","type":"post","link":"https:\/\/ibecbarcelona.eu\/es\/la-tv-y-la-radio-se-interesan-en-el-proyecto-dermoglass\/","title":{"rendered":"La TV y la radio se interesan en el proyecto Dermoglass"},"content":{"rendered":"<p>Aqu\u00ed pod\u00e9is escuchar la entrevista:<a href=\"http:\/\/www.cadenaser.com\/actualidad\/audios\/ventana-00-19-00-29-2013\/csrcsrpor\/20131029csrcsr_8\/Aes\/\" target=\"_blank\"> http:\/\/www.cadenaser.com\/actualidad\/audios\/ventana-00-19-00-29-2013\/csrcsrpor\/20131029csrcsr_8\/Aes\/<\/a><\/p>\n<p>Adem\u00e1s, hoy en Barcelona Televisi\u00f3 (BTV) nos ha visitado para filmar algunas im\u00e1genes para la pr\u00f3xima edici\u00f3n del programa Barcelona Connexi\u00f3, que hablar\u00e1 sobre Dermoglass y otros dos proyectos de la iniciativa de micromecenazgo SUMA de la UPC.<\/p>\n<p>\u00a0<\/p>\n<p>Para hacer una contribuci\u00f3n para Dermoglass, no importa lo peque\u00f1a que sea, visite: <a href=\"http:\/\/goteo.org\/project\/dermoglass\" target=\"_blank\">http:\/\/goteo.org\/project\/dermoglass<\/a><\/p>\n<p><\/p>\n","protected":false},"excerpt":{"rendered":"<p><img decoding=\"async\" class=\"left size-full wp-image-7831 lazyload\" data-src=\"https:\/\/ibecbarcelona.eu\/wp-content\/uploads\/2013\/10\/elidermoglassnews.jpg\" border=\"0\" width=\"450\" data-srcset=\"https:\/\/ibecbarcelona.eu\/wp-content\/uploads\/2013\/10\/elidermoglassnews.jpg 550w, https:\/\/ibecbarcelona.eu\/wp-content\/uploads\/2013\/10\/elidermoglassnews-300x231.jpg 300w, https:\/\/ibecbarcelona.eu\/wp-content\/uploads\/2013\/10\/elidermoglassnews-194x150.jpg 194w, https:\/\/ibecbarcelona.eu\/wp-content\/uploads\/2013\/10\/elidermoglassnews-150x115.jpg 150w\" data-sizes=\"(max-width: 550px) 100vw, 550px\" src=\"data:image\/svg+xml;base64,PHN2ZyB3aWR0aD0iMSIgaGVpZ2h0PSIxIiB4bWxucz0iaHR0cDovL3d3dy53My5vcmcvMjAwMC9zdmciPjwvc3ZnPg==\" style=\"--smush-placeholder-width: 550px; --smush-placeholder-aspect-ratio: 550\/425;\" \/>El jueves, la investigadora principal del grupo de Biomateriales para Terapias Regenerativas, Elisabeth Engel, fue entrevistada por el programa La Ventana de la Cadena Ser sobre su proyecto Dermoglass. Dermoglass es el primer paso de IBEC en el micromezenazgo, y gracias a sus 64 participantes de momento ya ha alcanzado el 50% de la financiaci\u00f3n necesaria.<\/p>\n","protected":false},"author":4,"featured_media":7831,"comment_status":"closed","ping_status":"closed","sticky":false,"template":"","format":"standard","meta":{"footnotes":""},"categories":[95],"tags":[],"post_formats":[],"class_list":["post-7836","post","type-post","status-publish","format-standard","has-post-thumbnail","hentry","category-ibec-en-los-medios"],"yoast_head":"<!-- This site is optimized with the Yoast SEO plugin v27.4 - https:\/\/yoast.com\/product\/yoast-seo-wordpress\/ -->\n<title>La TV y la radio se interesan en el proyecto Dermoglass - Institute for Bioengineering of Catalonia<\/title>\n<meta name=\"robots\" content=\"index, follow, max-snippet:-1, max-image-preview:large, max-video-preview:-1\" \/>\n<link rel=\"canonical\" href=\"https:\/\/ibecbarcelona.eu\/es\/la-tv-y-la-radio-se-interesan-en-el-proyecto-dermoglass\/\" \/>\n<meta property=\"og:locale\" content=\"es_ES\" \/>\n<meta property=\"og:type\" content=\"article\" \/>\n<meta property=\"og:title\" content=\"La TV y la radio se interesan en el proyecto Dermoglass - Institute for Bioengineering of Catalonia\" \/>\n<meta property=\"og:description\" content=\"El jueves, la investigadora principal del grupo de Biomateriales para Terapias Regenerativas, Elisabeth Engel, fue entrevistada por el programa La Ventana de la Cadena Ser sobre su proyecto Dermoglass. Dermoglass es el primer paso de IBEC en el micromezenazgo, y gracias a sus 64 participantes de momento ya ha alcanzado el 50% de la financiaci\u00f3n necesaria.\" \/>\n<meta property=\"og:url\" content=\"https:\/\/ibecbarcelona.eu\/es\/la-tv-y-la-radio-se-interesan-en-el-proyecto-dermoglass\/\" \/>\n<meta property=\"og:site_name\" content=\"Institute for Bioengineering of Catalonia\" \/>\n<meta property=\"article:published_time\" content=\"2013-10-31T11:20:22+00:00\" \/>\n<meta property=\"article:modified_time\" content=\"2015-01-07T13:25:45+00:00\" \/>\n<meta property=\"og:image\" content=\"https:\/\/ibecbarcelona.eu\/wp-content\/uploads\/2013\/10\/elidermoglassnews.jpg\" \/>\n\t<meta property=\"og:image:width\" content=\"550\" \/>\n\t<meta property=\"og:image:height\" content=\"425\" \/>\n\t<meta property=\"og:image:type\" content=\"image\/jpeg\" \/>\n<meta name=\"author\" content=\"\u00c0ngels L\u00f3pez\" \/>\n<meta name=\"twitter:card\" content=\"summary_large_image\" \/>\n<meta name=\"twitter:label1\" content=\"Escrito por\" \/>\n\t<meta name=\"twitter:data1\" content=\"\u00c0ngels L\u00f3pez\" \/>\n<script type=\"application\/ld+json\" class=\"yoast-schema-graph\">{\"@context\":\"https:\\\/\\\/schema.org\",\"@graph\":[{\"@type\":\"Article\",\"@id\":\"https:\\\/\\\/ibecbarcelona.eu\\\/es\\\/la-tv-y-la-radio-se-interesan-en-el-proyecto-dermoglass\\\/#article\",\"isPartOf\":{\"@id\":\"https:\\\/\\\/ibecbarcelona.eu\\\/es\\\/la-tv-y-la-radio-se-interesan-en-el-proyecto-dermoglass\\\/\"},\"author\":{\"name\":\"\u00c0ngels L\u00f3pez\",\"@id\":\"https:\\\/\\\/ibecbarcelona.eu\\\/#\\\/schema\\\/person\\\/c212c6b589546130be67986b9290e2b8\"},\"headline\":\"La TV y la radio se interesan en el proyecto Dermoglass\",\"datePublished\":\"2013-10-31T11:20:22+00:00\",\"dateModified\":\"2015-01-07T13:25:45+00:00\",\"mainEntityOfPage\":{\"@id\":\"https:\\\/\\\/ibecbarcelona.eu\\\/es\\\/la-tv-y-la-radio-se-interesan-en-el-proyecto-dermoglass\\\/\"},\"wordCount\":93,\"publisher\":{\"@id\":\"https:\\\/\\\/ibecbarcelona.eu\\\/#organization\"},\"image\":{\"@id\":\"https:\\\/\\\/ibecbarcelona.eu\\\/es\\\/la-tv-y-la-radio-se-interesan-en-el-proyecto-dermoglass\\\/#primaryimage\"},\"thumbnailUrl\":\"https:\\\/\\\/ibecbarcelona.eu\\\/wp-content\\\/uploads\\\/2013\\\/10\\\/elidermoglassnews.jpg\",\"articleSection\":[\"IBEC en los medios\"],\"inLanguage\":\"es\"},{\"@type\":\"WebPage\",\"@id\":\"https:\\\/\\\/ibecbarcelona.eu\\\/es\\\/la-tv-y-la-radio-se-interesan-en-el-proyecto-dermoglass\\\/\",\"url\":\"https:\\\/\\\/ibecbarcelona.eu\\\/es\\\/la-tv-y-la-radio-se-interesan-en-el-proyecto-dermoglass\\\/\",\"name\":\"La TV y la radio se interesan en el proyecto Dermoglass - Institute for Bioengineering of Catalonia\",\"isPartOf\":{\"@id\":\"https:\\\/\\\/ibecbarcelona.eu\\\/#website\"},\"primaryImageOfPage\":{\"@id\":\"https:\\\/\\\/ibecbarcelona.eu\\\/es\\\/la-tv-y-la-radio-se-interesan-en-el-proyecto-dermoglass\\\/#primaryimage\"},\"image\":{\"@id\":\"https:\\\/\\\/ibecbarcelona.eu\\\/es\\\/la-tv-y-la-radio-se-interesan-en-el-proyecto-dermoglass\\\/#primaryimage\"},\"thumbnailUrl\":\"https:\\\/\\\/ibecbarcelona.eu\\\/wp-content\\\/uploads\\\/2013\\\/10\\\/elidermoglassnews.jpg\",\"datePublished\":\"2013-10-31T11:20:22+00:00\",\"dateModified\":\"2015-01-07T13:25:45+00:00\",\"breadcrumb\":{\"@id\":\"https:\\\/\\\/ibecbarcelona.eu\\\/es\\\/la-tv-y-la-radio-se-interesan-en-el-proyecto-dermoglass\\\/#breadcrumb\"},\"inLanguage\":\"es\",\"potentialAction\":[{\"@type\":\"ReadAction\",\"target\":[\"https:\\\/\\\/ibecbarcelona.eu\\\/es\\\/la-tv-y-la-radio-se-interesan-en-el-proyecto-dermoglass\\\/\"]}]},{\"@type\":\"ImageObject\",\"inLanguage\":\"es\",\"@id\":\"https:\\\/\\\/ibecbarcelona.eu\\\/es\\\/la-tv-y-la-radio-se-interesan-en-el-proyecto-dermoglass\\\/#primaryimage\",\"url\":\"https:\\\/\\\/ibecbarcelona.eu\\\/wp-content\\\/uploads\\\/2013\\\/10\\\/elidermoglassnews.jpg\",\"contentUrl\":\"https:\\\/\\\/ibecbarcelona.eu\\\/wp-content\\\/uploads\\\/2013\\\/10\\\/elidermoglassnews.jpg\",\"width\":550,\"height\":425},{\"@type\":\"BreadcrumbList\",\"@id\":\"https:\\\/\\\/ibecbarcelona.eu\\\/es\\\/la-tv-y-la-radio-se-interesan-en-el-proyecto-dermoglass\\\/#breadcrumb\",\"itemListElement\":[{\"@type\":\"ListItem\",\"position\":1,\"name\":\"Home\",\"item\":\"https:\\\/\\\/ibecbarcelona.eu\\\/es\\\/\"},{\"@type\":\"ListItem\",\"position\":2,\"name\":\"La TV y la radio se interesan en el proyecto Dermoglass\"}]},{\"@type\":\"WebSite\",\"@id\":\"https:\\\/\\\/ibecbarcelona.eu\\\/#website\",\"url\":\"https:\\\/\\\/ibecbarcelona.eu\\\/\",\"name\":\"Institute for Bioengineering of Catalonia\",\"description\":\"Bioengineering solutions for health\",\"publisher\":{\"@id\":\"https:\\\/\\\/ibecbarcelona.eu\\\/#organization\"},\"potentialAction\":[{\"@type\":\"SearchAction\",\"target\":{\"@type\":\"EntryPoint\",\"urlTemplate\":\"https:\\\/\\\/ibecbarcelona.eu\\\/?s={search_term_string}\"},\"query-input\":{\"@type\":\"PropertyValueSpecification\",\"valueRequired\":true,\"valueName\":\"search_term_string\"}}],\"inLanguage\":\"es\"},{\"@type\":\"Organization\",\"@id\":\"https:\\\/\\\/ibecbarcelona.eu\\\/#organization\",\"name\":\"Institute for Bioengineering of Catalonia\",\"url\":\"https:\\\/\\\/ibecbarcelona.eu\\\/\",\"logo\":{\"@type\":\"ImageObject\",\"inLanguage\":\"es\",\"@id\":\"https:\\\/\\\/ibecbarcelona.eu\\\/#\\\/schema\\\/logo\\\/image\\\/\",\"url\":\"https:\\\/\\\/ibecbarcelona.eu\\\/wp-content\\\/uploads\\\/2026\\\/01\\\/cropped-IBEC_20ANYS_GRIS.png\",\"contentUrl\":\"https:\\\/\\\/ibecbarcelona.eu\\\/wp-content\\\/uploads\\\/2026\\\/01\\\/cropped-IBEC_20ANYS_GRIS.png\",\"width\":696,\"height\":257,\"caption\":\"Institute for Bioengineering of Catalonia\"},\"image\":{\"@id\":\"https:\\\/\\\/ibecbarcelona.eu\\\/#\\\/schema\\\/logo\\\/image\\\/\"}},{\"@type\":\"Person\",\"@id\":\"https:\\\/\\\/ibecbarcelona.eu\\\/#\\\/schema\\\/person\\\/c212c6b589546130be67986b9290e2b8\",\"name\":\"\u00c0ngels L\u00f3pez\",\"image\":{\"@type\":\"ImageObject\",\"inLanguage\":\"es\",\"@id\":\"https:\\\/\\\/secure.gravatar.com\\\/avatar\\\/09ad6ba116bea0b15c5511860f83b302579fd7404c1180e9dae55c3f11d988c6?s=96&d=mm&r=g\",\"url\":\"https:\\\/\\\/secure.gravatar.com\\\/avatar\\\/09ad6ba116bea0b15c5511860f83b302579fd7404c1180e9dae55c3f11d988c6?s=96&d=mm&r=g\",\"contentUrl\":\"https:\\\/\\\/secure.gravatar.com\\\/avatar\\\/09ad6ba116bea0b15c5511860f83b302579fd7404c1180e9dae55c3f11d988c6?s=96&d=mm&r=g\",\"caption\":\"\u00c0ngels L\u00f3pez\"},\"url\":\"https:\\\/\\\/ibecbarcelona.eu\\\/es\\\/author\\\/alopez\\\/\"}]}<\/script>\n<!-- \/ Yoast SEO plugin. -->","yoast_head_json":{"title":"La TV y la radio se interesan en el proyecto Dermoglass - Institute for Bioengineering of Catalonia","robots":{"index":"index","follow":"follow","max-snippet":"max-snippet:-1","max-image-preview":"max-image-preview:large","max-video-preview":"max-video-preview:-1"},"canonical":"https:\/\/ibecbarcelona.eu\/es\/la-tv-y-la-radio-se-interesan-en-el-proyecto-dermoglass\/","og_locale":"es_ES","og_type":"article","og_title":"La TV y la radio se interesan en el proyecto Dermoglass - Institute for Bioengineering of Catalonia","og_description":"El jueves, la investigadora principal del grupo de Biomateriales para Terapias Regenerativas, Elisabeth Engel, fue entrevistada por el programa La Ventana de la Cadena Ser sobre su proyecto Dermoglass. Dermoglass es el primer paso de IBEC en el micromezenazgo, y gracias a sus 64 participantes de momento ya ha alcanzado el 50% de la financiaci\u00f3n necesaria.","og_url":"https:\/\/ibecbarcelona.eu\/es\/la-tv-y-la-radio-se-interesan-en-el-proyecto-dermoglass\/","og_site_name":"Institute for Bioengineering of Catalonia","article_published_time":"2013-10-31T11:20:22+00:00","article_modified_time":"2015-01-07T13:25:45+00:00","og_image":[{"width":550,"height":425,"url":"https:\/\/ibecbarcelona.eu\/wp-content\/uploads\/2013\/10\/elidermoglassnews.jpg","type":"image\/jpeg"}],"author":"\u00c0ngels L\u00f3pez","twitter_card":"summary_large_image","twitter_misc":{"Escrito por":"\u00c0ngels L\u00f3pez"},"schema":{"@context":"https:\/\/schema.org","@graph":[{"@type":"Article","@id":"https:\/\/ibecbarcelona.eu\/es\/la-tv-y-la-radio-se-interesan-en-el-proyecto-dermoglass\/#article","isPartOf":{"@id":"https:\/\/ibecbarcelona.eu\/es\/la-tv-y-la-radio-se-interesan-en-el-proyecto-dermoglass\/"},"author":{"name":"\u00c0ngels L\u00f3pez","@id":"https:\/\/ibecbarcelona.eu\/#\/schema\/person\/c212c6b589546130be67986b9290e2b8"},"headline":"La TV y la radio se interesan en el proyecto Dermoglass","datePublished":"2013-10-31T11:20:22+00:00","dateModified":"2015-01-07T13:25:45+00:00","mainEntityOfPage":{"@id":"https:\/\/ibecbarcelona.eu\/es\/la-tv-y-la-radio-se-interesan-en-el-proyecto-dermoglass\/"},"wordCount":93,"publisher":{"@id":"https:\/\/ibecbarcelona.eu\/#organization"},"image":{"@id":"https:\/\/ibecbarcelona.eu\/es\/la-tv-y-la-radio-se-interesan-en-el-proyecto-dermoglass\/#primaryimage"},"thumbnailUrl":"https:\/\/ibecbarcelona.eu\/wp-content\/uploads\/2013\/10\/elidermoglassnews.jpg","articleSection":["IBEC en los medios"],"inLanguage":"es"},{"@type":"WebPage","@id":"https:\/\/ibecbarcelona.eu\/es\/la-tv-y-la-radio-se-interesan-en-el-proyecto-dermoglass\/","url":"https:\/\/ibecbarcelona.eu\/es\/la-tv-y-la-radio-se-interesan-en-el-proyecto-dermoglass\/","name":"La TV y la radio se interesan en el proyecto Dermoglass - Institute for Bioengineering of Catalonia","isPartOf":{"@id":"https:\/\/ibecbarcelona.eu\/#website"},"primaryImageOfPage":{"@id":"https:\/\/ibecbarcelona.eu\/es\/la-tv-y-la-radio-se-interesan-en-el-proyecto-dermoglass\/#primaryimage"},"image":{"@id":"https:\/\/ibecbarcelona.eu\/es\/la-tv-y-la-radio-se-interesan-en-el-proyecto-dermoglass\/#primaryimage"},"thumbnailUrl":"https:\/\/ibecbarcelona.eu\/wp-content\/uploads\/2013\/10\/elidermoglassnews.jpg","datePublished":"2013-10-31T11:20:22+00:00","dateModified":"2015-01-07T13:25:45+00:00","breadcrumb":{"@id":"https:\/\/ibecbarcelona.eu\/es\/la-tv-y-la-radio-se-interesan-en-el-proyecto-dermoglass\/#breadcrumb"},"inLanguage":"es","potentialAction":[{"@type":"ReadAction","target":["https:\/\/ibecbarcelona.eu\/es\/la-tv-y-la-radio-se-interesan-en-el-proyecto-dermoglass\/"]}]},{"@type":"ImageObject","inLanguage":"es","@id":"https:\/\/ibecbarcelona.eu\/es\/la-tv-y-la-radio-se-interesan-en-el-proyecto-dermoglass\/#primaryimage","url":"https:\/\/ibecbarcelona.eu\/wp-content\/uploads\/2013\/10\/elidermoglassnews.jpg","contentUrl":"https:\/\/ibecbarcelona.eu\/wp-content\/uploads\/2013\/10\/elidermoglassnews.jpg","width":550,"height":425},{"@type":"BreadcrumbList","@id":"https:\/\/ibecbarcelona.eu\/es\/la-tv-y-la-radio-se-interesan-en-el-proyecto-dermoglass\/#breadcrumb","itemListElement":[{"@type":"ListItem","position":1,"name":"Home","item":"https:\/\/ibecbarcelona.eu\/es\/"},{"@type":"ListItem","position":2,"name":"La TV y la radio se interesan en el proyecto Dermoglass"}]},{"@type":"WebSite","@id":"https:\/\/ibecbarcelona.eu\/#website","url":"https:\/\/ibecbarcelona.eu\/","name":"Institute for Bioengineering of Catalonia","description":"Bioengineering solutions for health","publisher":{"@id":"https:\/\/ibecbarcelona.eu\/#organization"},"potentialAction":[{"@type":"SearchAction","target":{"@type":"EntryPoint","urlTemplate":"https:\/\/ibecbarcelona.eu\/?s={search_term_string}"},"query-input":{"@type":"PropertyValueSpecification","valueRequired":true,"valueName":"search_term_string"}}],"inLanguage":"es"},{"@type":"Organization","@id":"https:\/\/ibecbarcelona.eu\/#organization","name":"Institute for Bioengineering of Catalonia","url":"https:\/\/ibecbarcelona.eu\/","logo":{"@type":"ImageObject","inLanguage":"es","@id":"https:\/\/ibecbarcelona.eu\/#\/schema\/logo\/image\/","url":"https:\/\/ibecbarcelona.eu\/wp-content\/uploads\/2026\/01\/cropped-IBEC_20ANYS_GRIS.png","contentUrl":"https:\/\/ibecbarcelona.eu\/wp-content\/uploads\/2026\/01\/cropped-IBEC_20ANYS_GRIS.png","width":696,"height":257,"caption":"Institute for Bioengineering of Catalonia"},"image":{"@id":"https:\/\/ibecbarcelona.eu\/#\/schema\/logo\/image\/"}},{"@type":"Person","@id":"https:\/\/ibecbarcelona.eu\/#\/schema\/person\/c212c6b589546130be67986b9290e2b8","name":"\u00c0ngels L\u00f3pez","image":{"@type":"ImageObject","inLanguage":"es","@id":"https:\/\/secure.gravatar.com\/avatar\/09ad6ba116bea0b15c5511860f83b302579fd7404c1180e9dae55c3f11d988c6?s=96&d=mm&r=g","url":"https:\/\/secure.gravatar.com\/avatar\/09ad6ba116bea0b15c5511860f83b302579fd7404c1180e9dae55c3f11d988c6?s=96&d=mm&r=g","contentUrl":"https:\/\/secure.gravatar.com\/avatar\/09ad6ba116bea0b15c5511860f83b302579fd7404c1180e9dae55c3f11d988c6?s=96&d=mm&r=g","caption":"\u00c0ngels L\u00f3pez"},"url":"https:\/\/ibecbarcelona.eu\/es\/author\/alopez\/"}]}},"AFP_featured_media_urls":{"full":["https:\/\/ibecbarcelona.eu\/wp-content\/uploads\/2013\/10\/elidermoglassnews.jpg",550,425,false],"thumbnail":["https:\/\/ibecbarcelona.eu\/wp-content\/uploads\/2013\/10\/elidermoglassnews-150x150.jpg",150,150,true],"medium":["https:\/\/ibecbarcelona.eu\/wp-content\/uploads\/2013\/10\/elidermoglassnews-300x231.jpg",300,231,true],"medium_large":["https:\/\/ibecbarcelona.eu\/wp-content\/uploads\/2013\/10\/elidermoglassnews.jpg",550,425,false],"large":["https:\/\/ibecbarcelona.eu\/wp-content\/uploads\/2013\/10\/elidermoglassnews.jpg",550,425,false]},"AFP_attachments":{"full":["https:\/\/ibecbarcelona.eu\/wp-content\/uploads\/2013\/10\/elidermoglassnews.jpg",550,425,false],"thumbnail":["https:\/\/ibecbarcelona.eu\/wp-content\/uploads\/2013\/10\/elidermoglassnews-150x150.jpg",150,150,true],"medium":["https:\/\/ibecbarcelona.eu\/wp-content\/uploads\/2013\/10\/elidermoglassnews-300x231.jpg",300,231,true],"medium_large":["https:\/\/ibecbarcelona.eu\/wp-content\/uploads\/2013\/10\/elidermoglassnews.jpg",550,425,false],"large":["https:\/\/ibecbarcelona.eu\/wp-content\/uploads\/2013\/10\/elidermoglassnews.jpg",550,425,false]},"AFP_videos":[],"AFP_video_blocks":"","AFP_category_names":["IBEC en los medios"],"_links":{"self":[{"href":"https:\/\/ibecbarcelona.eu\/es\/wp-json\/wp\/v2\/posts\/7836","targetHints":{"allow":["GET"]}}],"collection":[{"href":"https:\/\/ibecbarcelona.eu\/es\/wp-json\/wp\/v2\/posts"}],"about":[{"href":"https:\/\/ibecbarcelona.eu\/es\/wp-json\/wp\/v2\/types\/post"}],"author":[{"embeddable":true,"href":"https:\/\/ibecbarcelona.eu\/es\/wp-json\/wp\/v2\/users\/4"}],"replies":[{"embeddable":true,"href":"https:\/\/ibecbarcelona.eu\/es\/wp-json\/wp\/v2\/comments?post=7836"}],"version-history":[{"count":0,"href":"https:\/\/ibecbarcelona.eu\/es\/wp-json\/wp\/v2\/posts\/7836\/revisions"}],"wp:featuredmedia":[{"embeddable":true,"href":"https:\/\/ibecbarcelona.eu\/es\/wp-json\/wp\/v2\/media\/7831"}],"wp:attachment":[{"href":"https:\/\/ibecbarcelona.eu\/es\/wp-json\/wp\/v2\/media?parent=7836"}],"wp:term":[{"taxonomy":"category","embeddable":true,"href":"https:\/\/ibecbarcelona.eu\/es\/wp-json\/wp\/v2\/categories?post=7836"},{"taxonomy":"post_tag","embeddable":true,"href":"https:\/\/ibecbarcelona.eu\/es\/wp-json\/wp\/v2\/tags?post=7836"},{"taxonomy":"post_format","embeddable":true,"href":"https:\/\/ibecbarcelona.eu\/es\/wp-json\/wp\/v2\/post_formats?post=7836"}],"curies":[{"name":"wp","href":"https:\/\/api.w.org\/{rel}","templated":true}]}}