
{"id":80542,"date":"2020-12-21T13:31:17","date_gmt":"2020-12-21T12:31:17","guid":{"rendered":"http:\/\/ibecbarcelona.eu\/?p=80542"},"modified":"2020-12-22T14:15:46","modified_gmt":"2020-12-22T13:15:46","slug":"dermoglass-da-el-salto-a-la-industria-farmaceutica","status":"publish","type":"post","link":"https:\/\/ibecbarcelona.eu\/es\/dermoglass-da-el-salto-a-la-industria-farmaceutica\/","title":{"rendered":"La tecnolog\u00eda Dermoglass da el salto a la industria farmac\u00e9utica"},"content":{"rendered":"<figure id=\"attachment_80543\" aria-describedby=\"caption-attachment-80543\" style=\"width: 533px\" class=\"wp-caption aligncenter\"><img decoding=\"async\" class=\"wp-image-80543 lazyload\" data-src=\"https:\/\/ibecbarcelona.eu\/wp-content\/uploads\/2020\/12\/EEngel_group2-300x209.jpg\" alt=\"\" width=\"543\" height=\"378\" data-srcset=\"https:\/\/ibecbarcelona.eu\/wp-content\/uploads\/2020\/12\/EEngel_group2-300x209.jpg 300w, https:\/\/ibecbarcelona.eu\/wp-content\/uploads\/2020\/12\/EEngel_group2-1024x714.jpg 1024w, https:\/\/ibecbarcelona.eu\/wp-content\/uploads\/2020\/12\/EEngel_group2-768x536.jpg 768w, https:\/\/ibecbarcelona.eu\/wp-content\/uploads\/2020\/12\/EEngel_group2-1536x1072.jpg 1536w, https:\/\/ibecbarcelona.eu\/wp-content\/uploads\/2020\/12\/EEngel_group2-2048x1429.jpg 2048w, https:\/\/ibecbarcelona.eu\/wp-content\/uploads\/2020\/12\/EEngel_group2-150x105.jpg 150w\" data-sizes=\"(max-width: 543px) 100vw, 543px\" src=\"data:image\/svg+xml;base64,PHN2ZyB3aWR0aD0iMSIgaGVpZ2h0PSIxIiB4bWxucz0iaHR0cDovL3d3dy53My5vcmcvMjAwMC9zdmciPjwvc3ZnPg==\" style=\"--smush-placeholder-width: 543px; --smush-placeholder-aspect-ratio: 543\/378;\" \/><figcaption id=\"caption-attachment-80543\" class=\"wp-caption-text\">Grupo de \u201cBiomateriales para Terapias Regenerativas\u201d del IBEC<\/figcaption><\/figure>\n<p>La tecnolog\u00eda patentada Dermoglass utiliza la bioingenier\u00eda y los nanomateriales para solucionar un problema que afecta alrededor de 100 millones de personas en el mundo y que se considera una epidemia silenciosa en pleno siglo XXI: las \u00falceras cr\u00f3nicas.<\/p>\n<p>La tecnolog\u00eda Dermoglass ha sido recientemente licenciada por el IBEC a la empresa farmac\u00e9utica, que tendr\u00e1 los derechos de explotaci\u00f3n y comercializaci\u00f3n en Europa de esta nueva tecnolog\u00eda. ERN liderar\u00e1 el desarrollo de la tecnolog\u00eda hasta llegar al mercado, con el apoyo del IBEC en las pr\u00f3ximas fases de formulaci\u00f3n y escalado, agilizando el proceso de transferencia de la tecnolog\u00eda. Con Dermoglass Laboratorios ERN inicia la consolidaci\u00f3n de su \u00a0l\u00ednea de negocio que apuesta por la innovaci\u00f3n y el desarrollo de producto propio.<\/p>\n<p>El proyecto se ha podido desarrollar gracias al apoyo de diferentes programas de valorizaci\u00f3n y transferencia de tecnolog\u00eda, entre los que destacan los proyectos financiados por la Fundaci\u00f3n Bancaria La Caixa como el \u201cCaixaImpulse Validate\u201d (2015) y el \u201cCaixaImpulse Consolidate\u201d (2018), claves en el proceso de asesoramiento y mentorizaci\u00f3n. Adem\u00e1s, el proyecto tambi\u00e9n se ha beneficiado del programa EIT-Health PoC PLUS (2016) y de la plataforma de crowdfunding Goteo (2014) en el Programa SUMA UPC.<\/p>\n<h2><strong>El problema: las \u00falceras en la piel<\/strong><\/h2>\n<p>Las \u00falceras son lesiones en la piel que aparecen por un deficiente riego sangu\u00edneo en una determinada zona del cuerpo. Esta deficiencia a su vez puede tener causas variadas, como por ejemplo periodos largos de inmovilizaci\u00f3n (en cama o silla de ruedas) o como consecuencia de la diabetes, en que los pacientes sufren un empeoramiento de la circulaci\u00f3n sangu\u00ednea. De hecho, muchos enfermos de diabetes suelen padecer del llamado \u201cpie diab\u00e9tico\u201d, que son heridas en los pies que surgen como consecuencia de la enfermedad y que en un 25% de los casos conducen a la amputaci\u00f3n.<\/p>\n<p>El problema es que las \u00falceras son muy dif\u00edciles de curar ya que cicatrizan lentamente de forma espont\u00e1nea (debido a un deficiente riego sangu\u00edneo), y en un 70% de los casos vuelven a aparecer. En las personas de m\u00e1s de 65 a\u00f1os las \u00falceras son las heridas cr\u00f3nicas m\u00e1s frecuentes, pero pueden afectar a personas de cualquier edad puesto que aparecen debido a periodos largos de inmovilizaci\u00f3n originados por diferentes causas, como pueden ser una recuperaci\u00f3n postoperatoria o una fractura \u00f3sea. Estas lesiones en la piel causan dolor, dificultad en la movilidad y muchas veces dependencia para la realizaci\u00f3n de las curas peri\u00f3dicas necesarias. En casos m\u00e1s graves las personas deben acudir peri\u00f3dicamente al centro de salud para realizarlas, o incluso ser hospitalizadas en casos m\u00e1s extremos.<\/p>\n<h2><strong>La soluci\u00f3n: Dermoglass<\/strong><\/h2>\n<p>Actualmente existen en el mercado numerosos tipos de ap\u00f3sitos para la piel que se usan en las curas de las \u00falceras cr\u00f3nicas, pero \u00e9stos simplemente las protegen y a\u00edslan del ambiente externo. Existen tambi\u00e9n terapias basadas en c\u00e9lulas y factores de crecimiento, aunque resultan muy caras y tienen contraindicaciones. La innovadora tecnolog\u00eda Dermoglass da un paso m\u00e1s all\u00e1 y consigue acelerar el proceso de cicatrizaci\u00f3n de las \u00falceras con la aplicaci\u00f3n de <strong>nanomateriales<\/strong>. Esto reduce considerablemente los efectos negativos para las personas que las padecen, y tambi\u00e9n los costes econ\u00f3micos asociados a su tratamiento.<\/p>\n<p><img decoding=\"async\" class=\"wp-image-80549 alignleft lazyload\" data-src=\"https:\/\/ibecbarcelona.eu\/wp-content\/uploads\/2020\/12\/Elisabeth-Engel-300x200.jpg\" alt=\"\" width=\"395\" height=\"263\" data-srcset=\"https:\/\/ibecbarcelona.eu\/wp-content\/uploads\/2020\/12\/Elisabeth-Engel-300x200.jpg 300w, https:\/\/ibecbarcelona.eu\/wp-content\/uploads\/2020\/12\/Elisabeth-Engel-1024x683.jpg 1024w, https:\/\/ibecbarcelona.eu\/wp-content\/uploads\/2020\/12\/Elisabeth-Engel-768x512.jpg 768w, https:\/\/ibecbarcelona.eu\/wp-content\/uploads\/2020\/12\/Elisabeth-Engel-1536x1024.jpg 1536w, https:\/\/ibecbarcelona.eu\/wp-content\/uploads\/2020\/12\/Elisabeth-Engel-2048x1365.jpg 2048w, https:\/\/ibecbarcelona.eu\/wp-content\/uploads\/2020\/12\/Elisabeth-Engel-150x100.jpg 150w\" data-sizes=\"(max-width: 395px) 100vw, 395px\" src=\"data:image\/svg+xml;base64,PHN2ZyB3aWR0aD0iMSIgaGVpZ2h0PSIxIiB4bWxucz0iaHR0cDovL3d3dy53My5vcmcvMjAwMC9zdmciPjwvc3ZnPg==\" style=\"--smush-placeholder-width: 395px; --smush-placeholder-aspect-ratio: 395\/263;\" \/>La tecnolog\u00eda Dermoglass, basada en <strong>nanopart\u00edcula<\/strong>s de calcio, recupera el tejido da\u00f1ado estimulando c\u00e9lulas de la piel como fibroblastos y tambi\u00e9n la vascularizaci\u00f3n, es decir en la formaci\u00f3n de nuevos vasos sangu\u00edneos para reparar el tejido afectado. Como resultado la curaci\u00f3n se hace de forma m\u00e1s r\u00e1pida y definitiva.<br \/>\nLos resultados obtenidos hasta el momento en modelo animal son muy esperanzadores y muestran que con Dermoglass las \u00falceras cicatrizan m\u00e1s r\u00e1pido que con otros ap\u00f3sitos.<br \/>\nEl producto se encuentra actualmente en fase precl\u00ednica y de escalado de la producci\u00f3n, y se espera que pueda llegar a los pacientes en una forma de f\u00e1cil aplicaci\u00f3n para los mismos.<\/p>\n<hr \/>\n<hr \/>\n<hr \/>\n<p><strong>Sobre IBEC<br \/>\n<\/strong>El Instituto de Bioingenier\u00eda de Catalu\u00f1a (IBEC) es un centro CERCA reconocido con el sello de excelencia Severo Ochoa, en dos ocasiones, y con el sello TECNIO como desarrollador y facilitador de tecnolog\u00eda a las empresas. IBEC es miembro del Instituto de Ciencia y Tecnolog\u00eda de Barcelona (BIST) y lleva a cabo investigaci\u00f3n interdisciplinaria de excelencia en la frontera de la ingenier\u00eda y las ciencias de la vida con el fin de generar nuevo conocimiento integrando campos como la nanomedicina, la biof\u00edsica, la biotecnolog\u00eda la ingenier\u00eda de tejidos y las aplicaciones de tecnolog\u00eda de la informaci\u00f3n en el \u00e1mbito de la salud. IBEC fue creado en 2005 por la Generalitat de Catalu\u00f1a, la Universidad de Barcelona (UB) y la Universidad Polit\u00e9cnica de Catalu\u00f1a (UPC).<\/p>\n<p><strong>Sobre Laboratorios ERN<\/strong><\/p>\n<p>LABORATORIOS ERN, S.A. es un laboratorio farmac\u00e9utico barcelon\u00e9s, fundado en 1942, que ha llegado hasta el d\u00eda de hoy a trav\u00e9s de sucesivas fusiones con 14 peque\u00f1os laboratorios a lo largo de sus 78 a\u00f1os de historia. Durante todos estos a\u00f1os, el objetivo ha sido\u00a0<strong>identificar las necesidades terap\u00e9uticas del profesional sanitario\u00a0<\/strong>y poner a su alcance medicamentos en los que pueda confiar, tanto por su calidad como por sus caracter\u00edsticas de f\u00e1cil uso y buena aceptaci\u00f3n de los pacientes. En 2019 se inici\u00f3 un proyecto para fomentar la colaboraci\u00f3n con centros de excelencia e inversi\u00f3n en Start-ups, con el objetivo de fomentar el desarrollo de productos innovadores para el mercado farmac\u00e9utico.<\/p>\n<p>&nbsp;<\/p>\n","protected":false},"excerpt":{"rendered":"<h3>Dermoglass es el primer proyecto financiado por el programa CaixaImpulse que se licencia a una empresa farmac\u00e9utica, Laboratorios ERN. Se trata de una nueva tecnolog\u00eda desarrollada por el grupo de investigaci\u00f3n \u201cBiomateriales para Terapias Regenerativas\u201d, liderado por la Dra. Elisabeth Engel del Instituto de Bioingenier\u00eda de Catalu\u00f1a (IBEC) y Catedr\u00e1tica de la Universidad Polit\u00e9cnica de Catalu\u00f1a (UPC), y concebida para tratar \u00falceras cr\u00f3nicas.<\/h3>\n","protected":false},"author":4,"featured_media":80557,"comment_status":"closed","ping_status":"closed","sticky":false,"template":"","format":"standard","meta":{"footnotes":""},"categories":[97],"tags":[574,1341,774,1343],"post_formats":[],"class_list":["post-80542","post","type-post","status-publish","format-standard","has-post-thumbnail","hentry","category-noticias-de-investigacion","tag-caixaimpulse","tag-dermoglass","tag-elisabeth-engel-es","tag-ulceras"],"yoast_head":"<!-- This site is optimized with the Yoast SEO plugin v27.5 - https:\/\/yoast.com\/product\/yoast-seo-wordpress\/ -->\n<title>La tecnolog\u00eda Dermoglass da el salto a la industria farmac\u00e9utica - Institute for Bioengineering of Catalonia<\/title>\n<meta name=\"robots\" content=\"index, follow, max-snippet:-1, max-image-preview:large, max-video-preview:-1\" \/>\n<link rel=\"canonical\" href=\"https:\/\/ibecbarcelona.eu\/es\/dermoglass-da-el-salto-a-la-industria-farmaceutica\/\" \/>\n<meta property=\"og:locale\" content=\"es_ES\" \/>\n<meta property=\"og:type\" content=\"article\" \/>\n<meta property=\"og:title\" content=\"La tecnolog\u00eda Dermoglass da el salto a la industria farmac\u00e9utica - Institute for Bioengineering of Catalonia\" \/>\n<meta property=\"og:description\" content=\"Dermoglass es el primer proyecto financiado por el programa CaixaImpulse que se licencia a una empresa farmac\u00e9utica, Laboratorios ERN. Se trata de una nueva tecnolog\u00eda desarrollada por el grupo de investigaci\u00f3n \u201cBiomateriales para Terapias Regenerativas\u201d, liderado por la Dra. Elisabeth Engel del Instituto de Bioingenier\u00eda de Catalu\u00f1a (IBEC) y Catedr\u00e1tica de la Universidad Polit\u00e9cnica de Catalu\u00f1a (UPC), y concebida para tratar \u00falceras cr\u00f3nicas.\" \/>\n<meta property=\"og:url\" content=\"https:\/\/ibecbarcelona.eu\/es\/dermoglass-da-el-salto-a-la-industria-farmaceutica\/\" \/>\n<meta property=\"og:site_name\" content=\"Institute for Bioengineering of Catalonia\" \/>\n<meta property=\"article:published_time\" content=\"2020-12-21T12:31:17+00:00\" \/>\n<meta property=\"article:modified_time\" content=\"2020-12-22T13:15:46+00:00\" \/>\n<meta property=\"og:image\" content=\"https:\/\/ibecbarcelona.eu\/wp-content\/uploads\/2020\/12\/Elisabeth-Engel-1-scaled-e1608553852803.jpg\" \/>\n\t<meta property=\"og:image:width\" content=\"500\" \/>\n\t<meta property=\"og:image:height\" content=\"333\" \/>\n\t<meta property=\"og:image:type\" content=\"image\/jpeg\" \/>\n<meta name=\"author\" content=\"\u00c0ngels L\u00f3pez\" \/>\n<meta name=\"twitter:card\" content=\"summary_large_image\" \/>\n<meta name=\"twitter:label1\" content=\"Escrito por\" \/>\n\t<meta name=\"twitter:data1\" content=\"\u00c0ngels L\u00f3pez\" \/>\n\t<meta name=\"twitter:label2\" content=\"Tiempo de lectura\" \/>\n\t<meta name=\"twitter:data2\" content=\"5 minutos\" \/>\n<script type=\"application\/ld+json\" class=\"yoast-schema-graph\">{\"@context\":\"https:\\\/\\\/schema.org\",\"@graph\":[{\"@type\":\"Article\",\"@id\":\"https:\\\/\\\/ibecbarcelona.eu\\\/es\\\/dermoglass-da-el-salto-a-la-industria-farmaceutica\\\/#article\",\"isPartOf\":{\"@id\":\"https:\\\/\\\/ibecbarcelona.eu\\\/es\\\/dermoglass-da-el-salto-a-la-industria-farmaceutica\\\/\"},\"author\":{\"name\":\"\u00c0ngels L\u00f3pez\",\"@id\":\"https:\\\/\\\/ibecbarcelona.eu\\\/#\\\/schema\\\/person\\\/c212c6b589546130be67986b9290e2b8\"},\"headline\":\"La tecnolog\u00eda Dermoglass da el salto a la industria farmac\u00e9utica\",\"datePublished\":\"2020-12-21T12:31:17+00:00\",\"dateModified\":\"2020-12-22T13:15:46+00:00\",\"mainEntityOfPage\":{\"@id\":\"https:\\\/\\\/ibecbarcelona.eu\\\/es\\\/dermoglass-da-el-salto-a-la-industria-farmaceutica\\\/\"},\"wordCount\":987,\"publisher\":{\"@id\":\"https:\\\/\\\/ibecbarcelona.eu\\\/#organization\"},\"image\":{\"@id\":\"https:\\\/\\\/ibecbarcelona.eu\\\/es\\\/dermoglass-da-el-salto-a-la-industria-farmaceutica\\\/#primaryimage\"},\"thumbnailUrl\":\"https:\\\/\\\/ibecbarcelona.eu\\\/wp-content\\\/uploads\\\/2020\\\/12\\\/Elisabeth-Engel-1-scaled-e1608553852803.jpg\",\"keywords\":[\"CaixaImpulse\",\"Dermoglass\",\"Elisabeth Engel\",\"\u00falceras\"],\"articleSection\":[\"Noticias de investigaci\u00f3n\"],\"inLanguage\":\"es\"},{\"@type\":\"WebPage\",\"@id\":\"https:\\\/\\\/ibecbarcelona.eu\\\/es\\\/dermoglass-da-el-salto-a-la-industria-farmaceutica\\\/\",\"url\":\"https:\\\/\\\/ibecbarcelona.eu\\\/es\\\/dermoglass-da-el-salto-a-la-industria-farmaceutica\\\/\",\"name\":\"La tecnolog\u00eda Dermoglass da el salto a la industria farmac\u00e9utica - Institute for Bioengineering of Catalonia\",\"isPartOf\":{\"@id\":\"https:\\\/\\\/ibecbarcelona.eu\\\/#website\"},\"primaryImageOfPage\":{\"@id\":\"https:\\\/\\\/ibecbarcelona.eu\\\/es\\\/dermoglass-da-el-salto-a-la-industria-farmaceutica\\\/#primaryimage\"},\"image\":{\"@id\":\"https:\\\/\\\/ibecbarcelona.eu\\\/es\\\/dermoglass-da-el-salto-a-la-industria-farmaceutica\\\/#primaryimage\"},\"thumbnailUrl\":\"https:\\\/\\\/ibecbarcelona.eu\\\/wp-content\\\/uploads\\\/2020\\\/12\\\/Elisabeth-Engel-1-scaled-e1608553852803.jpg\",\"datePublished\":\"2020-12-21T12:31:17+00:00\",\"dateModified\":\"2020-12-22T13:15:46+00:00\",\"breadcrumb\":{\"@id\":\"https:\\\/\\\/ibecbarcelona.eu\\\/es\\\/dermoglass-da-el-salto-a-la-industria-farmaceutica\\\/#breadcrumb\"},\"inLanguage\":\"es\",\"potentialAction\":[{\"@type\":\"ReadAction\",\"target\":[\"https:\\\/\\\/ibecbarcelona.eu\\\/es\\\/dermoglass-da-el-salto-a-la-industria-farmaceutica\\\/\"]}]},{\"@type\":\"ImageObject\",\"inLanguage\":\"es\",\"@id\":\"https:\\\/\\\/ibecbarcelona.eu\\\/es\\\/dermoglass-da-el-salto-a-la-industria-farmaceutica\\\/#primaryimage\",\"url\":\"https:\\\/\\\/ibecbarcelona.eu\\\/wp-content\\\/uploads\\\/2020\\\/12\\\/Elisabeth-Engel-1-scaled-e1608553852803.jpg\",\"contentUrl\":\"https:\\\/\\\/ibecbarcelona.eu\\\/wp-content\\\/uploads\\\/2020\\\/12\\\/Elisabeth-Engel-1-scaled-e1608553852803.jpg\",\"width\":500,\"height\":333},{\"@type\":\"BreadcrumbList\",\"@id\":\"https:\\\/\\\/ibecbarcelona.eu\\\/es\\\/dermoglass-da-el-salto-a-la-industria-farmaceutica\\\/#breadcrumb\",\"itemListElement\":[{\"@type\":\"ListItem\",\"position\":1,\"name\":\"Home\",\"item\":\"https:\\\/\\\/ibecbarcelona.eu\\\/es\\\/\"},{\"@type\":\"ListItem\",\"position\":2,\"name\":\"La tecnolog\u00eda Dermoglass da el salto a la industria farmac\u00e9utica\"}]},{\"@type\":\"WebSite\",\"@id\":\"https:\\\/\\\/ibecbarcelona.eu\\\/#website\",\"url\":\"https:\\\/\\\/ibecbarcelona.eu\\\/\",\"name\":\"Institute for Bioengineering of Catalonia\",\"description\":\"Bioengineering solutions for health\",\"publisher\":{\"@id\":\"https:\\\/\\\/ibecbarcelona.eu\\\/#organization\"},\"potentialAction\":[{\"@type\":\"SearchAction\",\"target\":{\"@type\":\"EntryPoint\",\"urlTemplate\":\"https:\\\/\\\/ibecbarcelona.eu\\\/?s={search_term_string}\"},\"query-input\":{\"@type\":\"PropertyValueSpecification\",\"valueRequired\":true,\"valueName\":\"search_term_string\"}}],\"inLanguage\":\"es\"},{\"@type\":\"Organization\",\"@id\":\"https:\\\/\\\/ibecbarcelona.eu\\\/#organization\",\"name\":\"Institute for Bioengineering of Catalonia\",\"url\":\"https:\\\/\\\/ibecbarcelona.eu\\\/\",\"logo\":{\"@type\":\"ImageObject\",\"inLanguage\":\"es\",\"@id\":\"https:\\\/\\\/ibecbarcelona.eu\\\/#\\\/schema\\\/logo\\\/image\\\/\",\"url\":\"https:\\\/\\\/ibecbarcelona.eu\\\/wp-content\\\/uploads\\\/2026\\\/01\\\/cropped-IBEC_20ANYS_GRIS.png\",\"contentUrl\":\"https:\\\/\\\/ibecbarcelona.eu\\\/wp-content\\\/uploads\\\/2026\\\/01\\\/cropped-IBEC_20ANYS_GRIS.png\",\"width\":696,\"height\":257,\"caption\":\"Institute for Bioengineering of Catalonia\"},\"image\":{\"@id\":\"https:\\\/\\\/ibecbarcelona.eu\\\/#\\\/schema\\\/logo\\\/image\\\/\"}},{\"@type\":\"Person\",\"@id\":\"https:\\\/\\\/ibecbarcelona.eu\\\/#\\\/schema\\\/person\\\/c212c6b589546130be67986b9290e2b8\",\"name\":\"\u00c0ngels L\u00f3pez\",\"image\":{\"@type\":\"ImageObject\",\"inLanguage\":\"es\",\"@id\":\"https:\\\/\\\/secure.gravatar.com\\\/avatar\\\/09ad6ba116bea0b15c5511860f83b302579fd7404c1180e9dae55c3f11d988c6?s=96&d=mm&r=g\",\"url\":\"https:\\\/\\\/secure.gravatar.com\\\/avatar\\\/09ad6ba116bea0b15c5511860f83b302579fd7404c1180e9dae55c3f11d988c6?s=96&d=mm&r=g\",\"contentUrl\":\"https:\\\/\\\/secure.gravatar.com\\\/avatar\\\/09ad6ba116bea0b15c5511860f83b302579fd7404c1180e9dae55c3f11d988c6?s=96&d=mm&r=g\",\"caption\":\"\u00c0ngels L\u00f3pez\"},\"url\":\"https:\\\/\\\/ibecbarcelona.eu\\\/es\\\/author\\\/alopez\\\/\"}]}<\/script>\n<!-- \/ Yoast SEO plugin. -->","yoast_head_json":{"title":"La tecnolog\u00eda Dermoglass da el salto a la industria farmac\u00e9utica - Institute for Bioengineering of Catalonia","robots":{"index":"index","follow":"follow","max-snippet":"max-snippet:-1","max-image-preview":"max-image-preview:large","max-video-preview":"max-video-preview:-1"},"canonical":"https:\/\/ibecbarcelona.eu\/es\/dermoglass-da-el-salto-a-la-industria-farmaceutica\/","og_locale":"es_ES","og_type":"article","og_title":"La tecnolog\u00eda Dermoglass da el salto a la industria farmac\u00e9utica - Institute for Bioengineering of Catalonia","og_description":"Dermoglass es el primer proyecto financiado por el programa CaixaImpulse que se licencia a una empresa farmac\u00e9utica, Laboratorios ERN. Se trata de una nueva tecnolog\u00eda desarrollada por el grupo de investigaci\u00f3n \u201cBiomateriales para Terapias Regenerativas\u201d, liderado por la Dra. Elisabeth Engel del Instituto de Bioingenier\u00eda de Catalu\u00f1a (IBEC) y Catedr\u00e1tica de la Universidad Polit\u00e9cnica de Catalu\u00f1a (UPC), y concebida para tratar \u00falceras cr\u00f3nicas.","og_url":"https:\/\/ibecbarcelona.eu\/es\/dermoglass-da-el-salto-a-la-industria-farmaceutica\/","og_site_name":"Institute for Bioengineering of Catalonia","article_published_time":"2020-12-21T12:31:17+00:00","article_modified_time":"2020-12-22T13:15:46+00:00","og_image":[{"width":500,"height":333,"url":"https:\/\/ibecbarcelona.eu\/wp-content\/uploads\/2020\/12\/Elisabeth-Engel-1-scaled-e1608553852803.jpg","type":"image\/jpeg"}],"author":"\u00c0ngels L\u00f3pez","twitter_card":"summary_large_image","twitter_misc":{"Escrito por":"\u00c0ngels L\u00f3pez","Tiempo de lectura":"5 minutos"},"schema":{"@context":"https:\/\/schema.org","@graph":[{"@type":"Article","@id":"https:\/\/ibecbarcelona.eu\/es\/dermoglass-da-el-salto-a-la-industria-farmaceutica\/#article","isPartOf":{"@id":"https:\/\/ibecbarcelona.eu\/es\/dermoglass-da-el-salto-a-la-industria-farmaceutica\/"},"author":{"name":"\u00c0ngels L\u00f3pez","@id":"https:\/\/ibecbarcelona.eu\/#\/schema\/person\/c212c6b589546130be67986b9290e2b8"},"headline":"La tecnolog\u00eda Dermoglass da el salto a la industria farmac\u00e9utica","datePublished":"2020-12-21T12:31:17+00:00","dateModified":"2020-12-22T13:15:46+00:00","mainEntityOfPage":{"@id":"https:\/\/ibecbarcelona.eu\/es\/dermoglass-da-el-salto-a-la-industria-farmaceutica\/"},"wordCount":987,"publisher":{"@id":"https:\/\/ibecbarcelona.eu\/#organization"},"image":{"@id":"https:\/\/ibecbarcelona.eu\/es\/dermoglass-da-el-salto-a-la-industria-farmaceutica\/#primaryimage"},"thumbnailUrl":"https:\/\/ibecbarcelona.eu\/wp-content\/uploads\/2020\/12\/Elisabeth-Engel-1-scaled-e1608553852803.jpg","keywords":["CaixaImpulse","Dermoglass","Elisabeth Engel","\u00falceras"],"articleSection":["Noticias de investigaci\u00f3n"],"inLanguage":"es"},{"@type":"WebPage","@id":"https:\/\/ibecbarcelona.eu\/es\/dermoglass-da-el-salto-a-la-industria-farmaceutica\/","url":"https:\/\/ibecbarcelona.eu\/es\/dermoglass-da-el-salto-a-la-industria-farmaceutica\/","name":"La tecnolog\u00eda Dermoglass da el salto a la industria farmac\u00e9utica - Institute for Bioengineering of Catalonia","isPartOf":{"@id":"https:\/\/ibecbarcelona.eu\/#website"},"primaryImageOfPage":{"@id":"https:\/\/ibecbarcelona.eu\/es\/dermoglass-da-el-salto-a-la-industria-farmaceutica\/#primaryimage"},"image":{"@id":"https:\/\/ibecbarcelona.eu\/es\/dermoglass-da-el-salto-a-la-industria-farmaceutica\/#primaryimage"},"thumbnailUrl":"https:\/\/ibecbarcelona.eu\/wp-content\/uploads\/2020\/12\/Elisabeth-Engel-1-scaled-e1608553852803.jpg","datePublished":"2020-12-21T12:31:17+00:00","dateModified":"2020-12-22T13:15:46+00:00","breadcrumb":{"@id":"https:\/\/ibecbarcelona.eu\/es\/dermoglass-da-el-salto-a-la-industria-farmaceutica\/#breadcrumb"},"inLanguage":"es","potentialAction":[{"@type":"ReadAction","target":["https:\/\/ibecbarcelona.eu\/es\/dermoglass-da-el-salto-a-la-industria-farmaceutica\/"]}]},{"@type":"ImageObject","inLanguage":"es","@id":"https:\/\/ibecbarcelona.eu\/es\/dermoglass-da-el-salto-a-la-industria-farmaceutica\/#primaryimage","url":"https:\/\/ibecbarcelona.eu\/wp-content\/uploads\/2020\/12\/Elisabeth-Engel-1-scaled-e1608553852803.jpg","contentUrl":"https:\/\/ibecbarcelona.eu\/wp-content\/uploads\/2020\/12\/Elisabeth-Engel-1-scaled-e1608553852803.jpg","width":500,"height":333},{"@type":"BreadcrumbList","@id":"https:\/\/ibecbarcelona.eu\/es\/dermoglass-da-el-salto-a-la-industria-farmaceutica\/#breadcrumb","itemListElement":[{"@type":"ListItem","position":1,"name":"Home","item":"https:\/\/ibecbarcelona.eu\/es\/"},{"@type":"ListItem","position":2,"name":"La tecnolog\u00eda Dermoglass da el salto a la industria farmac\u00e9utica"}]},{"@type":"WebSite","@id":"https:\/\/ibecbarcelona.eu\/#website","url":"https:\/\/ibecbarcelona.eu\/","name":"Institute for Bioengineering of Catalonia","description":"Bioengineering solutions for health","publisher":{"@id":"https:\/\/ibecbarcelona.eu\/#organization"},"potentialAction":[{"@type":"SearchAction","target":{"@type":"EntryPoint","urlTemplate":"https:\/\/ibecbarcelona.eu\/?s={search_term_string}"},"query-input":{"@type":"PropertyValueSpecification","valueRequired":true,"valueName":"search_term_string"}}],"inLanguage":"es"},{"@type":"Organization","@id":"https:\/\/ibecbarcelona.eu\/#organization","name":"Institute for Bioengineering of Catalonia","url":"https:\/\/ibecbarcelona.eu\/","logo":{"@type":"ImageObject","inLanguage":"es","@id":"https:\/\/ibecbarcelona.eu\/#\/schema\/logo\/image\/","url":"https:\/\/ibecbarcelona.eu\/wp-content\/uploads\/2026\/01\/cropped-IBEC_20ANYS_GRIS.png","contentUrl":"https:\/\/ibecbarcelona.eu\/wp-content\/uploads\/2026\/01\/cropped-IBEC_20ANYS_GRIS.png","width":696,"height":257,"caption":"Institute for Bioengineering of Catalonia"},"image":{"@id":"https:\/\/ibecbarcelona.eu\/#\/schema\/logo\/image\/"}},{"@type":"Person","@id":"https:\/\/ibecbarcelona.eu\/#\/schema\/person\/c212c6b589546130be67986b9290e2b8","name":"\u00c0ngels L\u00f3pez","image":{"@type":"ImageObject","inLanguage":"es","@id":"https:\/\/secure.gravatar.com\/avatar\/09ad6ba116bea0b15c5511860f83b302579fd7404c1180e9dae55c3f11d988c6?s=96&d=mm&r=g","url":"https:\/\/secure.gravatar.com\/avatar\/09ad6ba116bea0b15c5511860f83b302579fd7404c1180e9dae55c3f11d988c6?s=96&d=mm&r=g","contentUrl":"https:\/\/secure.gravatar.com\/avatar\/09ad6ba116bea0b15c5511860f83b302579fd7404c1180e9dae55c3f11d988c6?s=96&d=mm&r=g","caption":"\u00c0ngels L\u00f3pez"},"url":"https:\/\/ibecbarcelona.eu\/es\/author\/alopez\/"}]}},"AFP_featured_media_urls":{"full":["https:\/\/ibecbarcelona.eu\/wp-content\/uploads\/2020\/12\/Elisabeth-Engel-1-scaled-e1608553852803.jpg",500,333,false],"thumbnail":["https:\/\/ibecbarcelona.eu\/wp-content\/uploads\/2020\/12\/Elisabeth-Engel-1-150x150.jpg",150,150,true],"medium":["https:\/\/ibecbarcelona.eu\/wp-content\/uploads\/2020\/12\/Elisabeth-Engel-1-300x200.jpg",300,200,true],"medium_large":["https:\/\/ibecbarcelona.eu\/wp-content\/uploads\/2020\/12\/Elisabeth-Engel-1-768x512.jpg",768,512,true],"large":["https:\/\/ibecbarcelona.eu\/wp-content\/uploads\/2020\/12\/Elisabeth-Engel-1-1024x683.jpg",1024,683,true]},"AFP_attachments":{"full":["https:\/\/ibecbarcelona.eu\/wp-content\/uploads\/2020\/12\/EEngel_group2-scaled.jpg",2560,1786,false],"thumbnail":["https:\/\/ibecbarcelona.eu\/wp-content\/uploads\/2020\/12\/EEngel_group2-150x150.jpg",150,150,true],"medium":["https:\/\/ibecbarcelona.eu\/wp-content\/uploads\/2020\/12\/EEngel_group2-300x209.jpg",300,209,true],"medium_large":["https:\/\/ibecbarcelona.eu\/wp-content\/uploads\/2020\/12\/EEngel_group2-768x536.jpg",768,536,true],"large":["https:\/\/ibecbarcelona.eu\/wp-content\/uploads\/2020\/12\/EEngel_group2-1024x714.jpg",1024,714,true]},"AFP_videos":[],"AFP_video_blocks":"","AFP_category_names":["Noticias de investigaci\u00f3n"],"_links":{"self":[{"href":"https:\/\/ibecbarcelona.eu\/es\/wp-json\/wp\/v2\/posts\/80542","targetHints":{"allow":["GET"]}}],"collection":[{"href":"https:\/\/ibecbarcelona.eu\/es\/wp-json\/wp\/v2\/posts"}],"about":[{"href":"https:\/\/ibecbarcelona.eu\/es\/wp-json\/wp\/v2\/types\/post"}],"author":[{"embeddable":true,"href":"https:\/\/ibecbarcelona.eu\/es\/wp-json\/wp\/v2\/users\/4"}],"replies":[{"embeddable":true,"href":"https:\/\/ibecbarcelona.eu\/es\/wp-json\/wp\/v2\/comments?post=80542"}],"version-history":[{"count":14,"href":"https:\/\/ibecbarcelona.eu\/es\/wp-json\/wp\/v2\/posts\/80542\/revisions"}],"predecessor-version":[{"id":80613,"href":"https:\/\/ibecbarcelona.eu\/es\/wp-json\/wp\/v2\/posts\/80542\/revisions\/80613"}],"wp:featuredmedia":[{"embeddable":true,"href":"https:\/\/ibecbarcelona.eu\/es\/wp-json\/wp\/v2\/media\/80557"}],"wp:attachment":[{"href":"https:\/\/ibecbarcelona.eu\/es\/wp-json\/wp\/v2\/media?parent=80542"}],"wp:term":[{"taxonomy":"category","embeddable":true,"href":"https:\/\/ibecbarcelona.eu\/es\/wp-json\/wp\/v2\/categories?post=80542"},{"taxonomy":"post_tag","embeddable":true,"href":"https:\/\/ibecbarcelona.eu\/es\/wp-json\/wp\/v2\/tags?post=80542"},{"taxonomy":"post_format","embeddable":true,"href":"https:\/\/ibecbarcelona.eu\/es\/wp-json\/wp\/v2\/post_formats?post=80542"}],"curies":[{"name":"wp","href":"https:\/\/api.w.org\/{rel}","templated":true}]}}