
{"id":80643,"date":"2020-12-23T14:10:33","date_gmt":"2020-12-23T13:10:33","guid":{"rendered":"http:\/\/ibecbarcelona.eu\/?p=80643"},"modified":"2020-12-23T14:10:33","modified_gmt":"2020-12-23T13:10:33","slug":"dermoglass-en-los-medios","status":"publish","type":"post","link":"https:\/\/ibecbarcelona.eu\/es\/dermoglass-en-los-medios\/","title":{"rendered":"Dermoglass en los medios"},"content":{"rendered":"<p>El producto\u00a0 Dermoglass se basa en unas part\u00edculas que al degradarse liberan ox\u00edgeno y nutrientes a la piel cr\u00f3nicamente ulcerada de personas encamadas o en silla de ruedas, que de esa forma logra regenerarse. Ya se dispone de un prototipo de ap\u00f3sito pero ahora se quiere lograr una crema, algo que se prev\u00e9 para antes de dos a\u00f1os.<\/p>\n<blockquote><p><strong><img decoding=\"async\" class=\"wp-image-80648 alignleft lazyload\" data-src=\"https:\/\/ibecbarcelona.eu\/wp-content\/uploads\/2020\/12\/Recorte_LaVan_Dermoglass-e1608726110164-300x183.jpg\" alt=\"\" width=\"280\" height=\"171\" data-srcset=\"https:\/\/ibecbarcelona.eu\/wp-content\/uploads\/2020\/12\/Recorte_LaVan_Dermoglass-e1608726110164-300x183.jpg 300w, https:\/\/ibecbarcelona.eu\/wp-content\/uploads\/2020\/12\/Recorte_LaVan_Dermoglass-e1608726110164-150x92.jpg 150w, https:\/\/ibecbarcelona.eu\/wp-content\/uploads\/2020\/12\/Recorte_LaVan_Dermoglass-e1608726110164.jpg 679w\" data-sizes=\"(max-width: 280px) 100vw, 280px\" src=\"data:image\/svg+xml;base64,PHN2ZyB3aWR0aD0iMSIgaGVpZ2h0PSIxIiB4bWxucz0iaHR0cDovL3d3dy53My5vcmcvMjAwMC9zdmciPjwvc3ZnPg==\" style=\"--smush-placeholder-width: 280px; --smush-placeholder-aspect-ratio: 280\/171;\" \/>Empezamos el proyecto en el 2015 y gracias a estos programas hemos podido patentar las part\u00edculas, mantener las patentes y hacer los experimentos en animales peque\u00f1os.<\/strong><\/p>\n<p>&nbsp;<\/p>\n<p style=\"text-align: right;\"><strong>Elisabeth Engel, l\u00edder del grupo\u00a0\u201cBiomateriales para Terapias Regenerativas\u201d del IBEC<\/strong><\/p>\n<\/blockquote>\n<p>&nbsp;<\/p>\n<p>Pod\u00e9is leer los art\u00edculos completos aqu\u00ed:<\/p>\n<ul>\n<li><a href=\"https:\/\/ibecbarcelona.eu\/wp-content\/uploads\/2020\/12\/LaVanguardia_Dermoglass.pdf\" target=\"_blank\" rel=\"noopener\">La Vanguardia<\/a> (versi\u00f3n PDF)<\/li>\n<li><a href=\"https:\/\/www.lavanguardia.com\/economia\/20201223\/6144100\/dermoglass-crece-ern.html\" target=\"_blank\" rel=\"noopener\">La Vanguardia<\/a> (versi\u00f3n online)<\/li>\n<li><a href=\"https:\/\/ibecbarcelona.eu\/wp-content\/uploads\/2020\/12\/Expansion_Dermoglass.pdf\" target=\"_blank\" rel=\"noopener\">Expansi\u00f3n<\/a> (versi\u00f3n PDF)<\/li>\n<li><a href=\"https:\/\/ibecbarcelona.eu\/wp-content\/uploads\/2020\/12\/La-Razon_Dermoglass.pdf\" target=\"_blank\" rel=\"noopener\">La Raz\u00f3n<\/a> (versi\u00f3n PDF)<\/li>\n<li><a href=\"https:\/\/www.diariomedico.com\/investigacion\/la-ayuda-de-la-fundacion-la-caixa-nos-dio-el-impulso-para-convencer-un-laboratorio.html\" target=\"_blank\" rel=\"noopener\">Diario M\u00e9dico<\/a><\/li>\n<\/ul>\n","protected":false},"excerpt":{"rendered":"<h3>Elisabeth Engel del Instituto de Bioingenier\u00eda de Catalu\u00f1a (IBEC) y Catedr\u00e1tica de la Universidad Polit\u00e9cnica de Catalu\u00f1a (UPC) aparece en diferentes medios por la tecnolog\u00eda Dermoglass, el primer proyecto financiado por el programa CaixaImpulse que se licencia a una empresa farmac\u00e9utica.<\/h3>\n","protected":false},"author":4,"featured_media":80557,"comment_status":"closed","ping_status":"closed","sticky":false,"template":"","format":"standard","meta":{"footnotes":""},"categories":[95],"tags":[574,1341,774],"post_formats":[],"class_list":["post-80643","post","type-post","status-publish","format-standard","has-post-thumbnail","hentry","category-ibec-en-los-medios","tag-caixaimpulse","tag-dermoglass","tag-elisabeth-engel-es"],"yoast_head":"<!-- This site is optimized with the Yoast SEO plugin v27.5 - https:\/\/yoast.com\/product\/yoast-seo-wordpress\/ -->\n<title>Dermoglass en los medios - Institute for Bioengineering of Catalonia<\/title>\n<meta name=\"robots\" content=\"index, follow, max-snippet:-1, max-image-preview:large, max-video-preview:-1\" \/>\n<link rel=\"canonical\" href=\"https:\/\/ibecbarcelona.eu\/es\/dermoglass-en-los-medios\/\" \/>\n<meta property=\"og:locale\" content=\"es_ES\" \/>\n<meta property=\"og:type\" content=\"article\" \/>\n<meta property=\"og:title\" content=\"Dermoglass en los medios - Institute for Bioengineering of Catalonia\" \/>\n<meta property=\"og:description\" content=\"Elisabeth Engel del Instituto de Bioingenier\u00eda de Catalu\u00f1a (IBEC) y Catedr\u00e1tica de la Universidad Polit\u00e9cnica de Catalu\u00f1a (UPC) aparece en diferentes medios por la tecnolog\u00eda Dermoglass, el primer proyecto financiado por el programa CaixaImpulse que se licencia a una empresa farmac\u00e9utica.\" \/>\n<meta property=\"og:url\" content=\"https:\/\/ibecbarcelona.eu\/es\/dermoglass-en-los-medios\/\" \/>\n<meta property=\"og:site_name\" content=\"Institute for Bioengineering of Catalonia\" \/>\n<meta property=\"article:published_time\" content=\"2020-12-23T13:10:33+00:00\" \/>\n<meta property=\"og:image\" content=\"https:\/\/ibecbarcelona.eu\/wp-content\/uploads\/2020\/12\/Elisabeth-Engel-1-scaled-e1608553852803.jpg\" \/>\n\t<meta property=\"og:image:width\" content=\"500\" \/>\n\t<meta property=\"og:image:height\" content=\"333\" \/>\n\t<meta property=\"og:image:type\" content=\"image\/jpeg\" \/>\n<meta name=\"author\" content=\"\u00c0ngels L\u00f3pez\" \/>\n<meta name=\"twitter:card\" content=\"summary_large_image\" \/>\n<meta name=\"twitter:label1\" content=\"Escrito por\" \/>\n\t<meta name=\"twitter:data1\" content=\"\u00c0ngels L\u00f3pez\" \/>\n\t<meta name=\"twitter:label2\" content=\"Tiempo de lectura\" \/>\n\t<meta name=\"twitter:data2\" content=\"1 minuto\" \/>\n<script type=\"application\/ld+json\" class=\"yoast-schema-graph\">{\"@context\":\"https:\\\/\\\/schema.org\",\"@graph\":[{\"@type\":\"Article\",\"@id\":\"https:\\\/\\\/ibecbarcelona.eu\\\/es\\\/dermoglass-en-los-medios\\\/#article\",\"isPartOf\":{\"@id\":\"https:\\\/\\\/ibecbarcelona.eu\\\/es\\\/dermoglass-en-los-medios\\\/\"},\"author\":{\"name\":\"\u00c0ngels L\u00f3pez\",\"@id\":\"https:\\\/\\\/ibecbarcelona.eu\\\/#\\\/schema\\\/person\\\/c212c6b589546130be67986b9290e2b8\"},\"headline\":\"Dermoglass en los medios\",\"datePublished\":\"2020-12-23T13:10:33+00:00\",\"mainEntityOfPage\":{\"@id\":\"https:\\\/\\\/ibecbarcelona.eu\\\/es\\\/dermoglass-en-los-medios\\\/\"},\"wordCount\":140,\"publisher\":{\"@id\":\"https:\\\/\\\/ibecbarcelona.eu\\\/#organization\"},\"image\":{\"@id\":\"https:\\\/\\\/ibecbarcelona.eu\\\/es\\\/dermoglass-en-los-medios\\\/#primaryimage\"},\"thumbnailUrl\":\"https:\\\/\\\/ibecbarcelona.eu\\\/wp-content\\\/uploads\\\/2020\\\/12\\\/Elisabeth-Engel-1-scaled-e1608553852803.jpg\",\"keywords\":[\"CaixaImpulse\",\"Dermoglass\",\"Elisabeth Engel\"],\"articleSection\":[\"IBEC en los medios\"],\"inLanguage\":\"es\"},{\"@type\":\"WebPage\",\"@id\":\"https:\\\/\\\/ibecbarcelona.eu\\\/es\\\/dermoglass-en-los-medios\\\/\",\"url\":\"https:\\\/\\\/ibecbarcelona.eu\\\/es\\\/dermoglass-en-los-medios\\\/\",\"name\":\"Dermoglass en los medios - Institute for Bioengineering of Catalonia\",\"isPartOf\":{\"@id\":\"https:\\\/\\\/ibecbarcelona.eu\\\/#website\"},\"primaryImageOfPage\":{\"@id\":\"https:\\\/\\\/ibecbarcelona.eu\\\/es\\\/dermoglass-en-los-medios\\\/#primaryimage\"},\"image\":{\"@id\":\"https:\\\/\\\/ibecbarcelona.eu\\\/es\\\/dermoglass-en-los-medios\\\/#primaryimage\"},\"thumbnailUrl\":\"https:\\\/\\\/ibecbarcelona.eu\\\/wp-content\\\/uploads\\\/2020\\\/12\\\/Elisabeth-Engel-1-scaled-e1608553852803.jpg\",\"datePublished\":\"2020-12-23T13:10:33+00:00\",\"breadcrumb\":{\"@id\":\"https:\\\/\\\/ibecbarcelona.eu\\\/es\\\/dermoglass-en-los-medios\\\/#breadcrumb\"},\"inLanguage\":\"es\",\"potentialAction\":[{\"@type\":\"ReadAction\",\"target\":[\"https:\\\/\\\/ibecbarcelona.eu\\\/es\\\/dermoglass-en-los-medios\\\/\"]}]},{\"@type\":\"ImageObject\",\"inLanguage\":\"es\",\"@id\":\"https:\\\/\\\/ibecbarcelona.eu\\\/es\\\/dermoglass-en-los-medios\\\/#primaryimage\",\"url\":\"https:\\\/\\\/ibecbarcelona.eu\\\/wp-content\\\/uploads\\\/2020\\\/12\\\/Elisabeth-Engel-1-scaled-e1608553852803.jpg\",\"contentUrl\":\"https:\\\/\\\/ibecbarcelona.eu\\\/wp-content\\\/uploads\\\/2020\\\/12\\\/Elisabeth-Engel-1-scaled-e1608553852803.jpg\",\"width\":500,\"height\":333},{\"@type\":\"BreadcrumbList\",\"@id\":\"https:\\\/\\\/ibecbarcelona.eu\\\/es\\\/dermoglass-en-los-medios\\\/#breadcrumb\",\"itemListElement\":[{\"@type\":\"ListItem\",\"position\":1,\"name\":\"Home\",\"item\":\"https:\\\/\\\/ibecbarcelona.eu\\\/es\\\/\"},{\"@type\":\"ListItem\",\"position\":2,\"name\":\"Dermoglass en los medios\"}]},{\"@type\":\"WebSite\",\"@id\":\"https:\\\/\\\/ibecbarcelona.eu\\\/#website\",\"url\":\"https:\\\/\\\/ibecbarcelona.eu\\\/\",\"name\":\"Institute for Bioengineering of Catalonia\",\"description\":\"Bioengineering solutions for health\",\"publisher\":{\"@id\":\"https:\\\/\\\/ibecbarcelona.eu\\\/#organization\"},\"potentialAction\":[{\"@type\":\"SearchAction\",\"target\":{\"@type\":\"EntryPoint\",\"urlTemplate\":\"https:\\\/\\\/ibecbarcelona.eu\\\/?s={search_term_string}\"},\"query-input\":{\"@type\":\"PropertyValueSpecification\",\"valueRequired\":true,\"valueName\":\"search_term_string\"}}],\"inLanguage\":\"es\"},{\"@type\":\"Organization\",\"@id\":\"https:\\\/\\\/ibecbarcelona.eu\\\/#organization\",\"name\":\"Institute for Bioengineering of Catalonia\",\"url\":\"https:\\\/\\\/ibecbarcelona.eu\\\/\",\"logo\":{\"@type\":\"ImageObject\",\"inLanguage\":\"es\",\"@id\":\"https:\\\/\\\/ibecbarcelona.eu\\\/#\\\/schema\\\/logo\\\/image\\\/\",\"url\":\"https:\\\/\\\/ibecbarcelona.eu\\\/wp-content\\\/uploads\\\/2026\\\/01\\\/cropped-IBEC_20ANYS_GRIS.png\",\"contentUrl\":\"https:\\\/\\\/ibecbarcelona.eu\\\/wp-content\\\/uploads\\\/2026\\\/01\\\/cropped-IBEC_20ANYS_GRIS.png\",\"width\":696,\"height\":257,\"caption\":\"Institute for Bioengineering of Catalonia\"},\"image\":{\"@id\":\"https:\\\/\\\/ibecbarcelona.eu\\\/#\\\/schema\\\/logo\\\/image\\\/\"}},{\"@type\":\"Person\",\"@id\":\"https:\\\/\\\/ibecbarcelona.eu\\\/#\\\/schema\\\/person\\\/c212c6b589546130be67986b9290e2b8\",\"name\":\"\u00c0ngels L\u00f3pez\",\"image\":{\"@type\":\"ImageObject\",\"inLanguage\":\"es\",\"@id\":\"https:\\\/\\\/secure.gravatar.com\\\/avatar\\\/09ad6ba116bea0b15c5511860f83b302579fd7404c1180e9dae55c3f11d988c6?s=96&d=mm&r=g\",\"url\":\"https:\\\/\\\/secure.gravatar.com\\\/avatar\\\/09ad6ba116bea0b15c5511860f83b302579fd7404c1180e9dae55c3f11d988c6?s=96&d=mm&r=g\",\"contentUrl\":\"https:\\\/\\\/secure.gravatar.com\\\/avatar\\\/09ad6ba116bea0b15c5511860f83b302579fd7404c1180e9dae55c3f11d988c6?s=96&d=mm&r=g\",\"caption\":\"\u00c0ngels L\u00f3pez\"},\"url\":\"https:\\\/\\\/ibecbarcelona.eu\\\/es\\\/author\\\/alopez\\\/\"}]}<\/script>\n<!-- \/ Yoast SEO plugin. -->","yoast_head_json":{"title":"Dermoglass en los medios - Institute for Bioengineering of Catalonia","robots":{"index":"index","follow":"follow","max-snippet":"max-snippet:-1","max-image-preview":"max-image-preview:large","max-video-preview":"max-video-preview:-1"},"canonical":"https:\/\/ibecbarcelona.eu\/es\/dermoglass-en-los-medios\/","og_locale":"es_ES","og_type":"article","og_title":"Dermoglass en los medios - Institute for Bioengineering of Catalonia","og_description":"Elisabeth Engel del Instituto de Bioingenier\u00eda de Catalu\u00f1a (IBEC) y Catedr\u00e1tica de la Universidad Polit\u00e9cnica de Catalu\u00f1a (UPC) aparece en diferentes medios por la tecnolog\u00eda Dermoglass, el primer proyecto financiado por el programa CaixaImpulse que se licencia a una empresa farmac\u00e9utica.","og_url":"https:\/\/ibecbarcelona.eu\/es\/dermoglass-en-los-medios\/","og_site_name":"Institute for Bioengineering of Catalonia","article_published_time":"2020-12-23T13:10:33+00:00","og_image":[{"width":500,"height":333,"url":"https:\/\/ibecbarcelona.eu\/wp-content\/uploads\/2020\/12\/Elisabeth-Engel-1-scaled-e1608553852803.jpg","type":"image\/jpeg"}],"author":"\u00c0ngels L\u00f3pez","twitter_card":"summary_large_image","twitter_misc":{"Escrito por":"\u00c0ngels L\u00f3pez","Tiempo de lectura":"1 minuto"},"schema":{"@context":"https:\/\/schema.org","@graph":[{"@type":"Article","@id":"https:\/\/ibecbarcelona.eu\/es\/dermoglass-en-los-medios\/#article","isPartOf":{"@id":"https:\/\/ibecbarcelona.eu\/es\/dermoglass-en-los-medios\/"},"author":{"name":"\u00c0ngels L\u00f3pez","@id":"https:\/\/ibecbarcelona.eu\/#\/schema\/person\/c212c6b589546130be67986b9290e2b8"},"headline":"Dermoglass en los medios","datePublished":"2020-12-23T13:10:33+00:00","mainEntityOfPage":{"@id":"https:\/\/ibecbarcelona.eu\/es\/dermoglass-en-los-medios\/"},"wordCount":140,"publisher":{"@id":"https:\/\/ibecbarcelona.eu\/#organization"},"image":{"@id":"https:\/\/ibecbarcelona.eu\/es\/dermoglass-en-los-medios\/#primaryimage"},"thumbnailUrl":"https:\/\/ibecbarcelona.eu\/wp-content\/uploads\/2020\/12\/Elisabeth-Engel-1-scaled-e1608553852803.jpg","keywords":["CaixaImpulse","Dermoglass","Elisabeth Engel"],"articleSection":["IBEC en los medios"],"inLanguage":"es"},{"@type":"WebPage","@id":"https:\/\/ibecbarcelona.eu\/es\/dermoglass-en-los-medios\/","url":"https:\/\/ibecbarcelona.eu\/es\/dermoglass-en-los-medios\/","name":"Dermoglass en los medios - Institute for Bioengineering of Catalonia","isPartOf":{"@id":"https:\/\/ibecbarcelona.eu\/#website"},"primaryImageOfPage":{"@id":"https:\/\/ibecbarcelona.eu\/es\/dermoglass-en-los-medios\/#primaryimage"},"image":{"@id":"https:\/\/ibecbarcelona.eu\/es\/dermoglass-en-los-medios\/#primaryimage"},"thumbnailUrl":"https:\/\/ibecbarcelona.eu\/wp-content\/uploads\/2020\/12\/Elisabeth-Engel-1-scaled-e1608553852803.jpg","datePublished":"2020-12-23T13:10:33+00:00","breadcrumb":{"@id":"https:\/\/ibecbarcelona.eu\/es\/dermoglass-en-los-medios\/#breadcrumb"},"inLanguage":"es","potentialAction":[{"@type":"ReadAction","target":["https:\/\/ibecbarcelona.eu\/es\/dermoglass-en-los-medios\/"]}]},{"@type":"ImageObject","inLanguage":"es","@id":"https:\/\/ibecbarcelona.eu\/es\/dermoglass-en-los-medios\/#primaryimage","url":"https:\/\/ibecbarcelona.eu\/wp-content\/uploads\/2020\/12\/Elisabeth-Engel-1-scaled-e1608553852803.jpg","contentUrl":"https:\/\/ibecbarcelona.eu\/wp-content\/uploads\/2020\/12\/Elisabeth-Engel-1-scaled-e1608553852803.jpg","width":500,"height":333},{"@type":"BreadcrumbList","@id":"https:\/\/ibecbarcelona.eu\/es\/dermoglass-en-los-medios\/#breadcrumb","itemListElement":[{"@type":"ListItem","position":1,"name":"Home","item":"https:\/\/ibecbarcelona.eu\/es\/"},{"@type":"ListItem","position":2,"name":"Dermoglass en los medios"}]},{"@type":"WebSite","@id":"https:\/\/ibecbarcelona.eu\/#website","url":"https:\/\/ibecbarcelona.eu\/","name":"Institute for Bioengineering of Catalonia","description":"Bioengineering solutions for health","publisher":{"@id":"https:\/\/ibecbarcelona.eu\/#organization"},"potentialAction":[{"@type":"SearchAction","target":{"@type":"EntryPoint","urlTemplate":"https:\/\/ibecbarcelona.eu\/?s={search_term_string}"},"query-input":{"@type":"PropertyValueSpecification","valueRequired":true,"valueName":"search_term_string"}}],"inLanguage":"es"},{"@type":"Organization","@id":"https:\/\/ibecbarcelona.eu\/#organization","name":"Institute for Bioengineering of Catalonia","url":"https:\/\/ibecbarcelona.eu\/","logo":{"@type":"ImageObject","inLanguage":"es","@id":"https:\/\/ibecbarcelona.eu\/#\/schema\/logo\/image\/","url":"https:\/\/ibecbarcelona.eu\/wp-content\/uploads\/2026\/01\/cropped-IBEC_20ANYS_GRIS.png","contentUrl":"https:\/\/ibecbarcelona.eu\/wp-content\/uploads\/2026\/01\/cropped-IBEC_20ANYS_GRIS.png","width":696,"height":257,"caption":"Institute for Bioengineering of Catalonia"},"image":{"@id":"https:\/\/ibecbarcelona.eu\/#\/schema\/logo\/image\/"}},{"@type":"Person","@id":"https:\/\/ibecbarcelona.eu\/#\/schema\/person\/c212c6b589546130be67986b9290e2b8","name":"\u00c0ngels L\u00f3pez","image":{"@type":"ImageObject","inLanguage":"es","@id":"https:\/\/secure.gravatar.com\/avatar\/09ad6ba116bea0b15c5511860f83b302579fd7404c1180e9dae55c3f11d988c6?s=96&d=mm&r=g","url":"https:\/\/secure.gravatar.com\/avatar\/09ad6ba116bea0b15c5511860f83b302579fd7404c1180e9dae55c3f11d988c6?s=96&d=mm&r=g","contentUrl":"https:\/\/secure.gravatar.com\/avatar\/09ad6ba116bea0b15c5511860f83b302579fd7404c1180e9dae55c3f11d988c6?s=96&d=mm&r=g","caption":"\u00c0ngels L\u00f3pez"},"url":"https:\/\/ibecbarcelona.eu\/es\/author\/alopez\/"}]}},"AFP_featured_media_urls":{"full":["https:\/\/ibecbarcelona.eu\/wp-content\/uploads\/2020\/12\/Elisabeth-Engel-1-scaled-e1608553852803.jpg",500,333,false],"thumbnail":["https:\/\/ibecbarcelona.eu\/wp-content\/uploads\/2020\/12\/Elisabeth-Engel-1-150x150.jpg",150,150,true],"medium":["https:\/\/ibecbarcelona.eu\/wp-content\/uploads\/2020\/12\/Elisabeth-Engel-1-300x200.jpg",300,200,true],"medium_large":["https:\/\/ibecbarcelona.eu\/wp-content\/uploads\/2020\/12\/Elisabeth-Engel-1-768x512.jpg",768,512,true],"large":["https:\/\/ibecbarcelona.eu\/wp-content\/uploads\/2020\/12\/Elisabeth-Engel-1-1024x683.jpg",1024,683,true]},"AFP_attachments":{"full":["https:\/\/ibecbarcelona.eu\/wp-content\/uploads\/2020\/12\/Recorte_LaVan_Dermoglass-e1608726110164.jpg",679,415,false],"thumbnail":["https:\/\/ibecbarcelona.eu\/wp-content\/uploads\/2020\/12\/Recorte_LaVan_Dermoglass-e1608726110164-150x150.jpg",150,150,true],"medium":["https:\/\/ibecbarcelona.eu\/wp-content\/uploads\/2020\/12\/Recorte_LaVan_Dermoglass-e1608726110164-300x183.jpg",300,183,true],"medium_large":["https:\/\/ibecbarcelona.eu\/wp-content\/uploads\/2020\/12\/Recorte_LaVan_Dermoglass-e1608726110164.jpg",679,415,false],"large":["https:\/\/ibecbarcelona.eu\/wp-content\/uploads\/2020\/12\/Recorte_LaVan_Dermoglass-595x1024.jpg",595,1024,true]},"AFP_videos":[],"AFP_video_blocks":"","AFP_category_names":["IBEC en los medios"],"_links":{"self":[{"href":"https:\/\/ibecbarcelona.eu\/es\/wp-json\/wp\/v2\/posts\/80643","targetHints":{"allow":["GET"]}}],"collection":[{"href":"https:\/\/ibecbarcelona.eu\/es\/wp-json\/wp\/v2\/posts"}],"about":[{"href":"https:\/\/ibecbarcelona.eu\/es\/wp-json\/wp\/v2\/types\/post"}],"author":[{"embeddable":true,"href":"https:\/\/ibecbarcelona.eu\/es\/wp-json\/wp\/v2\/users\/4"}],"replies":[{"embeddable":true,"href":"https:\/\/ibecbarcelona.eu\/es\/wp-json\/wp\/v2\/comments?post=80643"}],"version-history":[{"count":9,"href":"https:\/\/ibecbarcelona.eu\/es\/wp-json\/wp\/v2\/posts\/80643\/revisions"}],"predecessor-version":[{"id":80669,"href":"https:\/\/ibecbarcelona.eu\/es\/wp-json\/wp\/v2\/posts\/80643\/revisions\/80669"}],"wp:featuredmedia":[{"embeddable":true,"href":"https:\/\/ibecbarcelona.eu\/es\/wp-json\/wp\/v2\/media\/80557"}],"wp:attachment":[{"href":"https:\/\/ibecbarcelona.eu\/es\/wp-json\/wp\/v2\/media?parent=80643"}],"wp:term":[{"taxonomy":"category","embeddable":true,"href":"https:\/\/ibecbarcelona.eu\/es\/wp-json\/wp\/v2\/categories?post=80643"},{"taxonomy":"post_tag","embeddable":true,"href":"https:\/\/ibecbarcelona.eu\/es\/wp-json\/wp\/v2\/tags?post=80643"},{"taxonomy":"post_format","embeddable":true,"href":"https:\/\/ibecbarcelona.eu\/es\/wp-json\/wp\/v2\/post_formats?post=80643"}],"curies":[{"name":"wp","href":"https:\/\/api.w.org\/{rel}","templated":true}]}}