
{"id":81045,"date":"2021-01-26T09:25:54","date_gmt":"2021-01-26T08:25:54","guid":{"rendered":"http:\/\/ibecbarcelona.eu\/?p=81045"},"modified":"2021-01-26T13:58:10","modified_gmt":"2021-01-26T12:58:10","slug":"alicia-casals-contra-la-invisibilidad-de-las-cientificas","status":"publish","type":"post","link":"https:\/\/ibecbarcelona.eu\/es\/alicia-casals-contra-la-invisibilidad-de-las-cientificas\/","title":{"rendered":"Al\u00edcia Casals contra la invisibilidad de las cient\u00edficas"},"content":{"rendered":"<figure id=\"attachment_81127\" aria-describedby=\"caption-attachment-81127\" style=\"width: 456px\" class=\"wp-caption aligncenter\"><a href=\"https:\/\/ibecbarcelona.eu\/wp-content\/uploads\/2021\/01\/Portada_Alicia-Casals.pdf\" target=\"_blank\" rel=\"noopener\"><img decoding=\"async\" class=\"wp-image-81127 lazyload\" data-src=\"https:\/\/ibecbarcelona.eu\/wp-content\/uploads\/2021\/01\/Alicia-Casals_no-mas-matildas-300x300.png\" alt=\"\" width=\"466\" height=\"466\" data-srcset=\"https:\/\/ibecbarcelona.eu\/wp-content\/uploads\/2021\/01\/Alicia-Casals_no-mas-matildas-300x300.png 300w, https:\/\/ibecbarcelona.eu\/wp-content\/uploads\/2021\/01\/Alicia-Casals_no-mas-matildas-150x150.png 150w, https:\/\/ibecbarcelona.eu\/wp-content\/uploads\/2021\/01\/Alicia-Casals_no-mas-matildas-768x769.png 768w, https:\/\/ibecbarcelona.eu\/wp-content\/uploads\/2021\/01\/Alicia-Casals_no-mas-matildas-45x45.png 45w, https:\/\/ibecbarcelona.eu\/wp-content\/uploads\/2021\/01\/Alicia-Casals_no-mas-matildas.png 900w\" data-sizes=\"(max-width: 466px) 100vw, 466px\" src=\"data:image\/svg+xml;base64,PHN2ZyB3aWR0aD0iMSIgaGVpZ2h0PSIxIiB4bWxucz0iaHR0cDovL3d3dy53My5vcmcvMjAwMC9zdmciPjwvc3ZnPg==\" style=\"--smush-placeholder-width: 466px; --smush-placeholder-aspect-ratio: 466\/466;\" \/><\/a><figcaption id=\"caption-attachment-81127\" class=\"wp-caption-text\">Portada el Peri\u00f3dico<\/figcaption><\/figure>\n<p>Al\u00edcia Casals dirigi\u00f3 el grupo de <a href=\"https:\/\/ibecbarcelona.eu\/robotics\" target=\"_blank\" rel=\"noopener\">Rob\u00f3tica<\/a> del IBEC de 2008 a 2015, donde inici\u00f3 una empresa spin-off con la UPC, Rob Surgical Systems, que tiene como objetivo desarrollar una estaci\u00f3n rob\u00f3tica m\u00ednimamente invasiva para cirug\u00eda, Bitrack, y tambi\u00e9n trabaj\u00f3 junto a investigadores del Institut de Recerca de l&#8217;Hospital de la Santa Creu. i Sant Pau y en la UPC sobre el desarrollo de Surgitrainer, una plataforma de formaci\u00f3n en cirug\u00eda laparosc\u00f3pica.<\/p>\n<p>Al\u00edcia fue reconocida por su labor como investigadora cient\u00edfica en la exposici\u00f3n \u201c16 Cient\u00edfiques Catalanes\u201d que organiza la Associaci\u00f3 Catalana de Comunicaci\u00f3 Cient\u00edfica en 2010, e inmortalizada como destacada representante del campo de la ingenier\u00eda industrial en el juego educativo de cartas \u201cLa paci\u00e8ncia \u00e9s la mare de la ci\u00e8ncia\u201d de la Secci\u00f3 de Ci\u00e8ncies i Tecnologia de IEC, y en 2015 recibi\u00f3 un premio fem.talent 2015 en el fem.talent F\u00f2rum de Barcelona.<\/p>\n<p>Ahora, en la secci\u00f3n del Peri\u00f3dico dedicada a el movimiento <a href=\"https:\/\/www.nomorematildas.com\/\" target=\"_blank\" rel=\"noopener\">#No m\u00e1s Matildas<\/a> analiza su pasado evaluando la discriminaci\u00f3n que sufri\u00f3 por ser mujer y las desigualdades de g\u00e9nero a las que se enfrent\u00f3 para conseguir los objetivos a los que aspiraba.<\/p>\n<blockquote><p><strong><a href=\"https:\/\/ibecbarcelona.eu\/wp-content\/uploads\/2015\/11\/aliciaAR.jpg\"><img decoding=\"async\" class=\"size-full wp-image-19608 alignleft lazyload\" data-src=\"https:\/\/ibecbarcelona.eu\/wp-content\/uploads\/2015\/11\/aliciaAR.jpg\" alt=\"\" width=\"150\" height=\"150\" data-srcset=\"https:\/\/ibecbarcelona.eu\/wp-content\/uploads\/2015\/11\/aliciaAR.jpg 150w, https:\/\/ibecbarcelona.eu\/wp-content\/uploads\/2015\/11\/aliciaAR-130x130.jpg 130w, https:\/\/ibecbarcelona.eu\/wp-content\/uploads\/2015\/11\/aliciaAR-45x45.jpg 45w\" data-sizes=\"(max-width: 150px) 100vw, 150px\" src=\"data:image\/svg+xml;base64,PHN2ZyB3aWR0aD0iMSIgaGVpZ2h0PSIxIiB4bWxucz0iaHR0cDovL3d3dy53My5vcmcvMjAwMC9zdmciPjwvc3ZnPg==\" style=\"--smush-placeholder-width: 150px; --smush-placeholder-aspect-ratio: 150\/150;\" \/><\/a><\/strong><\/p>\n<p>&nbsp;<\/p>\n<p><strong>\u00abTecnolog\u00eda y ciencia pueden favorecer el equilibrio social\u00bb<br \/>\n<\/strong><\/p>\n<p>&nbsp;<\/p>\n<p>&nbsp;<\/p>\n<p style=\"text-align: right;\"><strong>Al\u00edcia Casals, investigadora asociada al IBEC<\/strong><\/p>\n<p>&nbsp;<\/p><\/blockquote>\n<p>Pod\u00e9is leer el art\u00edculo completo <a href=\"https:\/\/ibecbarcelona.eu\/wp-content\/uploads\/2021\/01\/AliciaCasals.pdf\" target=\"_blank\" rel=\"noopener\">aqu\u00ed<\/a>.<\/p>\n","protected":false},"excerpt":{"rendered":"<h3>La ingeniera industrial e inform\u00e1tica Al\u00edcia Casals, investigadora asociada al IBEC y catedr\u00e1tica en la Universitat Polit\u00e8cnica de Catalunya (UPC) es entrevistada en el Peri\u00f3dico para hablar sobre los m\u00e9ritos de las investigadoras e inspirar a las j\u00f3venes por sus disciplinas.<\/h3>\n","protected":false},"author":4,"featured_media":81046,"comment_status":"closed","ping_status":"closed","sticky":false,"template":"","format":"standard","meta":{"footnotes":""},"categories":[95],"tags":[1373,622],"post_formats":[],"class_list":["post-81045","post","type-post","status-publish","format-standard","has-post-thumbnail","hentry","category-ibec-en-los-medios","tag-no-more-matildas","tag-alicia-casals-es"],"yoast_head":"<!-- This site is optimized with the Yoast SEO plugin v27.5 - https:\/\/yoast.com\/product\/yoast-seo-wordpress\/ -->\n<title>Al\u00edcia Casals contra la invisibilidad de las cient\u00edficas - Institute for Bioengineering of Catalonia<\/title>\n<meta name=\"robots\" content=\"index, follow, max-snippet:-1, max-image-preview:large, max-video-preview:-1\" \/>\n<link rel=\"canonical\" href=\"https:\/\/ibecbarcelona.eu\/es\/alicia-casals-contra-la-invisibilidad-de-las-cientificas\/\" \/>\n<meta property=\"og:locale\" content=\"es_ES\" \/>\n<meta property=\"og:type\" content=\"article\" \/>\n<meta property=\"og:title\" content=\"Al\u00edcia Casals contra la invisibilidad de las cient\u00edficas - Institute for Bioengineering of Catalonia\" \/>\n<meta property=\"og:description\" content=\"La ingeniera industrial e inform\u00e1tica Al\u00edcia Casals, investigadora asociada al IBEC y catedr\u00e1tica en la Universitat Polit\u00e8cnica de Catalunya (UPC) es entrevistada en el Peri\u00f3dico para hablar sobre los m\u00e9ritos de las investigadoras e inspirar a las j\u00f3venes por sus disciplinas.\" \/>\n<meta property=\"og:url\" content=\"https:\/\/ibecbarcelona.eu\/es\/alicia-casals-contra-la-invisibilidad-de-las-cientificas\/\" \/>\n<meta property=\"og:site_name\" content=\"Institute for Bioengineering of Catalonia\" \/>\n<meta property=\"article:published_time\" content=\"2021-01-26T08:25:54+00:00\" \/>\n<meta property=\"article:modified_time\" content=\"2021-01-26T12:58:10+00:00\" \/>\n<meta property=\"og:image\" content=\"https:\/\/ibecbarcelona.eu\/wp-content\/uploads\/2021\/01\/NoMoreMatildas-e1611649594828.png\" \/>\n\t<meta property=\"og:image:width\" content=\"300\" \/>\n\t<meta property=\"og:image:height\" content=\"148\" \/>\n\t<meta property=\"og:image:type\" content=\"image\/png\" \/>\n<meta name=\"author\" content=\"\u00c0ngels L\u00f3pez\" \/>\n<meta name=\"twitter:card\" content=\"summary_large_image\" \/>\n<meta name=\"twitter:label1\" content=\"Escrito por\" \/>\n\t<meta name=\"twitter:data1\" content=\"\u00c0ngels L\u00f3pez\" \/>\n\t<meta name=\"twitter:label2\" content=\"Tiempo de lectura\" \/>\n\t<meta name=\"twitter:data2\" content=\"1 minuto\" \/>\n<script type=\"application\/ld+json\" class=\"yoast-schema-graph\">{\"@context\":\"https:\\\/\\\/schema.org\",\"@graph\":[{\"@type\":\"Article\",\"@id\":\"https:\\\/\\\/ibecbarcelona.eu\\\/es\\\/alicia-casals-contra-la-invisibilidad-de-las-cientificas\\\/#article\",\"isPartOf\":{\"@id\":\"https:\\\/\\\/ibecbarcelona.eu\\\/es\\\/alicia-casals-contra-la-invisibilidad-de-las-cientificas\\\/\"},\"author\":{\"name\":\"\u00c0ngels L\u00f3pez\",\"@id\":\"https:\\\/\\\/ibecbarcelona.eu\\\/#\\\/schema\\\/person\\\/c212c6b589546130be67986b9290e2b8\"},\"headline\":\"Al\u00edcia Casals contra la invisibilidad de las cient\u00edficas\",\"datePublished\":\"2021-01-26T08:25:54+00:00\",\"dateModified\":\"2021-01-26T12:58:10+00:00\",\"mainEntityOfPage\":{\"@id\":\"https:\\\/\\\/ibecbarcelona.eu\\\/es\\\/alicia-casals-contra-la-invisibilidad-de-las-cientificas\\\/\"},\"wordCount\":257,\"publisher\":{\"@id\":\"https:\\\/\\\/ibecbarcelona.eu\\\/#organization\"},\"image\":{\"@id\":\"https:\\\/\\\/ibecbarcelona.eu\\\/es\\\/alicia-casals-contra-la-invisibilidad-de-las-cientificas\\\/#primaryimage\"},\"thumbnailUrl\":\"https:\\\/\\\/ibecbarcelona.eu\\\/wp-content\\\/uploads\\\/2021\\\/01\\\/NoMoreMatildas-e1611649594828.png\",\"keywords\":[\"#No more Matildas\",\"Alicia Casals\"],\"articleSection\":[\"IBEC en los medios\"],\"inLanguage\":\"es\"},{\"@type\":\"WebPage\",\"@id\":\"https:\\\/\\\/ibecbarcelona.eu\\\/es\\\/alicia-casals-contra-la-invisibilidad-de-las-cientificas\\\/\",\"url\":\"https:\\\/\\\/ibecbarcelona.eu\\\/es\\\/alicia-casals-contra-la-invisibilidad-de-las-cientificas\\\/\",\"name\":\"Al\u00edcia Casals contra la invisibilidad de las cient\u00edficas - Institute for Bioengineering of Catalonia\",\"isPartOf\":{\"@id\":\"https:\\\/\\\/ibecbarcelona.eu\\\/#website\"},\"primaryImageOfPage\":{\"@id\":\"https:\\\/\\\/ibecbarcelona.eu\\\/es\\\/alicia-casals-contra-la-invisibilidad-de-las-cientificas\\\/#primaryimage\"},\"image\":{\"@id\":\"https:\\\/\\\/ibecbarcelona.eu\\\/es\\\/alicia-casals-contra-la-invisibilidad-de-las-cientificas\\\/#primaryimage\"},\"thumbnailUrl\":\"https:\\\/\\\/ibecbarcelona.eu\\\/wp-content\\\/uploads\\\/2021\\\/01\\\/NoMoreMatildas-e1611649594828.png\",\"datePublished\":\"2021-01-26T08:25:54+00:00\",\"dateModified\":\"2021-01-26T12:58:10+00:00\",\"breadcrumb\":{\"@id\":\"https:\\\/\\\/ibecbarcelona.eu\\\/es\\\/alicia-casals-contra-la-invisibilidad-de-las-cientificas\\\/#breadcrumb\"},\"inLanguage\":\"es\",\"potentialAction\":[{\"@type\":\"ReadAction\",\"target\":[\"https:\\\/\\\/ibecbarcelona.eu\\\/es\\\/alicia-casals-contra-la-invisibilidad-de-las-cientificas\\\/\"]}]},{\"@type\":\"ImageObject\",\"inLanguage\":\"es\",\"@id\":\"https:\\\/\\\/ibecbarcelona.eu\\\/es\\\/alicia-casals-contra-la-invisibilidad-de-las-cientificas\\\/#primaryimage\",\"url\":\"https:\\\/\\\/ibecbarcelona.eu\\\/wp-content\\\/uploads\\\/2021\\\/01\\\/NoMoreMatildas-e1611649594828.png\",\"contentUrl\":\"https:\\\/\\\/ibecbarcelona.eu\\\/wp-content\\\/uploads\\\/2021\\\/01\\\/NoMoreMatildas-e1611649594828.png\",\"width\":300,\"height\":148},{\"@type\":\"BreadcrumbList\",\"@id\":\"https:\\\/\\\/ibecbarcelona.eu\\\/es\\\/alicia-casals-contra-la-invisibilidad-de-las-cientificas\\\/#breadcrumb\",\"itemListElement\":[{\"@type\":\"ListItem\",\"position\":1,\"name\":\"Home\",\"item\":\"https:\\\/\\\/ibecbarcelona.eu\\\/es\\\/\"},{\"@type\":\"ListItem\",\"position\":2,\"name\":\"Al\u00edcia Casals contra la invisibilidad de las cient\u00edficas\"}]},{\"@type\":\"WebSite\",\"@id\":\"https:\\\/\\\/ibecbarcelona.eu\\\/#website\",\"url\":\"https:\\\/\\\/ibecbarcelona.eu\\\/\",\"name\":\"Institute for Bioengineering of Catalonia\",\"description\":\"Bioengineering solutions for health\",\"publisher\":{\"@id\":\"https:\\\/\\\/ibecbarcelona.eu\\\/#organization\"},\"potentialAction\":[{\"@type\":\"SearchAction\",\"target\":{\"@type\":\"EntryPoint\",\"urlTemplate\":\"https:\\\/\\\/ibecbarcelona.eu\\\/?s={search_term_string}\"},\"query-input\":{\"@type\":\"PropertyValueSpecification\",\"valueRequired\":true,\"valueName\":\"search_term_string\"}}],\"inLanguage\":\"es\"},{\"@type\":\"Organization\",\"@id\":\"https:\\\/\\\/ibecbarcelona.eu\\\/#organization\",\"name\":\"Institute for Bioengineering of Catalonia\",\"url\":\"https:\\\/\\\/ibecbarcelona.eu\\\/\",\"logo\":{\"@type\":\"ImageObject\",\"inLanguage\":\"es\",\"@id\":\"https:\\\/\\\/ibecbarcelona.eu\\\/#\\\/schema\\\/logo\\\/image\\\/\",\"url\":\"https:\\\/\\\/ibecbarcelona.eu\\\/wp-content\\\/uploads\\\/2026\\\/01\\\/cropped-IBEC_20ANYS_GRIS.png\",\"contentUrl\":\"https:\\\/\\\/ibecbarcelona.eu\\\/wp-content\\\/uploads\\\/2026\\\/01\\\/cropped-IBEC_20ANYS_GRIS.png\",\"width\":696,\"height\":257,\"caption\":\"Institute for Bioengineering of Catalonia\"},\"image\":{\"@id\":\"https:\\\/\\\/ibecbarcelona.eu\\\/#\\\/schema\\\/logo\\\/image\\\/\"}},{\"@type\":\"Person\",\"@id\":\"https:\\\/\\\/ibecbarcelona.eu\\\/#\\\/schema\\\/person\\\/c212c6b589546130be67986b9290e2b8\",\"name\":\"\u00c0ngels L\u00f3pez\",\"image\":{\"@type\":\"ImageObject\",\"inLanguage\":\"es\",\"@id\":\"https:\\\/\\\/secure.gravatar.com\\\/avatar\\\/09ad6ba116bea0b15c5511860f83b302579fd7404c1180e9dae55c3f11d988c6?s=96&d=mm&r=g\",\"url\":\"https:\\\/\\\/secure.gravatar.com\\\/avatar\\\/09ad6ba116bea0b15c5511860f83b302579fd7404c1180e9dae55c3f11d988c6?s=96&d=mm&r=g\",\"contentUrl\":\"https:\\\/\\\/secure.gravatar.com\\\/avatar\\\/09ad6ba116bea0b15c5511860f83b302579fd7404c1180e9dae55c3f11d988c6?s=96&d=mm&r=g\",\"caption\":\"\u00c0ngels L\u00f3pez\"},\"url\":\"https:\\\/\\\/ibecbarcelona.eu\\\/es\\\/author\\\/alopez\\\/\"}]}<\/script>\n<!-- \/ Yoast SEO plugin. -->","yoast_head_json":{"title":"Al\u00edcia Casals contra la invisibilidad de las cient\u00edficas - Institute for Bioengineering of Catalonia","robots":{"index":"index","follow":"follow","max-snippet":"max-snippet:-1","max-image-preview":"max-image-preview:large","max-video-preview":"max-video-preview:-1"},"canonical":"https:\/\/ibecbarcelona.eu\/es\/alicia-casals-contra-la-invisibilidad-de-las-cientificas\/","og_locale":"es_ES","og_type":"article","og_title":"Al\u00edcia Casals contra la invisibilidad de las cient\u00edficas - Institute for Bioengineering of Catalonia","og_description":"La ingeniera industrial e inform\u00e1tica Al\u00edcia Casals, investigadora asociada al IBEC y catedr\u00e1tica en la Universitat Polit\u00e8cnica de Catalunya (UPC) es entrevistada en el Peri\u00f3dico para hablar sobre los m\u00e9ritos de las investigadoras e inspirar a las j\u00f3venes por sus disciplinas.","og_url":"https:\/\/ibecbarcelona.eu\/es\/alicia-casals-contra-la-invisibilidad-de-las-cientificas\/","og_site_name":"Institute for Bioengineering of Catalonia","article_published_time":"2021-01-26T08:25:54+00:00","article_modified_time":"2021-01-26T12:58:10+00:00","og_image":[{"width":300,"height":148,"url":"https:\/\/ibecbarcelona.eu\/wp-content\/uploads\/2021\/01\/NoMoreMatildas-e1611649594828.png","type":"image\/png"}],"author":"\u00c0ngels L\u00f3pez","twitter_card":"summary_large_image","twitter_misc":{"Escrito por":"\u00c0ngels L\u00f3pez","Tiempo de lectura":"1 minuto"},"schema":{"@context":"https:\/\/schema.org","@graph":[{"@type":"Article","@id":"https:\/\/ibecbarcelona.eu\/es\/alicia-casals-contra-la-invisibilidad-de-las-cientificas\/#article","isPartOf":{"@id":"https:\/\/ibecbarcelona.eu\/es\/alicia-casals-contra-la-invisibilidad-de-las-cientificas\/"},"author":{"name":"\u00c0ngels L\u00f3pez","@id":"https:\/\/ibecbarcelona.eu\/#\/schema\/person\/c212c6b589546130be67986b9290e2b8"},"headline":"Al\u00edcia Casals contra la invisibilidad de las cient\u00edficas","datePublished":"2021-01-26T08:25:54+00:00","dateModified":"2021-01-26T12:58:10+00:00","mainEntityOfPage":{"@id":"https:\/\/ibecbarcelona.eu\/es\/alicia-casals-contra-la-invisibilidad-de-las-cientificas\/"},"wordCount":257,"publisher":{"@id":"https:\/\/ibecbarcelona.eu\/#organization"},"image":{"@id":"https:\/\/ibecbarcelona.eu\/es\/alicia-casals-contra-la-invisibilidad-de-las-cientificas\/#primaryimage"},"thumbnailUrl":"https:\/\/ibecbarcelona.eu\/wp-content\/uploads\/2021\/01\/NoMoreMatildas-e1611649594828.png","keywords":["#No more Matildas","Alicia Casals"],"articleSection":["IBEC en los medios"],"inLanguage":"es"},{"@type":"WebPage","@id":"https:\/\/ibecbarcelona.eu\/es\/alicia-casals-contra-la-invisibilidad-de-las-cientificas\/","url":"https:\/\/ibecbarcelona.eu\/es\/alicia-casals-contra-la-invisibilidad-de-las-cientificas\/","name":"Al\u00edcia Casals contra la invisibilidad de las cient\u00edficas - Institute for Bioengineering of Catalonia","isPartOf":{"@id":"https:\/\/ibecbarcelona.eu\/#website"},"primaryImageOfPage":{"@id":"https:\/\/ibecbarcelona.eu\/es\/alicia-casals-contra-la-invisibilidad-de-las-cientificas\/#primaryimage"},"image":{"@id":"https:\/\/ibecbarcelona.eu\/es\/alicia-casals-contra-la-invisibilidad-de-las-cientificas\/#primaryimage"},"thumbnailUrl":"https:\/\/ibecbarcelona.eu\/wp-content\/uploads\/2021\/01\/NoMoreMatildas-e1611649594828.png","datePublished":"2021-01-26T08:25:54+00:00","dateModified":"2021-01-26T12:58:10+00:00","breadcrumb":{"@id":"https:\/\/ibecbarcelona.eu\/es\/alicia-casals-contra-la-invisibilidad-de-las-cientificas\/#breadcrumb"},"inLanguage":"es","potentialAction":[{"@type":"ReadAction","target":["https:\/\/ibecbarcelona.eu\/es\/alicia-casals-contra-la-invisibilidad-de-las-cientificas\/"]}]},{"@type":"ImageObject","inLanguage":"es","@id":"https:\/\/ibecbarcelona.eu\/es\/alicia-casals-contra-la-invisibilidad-de-las-cientificas\/#primaryimage","url":"https:\/\/ibecbarcelona.eu\/wp-content\/uploads\/2021\/01\/NoMoreMatildas-e1611649594828.png","contentUrl":"https:\/\/ibecbarcelona.eu\/wp-content\/uploads\/2021\/01\/NoMoreMatildas-e1611649594828.png","width":300,"height":148},{"@type":"BreadcrumbList","@id":"https:\/\/ibecbarcelona.eu\/es\/alicia-casals-contra-la-invisibilidad-de-las-cientificas\/#breadcrumb","itemListElement":[{"@type":"ListItem","position":1,"name":"Home","item":"https:\/\/ibecbarcelona.eu\/es\/"},{"@type":"ListItem","position":2,"name":"Al\u00edcia Casals contra la invisibilidad de las cient\u00edficas"}]},{"@type":"WebSite","@id":"https:\/\/ibecbarcelona.eu\/#website","url":"https:\/\/ibecbarcelona.eu\/","name":"Institute for Bioengineering of Catalonia","description":"Bioengineering solutions for health","publisher":{"@id":"https:\/\/ibecbarcelona.eu\/#organization"},"potentialAction":[{"@type":"SearchAction","target":{"@type":"EntryPoint","urlTemplate":"https:\/\/ibecbarcelona.eu\/?s={search_term_string}"},"query-input":{"@type":"PropertyValueSpecification","valueRequired":true,"valueName":"search_term_string"}}],"inLanguage":"es"},{"@type":"Organization","@id":"https:\/\/ibecbarcelona.eu\/#organization","name":"Institute for Bioengineering of Catalonia","url":"https:\/\/ibecbarcelona.eu\/","logo":{"@type":"ImageObject","inLanguage":"es","@id":"https:\/\/ibecbarcelona.eu\/#\/schema\/logo\/image\/","url":"https:\/\/ibecbarcelona.eu\/wp-content\/uploads\/2026\/01\/cropped-IBEC_20ANYS_GRIS.png","contentUrl":"https:\/\/ibecbarcelona.eu\/wp-content\/uploads\/2026\/01\/cropped-IBEC_20ANYS_GRIS.png","width":696,"height":257,"caption":"Institute for Bioengineering of Catalonia"},"image":{"@id":"https:\/\/ibecbarcelona.eu\/#\/schema\/logo\/image\/"}},{"@type":"Person","@id":"https:\/\/ibecbarcelona.eu\/#\/schema\/person\/c212c6b589546130be67986b9290e2b8","name":"\u00c0ngels L\u00f3pez","image":{"@type":"ImageObject","inLanguage":"es","@id":"https:\/\/secure.gravatar.com\/avatar\/09ad6ba116bea0b15c5511860f83b302579fd7404c1180e9dae55c3f11d988c6?s=96&d=mm&r=g","url":"https:\/\/secure.gravatar.com\/avatar\/09ad6ba116bea0b15c5511860f83b302579fd7404c1180e9dae55c3f11d988c6?s=96&d=mm&r=g","contentUrl":"https:\/\/secure.gravatar.com\/avatar\/09ad6ba116bea0b15c5511860f83b302579fd7404c1180e9dae55c3f11d988c6?s=96&d=mm&r=g","caption":"\u00c0ngels L\u00f3pez"},"url":"https:\/\/ibecbarcelona.eu\/es\/author\/alopez\/"}]}},"AFP_featured_media_urls":{"full":["https:\/\/ibecbarcelona.eu\/wp-content\/uploads\/2021\/01\/NoMoreMatildas-e1611649594828.png",300,148,false],"thumbnail":["https:\/\/ibecbarcelona.eu\/wp-content\/uploads\/2021\/01\/NoMoreMatildas-150x150.png",150,150,true],"medium":["https:\/\/ibecbarcelona.eu\/wp-content\/uploads\/2021\/01\/NoMoreMatildas-300x148.png",300,148,true],"medium_large":["https:\/\/ibecbarcelona.eu\/wp-content\/uploads\/2021\/01\/NoMoreMatildas-768x378.png",768,378,true],"large":["https:\/\/ibecbarcelona.eu\/wp-content\/uploads\/2021\/01\/NoMoreMatildas-1024x504.png",1024,504,true]},"AFP_attachments":{"full":["https:\/\/ibecbarcelona.eu\/wp-content\/uploads\/2021\/01\/NoMoreMatildas-e1611649594828.png",300,148,false],"thumbnail":["https:\/\/ibecbarcelona.eu\/wp-content\/uploads\/2021\/01\/NoMoreMatildas-150x150.png",150,150,true],"medium":["https:\/\/ibecbarcelona.eu\/wp-content\/uploads\/2021\/01\/NoMoreMatildas-300x148.png",300,148,true],"medium_large":["https:\/\/ibecbarcelona.eu\/wp-content\/uploads\/2021\/01\/NoMoreMatildas-768x378.png",768,378,true],"large":["https:\/\/ibecbarcelona.eu\/wp-content\/uploads\/2021\/01\/NoMoreMatildas-1024x504.png",1024,504,true]},"AFP_videos":[],"AFP_video_blocks":"","AFP_category_names":["IBEC en los medios"],"_links":{"self":[{"href":"https:\/\/ibecbarcelona.eu\/es\/wp-json\/wp\/v2\/posts\/81045","targetHints":{"allow":["GET"]}}],"collection":[{"href":"https:\/\/ibecbarcelona.eu\/es\/wp-json\/wp\/v2\/posts"}],"about":[{"href":"https:\/\/ibecbarcelona.eu\/es\/wp-json\/wp\/v2\/types\/post"}],"author":[{"embeddable":true,"href":"https:\/\/ibecbarcelona.eu\/es\/wp-json\/wp\/v2\/users\/4"}],"replies":[{"embeddable":true,"href":"https:\/\/ibecbarcelona.eu\/es\/wp-json\/wp\/v2\/comments?post=81045"}],"version-history":[{"count":18,"href":"https:\/\/ibecbarcelona.eu\/es\/wp-json\/wp\/v2\/posts\/81045\/revisions"}],"predecessor-version":[{"id":81148,"href":"https:\/\/ibecbarcelona.eu\/es\/wp-json\/wp\/v2\/posts\/81045\/revisions\/81148"}],"wp:featuredmedia":[{"embeddable":true,"href":"https:\/\/ibecbarcelona.eu\/es\/wp-json\/wp\/v2\/media\/81046"}],"wp:attachment":[{"href":"https:\/\/ibecbarcelona.eu\/es\/wp-json\/wp\/v2\/media?parent=81045"}],"wp:term":[{"taxonomy":"category","embeddable":true,"href":"https:\/\/ibecbarcelona.eu\/es\/wp-json\/wp\/v2\/categories?post=81045"},{"taxonomy":"post_tag","embeddable":true,"href":"https:\/\/ibecbarcelona.eu\/es\/wp-json\/wp\/v2\/tags?post=81045"},{"taxonomy":"post_format","embeddable":true,"href":"https:\/\/ibecbarcelona.eu\/es\/wp-json\/wp\/v2\/post_formats?post=81045"}],"curies":[{"name":"wp","href":"https:\/\/api.w.org\/{rel}","templated":true}]}}