
{"id":82174,"date":"2021-03-01T09:12:32","date_gmt":"2021-03-01T08:12:32","guid":{"rendered":"http:\/\/ibecbarcelona.eu\/?p=82174"},"modified":"2021-03-01T09:12:32","modified_gmt":"2021-03-01T08:12:32","slug":"josep-samitier-en-el-debate-de-barcelona-tribuna","status":"publish","type":"post","link":"https:\/\/ibecbarcelona.eu\/es\/josep-samitier-en-el-debate-de-barcelona-tribuna\/","title":{"rendered":"Josep Samitier en el debate de Barcelona Tribuna"},"content":{"rendered":"<p>La Societat Econ\u00f2mica Barcelonesa d\u2019Amics del Pa\u00eds, la Asociaci\u00f3n Espa\u00f1ola de Directivos y<i> La Vanguardia <\/i>celebraron el 25 de febrero el debate<i> \u00abLa innovaci\u00f3n, la gesti\u00f3n del talento y la investigaci\u00f3n cient\u00edfica en Barcelona\u00bb <\/i>con el objetivo de poner sobre la mesa los principales puntos donde el sector p\u00fablico y sector privado pueden contribuir a este avance.<\/p>\n<p>Josep Samitier puso el acento en la necesidad de aumentar la inversi\u00f3n p\u00fablica en I+D.<\/p>\n<blockquote><p><strong><img decoding=\"async\" class=\"wp-image-81394 alignleft lazyload\" data-src=\"https:\/\/ibecbarcelona.eu\/wp-content\/uploads\/2021\/02\/media_jsamitier-1.jpg\" alt=\"\" width=\"241\" height=\"134\" data-srcset=\"https:\/\/ibecbarcelona.eu\/wp-content\/uploads\/2021\/02\/media_jsamitier-1.jpg 270w, https:\/\/ibecbarcelona.eu\/wp-content\/uploads\/2021\/02\/media_jsamitier-1-150x83.jpg 150w\" data-sizes=\"(max-width: 241px) 100vw, 241px\" src=\"data:image\/svg+xml;base64,PHN2ZyB3aWR0aD0iMSIgaGVpZ2h0PSIxIiB4bWxucz0iaHR0cDovL3d3dy53My5vcmcvMjAwMC9zdmciPjwvc3ZnPg==\" style=\"--smush-placeholder-width: 241px; --smush-placeholder-aspect-ratio: 241\/134;\" \/>No tiene sentido: Espa\u00f1a es la quinta econom\u00eda europea y se encuentra en la posici\u00f3n 18 en inversi\u00f3n en I+D.<\/strong><\/p>\n<p>&nbsp;<\/p>\n<p>&nbsp;<\/p>\n<p style=\"text-align: right;\"><strong>Josep Samitier, director del IBEC<\/strong><\/p>\n<\/blockquote>\n<p>Pod\u00e9is leer el art\u00edculo completo <a href=\"https:\/\/www.lavanguardia.com\/economia\/20210226\/6260031\/apuesta-ciencia-afronta-hora-verdad-pandemia.html\" target=\"_blank\" rel=\"noopener\">aqui<\/a>.<\/p>\n","protected":false},"excerpt":{"rendered":"<h3>Josep Samitier, director del IBEC, aparece en La Vanguardia por su participaci\u00f3n en el debate de Barcelona Tribuna sobre la innovaci\u00f3n tecnol\u00f3gica y la investigaci\u00f3n cient\u00edfica como grandes motores para superar la crisis de la covid.<\/h3>\n","protected":false},"author":4,"featured_media":74737,"comment_status":"closed","ping_status":"closed","sticky":false,"template":"","format":"standard","meta":{"footnotes":""},"categories":[95],"tags":[1439,1137],"post_formats":[],"class_list":["post-82174","post","type-post","status-publish","format-standard","has-post-thumbnail","hentry","category-ibec-en-los-medios","tag-barcelona-tribuna","tag-josep-samitier-es"],"yoast_head":"<!-- This site is optimized with the Yoast SEO plugin v27.4 - https:\/\/yoast.com\/product\/yoast-seo-wordpress\/ -->\n<title>Josep Samitier en el debate de Barcelona Tribuna - Institute for Bioengineering of Catalonia<\/title>\n<meta name=\"robots\" content=\"index, follow, max-snippet:-1, max-image-preview:large, max-video-preview:-1\" \/>\n<link rel=\"canonical\" href=\"https:\/\/ibecbarcelona.eu\/es\/josep-samitier-en-el-debate-de-barcelona-tribuna\/\" \/>\n<meta property=\"og:locale\" content=\"es_ES\" \/>\n<meta property=\"og:type\" content=\"article\" \/>\n<meta property=\"og:title\" content=\"Josep Samitier en el debate de Barcelona Tribuna - Institute for Bioengineering of Catalonia\" \/>\n<meta property=\"og:description\" content=\"Josep Samitier, director del IBEC, aparece en La Vanguardia por su participaci\u00f3n en el debate de Barcelona Tribuna sobre la innovaci\u00f3n tecnol\u00f3gica y la investigaci\u00f3n cient\u00edfica como grandes motores para superar la crisis de la covid.\" \/>\n<meta property=\"og:url\" content=\"https:\/\/ibecbarcelona.eu\/es\/josep-samitier-en-el-debate-de-barcelona-tribuna\/\" \/>\n<meta property=\"og:site_name\" content=\"Institute for Bioengineering of Catalonia\" \/>\n<meta property=\"article:published_time\" content=\"2021-03-01T08:12:32+00:00\" \/>\n<meta property=\"og:image\" content=\"https:\/\/ibecbarcelona.eu\/wp-content\/uploads\/2020\/06\/media_jsamitier.jpg\" \/>\n\t<meta property=\"og:image:width\" content=\"270\" \/>\n\t<meta property=\"og:image:height\" content=\"150\" \/>\n\t<meta property=\"og:image:type\" content=\"image\/jpeg\" \/>\n<meta name=\"author\" content=\"\u00c0ngels L\u00f3pez\" \/>\n<meta name=\"twitter:card\" content=\"summary_large_image\" \/>\n<meta name=\"twitter:label1\" content=\"Escrito por\" \/>\n\t<meta name=\"twitter:data1\" content=\"\u00c0ngels L\u00f3pez\" \/>\n\t<meta name=\"twitter:label2\" content=\"Tiempo de lectura\" \/>\n\t<meta name=\"twitter:data2\" content=\"1 minuto\" \/>\n<script type=\"application\/ld+json\" class=\"yoast-schema-graph\">{\"@context\":\"https:\\\/\\\/schema.org\",\"@graph\":[{\"@type\":\"Article\",\"@id\":\"https:\\\/\\\/ibecbarcelona.eu\\\/es\\\/josep-samitier-en-el-debate-de-barcelona-tribuna\\\/#article\",\"isPartOf\":{\"@id\":\"https:\\\/\\\/ibecbarcelona.eu\\\/es\\\/josep-samitier-en-el-debate-de-barcelona-tribuna\\\/\"},\"author\":{\"name\":\"\u00c0ngels L\u00f3pez\",\"@id\":\"https:\\\/\\\/ibecbarcelona.eu\\\/#\\\/schema\\\/person\\\/c212c6b589546130be67986b9290e2b8\"},\"headline\":\"Josep Samitier en el debate de Barcelona Tribuna\",\"datePublished\":\"2021-03-01T08:12:32+00:00\",\"mainEntityOfPage\":{\"@id\":\"https:\\\/\\\/ibecbarcelona.eu\\\/es\\\/josep-samitier-en-el-debate-de-barcelona-tribuna\\\/\"},\"wordCount\":131,\"publisher\":{\"@id\":\"https:\\\/\\\/ibecbarcelona.eu\\\/#organization\"},\"image\":{\"@id\":\"https:\\\/\\\/ibecbarcelona.eu\\\/es\\\/josep-samitier-en-el-debate-de-barcelona-tribuna\\\/#primaryimage\"},\"thumbnailUrl\":\"https:\\\/\\\/ibecbarcelona.eu\\\/wp-content\\\/uploads\\\/2020\\\/06\\\/media_jsamitier.jpg\",\"keywords\":[\"Barcelona Tribuna\",\"Josep Samitier\"],\"articleSection\":[\"IBEC en los medios\"],\"inLanguage\":\"es\"},{\"@type\":\"WebPage\",\"@id\":\"https:\\\/\\\/ibecbarcelona.eu\\\/es\\\/josep-samitier-en-el-debate-de-barcelona-tribuna\\\/\",\"url\":\"https:\\\/\\\/ibecbarcelona.eu\\\/es\\\/josep-samitier-en-el-debate-de-barcelona-tribuna\\\/\",\"name\":\"Josep Samitier en el debate de Barcelona Tribuna - Institute for Bioengineering of Catalonia\",\"isPartOf\":{\"@id\":\"https:\\\/\\\/ibecbarcelona.eu\\\/#website\"},\"primaryImageOfPage\":{\"@id\":\"https:\\\/\\\/ibecbarcelona.eu\\\/es\\\/josep-samitier-en-el-debate-de-barcelona-tribuna\\\/#primaryimage\"},\"image\":{\"@id\":\"https:\\\/\\\/ibecbarcelona.eu\\\/es\\\/josep-samitier-en-el-debate-de-barcelona-tribuna\\\/#primaryimage\"},\"thumbnailUrl\":\"https:\\\/\\\/ibecbarcelona.eu\\\/wp-content\\\/uploads\\\/2020\\\/06\\\/media_jsamitier.jpg\",\"datePublished\":\"2021-03-01T08:12:32+00:00\",\"breadcrumb\":{\"@id\":\"https:\\\/\\\/ibecbarcelona.eu\\\/es\\\/josep-samitier-en-el-debate-de-barcelona-tribuna\\\/#breadcrumb\"},\"inLanguage\":\"es\",\"potentialAction\":[{\"@type\":\"ReadAction\",\"target\":[\"https:\\\/\\\/ibecbarcelona.eu\\\/es\\\/josep-samitier-en-el-debate-de-barcelona-tribuna\\\/\"]}]},{\"@type\":\"ImageObject\",\"inLanguage\":\"es\",\"@id\":\"https:\\\/\\\/ibecbarcelona.eu\\\/es\\\/josep-samitier-en-el-debate-de-barcelona-tribuna\\\/#primaryimage\",\"url\":\"https:\\\/\\\/ibecbarcelona.eu\\\/wp-content\\\/uploads\\\/2020\\\/06\\\/media_jsamitier.jpg\",\"contentUrl\":\"https:\\\/\\\/ibecbarcelona.eu\\\/wp-content\\\/uploads\\\/2020\\\/06\\\/media_jsamitier.jpg\",\"width\":270,\"height\":150},{\"@type\":\"BreadcrumbList\",\"@id\":\"https:\\\/\\\/ibecbarcelona.eu\\\/es\\\/josep-samitier-en-el-debate-de-barcelona-tribuna\\\/#breadcrumb\",\"itemListElement\":[{\"@type\":\"ListItem\",\"position\":1,\"name\":\"Home\",\"item\":\"https:\\\/\\\/ibecbarcelona.eu\\\/es\\\/\"},{\"@type\":\"ListItem\",\"position\":2,\"name\":\"Josep Samitier en el debate de Barcelona Tribuna\"}]},{\"@type\":\"WebSite\",\"@id\":\"https:\\\/\\\/ibecbarcelona.eu\\\/#website\",\"url\":\"https:\\\/\\\/ibecbarcelona.eu\\\/\",\"name\":\"Institute for Bioengineering of Catalonia\",\"description\":\"Bioengineering solutions for health\",\"publisher\":{\"@id\":\"https:\\\/\\\/ibecbarcelona.eu\\\/#organization\"},\"potentialAction\":[{\"@type\":\"SearchAction\",\"target\":{\"@type\":\"EntryPoint\",\"urlTemplate\":\"https:\\\/\\\/ibecbarcelona.eu\\\/?s={search_term_string}\"},\"query-input\":{\"@type\":\"PropertyValueSpecification\",\"valueRequired\":true,\"valueName\":\"search_term_string\"}}],\"inLanguage\":\"es\"},{\"@type\":\"Organization\",\"@id\":\"https:\\\/\\\/ibecbarcelona.eu\\\/#organization\",\"name\":\"Institute for Bioengineering of Catalonia\",\"url\":\"https:\\\/\\\/ibecbarcelona.eu\\\/\",\"logo\":{\"@type\":\"ImageObject\",\"inLanguage\":\"es\",\"@id\":\"https:\\\/\\\/ibecbarcelona.eu\\\/#\\\/schema\\\/logo\\\/image\\\/\",\"url\":\"https:\\\/\\\/ibecbarcelona.eu\\\/wp-content\\\/uploads\\\/2026\\\/01\\\/cropped-IBEC_20ANYS_GRIS.png\",\"contentUrl\":\"https:\\\/\\\/ibecbarcelona.eu\\\/wp-content\\\/uploads\\\/2026\\\/01\\\/cropped-IBEC_20ANYS_GRIS.png\",\"width\":696,\"height\":257,\"caption\":\"Institute for Bioengineering of Catalonia\"},\"image\":{\"@id\":\"https:\\\/\\\/ibecbarcelona.eu\\\/#\\\/schema\\\/logo\\\/image\\\/\"}},{\"@type\":\"Person\",\"@id\":\"https:\\\/\\\/ibecbarcelona.eu\\\/#\\\/schema\\\/person\\\/c212c6b589546130be67986b9290e2b8\",\"name\":\"\u00c0ngels L\u00f3pez\",\"image\":{\"@type\":\"ImageObject\",\"inLanguage\":\"es\",\"@id\":\"https:\\\/\\\/secure.gravatar.com\\\/avatar\\\/09ad6ba116bea0b15c5511860f83b302579fd7404c1180e9dae55c3f11d988c6?s=96&d=mm&r=g\",\"url\":\"https:\\\/\\\/secure.gravatar.com\\\/avatar\\\/09ad6ba116bea0b15c5511860f83b302579fd7404c1180e9dae55c3f11d988c6?s=96&d=mm&r=g\",\"contentUrl\":\"https:\\\/\\\/secure.gravatar.com\\\/avatar\\\/09ad6ba116bea0b15c5511860f83b302579fd7404c1180e9dae55c3f11d988c6?s=96&d=mm&r=g\",\"caption\":\"\u00c0ngels L\u00f3pez\"},\"url\":\"https:\\\/\\\/ibecbarcelona.eu\\\/es\\\/author\\\/alopez\\\/\"}]}<\/script>\n<!-- \/ Yoast SEO plugin. -->","yoast_head_json":{"title":"Josep Samitier en el debate de Barcelona Tribuna - Institute for Bioengineering of Catalonia","robots":{"index":"index","follow":"follow","max-snippet":"max-snippet:-1","max-image-preview":"max-image-preview:large","max-video-preview":"max-video-preview:-1"},"canonical":"https:\/\/ibecbarcelona.eu\/es\/josep-samitier-en-el-debate-de-barcelona-tribuna\/","og_locale":"es_ES","og_type":"article","og_title":"Josep Samitier en el debate de Barcelona Tribuna - Institute for Bioengineering of Catalonia","og_description":"Josep Samitier, director del IBEC, aparece en La Vanguardia por su participaci\u00f3n en el debate de Barcelona Tribuna sobre la innovaci\u00f3n tecnol\u00f3gica y la investigaci\u00f3n cient\u00edfica como grandes motores para superar la crisis de la covid.","og_url":"https:\/\/ibecbarcelona.eu\/es\/josep-samitier-en-el-debate-de-barcelona-tribuna\/","og_site_name":"Institute for Bioengineering of Catalonia","article_published_time":"2021-03-01T08:12:32+00:00","og_image":[{"width":270,"height":150,"url":"https:\/\/ibecbarcelona.eu\/wp-content\/uploads\/2020\/06\/media_jsamitier.jpg","type":"image\/jpeg"}],"author":"\u00c0ngels L\u00f3pez","twitter_card":"summary_large_image","twitter_misc":{"Escrito por":"\u00c0ngels L\u00f3pez","Tiempo de lectura":"1 minuto"},"schema":{"@context":"https:\/\/schema.org","@graph":[{"@type":"Article","@id":"https:\/\/ibecbarcelona.eu\/es\/josep-samitier-en-el-debate-de-barcelona-tribuna\/#article","isPartOf":{"@id":"https:\/\/ibecbarcelona.eu\/es\/josep-samitier-en-el-debate-de-barcelona-tribuna\/"},"author":{"name":"\u00c0ngels L\u00f3pez","@id":"https:\/\/ibecbarcelona.eu\/#\/schema\/person\/c212c6b589546130be67986b9290e2b8"},"headline":"Josep Samitier en el debate de Barcelona Tribuna","datePublished":"2021-03-01T08:12:32+00:00","mainEntityOfPage":{"@id":"https:\/\/ibecbarcelona.eu\/es\/josep-samitier-en-el-debate-de-barcelona-tribuna\/"},"wordCount":131,"publisher":{"@id":"https:\/\/ibecbarcelona.eu\/#organization"},"image":{"@id":"https:\/\/ibecbarcelona.eu\/es\/josep-samitier-en-el-debate-de-barcelona-tribuna\/#primaryimage"},"thumbnailUrl":"https:\/\/ibecbarcelona.eu\/wp-content\/uploads\/2020\/06\/media_jsamitier.jpg","keywords":["Barcelona Tribuna","Josep Samitier"],"articleSection":["IBEC en los medios"],"inLanguage":"es"},{"@type":"WebPage","@id":"https:\/\/ibecbarcelona.eu\/es\/josep-samitier-en-el-debate-de-barcelona-tribuna\/","url":"https:\/\/ibecbarcelona.eu\/es\/josep-samitier-en-el-debate-de-barcelona-tribuna\/","name":"Josep Samitier en el debate de Barcelona Tribuna - Institute for Bioengineering of Catalonia","isPartOf":{"@id":"https:\/\/ibecbarcelona.eu\/#website"},"primaryImageOfPage":{"@id":"https:\/\/ibecbarcelona.eu\/es\/josep-samitier-en-el-debate-de-barcelona-tribuna\/#primaryimage"},"image":{"@id":"https:\/\/ibecbarcelona.eu\/es\/josep-samitier-en-el-debate-de-barcelona-tribuna\/#primaryimage"},"thumbnailUrl":"https:\/\/ibecbarcelona.eu\/wp-content\/uploads\/2020\/06\/media_jsamitier.jpg","datePublished":"2021-03-01T08:12:32+00:00","breadcrumb":{"@id":"https:\/\/ibecbarcelona.eu\/es\/josep-samitier-en-el-debate-de-barcelona-tribuna\/#breadcrumb"},"inLanguage":"es","potentialAction":[{"@type":"ReadAction","target":["https:\/\/ibecbarcelona.eu\/es\/josep-samitier-en-el-debate-de-barcelona-tribuna\/"]}]},{"@type":"ImageObject","inLanguage":"es","@id":"https:\/\/ibecbarcelona.eu\/es\/josep-samitier-en-el-debate-de-barcelona-tribuna\/#primaryimage","url":"https:\/\/ibecbarcelona.eu\/wp-content\/uploads\/2020\/06\/media_jsamitier.jpg","contentUrl":"https:\/\/ibecbarcelona.eu\/wp-content\/uploads\/2020\/06\/media_jsamitier.jpg","width":270,"height":150},{"@type":"BreadcrumbList","@id":"https:\/\/ibecbarcelona.eu\/es\/josep-samitier-en-el-debate-de-barcelona-tribuna\/#breadcrumb","itemListElement":[{"@type":"ListItem","position":1,"name":"Home","item":"https:\/\/ibecbarcelona.eu\/es\/"},{"@type":"ListItem","position":2,"name":"Josep Samitier en el debate de Barcelona Tribuna"}]},{"@type":"WebSite","@id":"https:\/\/ibecbarcelona.eu\/#website","url":"https:\/\/ibecbarcelona.eu\/","name":"Institute for Bioengineering of Catalonia","description":"Bioengineering solutions for health","publisher":{"@id":"https:\/\/ibecbarcelona.eu\/#organization"},"potentialAction":[{"@type":"SearchAction","target":{"@type":"EntryPoint","urlTemplate":"https:\/\/ibecbarcelona.eu\/?s={search_term_string}"},"query-input":{"@type":"PropertyValueSpecification","valueRequired":true,"valueName":"search_term_string"}}],"inLanguage":"es"},{"@type":"Organization","@id":"https:\/\/ibecbarcelona.eu\/#organization","name":"Institute for Bioengineering of Catalonia","url":"https:\/\/ibecbarcelona.eu\/","logo":{"@type":"ImageObject","inLanguage":"es","@id":"https:\/\/ibecbarcelona.eu\/#\/schema\/logo\/image\/","url":"https:\/\/ibecbarcelona.eu\/wp-content\/uploads\/2026\/01\/cropped-IBEC_20ANYS_GRIS.png","contentUrl":"https:\/\/ibecbarcelona.eu\/wp-content\/uploads\/2026\/01\/cropped-IBEC_20ANYS_GRIS.png","width":696,"height":257,"caption":"Institute for Bioengineering of Catalonia"},"image":{"@id":"https:\/\/ibecbarcelona.eu\/#\/schema\/logo\/image\/"}},{"@type":"Person","@id":"https:\/\/ibecbarcelona.eu\/#\/schema\/person\/c212c6b589546130be67986b9290e2b8","name":"\u00c0ngels L\u00f3pez","image":{"@type":"ImageObject","inLanguage":"es","@id":"https:\/\/secure.gravatar.com\/avatar\/09ad6ba116bea0b15c5511860f83b302579fd7404c1180e9dae55c3f11d988c6?s=96&d=mm&r=g","url":"https:\/\/secure.gravatar.com\/avatar\/09ad6ba116bea0b15c5511860f83b302579fd7404c1180e9dae55c3f11d988c6?s=96&d=mm&r=g","contentUrl":"https:\/\/secure.gravatar.com\/avatar\/09ad6ba116bea0b15c5511860f83b302579fd7404c1180e9dae55c3f11d988c6?s=96&d=mm&r=g","caption":"\u00c0ngels L\u00f3pez"},"url":"https:\/\/ibecbarcelona.eu\/es\/author\/alopez\/"}]}},"AFP_featured_media_urls":{"full":["https:\/\/ibecbarcelona.eu\/wp-content\/uploads\/2020\/06\/media_jsamitier.jpg",270,150,false],"thumbnail":["https:\/\/ibecbarcelona.eu\/wp-content\/uploads\/2020\/06\/media_jsamitier-150x150.jpg",150,150,true],"medium":["https:\/\/ibecbarcelona.eu\/wp-content\/uploads\/2020\/06\/media_jsamitier.jpg",270,150,false],"medium_large":["https:\/\/ibecbarcelona.eu\/wp-content\/uploads\/2020\/06\/media_jsamitier.jpg",270,150,false],"large":["https:\/\/ibecbarcelona.eu\/wp-content\/uploads\/2020\/06\/media_jsamitier.jpg",270,150,false]},"AFP_attachments":{"full":["https:\/\/ibecbarcelona.eu\/wp-content\/uploads\/2021\/02\/media_jsamitier-1.jpg",270,150,false],"thumbnail":["https:\/\/ibecbarcelona.eu\/wp-content\/uploads\/2021\/02\/media_jsamitier-1-150x150.jpg",150,150,true],"medium":["https:\/\/ibecbarcelona.eu\/wp-content\/uploads\/2021\/02\/media_jsamitier-1.jpg",270,150,false],"medium_large":["https:\/\/ibecbarcelona.eu\/wp-content\/uploads\/2021\/02\/media_jsamitier-1.jpg",270,150,false],"large":["https:\/\/ibecbarcelona.eu\/wp-content\/uploads\/2021\/02\/media_jsamitier-1.jpg",270,150,false]},"AFP_videos":[],"AFP_video_blocks":"","AFP_category_names":["IBEC en los medios"],"_links":{"self":[{"href":"https:\/\/ibecbarcelona.eu\/es\/wp-json\/wp\/v2\/posts\/82174","targetHints":{"allow":["GET"]}}],"collection":[{"href":"https:\/\/ibecbarcelona.eu\/es\/wp-json\/wp\/v2\/posts"}],"about":[{"href":"https:\/\/ibecbarcelona.eu\/es\/wp-json\/wp\/v2\/types\/post"}],"author":[{"embeddable":true,"href":"https:\/\/ibecbarcelona.eu\/es\/wp-json\/wp\/v2\/users\/4"}],"replies":[{"embeddable":true,"href":"https:\/\/ibecbarcelona.eu\/es\/wp-json\/wp\/v2\/comments?post=82174"}],"version-history":[{"count":6,"href":"https:\/\/ibecbarcelona.eu\/es\/wp-json\/wp\/v2\/posts\/82174\/revisions"}],"predecessor-version":[{"id":82186,"href":"https:\/\/ibecbarcelona.eu\/es\/wp-json\/wp\/v2\/posts\/82174\/revisions\/82186"}],"wp:featuredmedia":[{"embeddable":true,"href":"https:\/\/ibecbarcelona.eu\/es\/wp-json\/wp\/v2\/media\/74737"}],"wp:attachment":[{"href":"https:\/\/ibecbarcelona.eu\/es\/wp-json\/wp\/v2\/media?parent=82174"}],"wp:term":[{"taxonomy":"category","embeddable":true,"href":"https:\/\/ibecbarcelona.eu\/es\/wp-json\/wp\/v2\/categories?post=82174"},{"taxonomy":"post_tag","embeddable":true,"href":"https:\/\/ibecbarcelona.eu\/es\/wp-json\/wp\/v2\/tags?post=82174"},{"taxonomy":"post_format","embeddable":true,"href":"https:\/\/ibecbarcelona.eu\/es\/wp-json\/wp\/v2\/post_formats?post=82174"}],"curies":[{"name":"wp","href":"https:\/\/api.w.org\/{rel}","templated":true}]}}