
{"id":82455,"date":"2021-03-03T14:02:36","date_gmt":"2021-03-03T13:02:36","guid":{"rendered":"http:\/\/ibecbarcelona.eu\/la-motivacio-reforca-laprenentatge-i-la-memoria\/"},"modified":"2021-04-06T12:06:50","modified_gmt":"2021-04-06T10:06:50","slug":"la-motivacio-reforca-laprenentatge-i-la-memoria","status":"publish","type":"post","link":"https:\/\/ibecbarcelona.eu\/es\/la-motivacio-reforca-laprenentatge-i-la-memoria\/","title":{"rendered":"La voluntad es clave para potenciar el aprendizaje y la memoria: descubierto el mecanismo que lo hace posible"},"content":{"rendered":"<p>Las ondas cerebrales de tipo &#8216;theta&#8217;, que regulan la capacidad de las neuronas del hipocampo humano para fijar y recuperar informaci\u00f3n, forman el mecanismo fisiol\u00f3gico de la automotivaci\u00f3n para aprender y hacer m\u00e1s eficaz el aprendizaje. Esto tiene adem\u00e1s una gran relevancia en el campo educativo porque supone la confirmaci\u00f3n emp\u00edrica de que elementos como la motivaci\u00f3n, el control cognitivo y la capacidad para decidir por uno mismo son claves para un aprendizaje eficaz.<\/p>\n<blockquote><p><strong>\u00abHemos logrado llegar aqu\u00ed despu\u00e9s de m\u00e1s de 20 a\u00f1os de investigaci\u00f3n y los resultados obtenidos son claros. Que la voluntad sea clave para la integraci\u00f3n de la informaci\u00f3n en la memoria nos da argumentos para decir que, si convertimos a las personas en sujetos pasivos, si se las coacciona, su aprendizaje ser\u00e1 peor\u00bb, ha concluido Verschure.<\/strong><\/p><\/blockquote>\n<p>El articulo ha aparecido en distintos medios de comunicaci\u00f3n:<\/p>\n<ul>\n<li><a href=\"https:\/\/ibecbarcelona.eu\/wp-content\/uploads\/2021\/03\/ARACA_PaulVerschure.pdf\" target=\"_blank\" rel=\"noopener\">Diari Ara<\/a><\/li>\n<li><a href=\"https:\/\/www.ara.cat\/societat\/motivacio-reforca-aprenentatge-memoria-mecanisme-ones-theta-cerebrals-fixar-records_1_3888073.html\" target=\"_blank\" rel=\"noopener\">Diari Ara Online<\/a><\/li>\n<li><a href=\"https:\/\/www.abc.es\/espana\/catalunya\/abci-cientificos-espanoles-demuestran-aprendizaje-voluntario-mas-eficaz-dirigido-202103021052_noticia.html\" target=\"_blank\" rel=\"noopener\">ABC<\/a><\/li>\n<li><a href=\"https:\/\/www.efe.com\/efe\/espana\/efefuturo\/descubren-el-mecanismo-que-activa-la-motivacion-y-eficacia-en-aprendizaje\/50000905-4477643\" target=\"_blank\" rel=\"noopener\">EFE<\/a><\/li>\n<li><a href=\"https:\/\/www.eldiario.es\/agencias\/descubren-mecanismo-activa-motivacion-eficacia-aprendizaje_1_7265738.html\" target=\"_blank\" rel=\"noopener\">El Diario.es<\/a><\/li>\n<li><a href=\"https:\/\/noticiasdelaciencia.com\/art\/41192\/la-maquinaria-cerebral-de-la-automotivacion-al-descubierto\" target=\"_blank\" rel=\"noopener\">NCYT<\/a><\/li>\n<li><a href=\"https:\/\/medicalxpress.com\/news\/2021-03-willpower-key-memory-uncover-mechanism.html\" target=\"_blank\" rel=\"noopener\">MedicalXPress<\/a><\/li>\n<\/ul>\n","protected":false},"excerpt":{"rendered":"<h3><img decoding=\"async\" class=\"alignnone size-full wp-image-82229 lazyload\" data-src=\"https:\/\/ibecbarcelona.eu\/wp-content\/uploads\/2021\/03\/cientifica2.jpg\" alt=\"\" width=\"350\" height=\"200\" data-srcset=\"https:\/\/ibecbarcelona.eu\/wp-content\/uploads\/2021\/03\/cientifica2.jpg 350w, https:\/\/ibecbarcelona.eu\/wp-content\/uploads\/2021\/03\/cientifica2-300x171.jpg 300w, https:\/\/ibecbarcelona.eu\/wp-content\/uploads\/2021\/03\/cientifica2-230x130.jpg 230w, https:\/\/ibecbarcelona.eu\/wp-content\/uploads\/2021\/03\/cientifica2-150x86.jpg 150w\" data-sizes=\"(max-width: 350px) 100vw, 350px\" src=\"data:image\/svg+xml;base64,PHN2ZyB3aWR0aD0iMSIgaGVpZ2h0PSIxIiB4bWxucz0iaHR0cDovL3d3dy53My5vcmcvMjAwMC9zdmciPjwvc3ZnPg==\" style=\"--smush-placeholder-width: 350px; --smush-placeholder-aspect-ratio: 350\/200;\" \/>Un estudio liderado por SPECS lab revela, por primera vez en humanos, que las ondas theta que genera el hipocampo regulan la capacidad de las neuronas de fijar y recuperar informaci\u00f3n. Manipulando la oscilaci\u00f3n de estas ondas podr\u00edan, seg\u00fan los expertos, eliminar recuerdos traum\u00e1ticos o potenciar las memorias que se pierden por amnesias o enfermedades neurodegenerativas.<\/h3>\n","protected":false},"author":4,"featured_media":82230,"comment_status":"closed","ping_status":"closed","sticky":false,"template":"","format":"standard","meta":{"footnotes":""},"categories":[95],"tags":[1146],"post_formats":[],"class_list":["post-82455","post","type-post","status-publish","format-standard","has-post-thumbnail","hentry","category-ibec-en-los-medios","tag-paul-verschure-es"],"yoast_head":"<!-- This site is optimized with the Yoast SEO plugin v27.5 - https:\/\/yoast.com\/product\/yoast-seo-wordpress\/ -->\n<title>La voluntad es clave para potenciar el aprendizaje y la memoria: descubierto el mecanismo que lo hace posible - Institute for Bioengineering of Catalonia<\/title>\n<meta name=\"robots\" content=\"index, follow, max-snippet:-1, max-image-preview:large, max-video-preview:-1\" \/>\n<link rel=\"canonical\" href=\"https:\/\/ibecbarcelona.eu\/es\/la-motivacio-reforca-laprenentatge-i-la-memoria\/\" \/>\n<meta property=\"og:locale\" content=\"es_ES\" \/>\n<meta property=\"og:type\" content=\"article\" \/>\n<meta property=\"og:title\" content=\"La voluntad es clave para potenciar el aprendizaje y la memoria: descubierto el mecanismo que lo hace posible - Institute for Bioengineering of Catalonia\" \/>\n<meta property=\"og:description\" content=\"Un estudio liderado por SPECS lab revela, por primera vez en humanos, que las ondas theta que genera el hipocampo regulan la capacidad de las neuronas de fijar y recuperar informaci\u00f3n. Manipulando la oscilaci\u00f3n de estas ondas podr\u00edan, seg\u00fan los expertos, eliminar recuerdos traum\u00e1ticos o potenciar las memorias que se pierden por amnesias o enfermedades neurodegenerativas.\" \/>\n<meta property=\"og:url\" content=\"https:\/\/ibecbarcelona.eu\/es\/la-motivacio-reforca-laprenentatge-i-la-memoria\/\" \/>\n<meta property=\"og:site_name\" content=\"Institute for Bioengineering of Catalonia\" \/>\n<meta property=\"article:published_time\" content=\"2021-03-03T13:02:36+00:00\" \/>\n<meta property=\"article:modified_time\" content=\"2021-04-06T10:06:50+00:00\" \/>\n<meta property=\"og:image\" content=\"https:\/\/ibecbarcelona.eu\/wp-content\/uploads\/2021\/03\/cientifica2.jpg\" \/>\n\t<meta property=\"og:image:width\" content=\"350\" \/>\n\t<meta property=\"og:image:height\" content=\"200\" \/>\n\t<meta property=\"og:image:type\" content=\"image\/jpeg\" \/>\n<meta name=\"author\" content=\"\u00c0ngels L\u00f3pez\" \/>\n<meta name=\"twitter:card\" content=\"summary_large_image\" \/>\n<meta name=\"twitter:label1\" content=\"Escrito por\" \/>\n\t<meta name=\"twitter:data1\" content=\"\u00c0ngels L\u00f3pez\" \/>\n\t<meta name=\"twitter:label2\" content=\"Tiempo de lectura\" \/>\n\t<meta name=\"twitter:data2\" content=\"1 minuto\" \/>\n<script type=\"application\/ld+json\" class=\"yoast-schema-graph\">{\"@context\":\"https:\\\/\\\/schema.org\",\"@graph\":[{\"@type\":\"Article\",\"@id\":\"https:\\\/\\\/ibecbarcelona.eu\\\/es\\\/la-motivacio-reforca-laprenentatge-i-la-memoria\\\/#article\",\"isPartOf\":{\"@id\":\"https:\\\/\\\/ibecbarcelona.eu\\\/es\\\/la-motivacio-reforca-laprenentatge-i-la-memoria\\\/\"},\"author\":{\"name\":\"\u00c0ngels L\u00f3pez\",\"@id\":\"https:\\\/\\\/ibecbarcelona.eu\\\/#\\\/schema\\\/person\\\/c212c6b589546130be67986b9290e2b8\"},\"headline\":\"La voluntad es clave para potenciar el aprendizaje y la memoria: descubierto el mecanismo que lo hace posible\",\"datePublished\":\"2021-03-03T13:02:36+00:00\",\"dateModified\":\"2021-04-06T10:06:50+00:00\",\"mainEntityOfPage\":{\"@id\":\"https:\\\/\\\/ibecbarcelona.eu\\\/es\\\/la-motivacio-reforca-laprenentatge-i-la-memoria\\\/\"},\"wordCount\":184,\"publisher\":{\"@id\":\"https:\\\/\\\/ibecbarcelona.eu\\\/#organization\"},\"image\":{\"@id\":\"https:\\\/\\\/ibecbarcelona.eu\\\/es\\\/la-motivacio-reforca-laprenentatge-i-la-memoria\\\/#primaryimage\"},\"thumbnailUrl\":\"https:\\\/\\\/ibecbarcelona.eu\\\/wp-content\\\/uploads\\\/2021\\\/03\\\/cientifica2.jpg\",\"keywords\":[\"Paul Verschure\"],\"articleSection\":[\"IBEC en los medios\"],\"inLanguage\":\"es\"},{\"@type\":\"WebPage\",\"@id\":\"https:\\\/\\\/ibecbarcelona.eu\\\/es\\\/la-motivacio-reforca-laprenentatge-i-la-memoria\\\/\",\"url\":\"https:\\\/\\\/ibecbarcelona.eu\\\/es\\\/la-motivacio-reforca-laprenentatge-i-la-memoria\\\/\",\"name\":\"La voluntad es clave para potenciar el aprendizaje y la memoria: descubierto el mecanismo que lo hace posible - Institute for Bioengineering of Catalonia\",\"isPartOf\":{\"@id\":\"https:\\\/\\\/ibecbarcelona.eu\\\/#website\"},\"primaryImageOfPage\":{\"@id\":\"https:\\\/\\\/ibecbarcelona.eu\\\/es\\\/la-motivacio-reforca-laprenentatge-i-la-memoria\\\/#primaryimage\"},\"image\":{\"@id\":\"https:\\\/\\\/ibecbarcelona.eu\\\/es\\\/la-motivacio-reforca-laprenentatge-i-la-memoria\\\/#primaryimage\"},\"thumbnailUrl\":\"https:\\\/\\\/ibecbarcelona.eu\\\/wp-content\\\/uploads\\\/2021\\\/03\\\/cientifica2.jpg\",\"datePublished\":\"2021-03-03T13:02:36+00:00\",\"dateModified\":\"2021-04-06T10:06:50+00:00\",\"breadcrumb\":{\"@id\":\"https:\\\/\\\/ibecbarcelona.eu\\\/es\\\/la-motivacio-reforca-laprenentatge-i-la-memoria\\\/#breadcrumb\"},\"inLanguage\":\"es\",\"potentialAction\":[{\"@type\":\"ReadAction\",\"target\":[\"https:\\\/\\\/ibecbarcelona.eu\\\/es\\\/la-motivacio-reforca-laprenentatge-i-la-memoria\\\/\"]}]},{\"@type\":\"ImageObject\",\"inLanguage\":\"es\",\"@id\":\"https:\\\/\\\/ibecbarcelona.eu\\\/es\\\/la-motivacio-reforca-laprenentatge-i-la-memoria\\\/#primaryimage\",\"url\":\"https:\\\/\\\/ibecbarcelona.eu\\\/wp-content\\\/uploads\\\/2021\\\/03\\\/cientifica2.jpg\",\"contentUrl\":\"https:\\\/\\\/ibecbarcelona.eu\\\/wp-content\\\/uploads\\\/2021\\\/03\\\/cientifica2.jpg\",\"width\":350,\"height\":200},{\"@type\":\"BreadcrumbList\",\"@id\":\"https:\\\/\\\/ibecbarcelona.eu\\\/es\\\/la-motivacio-reforca-laprenentatge-i-la-memoria\\\/#breadcrumb\",\"itemListElement\":[{\"@type\":\"ListItem\",\"position\":1,\"name\":\"Home\",\"item\":\"https:\\\/\\\/ibecbarcelona.eu\\\/es\\\/\"},{\"@type\":\"ListItem\",\"position\":2,\"name\":\"La voluntad es clave para potenciar el aprendizaje y la memoria: descubierto el mecanismo que lo hace posible\"}]},{\"@type\":\"WebSite\",\"@id\":\"https:\\\/\\\/ibecbarcelona.eu\\\/#website\",\"url\":\"https:\\\/\\\/ibecbarcelona.eu\\\/\",\"name\":\"Institute for Bioengineering of Catalonia\",\"description\":\"Bioengineering solutions for health\",\"publisher\":{\"@id\":\"https:\\\/\\\/ibecbarcelona.eu\\\/#organization\"},\"potentialAction\":[{\"@type\":\"SearchAction\",\"target\":{\"@type\":\"EntryPoint\",\"urlTemplate\":\"https:\\\/\\\/ibecbarcelona.eu\\\/?s={search_term_string}\"},\"query-input\":{\"@type\":\"PropertyValueSpecification\",\"valueRequired\":true,\"valueName\":\"search_term_string\"}}],\"inLanguage\":\"es\"},{\"@type\":\"Organization\",\"@id\":\"https:\\\/\\\/ibecbarcelona.eu\\\/#organization\",\"name\":\"Institute for Bioengineering of Catalonia\",\"url\":\"https:\\\/\\\/ibecbarcelona.eu\\\/\",\"logo\":{\"@type\":\"ImageObject\",\"inLanguage\":\"es\",\"@id\":\"https:\\\/\\\/ibecbarcelona.eu\\\/#\\\/schema\\\/logo\\\/image\\\/\",\"url\":\"https:\\\/\\\/ibecbarcelona.eu\\\/wp-content\\\/uploads\\\/2026\\\/01\\\/cropped-IBEC_20ANYS_GRIS.png\",\"contentUrl\":\"https:\\\/\\\/ibecbarcelona.eu\\\/wp-content\\\/uploads\\\/2026\\\/01\\\/cropped-IBEC_20ANYS_GRIS.png\",\"width\":696,\"height\":257,\"caption\":\"Institute for Bioengineering of Catalonia\"},\"image\":{\"@id\":\"https:\\\/\\\/ibecbarcelona.eu\\\/#\\\/schema\\\/logo\\\/image\\\/\"}},{\"@type\":\"Person\",\"@id\":\"https:\\\/\\\/ibecbarcelona.eu\\\/#\\\/schema\\\/person\\\/c212c6b589546130be67986b9290e2b8\",\"name\":\"\u00c0ngels L\u00f3pez\",\"image\":{\"@type\":\"ImageObject\",\"inLanguage\":\"es\",\"@id\":\"https:\\\/\\\/secure.gravatar.com\\\/avatar\\\/09ad6ba116bea0b15c5511860f83b302579fd7404c1180e9dae55c3f11d988c6?s=96&d=mm&r=g\",\"url\":\"https:\\\/\\\/secure.gravatar.com\\\/avatar\\\/09ad6ba116bea0b15c5511860f83b302579fd7404c1180e9dae55c3f11d988c6?s=96&d=mm&r=g\",\"contentUrl\":\"https:\\\/\\\/secure.gravatar.com\\\/avatar\\\/09ad6ba116bea0b15c5511860f83b302579fd7404c1180e9dae55c3f11d988c6?s=96&d=mm&r=g\",\"caption\":\"\u00c0ngels L\u00f3pez\"},\"url\":\"https:\\\/\\\/ibecbarcelona.eu\\\/es\\\/author\\\/alopez\\\/\"}]}<\/script>\n<!-- \/ Yoast SEO plugin. -->","yoast_head_json":{"title":"La voluntad es clave para potenciar el aprendizaje y la memoria: descubierto el mecanismo que lo hace posible - Institute for Bioengineering of Catalonia","robots":{"index":"index","follow":"follow","max-snippet":"max-snippet:-1","max-image-preview":"max-image-preview:large","max-video-preview":"max-video-preview:-1"},"canonical":"https:\/\/ibecbarcelona.eu\/es\/la-motivacio-reforca-laprenentatge-i-la-memoria\/","og_locale":"es_ES","og_type":"article","og_title":"La voluntad es clave para potenciar el aprendizaje y la memoria: descubierto el mecanismo que lo hace posible - Institute for Bioengineering of Catalonia","og_description":"Un estudio liderado por SPECS lab revela, por primera vez en humanos, que las ondas theta que genera el hipocampo regulan la capacidad de las neuronas de fijar y recuperar informaci\u00f3n. Manipulando la oscilaci\u00f3n de estas ondas podr\u00edan, seg\u00fan los expertos, eliminar recuerdos traum\u00e1ticos o potenciar las memorias que se pierden por amnesias o enfermedades neurodegenerativas.","og_url":"https:\/\/ibecbarcelona.eu\/es\/la-motivacio-reforca-laprenentatge-i-la-memoria\/","og_site_name":"Institute for Bioengineering of Catalonia","article_published_time":"2021-03-03T13:02:36+00:00","article_modified_time":"2021-04-06T10:06:50+00:00","og_image":[{"width":350,"height":200,"url":"https:\/\/ibecbarcelona.eu\/wp-content\/uploads\/2021\/03\/cientifica2.jpg","type":"image\/jpeg"}],"author":"\u00c0ngels L\u00f3pez","twitter_card":"summary_large_image","twitter_misc":{"Escrito por":"\u00c0ngels L\u00f3pez","Tiempo de lectura":"1 minuto"},"schema":{"@context":"https:\/\/schema.org","@graph":[{"@type":"Article","@id":"https:\/\/ibecbarcelona.eu\/es\/la-motivacio-reforca-laprenentatge-i-la-memoria\/#article","isPartOf":{"@id":"https:\/\/ibecbarcelona.eu\/es\/la-motivacio-reforca-laprenentatge-i-la-memoria\/"},"author":{"name":"\u00c0ngels L\u00f3pez","@id":"https:\/\/ibecbarcelona.eu\/#\/schema\/person\/c212c6b589546130be67986b9290e2b8"},"headline":"La voluntad es clave para potenciar el aprendizaje y la memoria: descubierto el mecanismo que lo hace posible","datePublished":"2021-03-03T13:02:36+00:00","dateModified":"2021-04-06T10:06:50+00:00","mainEntityOfPage":{"@id":"https:\/\/ibecbarcelona.eu\/es\/la-motivacio-reforca-laprenentatge-i-la-memoria\/"},"wordCount":184,"publisher":{"@id":"https:\/\/ibecbarcelona.eu\/#organization"},"image":{"@id":"https:\/\/ibecbarcelona.eu\/es\/la-motivacio-reforca-laprenentatge-i-la-memoria\/#primaryimage"},"thumbnailUrl":"https:\/\/ibecbarcelona.eu\/wp-content\/uploads\/2021\/03\/cientifica2.jpg","keywords":["Paul Verschure"],"articleSection":["IBEC en los medios"],"inLanguage":"es"},{"@type":"WebPage","@id":"https:\/\/ibecbarcelona.eu\/es\/la-motivacio-reforca-laprenentatge-i-la-memoria\/","url":"https:\/\/ibecbarcelona.eu\/es\/la-motivacio-reforca-laprenentatge-i-la-memoria\/","name":"La voluntad es clave para potenciar el aprendizaje y la memoria: descubierto el mecanismo que lo hace posible - Institute for Bioengineering of Catalonia","isPartOf":{"@id":"https:\/\/ibecbarcelona.eu\/#website"},"primaryImageOfPage":{"@id":"https:\/\/ibecbarcelona.eu\/es\/la-motivacio-reforca-laprenentatge-i-la-memoria\/#primaryimage"},"image":{"@id":"https:\/\/ibecbarcelona.eu\/es\/la-motivacio-reforca-laprenentatge-i-la-memoria\/#primaryimage"},"thumbnailUrl":"https:\/\/ibecbarcelona.eu\/wp-content\/uploads\/2021\/03\/cientifica2.jpg","datePublished":"2021-03-03T13:02:36+00:00","dateModified":"2021-04-06T10:06:50+00:00","breadcrumb":{"@id":"https:\/\/ibecbarcelona.eu\/es\/la-motivacio-reforca-laprenentatge-i-la-memoria\/#breadcrumb"},"inLanguage":"es","potentialAction":[{"@type":"ReadAction","target":["https:\/\/ibecbarcelona.eu\/es\/la-motivacio-reforca-laprenentatge-i-la-memoria\/"]}]},{"@type":"ImageObject","inLanguage":"es","@id":"https:\/\/ibecbarcelona.eu\/es\/la-motivacio-reforca-laprenentatge-i-la-memoria\/#primaryimage","url":"https:\/\/ibecbarcelona.eu\/wp-content\/uploads\/2021\/03\/cientifica2.jpg","contentUrl":"https:\/\/ibecbarcelona.eu\/wp-content\/uploads\/2021\/03\/cientifica2.jpg","width":350,"height":200},{"@type":"BreadcrumbList","@id":"https:\/\/ibecbarcelona.eu\/es\/la-motivacio-reforca-laprenentatge-i-la-memoria\/#breadcrumb","itemListElement":[{"@type":"ListItem","position":1,"name":"Home","item":"https:\/\/ibecbarcelona.eu\/es\/"},{"@type":"ListItem","position":2,"name":"La voluntad es clave para potenciar el aprendizaje y la memoria: descubierto el mecanismo que lo hace posible"}]},{"@type":"WebSite","@id":"https:\/\/ibecbarcelona.eu\/#website","url":"https:\/\/ibecbarcelona.eu\/","name":"Institute for Bioengineering of Catalonia","description":"Bioengineering solutions for health","publisher":{"@id":"https:\/\/ibecbarcelona.eu\/#organization"},"potentialAction":[{"@type":"SearchAction","target":{"@type":"EntryPoint","urlTemplate":"https:\/\/ibecbarcelona.eu\/?s={search_term_string}"},"query-input":{"@type":"PropertyValueSpecification","valueRequired":true,"valueName":"search_term_string"}}],"inLanguage":"es"},{"@type":"Organization","@id":"https:\/\/ibecbarcelona.eu\/#organization","name":"Institute for Bioengineering of Catalonia","url":"https:\/\/ibecbarcelona.eu\/","logo":{"@type":"ImageObject","inLanguage":"es","@id":"https:\/\/ibecbarcelona.eu\/#\/schema\/logo\/image\/","url":"https:\/\/ibecbarcelona.eu\/wp-content\/uploads\/2026\/01\/cropped-IBEC_20ANYS_GRIS.png","contentUrl":"https:\/\/ibecbarcelona.eu\/wp-content\/uploads\/2026\/01\/cropped-IBEC_20ANYS_GRIS.png","width":696,"height":257,"caption":"Institute for Bioengineering of Catalonia"},"image":{"@id":"https:\/\/ibecbarcelona.eu\/#\/schema\/logo\/image\/"}},{"@type":"Person","@id":"https:\/\/ibecbarcelona.eu\/#\/schema\/person\/c212c6b589546130be67986b9290e2b8","name":"\u00c0ngels L\u00f3pez","image":{"@type":"ImageObject","inLanguage":"es","@id":"https:\/\/secure.gravatar.com\/avatar\/09ad6ba116bea0b15c5511860f83b302579fd7404c1180e9dae55c3f11d988c6?s=96&d=mm&r=g","url":"https:\/\/secure.gravatar.com\/avatar\/09ad6ba116bea0b15c5511860f83b302579fd7404c1180e9dae55c3f11d988c6?s=96&d=mm&r=g","contentUrl":"https:\/\/secure.gravatar.com\/avatar\/09ad6ba116bea0b15c5511860f83b302579fd7404c1180e9dae55c3f11d988c6?s=96&d=mm&r=g","caption":"\u00c0ngels L\u00f3pez"},"url":"https:\/\/ibecbarcelona.eu\/es\/author\/alopez\/"}]}},"AFP_featured_media_urls":{"full":["https:\/\/ibecbarcelona.eu\/wp-content\/uploads\/2021\/03\/cientifica2.jpg",350,200,false],"thumbnail":["https:\/\/ibecbarcelona.eu\/wp-content\/uploads\/2021\/03\/cientifica2-150x150.jpg",150,150,true],"medium":["https:\/\/ibecbarcelona.eu\/wp-content\/uploads\/2021\/03\/cientifica2-300x171.jpg",300,171,true],"medium_large":["https:\/\/ibecbarcelona.eu\/wp-content\/uploads\/2021\/03\/cientifica2.jpg",350,200,false],"large":["https:\/\/ibecbarcelona.eu\/wp-content\/uploads\/2021\/03\/cientifica2.jpg",350,200,false]},"AFP_attachments":{"full":["https:\/\/ibecbarcelona.eu\/wp-content\/uploads\/2021\/03\/cientifica2.jpg",350,200,false],"thumbnail":["https:\/\/ibecbarcelona.eu\/wp-content\/uploads\/2021\/03\/cientifica2-150x150.jpg",150,150,true],"medium":["https:\/\/ibecbarcelona.eu\/wp-content\/uploads\/2021\/03\/cientifica2-300x171.jpg",300,171,true],"medium_large":["https:\/\/ibecbarcelona.eu\/wp-content\/uploads\/2021\/03\/cientifica2.jpg",350,200,false],"large":["https:\/\/ibecbarcelona.eu\/wp-content\/uploads\/2021\/03\/cientifica2.jpg",350,200,false]},"AFP_videos":[],"AFP_video_blocks":"","AFP_category_names":["IBEC en los medios"],"_links":{"self":[{"href":"https:\/\/ibecbarcelona.eu\/es\/wp-json\/wp\/v2\/posts\/82455","targetHints":{"allow":["GET"]}}],"collection":[{"href":"https:\/\/ibecbarcelona.eu\/es\/wp-json\/wp\/v2\/posts"}],"about":[{"href":"https:\/\/ibecbarcelona.eu\/es\/wp-json\/wp\/v2\/types\/post"}],"author":[{"embeddable":true,"href":"https:\/\/ibecbarcelona.eu\/es\/wp-json\/wp\/v2\/users\/4"}],"replies":[{"embeddable":true,"href":"https:\/\/ibecbarcelona.eu\/es\/wp-json\/wp\/v2\/comments?post=82455"}],"version-history":[{"count":6,"href":"https:\/\/ibecbarcelona.eu\/es\/wp-json\/wp\/v2\/posts\/82455\/revisions"}],"predecessor-version":[{"id":83217,"href":"https:\/\/ibecbarcelona.eu\/es\/wp-json\/wp\/v2\/posts\/82455\/revisions\/83217"}],"wp:featuredmedia":[{"embeddable":true,"href":"https:\/\/ibecbarcelona.eu\/es\/wp-json\/wp\/v2\/media\/82230"}],"wp:attachment":[{"href":"https:\/\/ibecbarcelona.eu\/es\/wp-json\/wp\/v2\/media?parent=82455"}],"wp:term":[{"taxonomy":"category","embeddable":true,"href":"https:\/\/ibecbarcelona.eu\/es\/wp-json\/wp\/v2\/categories?post=82455"},{"taxonomy":"post_tag","embeddable":true,"href":"https:\/\/ibecbarcelona.eu\/es\/wp-json\/wp\/v2\/tags?post=82455"},{"taxonomy":"post_format","embeddable":true,"href":"https:\/\/ibecbarcelona.eu\/es\/wp-json\/wp\/v2\/post_formats?post=82455"}],"curies":[{"name":"wp","href":"https:\/\/api.w.org\/{rel}","templated":true}]}}