
{"id":84314,"date":"2021-05-14T09:26:48","date_gmt":"2021-05-14T07:26:48","guid":{"rendered":"https:\/\/ibecbarcelona.eu\/?p=84314"},"modified":"2021-05-26T09:08:24","modified_gmt":"2021-05-26T07:08:24","slug":"expertos-resaltan-la-importancia-de-la-nanomedicina-y-la-bioingenieria-para-hacer-frente-a-los-retos-sanitarios","status":"publish","type":"post","link":"https:\/\/ibecbarcelona.eu\/es\/expertos-resaltan-la-importancia-de-la-nanomedicina-y-la-bioingenieria-para-hacer-frente-a-los-retos-sanitarios\/","title":{"rendered":"Expertos resaltan la importancia de la nanomedicina y la bioingenier\u00eda para hacer frente a los retos \u00a0sanitarios"},"content":{"rendered":"<p><img decoding=\"async\" class=\"alignleft size-full wp-image-84315 lazyload\" data-src=\"https:\/\/ibecbarcelona.eu\/wp-content\/uploads\/2021\/05\/INAUGURACION-XIV-CONFERENCIA-12.jpg\" alt=\"\" width=\"1711\" height=\"694\" data-srcset=\"https:\/\/ibecbarcelona.eu\/wp-content\/uploads\/2021\/05\/INAUGURACION-XIV-CONFERENCIA-12.jpg 1711w, https:\/\/ibecbarcelona.eu\/wp-content\/uploads\/2021\/05\/INAUGURACION-XIV-CONFERENCIA-12-300x122.jpg 300w, https:\/\/ibecbarcelona.eu\/wp-content\/uploads\/2021\/05\/INAUGURACION-XIV-CONFERENCIA-12-1024x415.jpg 1024w, https:\/\/ibecbarcelona.eu\/wp-content\/uploads\/2021\/05\/INAUGURACION-XIV-CONFERENCIA-12-768x312.jpg 768w, https:\/\/ibecbarcelona.eu\/wp-content\/uploads\/2021\/05\/INAUGURACION-XIV-CONFERENCIA-12-1536x623.jpg 1536w, https:\/\/ibecbarcelona.eu\/wp-content\/uploads\/2021\/05\/INAUGURACION-XIV-CONFERENCIA-12-150x61.jpg 150w\" data-sizes=\"(max-width: 1711px) 100vw, 1711px\" src=\"data:image\/svg+xml;base64,PHN2ZyB3aWR0aD0iMSIgaGVpZ2h0PSIxIiB4bWxucz0iaHR0cDovL3d3dy53My5vcmcvMjAwMC9zdmciPjwvc3ZnPg==\" style=\"--smush-placeholder-width: 1711px; --smush-placeholder-aspect-ratio: 1711\/694;\" \/><\/p>\n<p>La pandemia provocada por el coronavirus ha revelado la importancia de la investigaci\u00f3n biom\u00e9dica en el mundo. Gracias al trabajo colaborativo que desde hace a\u00f1os desempe\u00f1an administraciones sanitarias, hospitales, investigadores, pacientes e industria farmac\u00e9utica, ha sido posible realizar ensayos que han conllevado beneficios para millones de pacientes. Sin embargo, es necesario fortalecer y potenciar esta investigaci\u00f3n b\u00e1sica y cl\u00ednica cada vez m\u00e1s internacional, abierta y cooperativa, por el bien de todos los ciudadanos y de la econom\u00eda. Y es que la investigaci\u00f3n biom\u00e9dica, junto con la transici\u00f3n ecol\u00f3gica y la digitalizaci\u00f3n se constituyen como vectores claves que determinar\u00e1n el futuro de nuestra sociedad.<\/p>\n<p>En este contexto, el 11 y 12 de mayo se celebr\u00f3, de forma virtual, la <a href=\"https:\/\/www.medicamentos-innovadores.org\/servlet\/medicamentosinnovadores\/EventosDetalle.html?id=1423878127749\">XIV Conferencia Anual de las Plataformas Tecnol\u00f3gicas de Investigaci\u00f3n Biom\u00e9dica<\/a>, con la presencia de relevantes actores del sector p\u00fablico y privado, y m\u00e1s de 700 personas participantes inscritos. Durante el acto de inauguraci\u00f3n, que cont\u00f3, entre otros, con la presencia del Ministro de Ciencia e Innovaci\u00f3n, Pedro Duque, y con el Coordinador de la Plataforma de Nanomedicina (<a href=\"http:\/\/nanomedspain.net\/\">NanoMed Spain<\/a>) y Director del IBEC, Josep Samitier, y representantes de <a href=\"https:\/\/www.asebio.com\/\">ASEBIO<\/a>, <a href=\"https:\/\/www.farmaindustria.es\/web\/\">Farmaindustria<\/a> y <a href=\"https:\/\/www.fenin.es\/\">FENIN<\/a>, se recalc\u00f3 precisamente la importancia de la inversi\u00f3n en ciencia y tecnolog\u00eda. En palabras de Samitier: \u201cEl \u00e1rea de la salud est\u00e1 experimentando un cambio de paradigma, hacia una medicina predictiva, preventiva, personalizada, participativa y de precisi\u00f3n y de cuidado integrado. Este cambio no se podr\u00e1 alcanzar sin las diferentes tecnolog\u00edas m\u00e9dicas, con especial importancia de la nanomedicina, que permitir\u00e1 ofrecer nuevas oportunidades para afrontar el desaf\u00edo con el incremento de la eficacia de los sistemas de salud, al mismo tiempo que limitando los costes\u201d. Samitier record\u00f3, adem\u00e1s, que dos de las vacunas que se administran actualmente en Espa\u00f1a est\u00e1n basadas en nanotecnolog\u00eda.<\/p>\n<p>Por todo ello, Samitier record\u00f3 tambi\u00e9n que, desde Nanomed Spain, se considera el apoyo a la investigaci\u00f3n y la colaboraci\u00f3n p\u00fablico-privada, un factor clave para situar a Espa\u00f1a en una posici\u00f3n relevante en innovaci\u00f3n biom\u00e9dica, garantizar una atenci\u00f3n sanitaria de calidad y contribuir a la recuperaci\u00f3n del pa\u00eds.<\/p>\n<blockquote><p><strong><em><img decoding=\"async\" class=\"alignleft size-medium wp-image-84318 lazyload\" data-src=\"https:\/\/ibecbarcelona.eu\/wp-content\/uploads\/2021\/05\/JSplataforma-300x173.jpg\" alt=\"\" width=\"300\" height=\"173\" data-srcset=\"https:\/\/ibecbarcelona.eu\/wp-content\/uploads\/2021\/05\/JSplataforma-300x173.jpg 300w, https:\/\/ibecbarcelona.eu\/wp-content\/uploads\/2021\/05\/JSplataforma-150x86.jpg 150w, https:\/\/ibecbarcelona.eu\/wp-content\/uploads\/2021\/05\/JSplataforma.jpg 478w\" data-sizes=\"(max-width: 300px) 100vw, 300px\" src=\"data:image\/svg+xml;base64,PHN2ZyB3aWR0aD0iMSIgaGVpZ2h0PSIxIiB4bWxucz0iaHR0cDovL3d3dy53My5vcmcvMjAwMC9zdmciPjwvc3ZnPg==\" style=\"--smush-placeholder-width: 300px; --smush-placeholder-aspect-ratio: 300\/173;\" \/>\u201cLa pandemia de COVID-19 ha demostrado la importancia de la nanomedicina para la sociedad y la econom\u00eda, contribuyendo al diagn\u00f3stico y a las terapias pero, sobre todo, al desarrollo de vacunas.\u201d<\/em><\/strong><\/p>\n<h6 style=\"text-align: right;\"><em><strong>Josep Samitier, Coordinador de NanoMed Spain y Director del IBEC<\/strong><\/em><\/h6>\n<\/blockquote>\n<p>&nbsp;<\/p>\n<p><strong>Organoides y SmartHealth contra la COVID19<\/strong><\/p>\n<p>En la sesi\u00f3n que tuvo lugar el 12 de mayo, Teresa Sanchis, Jefa de Iniciativas Estrat\u00e9gicas en el IBEC y Coordinadora Ejecutiva de la Plataforma NanoMed Spain, moder\u00f3 una una mesa redonda sobre SmartHealth, en la que particip\u00f3 la Profesora de Investigaci\u00f3n ICREA en IBEC, Nuria Montserrat, as\u00ed como Miguel \u00c1ngel Armengol, responsable del Departamento de Big Data de la Fundaci\u00f3n Progreso y Salud de la Consejer\u00eda de Salud de Andaluc\u00eda y Ra\u00fal Ferrer-Pe\u00f1a,\u00a0CEO de\u00a0la empresa SmartDyspnea.<\/p>\n<p>La Dra. Montserrat explic\u00f3 c\u00f3mo los organoides de bioingenier\u00eda de su laboratorio permitieron, en plena pandemia, estudiar la puerta de entrada del virus SARS-CoV-2 en las c\u00e9lulas, e identificar un f\u00e1rmaco en fase cl\u00ednica capaz de bloquear esta entrada en tejidos humanos. Para ello, los investigadores en Barcelona establecieron una colaboraci\u00f3n con cient\u00edficos de Austria y del Instituto Karolinska de Suecia, que ya hab\u00edan trabajado con virus de pacientes diagnosticados con covid-19. En palabras de Montserrat: \u00abEnviamos a Suecia los organoides generados en Barcelona para que fueran infectados, y pudimos poner a punto un circuito en el cual crecemos estos mini \u00f3rganos. Hoy en d\u00eda no solo de ri\u00f1\u00f3n, sino tambi\u00e9n g\u00e1stricos, de coraz\u00f3n y de vasos sangu\u00edneos. Y con \u00e9l pudimos entender c\u00f3mo el SARS-CoV2 infecta las c\u00e9lulas humanas\u00bb.<\/p>\n<p><em><strong><img decoding=\"async\" class=\"alignleft size-medium wp-image-84321 lazyload\" data-src=\"https:\/\/ibecbarcelona.eu\/wp-content\/uploads\/2021\/05\/NM-300x170.jpg\" alt=\"\" width=\"300\" height=\"170\" data-srcset=\"https:\/\/ibecbarcelona.eu\/wp-content\/uploads\/2021\/05\/NM-300x170.jpg 300w, https:\/\/ibecbarcelona.eu\/wp-content\/uploads\/2021\/05\/NM-1024x579.jpg 1024w, https:\/\/ibecbarcelona.eu\/wp-content\/uploads\/2021\/05\/NM-768x434.jpg 768w, https:\/\/ibecbarcelona.eu\/wp-content\/uploads\/2021\/05\/NM-230x130.jpg 230w, https:\/\/ibecbarcelona.eu\/wp-content\/uploads\/2021\/05\/NM-150x85.jpg 150w, https:\/\/ibecbarcelona.eu\/wp-content\/uploads\/2021\/05\/NM.jpg 1127w\" data-sizes=\"(max-width: 300px) 100vw, 300px\" src=\"data:image\/svg+xml;base64,PHN2ZyB3aWR0aD0iMSIgaGVpZ2h0PSIxIiB4bWxucz0iaHR0cDovL3d3dy53My5vcmcvMjAwMC9zdmciPjwvc3ZnPg==\" style=\"--smush-placeholder-width: 300px; --smush-placeholder-aspect-ratio: 300\/170;\" \/>Los biomodelos han dado muy buenos resultados con el COVID-19, y se abre una nueva era. En Espa\u00f1a tenemos un ecosistema enorme en cuanto a la generaci\u00f3n de estos biomodelos<\/strong><\/em><\/p>\n<h6 style=\"text-align: right;\"><strong>Nuria Montserrat, Profesora ICREA de investigaci\u00f3n en IBEC y referente internacional en investigaci\u00f3n mediante organoides<\/strong><\/h6>\n<p>&nbsp;<\/p>\n<p>&nbsp;<\/p>\n","protected":false},"excerpt":{"rendered":"<h3>Expertos del IBEC participan en la XIV Conferencia Anual de las Plataformas Tecnol\u00f3gicas de Investigaci\u00f3n Biom\u00e9dica, centrada en las oportunidades de investigaci\u00f3n tras la pandemia provocada por la COVID19. Josep Samitier, Teresa Sanchis y N\u00faria Montserrat resaltan los avances realizados en nanomedicina y bioingenier\u00eda para salud, y se unen a las voces que recomiendan incrementar los recursos destinados a todo el sector de la investigaci\u00f3n b\u00e1sica y cl\u00ednica.<\/h3>\n","protected":false},"author":4,"featured_media":84315,"comment_status":"closed","ping_status":"closed","sticky":false,"template":"","format":"standard","meta":{"footnotes":""},"categories":[94],"tags":[1223,1137,249,1124],"post_formats":[],"class_list":["post-84314","post","type-post","status-publish","format-standard","has-post-thumbnail","hentry","category-noticias-institucionales","tag-covid-es","tag-josep-samitier-es","tag-nanomedicina","tag-nuria-montserrat-es-2"],"yoast_head":"<!-- This site is optimized with the Yoast SEO plugin v27.4 - https:\/\/yoast.com\/product\/yoast-seo-wordpress\/ -->\n<title>Expertos resaltan la importancia de la nanomedicina y la bioingenier\u00eda para hacer frente a los retos \u00a0sanitarios - Institute for Bioengineering of Catalonia<\/title>\n<meta name=\"robots\" content=\"index, follow, max-snippet:-1, max-image-preview:large, max-video-preview:-1\" \/>\n<link rel=\"canonical\" href=\"https:\/\/ibecbarcelona.eu\/es\/expertos-resaltan-la-importancia-de-la-nanomedicina-y-la-bioingenieria-para-hacer-frente-a-los-retos-sanitarios\/\" \/>\n<meta property=\"og:locale\" content=\"es_ES\" \/>\n<meta property=\"og:type\" content=\"article\" \/>\n<meta property=\"og:title\" content=\"Expertos resaltan la importancia de la nanomedicina y la bioingenier\u00eda para hacer frente a los retos \u00a0sanitarios - Institute for Bioengineering of Catalonia\" \/>\n<meta property=\"og:description\" content=\"Expertos del IBEC participan en la XIV Conferencia Anual de las Plataformas Tecnol\u00f3gicas de Investigaci\u00f3n Biom\u00e9dica, centrada en las oportunidades de investigaci\u00f3n tras la pandemia provocada por la COVID19. Josep Samitier, Teresa Sanchis y N\u00faria Montserrat resaltan los avances realizados en nanomedicina y bioingenier\u00eda para salud, y se unen a las voces que recomiendan incrementar los recursos destinados a todo el sector de la investigaci\u00f3n b\u00e1sica y cl\u00ednica.\" \/>\n<meta property=\"og:url\" content=\"https:\/\/ibecbarcelona.eu\/es\/expertos-resaltan-la-importancia-de-la-nanomedicina-y-la-bioingenieria-para-hacer-frente-a-los-retos-sanitarios\/\" \/>\n<meta property=\"og:site_name\" content=\"Institute for Bioengineering of Catalonia\" \/>\n<meta property=\"article:published_time\" content=\"2021-05-14T07:26:48+00:00\" \/>\n<meta property=\"article:modified_time\" content=\"2021-05-26T07:08:24+00:00\" \/>\n<meta property=\"og:image\" content=\"https:\/\/ibecbarcelona.eu\/wp-content\/uploads\/2021\/05\/INAUGURACION-XIV-CONFERENCIA-12.jpg\" \/>\n\t<meta property=\"og:image:width\" content=\"1711\" \/>\n\t<meta property=\"og:image:height\" content=\"694\" \/>\n\t<meta property=\"og:image:type\" content=\"image\/jpeg\" \/>\n<meta name=\"author\" content=\"\u00c0ngels L\u00f3pez\" \/>\n<meta name=\"twitter:card\" content=\"summary_large_image\" \/>\n<meta name=\"twitter:label1\" content=\"Escrito por\" \/>\n\t<meta name=\"twitter:data1\" content=\"\u00c0ngels L\u00f3pez\" \/>\n\t<meta name=\"twitter:label2\" content=\"Tiempo de lectura\" \/>\n\t<meta name=\"twitter:data2\" content=\"4 minutos\" \/>\n<script type=\"application\/ld+json\" class=\"yoast-schema-graph\">{\"@context\":\"https:\\\/\\\/schema.org\",\"@graph\":[{\"@type\":\"Article\",\"@id\":\"https:\\\/\\\/ibecbarcelona.eu\\\/es\\\/expertos-resaltan-la-importancia-de-la-nanomedicina-y-la-bioingenieria-para-hacer-frente-a-los-retos-sanitarios\\\/#article\",\"isPartOf\":{\"@id\":\"https:\\\/\\\/ibecbarcelona.eu\\\/es\\\/expertos-resaltan-la-importancia-de-la-nanomedicina-y-la-bioingenieria-para-hacer-frente-a-los-retos-sanitarios\\\/\"},\"author\":{\"name\":\"\u00c0ngels L\u00f3pez\",\"@id\":\"https:\\\/\\\/ibecbarcelona.eu\\\/#\\\/schema\\\/person\\\/c212c6b589546130be67986b9290e2b8\"},\"headline\":\"Expertos resaltan la importancia de la nanomedicina y la bioingenier\u00eda para hacer frente a los retos \u00a0sanitarios\",\"datePublished\":\"2021-05-14T07:26:48+00:00\",\"dateModified\":\"2021-05-26T07:08:24+00:00\",\"mainEntityOfPage\":{\"@id\":\"https:\\\/\\\/ibecbarcelona.eu\\\/es\\\/expertos-resaltan-la-importancia-de-la-nanomedicina-y-la-bioingenieria-para-hacer-frente-a-los-retos-sanitarios\\\/\"},\"wordCount\":733,\"publisher\":{\"@id\":\"https:\\\/\\\/ibecbarcelona.eu\\\/#organization\"},\"image\":{\"@id\":\"https:\\\/\\\/ibecbarcelona.eu\\\/es\\\/expertos-resaltan-la-importancia-de-la-nanomedicina-y-la-bioingenieria-para-hacer-frente-a-los-retos-sanitarios\\\/#primaryimage\"},\"thumbnailUrl\":\"https:\\\/\\\/ibecbarcelona.eu\\\/wp-content\\\/uploads\\\/2021\\\/05\\\/INAUGURACION-XIV-CONFERENCIA-12.jpg\",\"keywords\":[\"COVID-19\",\"Josep Samitier\",\"nanomedicina\",\"Nuria Montserrat\"],\"articleSection\":[\"Noticias institucionales\"],\"inLanguage\":\"es\"},{\"@type\":\"WebPage\",\"@id\":\"https:\\\/\\\/ibecbarcelona.eu\\\/es\\\/expertos-resaltan-la-importancia-de-la-nanomedicina-y-la-bioingenieria-para-hacer-frente-a-los-retos-sanitarios\\\/\",\"url\":\"https:\\\/\\\/ibecbarcelona.eu\\\/es\\\/expertos-resaltan-la-importancia-de-la-nanomedicina-y-la-bioingenieria-para-hacer-frente-a-los-retos-sanitarios\\\/\",\"name\":\"Expertos resaltan la importancia de la nanomedicina y la bioingenier\u00eda para hacer frente a los retos \u00a0sanitarios - Institute for Bioengineering of Catalonia\",\"isPartOf\":{\"@id\":\"https:\\\/\\\/ibecbarcelona.eu\\\/#website\"},\"primaryImageOfPage\":{\"@id\":\"https:\\\/\\\/ibecbarcelona.eu\\\/es\\\/expertos-resaltan-la-importancia-de-la-nanomedicina-y-la-bioingenieria-para-hacer-frente-a-los-retos-sanitarios\\\/#primaryimage\"},\"image\":{\"@id\":\"https:\\\/\\\/ibecbarcelona.eu\\\/es\\\/expertos-resaltan-la-importancia-de-la-nanomedicina-y-la-bioingenieria-para-hacer-frente-a-los-retos-sanitarios\\\/#primaryimage\"},\"thumbnailUrl\":\"https:\\\/\\\/ibecbarcelona.eu\\\/wp-content\\\/uploads\\\/2021\\\/05\\\/INAUGURACION-XIV-CONFERENCIA-12.jpg\",\"datePublished\":\"2021-05-14T07:26:48+00:00\",\"dateModified\":\"2021-05-26T07:08:24+00:00\",\"breadcrumb\":{\"@id\":\"https:\\\/\\\/ibecbarcelona.eu\\\/es\\\/expertos-resaltan-la-importancia-de-la-nanomedicina-y-la-bioingenieria-para-hacer-frente-a-los-retos-sanitarios\\\/#breadcrumb\"},\"inLanguage\":\"es\",\"potentialAction\":[{\"@type\":\"ReadAction\",\"target\":[\"https:\\\/\\\/ibecbarcelona.eu\\\/es\\\/expertos-resaltan-la-importancia-de-la-nanomedicina-y-la-bioingenieria-para-hacer-frente-a-los-retos-sanitarios\\\/\"]}]},{\"@type\":\"ImageObject\",\"inLanguage\":\"es\",\"@id\":\"https:\\\/\\\/ibecbarcelona.eu\\\/es\\\/expertos-resaltan-la-importancia-de-la-nanomedicina-y-la-bioingenieria-para-hacer-frente-a-los-retos-sanitarios\\\/#primaryimage\",\"url\":\"https:\\\/\\\/ibecbarcelona.eu\\\/wp-content\\\/uploads\\\/2021\\\/05\\\/INAUGURACION-XIV-CONFERENCIA-12.jpg\",\"contentUrl\":\"https:\\\/\\\/ibecbarcelona.eu\\\/wp-content\\\/uploads\\\/2021\\\/05\\\/INAUGURACION-XIV-CONFERENCIA-12.jpg\",\"width\":1711,\"height\":694},{\"@type\":\"BreadcrumbList\",\"@id\":\"https:\\\/\\\/ibecbarcelona.eu\\\/es\\\/expertos-resaltan-la-importancia-de-la-nanomedicina-y-la-bioingenieria-para-hacer-frente-a-los-retos-sanitarios\\\/#breadcrumb\",\"itemListElement\":[{\"@type\":\"ListItem\",\"position\":1,\"name\":\"Home\",\"item\":\"https:\\\/\\\/ibecbarcelona.eu\\\/es\\\/\"},{\"@type\":\"ListItem\",\"position\":2,\"name\":\"Expertos resaltan la importancia de la nanomedicina y la bioingenier\u00eda para hacer frente a los retos \u00a0sanitarios\"}]},{\"@type\":\"WebSite\",\"@id\":\"https:\\\/\\\/ibecbarcelona.eu\\\/#website\",\"url\":\"https:\\\/\\\/ibecbarcelona.eu\\\/\",\"name\":\"Institute for Bioengineering of Catalonia\",\"description\":\"Bioengineering solutions for health\",\"publisher\":{\"@id\":\"https:\\\/\\\/ibecbarcelona.eu\\\/#organization\"},\"potentialAction\":[{\"@type\":\"SearchAction\",\"target\":{\"@type\":\"EntryPoint\",\"urlTemplate\":\"https:\\\/\\\/ibecbarcelona.eu\\\/?s={search_term_string}\"},\"query-input\":{\"@type\":\"PropertyValueSpecification\",\"valueRequired\":true,\"valueName\":\"search_term_string\"}}],\"inLanguage\":\"es\"},{\"@type\":\"Organization\",\"@id\":\"https:\\\/\\\/ibecbarcelona.eu\\\/#organization\",\"name\":\"Institute for Bioengineering of Catalonia\",\"url\":\"https:\\\/\\\/ibecbarcelona.eu\\\/\",\"logo\":{\"@type\":\"ImageObject\",\"inLanguage\":\"es\",\"@id\":\"https:\\\/\\\/ibecbarcelona.eu\\\/#\\\/schema\\\/logo\\\/image\\\/\",\"url\":\"https:\\\/\\\/ibecbarcelona.eu\\\/wp-content\\\/uploads\\\/2026\\\/01\\\/cropped-IBEC_20ANYS_GRIS.png\",\"contentUrl\":\"https:\\\/\\\/ibecbarcelona.eu\\\/wp-content\\\/uploads\\\/2026\\\/01\\\/cropped-IBEC_20ANYS_GRIS.png\",\"width\":696,\"height\":257,\"caption\":\"Institute for Bioengineering of Catalonia\"},\"image\":{\"@id\":\"https:\\\/\\\/ibecbarcelona.eu\\\/#\\\/schema\\\/logo\\\/image\\\/\"}},{\"@type\":\"Person\",\"@id\":\"https:\\\/\\\/ibecbarcelona.eu\\\/#\\\/schema\\\/person\\\/c212c6b589546130be67986b9290e2b8\",\"name\":\"\u00c0ngels L\u00f3pez\",\"image\":{\"@type\":\"ImageObject\",\"inLanguage\":\"es\",\"@id\":\"https:\\\/\\\/secure.gravatar.com\\\/avatar\\\/09ad6ba116bea0b15c5511860f83b302579fd7404c1180e9dae55c3f11d988c6?s=96&d=mm&r=g\",\"url\":\"https:\\\/\\\/secure.gravatar.com\\\/avatar\\\/09ad6ba116bea0b15c5511860f83b302579fd7404c1180e9dae55c3f11d988c6?s=96&d=mm&r=g\",\"contentUrl\":\"https:\\\/\\\/secure.gravatar.com\\\/avatar\\\/09ad6ba116bea0b15c5511860f83b302579fd7404c1180e9dae55c3f11d988c6?s=96&d=mm&r=g\",\"caption\":\"\u00c0ngels L\u00f3pez\"},\"url\":\"https:\\\/\\\/ibecbarcelona.eu\\\/es\\\/author\\\/alopez\\\/\"}]}<\/script>\n<!-- \/ Yoast SEO plugin. -->","yoast_head_json":{"title":"Expertos resaltan la importancia de la nanomedicina y la bioingenier\u00eda para hacer frente a los retos \u00a0sanitarios - Institute for Bioengineering of Catalonia","robots":{"index":"index","follow":"follow","max-snippet":"max-snippet:-1","max-image-preview":"max-image-preview:large","max-video-preview":"max-video-preview:-1"},"canonical":"https:\/\/ibecbarcelona.eu\/es\/expertos-resaltan-la-importancia-de-la-nanomedicina-y-la-bioingenieria-para-hacer-frente-a-los-retos-sanitarios\/","og_locale":"es_ES","og_type":"article","og_title":"Expertos resaltan la importancia de la nanomedicina y la bioingenier\u00eda para hacer frente a los retos \u00a0sanitarios - Institute for Bioengineering of Catalonia","og_description":"Expertos del IBEC participan en la XIV Conferencia Anual de las Plataformas Tecnol\u00f3gicas de Investigaci\u00f3n Biom\u00e9dica, centrada en las oportunidades de investigaci\u00f3n tras la pandemia provocada por la COVID19. Josep Samitier, Teresa Sanchis y N\u00faria Montserrat resaltan los avances realizados en nanomedicina y bioingenier\u00eda para salud, y se unen a las voces que recomiendan incrementar los recursos destinados a todo el sector de la investigaci\u00f3n b\u00e1sica y cl\u00ednica.","og_url":"https:\/\/ibecbarcelona.eu\/es\/expertos-resaltan-la-importancia-de-la-nanomedicina-y-la-bioingenieria-para-hacer-frente-a-los-retos-sanitarios\/","og_site_name":"Institute for Bioengineering of Catalonia","article_published_time":"2021-05-14T07:26:48+00:00","article_modified_time":"2021-05-26T07:08:24+00:00","og_image":[{"width":1711,"height":694,"url":"https:\/\/ibecbarcelona.eu\/wp-content\/uploads\/2021\/05\/INAUGURACION-XIV-CONFERENCIA-12.jpg","type":"image\/jpeg"}],"author":"\u00c0ngels L\u00f3pez","twitter_card":"summary_large_image","twitter_misc":{"Escrito por":"\u00c0ngels L\u00f3pez","Tiempo de lectura":"4 minutos"},"schema":{"@context":"https:\/\/schema.org","@graph":[{"@type":"Article","@id":"https:\/\/ibecbarcelona.eu\/es\/expertos-resaltan-la-importancia-de-la-nanomedicina-y-la-bioingenieria-para-hacer-frente-a-los-retos-sanitarios\/#article","isPartOf":{"@id":"https:\/\/ibecbarcelona.eu\/es\/expertos-resaltan-la-importancia-de-la-nanomedicina-y-la-bioingenieria-para-hacer-frente-a-los-retos-sanitarios\/"},"author":{"name":"\u00c0ngels L\u00f3pez","@id":"https:\/\/ibecbarcelona.eu\/#\/schema\/person\/c212c6b589546130be67986b9290e2b8"},"headline":"Expertos resaltan la importancia de la nanomedicina y la bioingenier\u00eda para hacer frente a los retos \u00a0sanitarios","datePublished":"2021-05-14T07:26:48+00:00","dateModified":"2021-05-26T07:08:24+00:00","mainEntityOfPage":{"@id":"https:\/\/ibecbarcelona.eu\/es\/expertos-resaltan-la-importancia-de-la-nanomedicina-y-la-bioingenieria-para-hacer-frente-a-los-retos-sanitarios\/"},"wordCount":733,"publisher":{"@id":"https:\/\/ibecbarcelona.eu\/#organization"},"image":{"@id":"https:\/\/ibecbarcelona.eu\/es\/expertos-resaltan-la-importancia-de-la-nanomedicina-y-la-bioingenieria-para-hacer-frente-a-los-retos-sanitarios\/#primaryimage"},"thumbnailUrl":"https:\/\/ibecbarcelona.eu\/wp-content\/uploads\/2021\/05\/INAUGURACION-XIV-CONFERENCIA-12.jpg","keywords":["COVID-19","Josep Samitier","nanomedicina","Nuria Montserrat"],"articleSection":["Noticias institucionales"],"inLanguage":"es"},{"@type":"WebPage","@id":"https:\/\/ibecbarcelona.eu\/es\/expertos-resaltan-la-importancia-de-la-nanomedicina-y-la-bioingenieria-para-hacer-frente-a-los-retos-sanitarios\/","url":"https:\/\/ibecbarcelona.eu\/es\/expertos-resaltan-la-importancia-de-la-nanomedicina-y-la-bioingenieria-para-hacer-frente-a-los-retos-sanitarios\/","name":"Expertos resaltan la importancia de la nanomedicina y la bioingenier\u00eda para hacer frente a los retos \u00a0sanitarios - Institute for Bioengineering of Catalonia","isPartOf":{"@id":"https:\/\/ibecbarcelona.eu\/#website"},"primaryImageOfPage":{"@id":"https:\/\/ibecbarcelona.eu\/es\/expertos-resaltan-la-importancia-de-la-nanomedicina-y-la-bioingenieria-para-hacer-frente-a-los-retos-sanitarios\/#primaryimage"},"image":{"@id":"https:\/\/ibecbarcelona.eu\/es\/expertos-resaltan-la-importancia-de-la-nanomedicina-y-la-bioingenieria-para-hacer-frente-a-los-retos-sanitarios\/#primaryimage"},"thumbnailUrl":"https:\/\/ibecbarcelona.eu\/wp-content\/uploads\/2021\/05\/INAUGURACION-XIV-CONFERENCIA-12.jpg","datePublished":"2021-05-14T07:26:48+00:00","dateModified":"2021-05-26T07:08:24+00:00","breadcrumb":{"@id":"https:\/\/ibecbarcelona.eu\/es\/expertos-resaltan-la-importancia-de-la-nanomedicina-y-la-bioingenieria-para-hacer-frente-a-los-retos-sanitarios\/#breadcrumb"},"inLanguage":"es","potentialAction":[{"@type":"ReadAction","target":["https:\/\/ibecbarcelona.eu\/es\/expertos-resaltan-la-importancia-de-la-nanomedicina-y-la-bioingenieria-para-hacer-frente-a-los-retos-sanitarios\/"]}]},{"@type":"ImageObject","inLanguage":"es","@id":"https:\/\/ibecbarcelona.eu\/es\/expertos-resaltan-la-importancia-de-la-nanomedicina-y-la-bioingenieria-para-hacer-frente-a-los-retos-sanitarios\/#primaryimage","url":"https:\/\/ibecbarcelona.eu\/wp-content\/uploads\/2021\/05\/INAUGURACION-XIV-CONFERENCIA-12.jpg","contentUrl":"https:\/\/ibecbarcelona.eu\/wp-content\/uploads\/2021\/05\/INAUGURACION-XIV-CONFERENCIA-12.jpg","width":1711,"height":694},{"@type":"BreadcrumbList","@id":"https:\/\/ibecbarcelona.eu\/es\/expertos-resaltan-la-importancia-de-la-nanomedicina-y-la-bioingenieria-para-hacer-frente-a-los-retos-sanitarios\/#breadcrumb","itemListElement":[{"@type":"ListItem","position":1,"name":"Home","item":"https:\/\/ibecbarcelona.eu\/es\/"},{"@type":"ListItem","position":2,"name":"Expertos resaltan la importancia de la nanomedicina y la bioingenier\u00eda para hacer frente a los retos \u00a0sanitarios"}]},{"@type":"WebSite","@id":"https:\/\/ibecbarcelona.eu\/#website","url":"https:\/\/ibecbarcelona.eu\/","name":"Institute for Bioengineering of Catalonia","description":"Bioengineering solutions for health","publisher":{"@id":"https:\/\/ibecbarcelona.eu\/#organization"},"potentialAction":[{"@type":"SearchAction","target":{"@type":"EntryPoint","urlTemplate":"https:\/\/ibecbarcelona.eu\/?s={search_term_string}"},"query-input":{"@type":"PropertyValueSpecification","valueRequired":true,"valueName":"search_term_string"}}],"inLanguage":"es"},{"@type":"Organization","@id":"https:\/\/ibecbarcelona.eu\/#organization","name":"Institute for Bioengineering of Catalonia","url":"https:\/\/ibecbarcelona.eu\/","logo":{"@type":"ImageObject","inLanguage":"es","@id":"https:\/\/ibecbarcelona.eu\/#\/schema\/logo\/image\/","url":"https:\/\/ibecbarcelona.eu\/wp-content\/uploads\/2026\/01\/cropped-IBEC_20ANYS_GRIS.png","contentUrl":"https:\/\/ibecbarcelona.eu\/wp-content\/uploads\/2026\/01\/cropped-IBEC_20ANYS_GRIS.png","width":696,"height":257,"caption":"Institute for Bioengineering of Catalonia"},"image":{"@id":"https:\/\/ibecbarcelona.eu\/#\/schema\/logo\/image\/"}},{"@type":"Person","@id":"https:\/\/ibecbarcelona.eu\/#\/schema\/person\/c212c6b589546130be67986b9290e2b8","name":"\u00c0ngels L\u00f3pez","image":{"@type":"ImageObject","inLanguage":"es","@id":"https:\/\/secure.gravatar.com\/avatar\/09ad6ba116bea0b15c5511860f83b302579fd7404c1180e9dae55c3f11d988c6?s=96&d=mm&r=g","url":"https:\/\/secure.gravatar.com\/avatar\/09ad6ba116bea0b15c5511860f83b302579fd7404c1180e9dae55c3f11d988c6?s=96&d=mm&r=g","contentUrl":"https:\/\/secure.gravatar.com\/avatar\/09ad6ba116bea0b15c5511860f83b302579fd7404c1180e9dae55c3f11d988c6?s=96&d=mm&r=g","caption":"\u00c0ngels L\u00f3pez"},"url":"https:\/\/ibecbarcelona.eu\/es\/author\/alopez\/"}]}},"AFP_featured_media_urls":{"full":["https:\/\/ibecbarcelona.eu\/wp-content\/uploads\/2021\/05\/INAUGURACION-XIV-CONFERENCIA-12.jpg",1711,694,false],"thumbnail":["https:\/\/ibecbarcelona.eu\/wp-content\/uploads\/2021\/05\/INAUGURACION-XIV-CONFERENCIA-12-150x150.jpg",150,150,true],"medium":["https:\/\/ibecbarcelona.eu\/wp-content\/uploads\/2021\/05\/INAUGURACION-XIV-CONFERENCIA-12-300x122.jpg",300,122,true],"medium_large":["https:\/\/ibecbarcelona.eu\/wp-content\/uploads\/2021\/05\/INAUGURACION-XIV-CONFERENCIA-12-768x312.jpg",768,312,true],"large":["https:\/\/ibecbarcelona.eu\/wp-content\/uploads\/2021\/05\/INAUGURACION-XIV-CONFERENCIA-12-1024x415.jpg",1024,415,true]},"AFP_attachments":{"full":["https:\/\/ibecbarcelona.eu\/wp-content\/uploads\/2021\/05\/INAUGURACION-XIV-CONFERENCIA-12.jpg",1711,694,false],"thumbnail":["https:\/\/ibecbarcelona.eu\/wp-content\/uploads\/2021\/05\/INAUGURACION-XIV-CONFERENCIA-12-150x150.jpg",150,150,true],"medium":["https:\/\/ibecbarcelona.eu\/wp-content\/uploads\/2021\/05\/INAUGURACION-XIV-CONFERENCIA-12-300x122.jpg",300,122,true],"medium_large":["https:\/\/ibecbarcelona.eu\/wp-content\/uploads\/2021\/05\/INAUGURACION-XIV-CONFERENCIA-12-768x312.jpg",768,312,true],"large":["https:\/\/ibecbarcelona.eu\/wp-content\/uploads\/2021\/05\/INAUGURACION-XIV-CONFERENCIA-12-1024x415.jpg",1024,415,true]},"AFP_videos":[],"AFP_video_blocks":"","AFP_category_names":["Noticias institucionales"],"_links":{"self":[{"href":"https:\/\/ibecbarcelona.eu\/es\/wp-json\/wp\/v2\/posts\/84314","targetHints":{"allow":["GET"]}}],"collection":[{"href":"https:\/\/ibecbarcelona.eu\/es\/wp-json\/wp\/v2\/posts"}],"about":[{"href":"https:\/\/ibecbarcelona.eu\/es\/wp-json\/wp\/v2\/types\/post"}],"author":[{"embeddable":true,"href":"https:\/\/ibecbarcelona.eu\/es\/wp-json\/wp\/v2\/users\/4"}],"replies":[{"embeddable":true,"href":"https:\/\/ibecbarcelona.eu\/es\/wp-json\/wp\/v2\/comments?post=84314"}],"version-history":[{"count":9,"href":"https:\/\/ibecbarcelona.eu\/es\/wp-json\/wp\/v2\/posts\/84314\/revisions"}],"predecessor-version":[{"id":84496,"href":"https:\/\/ibecbarcelona.eu\/es\/wp-json\/wp\/v2\/posts\/84314\/revisions\/84496"}],"wp:featuredmedia":[{"embeddable":true,"href":"https:\/\/ibecbarcelona.eu\/es\/wp-json\/wp\/v2\/media\/84315"}],"wp:attachment":[{"href":"https:\/\/ibecbarcelona.eu\/es\/wp-json\/wp\/v2\/media?parent=84314"}],"wp:term":[{"taxonomy":"category","embeddable":true,"href":"https:\/\/ibecbarcelona.eu\/es\/wp-json\/wp\/v2\/categories?post=84314"},{"taxonomy":"post_tag","embeddable":true,"href":"https:\/\/ibecbarcelona.eu\/es\/wp-json\/wp\/v2\/tags?post=84314"},{"taxonomy":"post_format","embeddable":true,"href":"https:\/\/ibecbarcelona.eu\/es\/wp-json\/wp\/v2\/post_formats?post=84314"}],"curies":[{"name":"wp","href":"https:\/\/api.w.org\/{rel}","templated":true}]}}