
{"id":84497,"date":"2021-05-26T12:00:08","date_gmt":"2021-05-26T10:00:08","guid":{"rendered":"https:\/\/ibecbarcelona.eu\/?p=84497"},"modified":"2021-05-26T12:15:06","modified_gmt":"2021-05-26T10:15:06","slug":"investigadores-clinicos-y-en-bioingenieria-aceleran-juntos-hacia-la-medicina-del-futuro","status":"publish","type":"post","link":"https:\/\/ibecbarcelona.eu\/es\/investigadores-clinicos-y-en-bioingenieria-aceleran-juntos-hacia-la-medicina-del-futuro\/","title":{"rendered":"Investigadores cl\u00ednicos y en bioingenier\u00eda aceleran juntos hacia la medicina del futuro"},"content":{"rendered":"<figure id=\"attachment_84498\" aria-describedby=\"caption-attachment-84498\" style=\"width: 2550px\" class=\"wp-caption aligncenter\"><img decoding=\"async\" class=\"size-full wp-image-84498 lazyload\" data-src=\"https:\/\/ibecbarcelona.eu\/wp-content\/uploads\/2021\/05\/lab-assistant-sitting-laboratory-taking-urine-samples-checking-bacteria-scaled.jpg\" alt=\"\" width=\"2560\" height=\"1119\" data-srcset=\"https:\/\/ibecbarcelona.eu\/wp-content\/uploads\/2021\/05\/lab-assistant-sitting-laboratory-taking-urine-samples-checking-bacteria-scaled.jpg 2560w, https:\/\/ibecbarcelona.eu\/wp-content\/uploads\/2021\/05\/lab-assistant-sitting-laboratory-taking-urine-samples-checking-bacteria-300x131.jpg 300w, https:\/\/ibecbarcelona.eu\/wp-content\/uploads\/2021\/05\/lab-assistant-sitting-laboratory-taking-urine-samples-checking-bacteria-1024x448.jpg 1024w, https:\/\/ibecbarcelona.eu\/wp-content\/uploads\/2021\/05\/lab-assistant-sitting-laboratory-taking-urine-samples-checking-bacteria-768x336.jpg 768w, https:\/\/ibecbarcelona.eu\/wp-content\/uploads\/2021\/05\/lab-assistant-sitting-laboratory-taking-urine-samples-checking-bacteria-1536x672.jpg 1536w, https:\/\/ibecbarcelona.eu\/wp-content\/uploads\/2021\/05\/lab-assistant-sitting-laboratory-taking-urine-samples-checking-bacteria-2048x895.jpg 2048w, https:\/\/ibecbarcelona.eu\/wp-content\/uploads\/2021\/05\/lab-assistant-sitting-laboratory-taking-urine-samples-checking-bacteria-150x66.jpg 150w\" data-sizes=\"(max-width: 2560px) 100vw, 2560px\" src=\"data:image\/svg+xml;base64,PHN2ZyB3aWR0aD0iMSIgaGVpZ2h0PSIxIiB4bWxucz0iaHR0cDovL3d3dy53My5vcmcvMjAwMC9zdmciPjwvc3ZnPg==\" style=\"--smush-placeholder-width: 2560px; --smush-placeholder-aspect-ratio: 2560\/1119;\" \/><figcaption id=\"caption-attachment-84498\" class=\"wp-caption-text\">Asistente de laboratorio tomando muestras de orina para controlar las bacterias.<\/figcaption><\/figure>\n<p><span data-contrast=\"auto\">El \u00e9xito de la investigaci\u00f3n biom\u00e9dica traslacional, aquella que busca soluciones a problemas de salud, requiere una combinaci\u00f3n de conocimientos y competencias cient\u00edficas, m\u00e9dicas y de bioingenier\u00eda. En este contexto, y dentro de las estrategias comunes del VHIR y\u00a0el\u00a0IBEC de fortalecer la investigaci\u00f3n traslacional y de innovaci\u00f3n, las direcciones de ambas instituciones han reafirmado la voluntad de colaboraci\u00f3n. Entre las acciones que ya se impulsan se encuentran, por ejemplo, la creaci\u00f3n de unidades mixtas, la compartici\u00f3n de espacios y recursos, o el intercambio y\u00a0co-supervisi\u00f3n\u00a0de investigadores en diferentes momentos de su carrera profesional, como m\u00e9dicos residentes, investigadores predoctorales y postdoctorales.<\/span><span data-ccp-props=\"{&quot;201341983&quot;:0,&quot;335551550&quot;:6,&quot;335551620&quot;:6,&quot;335559739&quot;:160,&quot;335559740&quot;:259,&quot;469777462&quot;:[1140],&quot;469777927&quot;:[0],&quot;469777928&quot;:[1]}\">\u00a0<\/span><\/p>\n<p><span data-contrast=\"auto\">M\u00e1s recientemente, el VHIR y el\u00a0IBEC celebraron el 17 de mayo su 2\u00aa jornada traslacional. Estas jornadas tienen el objetivo de acercar la investigaci\u00f3n b\u00e1sica\u00a0a\u00a0la cl\u00ednica\u00a0y conocer,\u00a0de primera mano,\u00a0los problemas a los que se enfrentan los cl\u00ednicos y qu\u00e9 herramientas y potenciales soluciones\u00a0les\u00a0puede aportar la bioingenier\u00eda. La 1\u00aa jornada, celebrada el 11 de febrero, gir\u00f3 en torno a las enfermedades raras y participaron 15 grupos de VHIR y IBEC que intercambiaron experiencias sobre el abordaje de enfermedades raras neuromusculares y neurodegenerativas, fetales, de neurolog\u00eda pedi\u00e1trica, endocrinas, respiratorias, fibrosis qu\u00edstica, de inmunodeficiencia o mitocondriales.<\/span><span data-ccp-props=\"{&quot;201341983&quot;:0,&quot;335551550&quot;:6,&quot;335551620&quot;:6,&quot;335559739&quot;:160,&quot;335559740&quot;:259,&quot;469777462&quot;:[1140],&quot;469777927&quot;:[0],&quot;469777928&quot;:[1]}\">\u00a0<\/span><\/p>\n<p><span data-contrast=\"auto\">La 2\u00aa jornada, celebrada el 17 de mayo estuvo centrada en las terapias avanzadas, con la participaci\u00f3n de 15 grupos que presentaron algunas terapias prometedoras como la\u00a0edici\u00f3n g\u00e9nica, la utilizaci\u00f3n de c\u00e9lulas madre, la generaci\u00f3n de\u00a0organoides, terapias avanzadas\u00a0con\u00a0f\u00e1rmacos, o de medicina regenerativa.<\/span><span data-ccp-props=\"{&quot;201341983&quot;:0,&quot;335551550&quot;:6,&quot;335551620&quot;:6,&quot;335559739&quot;:160,&quot;335559740&quot;:259,&quot;469777462&quot;:[1140],&quot;469777927&quot;:[0],&quot;469777928&quot;:[1]}\">\u00a0<\/span><\/p>\n<p><span data-contrast=\"auto\">El VHIR y el IBEC tienen un largo historial de investigaci\u00f3n conjunta. Ya en 2012 ambas instituciones firmaron un convenio marco para establecer una alianza\u00a0que ha dado lugar a m\u00faltiples colaboraciones, entre otras,\u00a0en enfermedades infecciosas, neurodegenerativas, enfermedades raras, renales, regeneraci\u00f3n de tejidos, tumores s\u00f3lidos, c\u00e1ncer pedi\u00e1trico o Parkinson.<\/span><span data-ccp-props=\"{&quot;201341983&quot;:0,&quot;335551550&quot;:6,&quot;335551620&quot;:6,&quot;335559739&quot;:160,&quot;335559740&quot;:259,&quot;469777462&quot;:[1140],&quot;469777927&quot;:[0],&quot;469777928&quot;:[1]}\">\u00a0<\/span><\/p>\n<hr \/>\n<hr \/>\n<p><strong>Sobre el VHIR\u00a0<\/strong><\/p>\n<p><span data-contrast=\"auto\">El Vall\u00a0d&#8217;Hebron\u00a0Institut\u00a0de Recerca (VHIR) es una instituci\u00f3n\u00a0CERCA\u00a0del sector p\u00fablico que promueve y desarrolla la investigaci\u00f3n, la innovaci\u00f3n y la docencia biosanitaria del Hospital Universitario Vall\u00a0d&#8217;Hebron, el m\u00e1s grande del Instituto Catal\u00e1n de la Salud (ICS). Desde su creaci\u00f3n, en 1994, el VHIR trabaja\u00a0para\u00a0identificar y aplicar nuevas soluciones a los problemas de salud de la sociedad y contribuir a extenderlas por todo el mundo.<\/span><span data-ccp-props=\"{&quot;201341983&quot;:0,&quot;335551550&quot;:6,&quot;335551620&quot;:6,&quot;335559739&quot;:160,&quot;335559740&quot;:259,&quot;469777462&quot;:[1140],&quot;469777927&quot;:[0],&quot;469777928&quot;:[1]}\">\u00a0<\/span><\/p>\n<p>&nbsp;<\/p>\n<p><strong>Sobre\u00a0el\u00a0IBEC\u00a0<\/strong><\/p>\n<p><span data-contrast=\"auto\">El Instituto de Bioingenier\u00eda de Catalu\u00f1a (IBEC) es un centro\u00a0CERCA, dos veces reconocido como Centro de Excelencia Severo Ochoa,\u00a0y\u00a0poseedor del\u00a0sello TECNIO como facilitador de tecnolog\u00eda diferencial otorgado por la Generalitat de Catalu\u00f1a. Tambi\u00e9n es miembro del Instituto de Ciencia y Tecnolog\u00eda de Barcelona (BIST). El IBEC lleva a cabo investigaciones multidisciplinares de excelencia en la frontera entre la ingenier\u00eda y las ciencias de la vida para generar conocimiento y contribuir a soluciones a problemas de salud.<\/span><span data-ccp-props=\"{&quot;201341983&quot;:0,&quot;335559739&quot;:160,&quot;335559740&quot;:259,&quot;469777462&quot;:[1140],&quot;469777927&quot;:[0],&quot;469777928&quot;:[1]}\">\u00a0<\/span><\/p>\n","protected":false},"excerpt":{"rendered":"<h3>El Vall d&#8217;Hebron Institut de Recerca (VHIR) y el Instituto de Bioingenier\u00eda de Catalu\u00f1a (IBEC) intensifican su colaboraci\u00f3n para hacer frente a los retos en salud. Con las \u00faltimas jornadas traslacionales, ambas instituciones refuerzan la alianza firmada el 2012 para hacer frente, entre otras, a las enfermedades infecciosas, neurodegenerativas, enfermedades raras, regeneraci\u00f3n de tejidos, c\u00e1ncer pedi\u00e1trico o Parkinson. <\/h3>\n","protected":false},"author":4,"featured_media":84501,"comment_status":"closed","ping_status":"closed","sticky":false,"template":"","format":"standard","meta":{"footnotes":""},"categories":[94],"tags":[1496],"post_formats":[],"class_list":["post-84497","post","type-post","status-publish","format-standard","has-post-thumbnail","hentry","category-noticias-institucionales","tag-vhir"],"yoast_head":"<!-- This site is optimized with the Yoast SEO plugin v27.5 - https:\/\/yoast.com\/product\/yoast-seo-wordpress\/ -->\n<title>Investigadores cl\u00ednicos y en bioingenier\u00eda aceleran juntos hacia la medicina del futuro - Institute for Bioengineering of Catalonia<\/title>\n<meta name=\"robots\" content=\"index, follow, max-snippet:-1, max-image-preview:large, max-video-preview:-1\" \/>\n<link rel=\"canonical\" href=\"https:\/\/ibecbarcelona.eu\/es\/investigadores-clinicos-y-en-bioingenieria-aceleran-juntos-hacia-la-medicina-del-futuro\/\" \/>\n<meta property=\"og:locale\" content=\"es_ES\" \/>\n<meta property=\"og:type\" content=\"article\" \/>\n<meta property=\"og:title\" content=\"Investigadores cl\u00ednicos y en bioingenier\u00eda aceleran juntos hacia la medicina del futuro - Institute for Bioengineering of Catalonia\" \/>\n<meta property=\"og:description\" content=\"El Vall d&#039;Hebron Institut de Recerca (VHIR) y el Instituto de Bioingenier\u00eda de Catalu\u00f1a (IBEC) intensifican su colaboraci\u00f3n para hacer frente a los retos en salud. Con las \u00faltimas jornadas traslacionales, ambas instituciones refuerzan la alianza firmada el 2012 para hacer frente, entre otras, a las enfermedades infecciosas, neurodegenerativas, enfermedades raras, regeneraci\u00f3n de tejidos, c\u00e1ncer pedi\u00e1trico o Parkinson.\" \/>\n<meta property=\"og:url\" content=\"https:\/\/ibecbarcelona.eu\/es\/investigadores-clinicos-y-en-bioingenieria-aceleran-juntos-hacia-la-medicina-del-futuro\/\" \/>\n<meta property=\"og:site_name\" content=\"Institute for Bioengineering of Catalonia\" \/>\n<meta property=\"article:published_time\" content=\"2021-05-26T10:00:08+00:00\" \/>\n<meta property=\"article:modified_time\" content=\"2021-05-26T10:15:06+00:00\" \/>\n<meta property=\"og:image\" content=\"https:\/\/ibecbarcelona.eu\/wp-content\/uploads\/2021\/05\/lab-assistant-sitting-laboratory_500px.jpg\" \/>\n\t<meta property=\"og:image:width\" content=\"500\" \/>\n\t<meta property=\"og:image:height\" content=\"218\" \/>\n\t<meta property=\"og:image:type\" content=\"image\/jpeg\" \/>\n<meta name=\"author\" content=\"\u00c0ngels L\u00f3pez\" \/>\n<meta name=\"twitter:card\" content=\"summary_large_image\" \/>\n<meta name=\"twitter:label1\" content=\"Escrito por\" \/>\n\t<meta name=\"twitter:data1\" content=\"\u00c0ngels L\u00f3pez\" \/>\n\t<meta name=\"twitter:label2\" content=\"Tiempo de lectura\" \/>\n\t<meta name=\"twitter:data2\" content=\"3 minutos\" \/>\n<script type=\"application\/ld+json\" class=\"yoast-schema-graph\">{\"@context\":\"https:\\\/\\\/schema.org\",\"@graph\":[{\"@type\":\"Article\",\"@id\":\"https:\\\/\\\/ibecbarcelona.eu\\\/es\\\/investigadores-clinicos-y-en-bioingenieria-aceleran-juntos-hacia-la-medicina-del-futuro\\\/#article\",\"isPartOf\":{\"@id\":\"https:\\\/\\\/ibecbarcelona.eu\\\/es\\\/investigadores-clinicos-y-en-bioingenieria-aceleran-juntos-hacia-la-medicina-del-futuro\\\/\"},\"author\":{\"name\":\"\u00c0ngels L\u00f3pez\",\"@id\":\"https:\\\/\\\/ibecbarcelona.eu\\\/#\\\/schema\\\/person\\\/c212c6b589546130be67986b9290e2b8\"},\"headline\":\"Investigadores cl\u00ednicos y en bioingenier\u00eda aceleran juntos hacia la medicina del futuro\",\"datePublished\":\"2021-05-26T10:00:08+00:00\",\"dateModified\":\"2021-05-26T10:15:06+00:00\",\"mainEntityOfPage\":{\"@id\":\"https:\\\/\\\/ibecbarcelona.eu\\\/es\\\/investigadores-clinicos-y-en-bioingenieria-aceleran-juntos-hacia-la-medicina-del-futuro\\\/\"},\"wordCount\":529,\"publisher\":{\"@id\":\"https:\\\/\\\/ibecbarcelona.eu\\\/#organization\"},\"image\":{\"@id\":\"https:\\\/\\\/ibecbarcelona.eu\\\/es\\\/investigadores-clinicos-y-en-bioingenieria-aceleran-juntos-hacia-la-medicina-del-futuro\\\/#primaryimage\"},\"thumbnailUrl\":\"https:\\\/\\\/ibecbarcelona.eu\\\/wp-content\\\/uploads\\\/2021\\\/05\\\/lab-assistant-sitting-laboratory_500px.jpg\",\"keywords\":[\"VHIR\"],\"articleSection\":[\"Noticias institucionales\"],\"inLanguage\":\"es\"},{\"@type\":\"WebPage\",\"@id\":\"https:\\\/\\\/ibecbarcelona.eu\\\/es\\\/investigadores-clinicos-y-en-bioingenieria-aceleran-juntos-hacia-la-medicina-del-futuro\\\/\",\"url\":\"https:\\\/\\\/ibecbarcelona.eu\\\/es\\\/investigadores-clinicos-y-en-bioingenieria-aceleran-juntos-hacia-la-medicina-del-futuro\\\/\",\"name\":\"Investigadores cl\u00ednicos y en bioingenier\u00eda aceleran juntos hacia la medicina del futuro - Institute for Bioengineering of Catalonia\",\"isPartOf\":{\"@id\":\"https:\\\/\\\/ibecbarcelona.eu\\\/#website\"},\"primaryImageOfPage\":{\"@id\":\"https:\\\/\\\/ibecbarcelona.eu\\\/es\\\/investigadores-clinicos-y-en-bioingenieria-aceleran-juntos-hacia-la-medicina-del-futuro\\\/#primaryimage\"},\"image\":{\"@id\":\"https:\\\/\\\/ibecbarcelona.eu\\\/es\\\/investigadores-clinicos-y-en-bioingenieria-aceleran-juntos-hacia-la-medicina-del-futuro\\\/#primaryimage\"},\"thumbnailUrl\":\"https:\\\/\\\/ibecbarcelona.eu\\\/wp-content\\\/uploads\\\/2021\\\/05\\\/lab-assistant-sitting-laboratory_500px.jpg\",\"datePublished\":\"2021-05-26T10:00:08+00:00\",\"dateModified\":\"2021-05-26T10:15:06+00:00\",\"breadcrumb\":{\"@id\":\"https:\\\/\\\/ibecbarcelona.eu\\\/es\\\/investigadores-clinicos-y-en-bioingenieria-aceleran-juntos-hacia-la-medicina-del-futuro\\\/#breadcrumb\"},\"inLanguage\":\"es\",\"potentialAction\":[{\"@type\":\"ReadAction\",\"target\":[\"https:\\\/\\\/ibecbarcelona.eu\\\/es\\\/investigadores-clinicos-y-en-bioingenieria-aceleran-juntos-hacia-la-medicina-del-futuro\\\/\"]}]},{\"@type\":\"ImageObject\",\"inLanguage\":\"es\",\"@id\":\"https:\\\/\\\/ibecbarcelona.eu\\\/es\\\/investigadores-clinicos-y-en-bioingenieria-aceleran-juntos-hacia-la-medicina-del-futuro\\\/#primaryimage\",\"url\":\"https:\\\/\\\/ibecbarcelona.eu\\\/wp-content\\\/uploads\\\/2021\\\/05\\\/lab-assistant-sitting-laboratory_500px.jpg\",\"contentUrl\":\"https:\\\/\\\/ibecbarcelona.eu\\\/wp-content\\\/uploads\\\/2021\\\/05\\\/lab-assistant-sitting-laboratory_500px.jpg\",\"width\":500,\"height\":218,\"caption\":\"Lab assistant sitting in laboratory and taking urine samples for checking on bacteria.\"},{\"@type\":\"BreadcrumbList\",\"@id\":\"https:\\\/\\\/ibecbarcelona.eu\\\/es\\\/investigadores-clinicos-y-en-bioingenieria-aceleran-juntos-hacia-la-medicina-del-futuro\\\/#breadcrumb\",\"itemListElement\":[{\"@type\":\"ListItem\",\"position\":1,\"name\":\"Home\",\"item\":\"https:\\\/\\\/ibecbarcelona.eu\\\/es\\\/\"},{\"@type\":\"ListItem\",\"position\":2,\"name\":\"Investigadores cl\u00ednicos y en bioingenier\u00eda aceleran juntos hacia la medicina del futuro\"}]},{\"@type\":\"WebSite\",\"@id\":\"https:\\\/\\\/ibecbarcelona.eu\\\/#website\",\"url\":\"https:\\\/\\\/ibecbarcelona.eu\\\/\",\"name\":\"Institute for Bioengineering of Catalonia\",\"description\":\"Bioengineering solutions for health\",\"publisher\":{\"@id\":\"https:\\\/\\\/ibecbarcelona.eu\\\/#organization\"},\"potentialAction\":[{\"@type\":\"SearchAction\",\"target\":{\"@type\":\"EntryPoint\",\"urlTemplate\":\"https:\\\/\\\/ibecbarcelona.eu\\\/?s={search_term_string}\"},\"query-input\":{\"@type\":\"PropertyValueSpecification\",\"valueRequired\":true,\"valueName\":\"search_term_string\"}}],\"inLanguage\":\"es\"},{\"@type\":\"Organization\",\"@id\":\"https:\\\/\\\/ibecbarcelona.eu\\\/#organization\",\"name\":\"Institute for Bioengineering of Catalonia\",\"url\":\"https:\\\/\\\/ibecbarcelona.eu\\\/\",\"logo\":{\"@type\":\"ImageObject\",\"inLanguage\":\"es\",\"@id\":\"https:\\\/\\\/ibecbarcelona.eu\\\/#\\\/schema\\\/logo\\\/image\\\/\",\"url\":\"https:\\\/\\\/ibecbarcelona.eu\\\/wp-content\\\/uploads\\\/2026\\\/01\\\/cropped-IBEC_20ANYS_GRIS.png\",\"contentUrl\":\"https:\\\/\\\/ibecbarcelona.eu\\\/wp-content\\\/uploads\\\/2026\\\/01\\\/cropped-IBEC_20ANYS_GRIS.png\",\"width\":696,\"height\":257,\"caption\":\"Institute for Bioengineering of Catalonia\"},\"image\":{\"@id\":\"https:\\\/\\\/ibecbarcelona.eu\\\/#\\\/schema\\\/logo\\\/image\\\/\"}},{\"@type\":\"Person\",\"@id\":\"https:\\\/\\\/ibecbarcelona.eu\\\/#\\\/schema\\\/person\\\/c212c6b589546130be67986b9290e2b8\",\"name\":\"\u00c0ngels L\u00f3pez\",\"image\":{\"@type\":\"ImageObject\",\"inLanguage\":\"es\",\"@id\":\"https:\\\/\\\/secure.gravatar.com\\\/avatar\\\/09ad6ba116bea0b15c5511860f83b302579fd7404c1180e9dae55c3f11d988c6?s=96&d=mm&r=g\",\"url\":\"https:\\\/\\\/secure.gravatar.com\\\/avatar\\\/09ad6ba116bea0b15c5511860f83b302579fd7404c1180e9dae55c3f11d988c6?s=96&d=mm&r=g\",\"contentUrl\":\"https:\\\/\\\/secure.gravatar.com\\\/avatar\\\/09ad6ba116bea0b15c5511860f83b302579fd7404c1180e9dae55c3f11d988c6?s=96&d=mm&r=g\",\"caption\":\"\u00c0ngels L\u00f3pez\"},\"url\":\"https:\\\/\\\/ibecbarcelona.eu\\\/es\\\/author\\\/alopez\\\/\"}]}<\/script>\n<!-- \/ Yoast SEO plugin. -->","yoast_head_json":{"title":"Investigadores cl\u00ednicos y en bioingenier\u00eda aceleran juntos hacia la medicina del futuro - Institute for Bioengineering of Catalonia","robots":{"index":"index","follow":"follow","max-snippet":"max-snippet:-1","max-image-preview":"max-image-preview:large","max-video-preview":"max-video-preview:-1"},"canonical":"https:\/\/ibecbarcelona.eu\/es\/investigadores-clinicos-y-en-bioingenieria-aceleran-juntos-hacia-la-medicina-del-futuro\/","og_locale":"es_ES","og_type":"article","og_title":"Investigadores cl\u00ednicos y en bioingenier\u00eda aceleran juntos hacia la medicina del futuro - Institute for Bioengineering of Catalonia","og_description":"El Vall d'Hebron Institut de Recerca (VHIR) y el Instituto de Bioingenier\u00eda de Catalu\u00f1a (IBEC) intensifican su colaboraci\u00f3n para hacer frente a los retos en salud. Con las \u00faltimas jornadas traslacionales, ambas instituciones refuerzan la alianza firmada el 2012 para hacer frente, entre otras, a las enfermedades infecciosas, neurodegenerativas, enfermedades raras, regeneraci\u00f3n de tejidos, c\u00e1ncer pedi\u00e1trico o Parkinson.","og_url":"https:\/\/ibecbarcelona.eu\/es\/investigadores-clinicos-y-en-bioingenieria-aceleran-juntos-hacia-la-medicina-del-futuro\/","og_site_name":"Institute for Bioengineering of Catalonia","article_published_time":"2021-05-26T10:00:08+00:00","article_modified_time":"2021-05-26T10:15:06+00:00","og_image":[{"width":500,"height":218,"url":"https:\/\/ibecbarcelona.eu\/wp-content\/uploads\/2021\/05\/lab-assistant-sitting-laboratory_500px.jpg","type":"image\/jpeg"}],"author":"\u00c0ngels L\u00f3pez","twitter_card":"summary_large_image","twitter_misc":{"Escrito por":"\u00c0ngels L\u00f3pez","Tiempo de lectura":"3 minutos"},"schema":{"@context":"https:\/\/schema.org","@graph":[{"@type":"Article","@id":"https:\/\/ibecbarcelona.eu\/es\/investigadores-clinicos-y-en-bioingenieria-aceleran-juntos-hacia-la-medicina-del-futuro\/#article","isPartOf":{"@id":"https:\/\/ibecbarcelona.eu\/es\/investigadores-clinicos-y-en-bioingenieria-aceleran-juntos-hacia-la-medicina-del-futuro\/"},"author":{"name":"\u00c0ngels L\u00f3pez","@id":"https:\/\/ibecbarcelona.eu\/#\/schema\/person\/c212c6b589546130be67986b9290e2b8"},"headline":"Investigadores cl\u00ednicos y en bioingenier\u00eda aceleran juntos hacia la medicina del futuro","datePublished":"2021-05-26T10:00:08+00:00","dateModified":"2021-05-26T10:15:06+00:00","mainEntityOfPage":{"@id":"https:\/\/ibecbarcelona.eu\/es\/investigadores-clinicos-y-en-bioingenieria-aceleran-juntos-hacia-la-medicina-del-futuro\/"},"wordCount":529,"publisher":{"@id":"https:\/\/ibecbarcelona.eu\/#organization"},"image":{"@id":"https:\/\/ibecbarcelona.eu\/es\/investigadores-clinicos-y-en-bioingenieria-aceleran-juntos-hacia-la-medicina-del-futuro\/#primaryimage"},"thumbnailUrl":"https:\/\/ibecbarcelona.eu\/wp-content\/uploads\/2021\/05\/lab-assistant-sitting-laboratory_500px.jpg","keywords":["VHIR"],"articleSection":["Noticias institucionales"],"inLanguage":"es"},{"@type":"WebPage","@id":"https:\/\/ibecbarcelona.eu\/es\/investigadores-clinicos-y-en-bioingenieria-aceleran-juntos-hacia-la-medicina-del-futuro\/","url":"https:\/\/ibecbarcelona.eu\/es\/investigadores-clinicos-y-en-bioingenieria-aceleran-juntos-hacia-la-medicina-del-futuro\/","name":"Investigadores cl\u00ednicos y en bioingenier\u00eda aceleran juntos hacia la medicina del futuro - Institute for Bioengineering of Catalonia","isPartOf":{"@id":"https:\/\/ibecbarcelona.eu\/#website"},"primaryImageOfPage":{"@id":"https:\/\/ibecbarcelona.eu\/es\/investigadores-clinicos-y-en-bioingenieria-aceleran-juntos-hacia-la-medicina-del-futuro\/#primaryimage"},"image":{"@id":"https:\/\/ibecbarcelona.eu\/es\/investigadores-clinicos-y-en-bioingenieria-aceleran-juntos-hacia-la-medicina-del-futuro\/#primaryimage"},"thumbnailUrl":"https:\/\/ibecbarcelona.eu\/wp-content\/uploads\/2021\/05\/lab-assistant-sitting-laboratory_500px.jpg","datePublished":"2021-05-26T10:00:08+00:00","dateModified":"2021-05-26T10:15:06+00:00","breadcrumb":{"@id":"https:\/\/ibecbarcelona.eu\/es\/investigadores-clinicos-y-en-bioingenieria-aceleran-juntos-hacia-la-medicina-del-futuro\/#breadcrumb"},"inLanguage":"es","potentialAction":[{"@type":"ReadAction","target":["https:\/\/ibecbarcelona.eu\/es\/investigadores-clinicos-y-en-bioingenieria-aceleran-juntos-hacia-la-medicina-del-futuro\/"]}]},{"@type":"ImageObject","inLanguage":"es","@id":"https:\/\/ibecbarcelona.eu\/es\/investigadores-clinicos-y-en-bioingenieria-aceleran-juntos-hacia-la-medicina-del-futuro\/#primaryimage","url":"https:\/\/ibecbarcelona.eu\/wp-content\/uploads\/2021\/05\/lab-assistant-sitting-laboratory_500px.jpg","contentUrl":"https:\/\/ibecbarcelona.eu\/wp-content\/uploads\/2021\/05\/lab-assistant-sitting-laboratory_500px.jpg","width":500,"height":218,"caption":"Lab assistant sitting in laboratory and taking urine samples for checking on bacteria."},{"@type":"BreadcrumbList","@id":"https:\/\/ibecbarcelona.eu\/es\/investigadores-clinicos-y-en-bioingenieria-aceleran-juntos-hacia-la-medicina-del-futuro\/#breadcrumb","itemListElement":[{"@type":"ListItem","position":1,"name":"Home","item":"https:\/\/ibecbarcelona.eu\/es\/"},{"@type":"ListItem","position":2,"name":"Investigadores cl\u00ednicos y en bioingenier\u00eda aceleran juntos hacia la medicina del futuro"}]},{"@type":"WebSite","@id":"https:\/\/ibecbarcelona.eu\/#website","url":"https:\/\/ibecbarcelona.eu\/","name":"Institute for Bioengineering of Catalonia","description":"Bioengineering solutions for health","publisher":{"@id":"https:\/\/ibecbarcelona.eu\/#organization"},"potentialAction":[{"@type":"SearchAction","target":{"@type":"EntryPoint","urlTemplate":"https:\/\/ibecbarcelona.eu\/?s={search_term_string}"},"query-input":{"@type":"PropertyValueSpecification","valueRequired":true,"valueName":"search_term_string"}}],"inLanguage":"es"},{"@type":"Organization","@id":"https:\/\/ibecbarcelona.eu\/#organization","name":"Institute for Bioengineering of Catalonia","url":"https:\/\/ibecbarcelona.eu\/","logo":{"@type":"ImageObject","inLanguage":"es","@id":"https:\/\/ibecbarcelona.eu\/#\/schema\/logo\/image\/","url":"https:\/\/ibecbarcelona.eu\/wp-content\/uploads\/2026\/01\/cropped-IBEC_20ANYS_GRIS.png","contentUrl":"https:\/\/ibecbarcelona.eu\/wp-content\/uploads\/2026\/01\/cropped-IBEC_20ANYS_GRIS.png","width":696,"height":257,"caption":"Institute for Bioengineering of Catalonia"},"image":{"@id":"https:\/\/ibecbarcelona.eu\/#\/schema\/logo\/image\/"}},{"@type":"Person","@id":"https:\/\/ibecbarcelona.eu\/#\/schema\/person\/c212c6b589546130be67986b9290e2b8","name":"\u00c0ngels L\u00f3pez","image":{"@type":"ImageObject","inLanguage":"es","@id":"https:\/\/secure.gravatar.com\/avatar\/09ad6ba116bea0b15c5511860f83b302579fd7404c1180e9dae55c3f11d988c6?s=96&d=mm&r=g","url":"https:\/\/secure.gravatar.com\/avatar\/09ad6ba116bea0b15c5511860f83b302579fd7404c1180e9dae55c3f11d988c6?s=96&d=mm&r=g","contentUrl":"https:\/\/secure.gravatar.com\/avatar\/09ad6ba116bea0b15c5511860f83b302579fd7404c1180e9dae55c3f11d988c6?s=96&d=mm&r=g","caption":"\u00c0ngels L\u00f3pez"},"url":"https:\/\/ibecbarcelona.eu\/es\/author\/alopez\/"}]}},"AFP_featured_media_urls":{"full":["https:\/\/ibecbarcelona.eu\/wp-content\/uploads\/2021\/05\/lab-assistant-sitting-laboratory_500px.jpg",500,218,false],"thumbnail":["https:\/\/ibecbarcelona.eu\/wp-content\/uploads\/2021\/05\/lab-assistant-sitting-laboratory_500px-150x150.jpg",150,150,true],"medium":["https:\/\/ibecbarcelona.eu\/wp-content\/uploads\/2021\/05\/lab-assistant-sitting-laboratory_500px-300x131.jpg",300,131,true],"medium_large":["https:\/\/ibecbarcelona.eu\/wp-content\/uploads\/2021\/05\/lab-assistant-sitting-laboratory_500px.jpg",500,218,false],"large":["https:\/\/ibecbarcelona.eu\/wp-content\/uploads\/2021\/05\/lab-assistant-sitting-laboratory_500px.jpg",500,218,false]},"AFP_attachments":{"full":["https:\/\/ibecbarcelona.eu\/wp-content\/uploads\/2021\/05\/lab-assistant-sitting-laboratory-taking-urine-samples-checking-bacteria-scaled.jpg",2560,1119,false],"thumbnail":["https:\/\/ibecbarcelona.eu\/wp-content\/uploads\/2021\/05\/lab-assistant-sitting-laboratory-taking-urine-samples-checking-bacteria-150x150.jpg",150,150,true],"medium":["https:\/\/ibecbarcelona.eu\/wp-content\/uploads\/2021\/05\/lab-assistant-sitting-laboratory-taking-urine-samples-checking-bacteria-300x131.jpg",300,131,true],"medium_large":["https:\/\/ibecbarcelona.eu\/wp-content\/uploads\/2021\/05\/lab-assistant-sitting-laboratory-taking-urine-samples-checking-bacteria-768x336.jpg",768,336,true],"large":["https:\/\/ibecbarcelona.eu\/wp-content\/uploads\/2021\/05\/lab-assistant-sitting-laboratory-taking-urine-samples-checking-bacteria-1024x448.jpg",1024,448,true]},"AFP_videos":[],"AFP_video_blocks":"","AFP_category_names":["Noticias institucionales"],"_links":{"self":[{"href":"https:\/\/ibecbarcelona.eu\/es\/wp-json\/wp\/v2\/posts\/84497","targetHints":{"allow":["GET"]}}],"collection":[{"href":"https:\/\/ibecbarcelona.eu\/es\/wp-json\/wp\/v2\/posts"}],"about":[{"href":"https:\/\/ibecbarcelona.eu\/es\/wp-json\/wp\/v2\/types\/post"}],"author":[{"embeddable":true,"href":"https:\/\/ibecbarcelona.eu\/es\/wp-json\/wp\/v2\/users\/4"}],"replies":[{"embeddable":true,"href":"https:\/\/ibecbarcelona.eu\/es\/wp-json\/wp\/v2\/comments?post=84497"}],"version-history":[{"count":2,"href":"https:\/\/ibecbarcelona.eu\/es\/wp-json\/wp\/v2\/posts\/84497\/revisions"}],"predecessor-version":[{"id":84522,"href":"https:\/\/ibecbarcelona.eu\/es\/wp-json\/wp\/v2\/posts\/84497\/revisions\/84522"}],"wp:featuredmedia":[{"embeddable":true,"href":"https:\/\/ibecbarcelona.eu\/es\/wp-json\/wp\/v2\/media\/84501"}],"wp:attachment":[{"href":"https:\/\/ibecbarcelona.eu\/es\/wp-json\/wp\/v2\/media?parent=84497"}],"wp:term":[{"taxonomy":"category","embeddable":true,"href":"https:\/\/ibecbarcelona.eu\/es\/wp-json\/wp\/v2\/categories?post=84497"},{"taxonomy":"post_tag","embeddable":true,"href":"https:\/\/ibecbarcelona.eu\/es\/wp-json\/wp\/v2\/tags?post=84497"},{"taxonomy":"post_format","embeddable":true,"href":"https:\/\/ibecbarcelona.eu\/es\/wp-json\/wp\/v2\/post_formats?post=84497"}],"curies":[{"name":"wp","href":"https:\/\/api.w.org\/{rel}","templated":true}]}}