
{"id":86183,"date":"2021-07-16T12:35:21","date_gmt":"2021-07-16T10:35:21","guid":{"rendered":"https:\/\/ibecbarcelona.eu\/?p=86183"},"modified":"2021-07-20T15:08:03","modified_gmt":"2021-07-20T13:08:03","slug":"los-heroes-de-la-pandemia-y-la-experiencia-en-ibec-en-el-homenaje-a-las-victimas-del-covid19","status":"publish","type":"post","link":"https:\/\/ibecbarcelona.eu\/es\/los-heroes-de-la-pandemia-y-la-experiencia-en-ibec-en-el-homenaje-a-las-victimas-del-covid19\/","title":{"rendered":"Los h\u00e9roes de la pandemia y la experiencia en IBEC, en el homenaje a las v\u00edctimas del COVID19"},"content":{"rendered":"<p><img decoding=\"async\" class=\"aligncenter size-full wp-image-86189 lazyload\" data-src=\"https:\/\/ibecbarcelona.eu\/wp-content\/uploads\/2021\/07\/homenaje-victimas-covis-scaled.jpg\" alt=\"\" width=\"2560\" height=\"1440\" data-srcset=\"https:\/\/ibecbarcelona.eu\/wp-content\/uploads\/2021\/07\/homenaje-victimas-covis-scaled.jpg 2560w, https:\/\/ibecbarcelona.eu\/wp-content\/uploads\/2021\/07\/homenaje-victimas-covis-300x169.jpg 300w, https:\/\/ibecbarcelona.eu\/wp-content\/uploads\/2021\/07\/homenaje-victimas-covis-1024x576.jpg 1024w, https:\/\/ibecbarcelona.eu\/wp-content\/uploads\/2021\/07\/homenaje-victimas-covis-768x432.jpg 768w, https:\/\/ibecbarcelona.eu\/wp-content\/uploads\/2021\/07\/homenaje-victimas-covis-1536x864.jpg 1536w, https:\/\/ibecbarcelona.eu\/wp-content\/uploads\/2021\/07\/homenaje-victimas-covis-2048x1152.jpg 2048w, https:\/\/ibecbarcelona.eu\/wp-content\/uploads\/2021\/07\/homenaje-victimas-covis-230x130.jpg 230w, https:\/\/ibecbarcelona.eu\/wp-content\/uploads\/2021\/07\/homenaje-victimas-covis-150x84.jpg 150w\" data-sizes=\"(max-width: 2560px) 100vw, 2560px\" src=\"data:image\/svg+xml;base64,PHN2ZyB3aWR0aD0iMSIgaGVpZ2h0PSIxIiB4bWxucz0iaHR0cDovL3d3dy53My5vcmcvMjAwMC9zdmciPjwvc3ZnPg==\" style=\"--smush-placeholder-width: 2560px; --smush-placeholder-aspect-ratio: 2560\/1440;\" \/><\/p>\n<p><span data-contrast=\"auto\">Hoy se ha celebrado\u00a0en el Palacio Real en Madrid,\u00a0un acto presidido por\u00a0SSMM los Reyes de Espa\u00f1a.\u00a0Durante el acto, al que tambi\u00e9n ha asistido el presidente del Gobierno, Pedro S\u00e1nchez,\u00a0se ha proyectado un v\u00eddeo donde\u00a0Laia Marcos, quien pas\u00f3 por\u00a0el Instituto de Bioingenier\u00eda de Catalunya\u00a0y el laboratorio de Samuel S\u00e1nchez,\u00a0ha sido\u00a0una\u00a0de\u00a0sus\u00a0protagonistas.\u00a0<\/span><span data-ccp-props=\"{&quot;201341983&quot;:0,&quot;335551550&quot;:6,&quot;335551620&quot;:6,&quot;335559739&quot;:160,&quot;335559740&quot;:259}\">\u00a0<\/span><\/p>\n<p><span data-contrast=\"auto\">El\u00a0motivo del\u00a0acto ha sido\u00a0homenajear\u00a0a los fallecidos por la pandemia,\u00a0y a quienes\u00a0lucharon o\u00a0siguen luchando contra ella a d\u00eda de hoy, muy especial a los sanitarios.\u00a0<\/span><span data-ccp-props=\"{&quot;201341983&quot;:1,&quot;335551550&quot;:6,&quot;335551620&quot;:6,&quot;335559739&quot;:160,&quot;335559740&quot;:330}\">\u00a0<\/span><\/p>\n<p><span data-contrast=\"auto\">Aparte de un homenaje a los sanitarios fallecidos a causa del coronavirus, durante\u00a0la ceremonia, se ha proyectado\u00a0tambi\u00e9n\u00a0un v\u00eddeo donde se reflejaba c\u00f3mo han vivido la pandemia distintas personas\u00a0que consiguieron objetivos remarcables durante ese per\u00edodo. Una de las protagonistas del video es Laia\u00a0<\/span><span data-contrast=\"auto\">Marcos,\u00a0estudiante de\u00a0segundo a\u00f1o de medicina con\u00a0tan\u00a0solo 17\u00a0a\u00f1os,\u00a0<\/span><span data-contrast=\"auto\">quien\u00a0realiz\u00f3\u00a0durante el verano de 2019\u00a0parte de su trabajo de investigaci\u00f3n de bachillerato\u00a0en el IBEC.<\/span><span data-ccp-props=\"{&quot;201341983&quot;:1,&quot;335551550&quot;:6,&quot;335551620&quot;:6,&quot;335559739&quot;:160,&quot;335559740&quot;:330}\">\u00a0<\/span><\/p>\n<p><span data-contrast=\"auto\">La ciencia y la investigaci\u00f3n son pilares fundamentales para avanzar como sociedad, y durante la pandemia ha quedado m\u00e1s que demostrado. Es por ello que es importante que los j\u00f3venes conozcan des de peque\u00f1os el mundo de la investigaci\u00f3n. Programas como el\u00a0<\/span><a href=\"https:\/\/recercaensocietat.wordpress.com\/batx2lab\/\"><span data-contrast=\"auto\">Batx2lab<\/span><\/a><span data-contrast=\"auto\">, impulsado por el Parque Cient\u00edfico de Barcelona y en colaboraci\u00f3n con el IBEC, brindan la oportunidad a los m\u00e1s j\u00f3venes de trabajar en un entorno de laboratorio profesional.<\/span><span data-ccp-props=\"{&quot;201341983&quot;:0,&quot;335551550&quot;:6,&quot;335551620&quot;:6,&quot;335559739&quot;:160,&quot;335559740&quot;:259}\">\u00a0<\/span><\/p>\n<p><span data-contrast=\"auto\">Gracias al grupo de\u00a0<\/span><a href=\"https:\/\/ibecbarcelona.eu\/es\/research-groups\/smart-nano-bio-devices\/\" target=\"_blank\" rel=\"noopener\"><span data-contrast=\"none\">\u201cSmart Nano-bio-devices\u00bb<\/span><\/a><span data-contrast=\"auto\">\u00a0dirigido por Samuel S\u00e1nchez y bajo la tutorizaci\u00f3n de\u00a0Maria\u00a0Guix, investigadora\u00a0postdoctoral\u00a0del grupo, Laia Marcos pudo realizar la parte pr\u00e1ctica de su trabajo de investigaci\u00f3n en un laboratorio\u00a0de excelencia cient\u00edfica.\u00a0<\/span><span data-ccp-props=\"{&quot;201341983&quot;:1,&quot;335551550&quot;:6,&quot;335551620&quot;:6,&quot;335559739&quot;:160,&quot;335559740&quot;:330}\">\u00a0<\/span><\/p>\n<p><span data-contrast=\"auto\">La parte experimental del trabajo de Laia consist\u00eda en la impresi\u00f3n 3D de un modelo de dedo\u00a0basado en una parte flexible y un constructo celular de\u00a0c\u00e9lulas\u00a0musculares. Adem\u00e1s, mediante la aplicaci\u00f3n de est\u00edmulos el\u00e9ctricos\u00a0aplicaron\u00a0protocolos de entrenamiento para este \u201cdedo artificial\u201d y ver c\u00f3mo respond\u00eda a los\u00a0impulsos.\u00a0\u00a0<\/span><span data-ccp-props=\"{&quot;201341983&quot;:1,&quot;335551550&quot;:6,&quot;335551620&quot;:6,&quot;335559739&quot;:160,&quot;335559740&quot;:330}\">\u00a0<\/span><\/p>\n<p><span data-contrast=\"auto\">Adem\u00e1s, durante 2020,\u00a0Laia sac\u00f3 una de las mejores notas en las pruebas de acceso a la universidad, permiti\u00e9ndole entrar en la carrera de\u00a0medicina.\u00a0Es\u00a0por\u00a0ello, que, desde Moncloa, han querido dar visibilidad a su trabajo y\u00a0esfuerzo durante\u00a0la\u00a0pandemia a trav\u00e9s del v\u00eddeo que se ha proyectado hoy en el acto de conmemoraci\u00f3n.\u00a0<\/span><span data-ccp-props=\"{&quot;201341983&quot;:0,&quot;335551550&quot;:6,&quot;335551620&quot;:6,&quot;335559739&quot;:160,&quot;335559740&quot;:259}\">\u00a0<\/span><\/p>\n<blockquote class=\"twitter-tweet\">\n<p dir=\"ltr\" lang=\"es\">Vuestra fuerza es la esperanza de nuestro pa\u00eds.<a href=\"https:\/\/twitter.com\/hashtag\/LaFuerzaDeLaEsperanza?src=hash&amp;ref_src=twsrc%5Etfw\">#LaFuerzaDeLaEsperanza<\/a> <a href=\"https:\/\/t.co\/7TceSViVYS\">pic.twitter.com\/7TceSViVYS<\/a><\/p>\n<p>\u2014 La Moncloa (@desdelamoncloa) <a href=\"https:\/\/twitter.com\/desdelamoncloa\/status\/1415581540545974272?ref_src=twsrc%5Etfw\">July 15, 2021<\/a><\/p><\/blockquote>\n<p><script async src=\"https:\/\/platform.twitter.com\/widgets.js\" charset=\"utf-8\"><\/script><\/p>\n<p aria-level=\"1\"><b><span data-contrast=\"auto\">M\u00e1s informaci\u00f3n<\/span><\/b><span data-contrast=\"auto\">:\u00a0<\/span><a href=\"https:\/\/www.lamoncloa.gob.es\/presidente\/actividades\/Paginas\/2021\/150721-sanchez_homenaje_estado.aspx\" target=\"_blank\" rel=\"noopener\"><span data-contrast=\"none\">Espa\u00f1a rinde tributo a las v\u00edctimas de la pandemia y reconoce al personal sanitario en un Homenaje de Estado centrado en la esperanza<\/span><\/a><span data-ccp-props=\"{&quot;201341983&quot;:0,&quot;335559738&quot;:240,&quot;335559739&quot;:0,&quot;335559740&quot;:259}\">\u00a0<\/span><\/p>\n","protected":false},"excerpt":{"rendered":"<h3>La brillante estudiante de medicina, Laia Marcos, ha sido una de las protagonistas del homenaje retransmitido por TVE a las v\u00edctimas de la COVID19 que ha tenido lugar hoy en el Palacio Real. Marcos vivi\u00f3 un paso decisivo en su vida, durante su estancia en el laboratorio del pionero Samuel S\u00e1nchez en el IBEC, de la mano de la tambi\u00e9n cient\u00edfica y experta Mar\u00eda Guix. <\/h3>\n","protected":false},"author":4,"featured_media":86193,"comment_status":"closed","ping_status":"closed","sticky":false,"template":"","format":"standard","meta":{"footnotes":""},"categories":[94],"tags":[1223,302,1525,1139],"post_formats":[],"class_list":["post-86183","post","type-post","status-publish","format-standard","has-post-thumbnail","hentry","category-noticias-institucionales","tag-covid-es","tag-impresion-3d","tag-maria-guix","tag-samuel-sanchez-es"],"yoast_head":"<!-- This site is optimized with the Yoast SEO plugin v27.4 - https:\/\/yoast.com\/product\/yoast-seo-wordpress\/ -->\n<title>Los h\u00e9roes de la pandemia y la experiencia en IBEC, en el homenaje a las v\u00edctimas del COVID19 - Institute for Bioengineering of Catalonia<\/title>\n<meta name=\"robots\" content=\"index, follow, max-snippet:-1, max-image-preview:large, max-video-preview:-1\" \/>\n<link rel=\"canonical\" href=\"https:\/\/ibecbarcelona.eu\/es\/los-heroes-de-la-pandemia-y-la-experiencia-en-ibec-en-el-homenaje-a-las-victimas-del-covid19\/\" \/>\n<meta property=\"og:locale\" content=\"es_ES\" \/>\n<meta property=\"og:type\" content=\"article\" \/>\n<meta property=\"og:title\" content=\"Los h\u00e9roes de la pandemia y la experiencia en IBEC, en el homenaje a las v\u00edctimas del COVID19 - Institute for Bioengineering of Catalonia\" \/>\n<meta property=\"og:description\" content=\"La brillante estudiante de medicina, Laia Marcos, ha sido una de las protagonistas del homenaje retransmitido por TVE a las v\u00edctimas de la COVID19 que ha tenido lugar hoy en el Palacio Real. Marcos vivi\u00f3 un paso decisivo en su vida, durante su estancia en el laboratorio del pionero Samuel S\u00e1nchez en el IBEC, de la mano de la tambi\u00e9n cient\u00edfica y experta Mar\u00eda Guix.\" \/>\n<meta property=\"og:url\" content=\"https:\/\/ibecbarcelona.eu\/es\/los-heroes-de-la-pandemia-y-la-experiencia-en-ibec-en-el-homenaje-a-las-victimas-del-covid19\/\" \/>\n<meta property=\"og:site_name\" content=\"Institute for Bioengineering of Catalonia\" \/>\n<meta property=\"article:published_time\" content=\"2021-07-16T10:35:21+00:00\" \/>\n<meta property=\"article:modified_time\" content=\"2021-07-20T13:08:03+00:00\" \/>\n<meta property=\"og:image\" content=\"https:\/\/ibecbarcelona.eu\/wp-content\/uploads\/2021\/07\/homenaje-victimas-covis-1.jpg\" \/>\n\t<meta property=\"og:image:width\" content=\"500\" \/>\n\t<meta property=\"og:image:height\" content=\"281\" \/>\n\t<meta property=\"og:image:type\" content=\"image\/jpeg\" \/>\n<meta name=\"author\" content=\"\u00c0ngels L\u00f3pez\" \/>\n<meta name=\"twitter:card\" content=\"summary_large_image\" \/>\n<meta name=\"twitter:label1\" content=\"Escrito por\" \/>\n\t<meta name=\"twitter:data1\" content=\"\u00c0ngels L\u00f3pez\" \/>\n\t<meta name=\"twitter:label2\" content=\"Tiempo de lectura\" \/>\n\t<meta name=\"twitter:data2\" content=\"3 minutos\" \/>\n<script type=\"application\/ld+json\" class=\"yoast-schema-graph\">{\"@context\":\"https:\\\/\\\/schema.org\",\"@graph\":[{\"@type\":\"Article\",\"@id\":\"https:\\\/\\\/ibecbarcelona.eu\\\/es\\\/los-heroes-de-la-pandemia-y-la-experiencia-en-ibec-en-el-homenaje-a-las-victimas-del-covid19\\\/#article\",\"isPartOf\":{\"@id\":\"https:\\\/\\\/ibecbarcelona.eu\\\/es\\\/los-heroes-de-la-pandemia-y-la-experiencia-en-ibec-en-el-homenaje-a-las-victimas-del-covid19\\\/\"},\"author\":{\"name\":\"\u00c0ngels L\u00f3pez\",\"@id\":\"https:\\\/\\\/ibecbarcelona.eu\\\/#\\\/schema\\\/person\\\/c212c6b589546130be67986b9290e2b8\"},\"headline\":\"Los h\u00e9roes de la pandemia y la experiencia en IBEC, en el homenaje a las v\u00edctimas del COVID19\",\"datePublished\":\"2021-07-16T10:35:21+00:00\",\"dateModified\":\"2021-07-20T13:08:03+00:00\",\"mainEntityOfPage\":{\"@id\":\"https:\\\/\\\/ibecbarcelona.eu\\\/es\\\/los-heroes-de-la-pandemia-y-la-experiencia-en-ibec-en-el-homenaje-a-las-victimas-del-covid19\\\/\"},\"wordCount\":494,\"publisher\":{\"@id\":\"https:\\\/\\\/ibecbarcelona.eu\\\/#organization\"},\"image\":{\"@id\":\"https:\\\/\\\/ibecbarcelona.eu\\\/es\\\/los-heroes-de-la-pandemia-y-la-experiencia-en-ibec-en-el-homenaje-a-las-victimas-del-covid19\\\/#primaryimage\"},\"thumbnailUrl\":\"https:\\\/\\\/ibecbarcelona.eu\\\/wp-content\\\/uploads\\\/2021\\\/07\\\/homenaje-victimas-covis-1.jpg\",\"keywords\":[\"COVID-19\",\"Impresi\u00f3n 3D\",\"Maria Guix\",\"Samuel Sanchez\"],\"articleSection\":[\"Noticias institucionales\"],\"inLanguage\":\"es\"},{\"@type\":\"WebPage\",\"@id\":\"https:\\\/\\\/ibecbarcelona.eu\\\/es\\\/los-heroes-de-la-pandemia-y-la-experiencia-en-ibec-en-el-homenaje-a-las-victimas-del-covid19\\\/\",\"url\":\"https:\\\/\\\/ibecbarcelona.eu\\\/es\\\/los-heroes-de-la-pandemia-y-la-experiencia-en-ibec-en-el-homenaje-a-las-victimas-del-covid19\\\/\",\"name\":\"Los h\u00e9roes de la pandemia y la experiencia en IBEC, en el homenaje a las v\u00edctimas del COVID19 - Institute for Bioengineering of Catalonia\",\"isPartOf\":{\"@id\":\"https:\\\/\\\/ibecbarcelona.eu\\\/#website\"},\"primaryImageOfPage\":{\"@id\":\"https:\\\/\\\/ibecbarcelona.eu\\\/es\\\/los-heroes-de-la-pandemia-y-la-experiencia-en-ibec-en-el-homenaje-a-las-victimas-del-covid19\\\/#primaryimage\"},\"image\":{\"@id\":\"https:\\\/\\\/ibecbarcelona.eu\\\/es\\\/los-heroes-de-la-pandemia-y-la-experiencia-en-ibec-en-el-homenaje-a-las-victimas-del-covid19\\\/#primaryimage\"},\"thumbnailUrl\":\"https:\\\/\\\/ibecbarcelona.eu\\\/wp-content\\\/uploads\\\/2021\\\/07\\\/homenaje-victimas-covis-1.jpg\",\"datePublished\":\"2021-07-16T10:35:21+00:00\",\"dateModified\":\"2021-07-20T13:08:03+00:00\",\"breadcrumb\":{\"@id\":\"https:\\\/\\\/ibecbarcelona.eu\\\/es\\\/los-heroes-de-la-pandemia-y-la-experiencia-en-ibec-en-el-homenaje-a-las-victimas-del-covid19\\\/#breadcrumb\"},\"inLanguage\":\"es\",\"potentialAction\":[{\"@type\":\"ReadAction\",\"target\":[\"https:\\\/\\\/ibecbarcelona.eu\\\/es\\\/los-heroes-de-la-pandemia-y-la-experiencia-en-ibec-en-el-homenaje-a-las-victimas-del-covid19\\\/\"]}]},{\"@type\":\"ImageObject\",\"inLanguage\":\"es\",\"@id\":\"https:\\\/\\\/ibecbarcelona.eu\\\/es\\\/los-heroes-de-la-pandemia-y-la-experiencia-en-ibec-en-el-homenaje-a-las-victimas-del-covid19\\\/#primaryimage\",\"url\":\"https:\\\/\\\/ibecbarcelona.eu\\\/wp-content\\\/uploads\\\/2021\\\/07\\\/homenaje-victimas-covis-1.jpg\",\"contentUrl\":\"https:\\\/\\\/ibecbarcelona.eu\\\/wp-content\\\/uploads\\\/2021\\\/07\\\/homenaje-victimas-covis-1.jpg\",\"width\":500,\"height\":281},{\"@type\":\"BreadcrumbList\",\"@id\":\"https:\\\/\\\/ibecbarcelona.eu\\\/es\\\/los-heroes-de-la-pandemia-y-la-experiencia-en-ibec-en-el-homenaje-a-las-victimas-del-covid19\\\/#breadcrumb\",\"itemListElement\":[{\"@type\":\"ListItem\",\"position\":1,\"name\":\"Home\",\"item\":\"https:\\\/\\\/ibecbarcelona.eu\\\/es\\\/\"},{\"@type\":\"ListItem\",\"position\":2,\"name\":\"Los h\u00e9roes de la pandemia y la experiencia en IBEC, en el homenaje a las v\u00edctimas del COVID19\"}]},{\"@type\":\"WebSite\",\"@id\":\"https:\\\/\\\/ibecbarcelona.eu\\\/#website\",\"url\":\"https:\\\/\\\/ibecbarcelona.eu\\\/\",\"name\":\"Institute for Bioengineering of Catalonia\",\"description\":\"Bioengineering solutions for health\",\"publisher\":{\"@id\":\"https:\\\/\\\/ibecbarcelona.eu\\\/#organization\"},\"potentialAction\":[{\"@type\":\"SearchAction\",\"target\":{\"@type\":\"EntryPoint\",\"urlTemplate\":\"https:\\\/\\\/ibecbarcelona.eu\\\/?s={search_term_string}\"},\"query-input\":{\"@type\":\"PropertyValueSpecification\",\"valueRequired\":true,\"valueName\":\"search_term_string\"}}],\"inLanguage\":\"es\"},{\"@type\":\"Organization\",\"@id\":\"https:\\\/\\\/ibecbarcelona.eu\\\/#organization\",\"name\":\"Institute for Bioengineering of Catalonia\",\"url\":\"https:\\\/\\\/ibecbarcelona.eu\\\/\",\"logo\":{\"@type\":\"ImageObject\",\"inLanguage\":\"es\",\"@id\":\"https:\\\/\\\/ibecbarcelona.eu\\\/#\\\/schema\\\/logo\\\/image\\\/\",\"url\":\"https:\\\/\\\/ibecbarcelona.eu\\\/wp-content\\\/uploads\\\/2026\\\/01\\\/cropped-IBEC_20ANYS_GRIS.png\",\"contentUrl\":\"https:\\\/\\\/ibecbarcelona.eu\\\/wp-content\\\/uploads\\\/2026\\\/01\\\/cropped-IBEC_20ANYS_GRIS.png\",\"width\":696,\"height\":257,\"caption\":\"Institute for Bioengineering of Catalonia\"},\"image\":{\"@id\":\"https:\\\/\\\/ibecbarcelona.eu\\\/#\\\/schema\\\/logo\\\/image\\\/\"}},{\"@type\":\"Person\",\"@id\":\"https:\\\/\\\/ibecbarcelona.eu\\\/#\\\/schema\\\/person\\\/c212c6b589546130be67986b9290e2b8\",\"name\":\"\u00c0ngels L\u00f3pez\",\"image\":{\"@type\":\"ImageObject\",\"inLanguage\":\"es\",\"@id\":\"https:\\\/\\\/secure.gravatar.com\\\/avatar\\\/09ad6ba116bea0b15c5511860f83b302579fd7404c1180e9dae55c3f11d988c6?s=96&d=mm&r=g\",\"url\":\"https:\\\/\\\/secure.gravatar.com\\\/avatar\\\/09ad6ba116bea0b15c5511860f83b302579fd7404c1180e9dae55c3f11d988c6?s=96&d=mm&r=g\",\"contentUrl\":\"https:\\\/\\\/secure.gravatar.com\\\/avatar\\\/09ad6ba116bea0b15c5511860f83b302579fd7404c1180e9dae55c3f11d988c6?s=96&d=mm&r=g\",\"caption\":\"\u00c0ngels L\u00f3pez\"},\"url\":\"https:\\\/\\\/ibecbarcelona.eu\\\/es\\\/author\\\/alopez\\\/\"}]}<\/script>\n<!-- \/ Yoast SEO plugin. -->","yoast_head_json":{"title":"Los h\u00e9roes de la pandemia y la experiencia en IBEC, en el homenaje a las v\u00edctimas del COVID19 - Institute for Bioengineering of Catalonia","robots":{"index":"index","follow":"follow","max-snippet":"max-snippet:-1","max-image-preview":"max-image-preview:large","max-video-preview":"max-video-preview:-1"},"canonical":"https:\/\/ibecbarcelona.eu\/es\/los-heroes-de-la-pandemia-y-la-experiencia-en-ibec-en-el-homenaje-a-las-victimas-del-covid19\/","og_locale":"es_ES","og_type":"article","og_title":"Los h\u00e9roes de la pandemia y la experiencia en IBEC, en el homenaje a las v\u00edctimas del COVID19 - Institute for Bioengineering of Catalonia","og_description":"La brillante estudiante de medicina, Laia Marcos, ha sido una de las protagonistas del homenaje retransmitido por TVE a las v\u00edctimas de la COVID19 que ha tenido lugar hoy en el Palacio Real. Marcos vivi\u00f3 un paso decisivo en su vida, durante su estancia en el laboratorio del pionero Samuel S\u00e1nchez en el IBEC, de la mano de la tambi\u00e9n cient\u00edfica y experta Mar\u00eda Guix.","og_url":"https:\/\/ibecbarcelona.eu\/es\/los-heroes-de-la-pandemia-y-la-experiencia-en-ibec-en-el-homenaje-a-las-victimas-del-covid19\/","og_site_name":"Institute for Bioengineering of Catalonia","article_published_time":"2021-07-16T10:35:21+00:00","article_modified_time":"2021-07-20T13:08:03+00:00","og_image":[{"width":500,"height":281,"url":"https:\/\/ibecbarcelona.eu\/wp-content\/uploads\/2021\/07\/homenaje-victimas-covis-1.jpg","type":"image\/jpeg"}],"author":"\u00c0ngels L\u00f3pez","twitter_card":"summary_large_image","twitter_misc":{"Escrito por":"\u00c0ngels L\u00f3pez","Tiempo de lectura":"3 minutos"},"schema":{"@context":"https:\/\/schema.org","@graph":[{"@type":"Article","@id":"https:\/\/ibecbarcelona.eu\/es\/los-heroes-de-la-pandemia-y-la-experiencia-en-ibec-en-el-homenaje-a-las-victimas-del-covid19\/#article","isPartOf":{"@id":"https:\/\/ibecbarcelona.eu\/es\/los-heroes-de-la-pandemia-y-la-experiencia-en-ibec-en-el-homenaje-a-las-victimas-del-covid19\/"},"author":{"name":"\u00c0ngels L\u00f3pez","@id":"https:\/\/ibecbarcelona.eu\/#\/schema\/person\/c212c6b589546130be67986b9290e2b8"},"headline":"Los h\u00e9roes de la pandemia y la experiencia en IBEC, en el homenaje a las v\u00edctimas del COVID19","datePublished":"2021-07-16T10:35:21+00:00","dateModified":"2021-07-20T13:08:03+00:00","mainEntityOfPage":{"@id":"https:\/\/ibecbarcelona.eu\/es\/los-heroes-de-la-pandemia-y-la-experiencia-en-ibec-en-el-homenaje-a-las-victimas-del-covid19\/"},"wordCount":494,"publisher":{"@id":"https:\/\/ibecbarcelona.eu\/#organization"},"image":{"@id":"https:\/\/ibecbarcelona.eu\/es\/los-heroes-de-la-pandemia-y-la-experiencia-en-ibec-en-el-homenaje-a-las-victimas-del-covid19\/#primaryimage"},"thumbnailUrl":"https:\/\/ibecbarcelona.eu\/wp-content\/uploads\/2021\/07\/homenaje-victimas-covis-1.jpg","keywords":["COVID-19","Impresi\u00f3n 3D","Maria Guix","Samuel Sanchez"],"articleSection":["Noticias institucionales"],"inLanguage":"es"},{"@type":"WebPage","@id":"https:\/\/ibecbarcelona.eu\/es\/los-heroes-de-la-pandemia-y-la-experiencia-en-ibec-en-el-homenaje-a-las-victimas-del-covid19\/","url":"https:\/\/ibecbarcelona.eu\/es\/los-heroes-de-la-pandemia-y-la-experiencia-en-ibec-en-el-homenaje-a-las-victimas-del-covid19\/","name":"Los h\u00e9roes de la pandemia y la experiencia en IBEC, en el homenaje a las v\u00edctimas del COVID19 - Institute for Bioengineering of Catalonia","isPartOf":{"@id":"https:\/\/ibecbarcelona.eu\/#website"},"primaryImageOfPage":{"@id":"https:\/\/ibecbarcelona.eu\/es\/los-heroes-de-la-pandemia-y-la-experiencia-en-ibec-en-el-homenaje-a-las-victimas-del-covid19\/#primaryimage"},"image":{"@id":"https:\/\/ibecbarcelona.eu\/es\/los-heroes-de-la-pandemia-y-la-experiencia-en-ibec-en-el-homenaje-a-las-victimas-del-covid19\/#primaryimage"},"thumbnailUrl":"https:\/\/ibecbarcelona.eu\/wp-content\/uploads\/2021\/07\/homenaje-victimas-covis-1.jpg","datePublished":"2021-07-16T10:35:21+00:00","dateModified":"2021-07-20T13:08:03+00:00","breadcrumb":{"@id":"https:\/\/ibecbarcelona.eu\/es\/los-heroes-de-la-pandemia-y-la-experiencia-en-ibec-en-el-homenaje-a-las-victimas-del-covid19\/#breadcrumb"},"inLanguage":"es","potentialAction":[{"@type":"ReadAction","target":["https:\/\/ibecbarcelona.eu\/es\/los-heroes-de-la-pandemia-y-la-experiencia-en-ibec-en-el-homenaje-a-las-victimas-del-covid19\/"]}]},{"@type":"ImageObject","inLanguage":"es","@id":"https:\/\/ibecbarcelona.eu\/es\/los-heroes-de-la-pandemia-y-la-experiencia-en-ibec-en-el-homenaje-a-las-victimas-del-covid19\/#primaryimage","url":"https:\/\/ibecbarcelona.eu\/wp-content\/uploads\/2021\/07\/homenaje-victimas-covis-1.jpg","contentUrl":"https:\/\/ibecbarcelona.eu\/wp-content\/uploads\/2021\/07\/homenaje-victimas-covis-1.jpg","width":500,"height":281},{"@type":"BreadcrumbList","@id":"https:\/\/ibecbarcelona.eu\/es\/los-heroes-de-la-pandemia-y-la-experiencia-en-ibec-en-el-homenaje-a-las-victimas-del-covid19\/#breadcrumb","itemListElement":[{"@type":"ListItem","position":1,"name":"Home","item":"https:\/\/ibecbarcelona.eu\/es\/"},{"@type":"ListItem","position":2,"name":"Los h\u00e9roes de la pandemia y la experiencia en IBEC, en el homenaje a las v\u00edctimas del COVID19"}]},{"@type":"WebSite","@id":"https:\/\/ibecbarcelona.eu\/#website","url":"https:\/\/ibecbarcelona.eu\/","name":"Institute for Bioengineering of Catalonia","description":"Bioengineering solutions for health","publisher":{"@id":"https:\/\/ibecbarcelona.eu\/#organization"},"potentialAction":[{"@type":"SearchAction","target":{"@type":"EntryPoint","urlTemplate":"https:\/\/ibecbarcelona.eu\/?s={search_term_string}"},"query-input":{"@type":"PropertyValueSpecification","valueRequired":true,"valueName":"search_term_string"}}],"inLanguage":"es"},{"@type":"Organization","@id":"https:\/\/ibecbarcelona.eu\/#organization","name":"Institute for Bioengineering of Catalonia","url":"https:\/\/ibecbarcelona.eu\/","logo":{"@type":"ImageObject","inLanguage":"es","@id":"https:\/\/ibecbarcelona.eu\/#\/schema\/logo\/image\/","url":"https:\/\/ibecbarcelona.eu\/wp-content\/uploads\/2026\/01\/cropped-IBEC_20ANYS_GRIS.png","contentUrl":"https:\/\/ibecbarcelona.eu\/wp-content\/uploads\/2026\/01\/cropped-IBEC_20ANYS_GRIS.png","width":696,"height":257,"caption":"Institute for Bioengineering of Catalonia"},"image":{"@id":"https:\/\/ibecbarcelona.eu\/#\/schema\/logo\/image\/"}},{"@type":"Person","@id":"https:\/\/ibecbarcelona.eu\/#\/schema\/person\/c212c6b589546130be67986b9290e2b8","name":"\u00c0ngels L\u00f3pez","image":{"@type":"ImageObject","inLanguage":"es","@id":"https:\/\/secure.gravatar.com\/avatar\/09ad6ba116bea0b15c5511860f83b302579fd7404c1180e9dae55c3f11d988c6?s=96&d=mm&r=g","url":"https:\/\/secure.gravatar.com\/avatar\/09ad6ba116bea0b15c5511860f83b302579fd7404c1180e9dae55c3f11d988c6?s=96&d=mm&r=g","contentUrl":"https:\/\/secure.gravatar.com\/avatar\/09ad6ba116bea0b15c5511860f83b302579fd7404c1180e9dae55c3f11d988c6?s=96&d=mm&r=g","caption":"\u00c0ngels L\u00f3pez"},"url":"https:\/\/ibecbarcelona.eu\/es\/author\/alopez\/"}]}},"AFP_featured_media_urls":{"full":["https:\/\/ibecbarcelona.eu\/wp-content\/uploads\/2021\/07\/homenaje-victimas-covis-1.jpg",500,281,false],"thumbnail":["https:\/\/ibecbarcelona.eu\/wp-content\/uploads\/2021\/07\/homenaje-victimas-covis-1-150x150.jpg",150,150,true],"medium":["https:\/\/ibecbarcelona.eu\/wp-content\/uploads\/2021\/07\/homenaje-victimas-covis-1-300x169.jpg",300,169,true],"medium_large":["https:\/\/ibecbarcelona.eu\/wp-content\/uploads\/2021\/07\/homenaje-victimas-covis-1.jpg",500,281,false],"large":["https:\/\/ibecbarcelona.eu\/wp-content\/uploads\/2021\/07\/homenaje-victimas-covis-1.jpg",500,281,false]},"AFP_attachments":{"full":["https:\/\/ibecbarcelona.eu\/wp-content\/uploads\/2021\/07\/homenaje-victimas-covis-scaled.jpg",2560,1440,false],"thumbnail":["https:\/\/ibecbarcelona.eu\/wp-content\/uploads\/2021\/07\/homenaje-victimas-covis-150x150.jpg",150,150,true],"medium":["https:\/\/ibecbarcelona.eu\/wp-content\/uploads\/2021\/07\/homenaje-victimas-covis-300x169.jpg",300,169,true],"medium_large":["https:\/\/ibecbarcelona.eu\/wp-content\/uploads\/2021\/07\/homenaje-victimas-covis-768x432.jpg",768,432,true],"large":["https:\/\/ibecbarcelona.eu\/wp-content\/uploads\/2021\/07\/homenaje-victimas-covis-1024x576.jpg",1024,576,true]},"AFP_videos":[],"AFP_video_blocks":"","AFP_category_names":["Noticias institucionales"],"_links":{"self":[{"href":"https:\/\/ibecbarcelona.eu\/es\/wp-json\/wp\/v2\/posts\/86183","targetHints":{"allow":["GET"]}}],"collection":[{"href":"https:\/\/ibecbarcelona.eu\/es\/wp-json\/wp\/v2\/posts"}],"about":[{"href":"https:\/\/ibecbarcelona.eu\/es\/wp-json\/wp\/v2\/types\/post"}],"author":[{"embeddable":true,"href":"https:\/\/ibecbarcelona.eu\/es\/wp-json\/wp\/v2\/users\/4"}],"replies":[{"embeddable":true,"href":"https:\/\/ibecbarcelona.eu\/es\/wp-json\/wp\/v2\/comments?post=86183"}],"version-history":[{"count":4,"href":"https:\/\/ibecbarcelona.eu\/es\/wp-json\/wp\/v2\/posts\/86183\/revisions"}],"predecessor-version":[{"id":86291,"href":"https:\/\/ibecbarcelona.eu\/es\/wp-json\/wp\/v2\/posts\/86183\/revisions\/86291"}],"wp:featuredmedia":[{"embeddable":true,"href":"https:\/\/ibecbarcelona.eu\/es\/wp-json\/wp\/v2\/media\/86193"}],"wp:attachment":[{"href":"https:\/\/ibecbarcelona.eu\/es\/wp-json\/wp\/v2\/media?parent=86183"}],"wp:term":[{"taxonomy":"category","embeddable":true,"href":"https:\/\/ibecbarcelona.eu\/es\/wp-json\/wp\/v2\/categories?post=86183"},{"taxonomy":"post_tag","embeddable":true,"href":"https:\/\/ibecbarcelona.eu\/es\/wp-json\/wp\/v2\/tags?post=86183"},{"taxonomy":"post_format","embeddable":true,"href":"https:\/\/ibecbarcelona.eu\/es\/wp-json\/wp\/v2\/post_formats?post=86183"}],"curies":[{"name":"wp","href":"https:\/\/api.w.org\/{rel}","templated":true}]}}