
{"id":86782,"date":"2021-08-06T11:16:06","date_gmt":"2021-08-06T09:16:06","guid":{"rendered":"https:\/\/ibecbarcelona.eu\/?p=86782"},"modified":"2021-08-06T11:16:06","modified_gmt":"2021-08-06T09:16:06","slug":"la-tercera-revolucion-medica-medicina-regenerativa","status":"publish","type":"post","link":"https:\/\/ibecbarcelona.eu\/es\/la-tercera-revolucion-medica-medicina-regenerativa\/","title":{"rendered":"La tercera revoluci\u00f3n m\u00e9dica: medicina regenerativa"},"content":{"rendered":"<p>Hasta hace unos a\u00f1os, se pensaba que la capacidad del cuerpo para regenerarse estaba limitada a algunos tejidos y que hab\u00eda otros especialmente complejos, como el card\u00edaco o el nervioso, que no pod\u00edan hacerlo. Pero ese dogma ha ca\u00eddo, lo que ha supuesto un cambio conceptual radical:\u00a0la medicina puede intentar ahora reparar el deterioro que se produce en \u00f3rganos complejos como el coraz\u00f3n y tambi\u00e9n reparar el sistema nervioso central o el\u00a0cerebro.<\/p>\n<p>Se habla des de los <strong>\u00f3rganos en un chip<\/strong>, organoides que han resultado especialmente \u00fatiles porque la infecci\u00f3n afectaba a varios \u00f3rganos y este sistema permit\u00eda conocer simult\u00e1neamente la eficacia o la toxicidad que pod\u00edan tener en todos ellos los distintos f\u00e1rmacos, hasta las <strong>bioimpresoras 3D<\/strong> para poder preparar el material que se tenga que implantar despu\u00e9s en un paciente.<\/p>\n<blockquote><p><strong><img decoding=\"async\" class=\"wp-image-84626 alignleft lazyload\" data-src=\"https:\/\/ibecbarcelona.eu\/wp-content\/uploads\/2021\/05\/media_jsamitier.jpg\" alt=\"\" width=\"238\" height=\"132\" data-srcset=\"https:\/\/ibecbarcelona.eu\/wp-content\/uploads\/2021\/05\/media_jsamitier.jpg 270w, https:\/\/ibecbarcelona.eu\/wp-content\/uploads\/2021\/05\/media_jsamitier-150x83.jpg 150w\" data-sizes=\"(max-width: 238px) 100vw, 238px\" src=\"data:image\/svg+xml;base64,PHN2ZyB3aWR0aD0iMSIgaGVpZ2h0PSIxIiB4bWxucz0iaHR0cDovL3d3dy53My5vcmcvMjAwMC9zdmciPjwvc3ZnPg==\" style=\"--smush-placeholder-width: 238px; --smush-placeholder-aspect-ratio: 238\/132;\" \/>Cuando el\u00a0coraz\u00f3n resulta da\u00f1ado por un infarto, lo que busca la medicina regenerativa es reparar la parte del \u00f3rgano afectada, a\u00f1adiendo, quitando y restaurando el tejido que haya dejado de funcionar.<\/strong><\/p>\n<p style=\"text-align: right;\"><strong>Josep Samitier, director del IBEC<\/strong><\/p>\n<\/blockquote>\n<p>Pod\u00e9is leer el art\u00edculo completo <a href=\"https:\/\/www.muyinteresante.es\/ciencia\/articulo\/la-revolucion-de-la-medicina-regenerativa-591628066910\" target=\"_blank\" rel=\"noopener\">aqu\u00ed<\/a>.<\/p>\n","protected":false},"excerpt":{"rendered":"<h3>Josep Samitier, director del IBEC, aparece en un art\u00edculo publicado en la revista \u00abMuy Interesante\u00bb que trata sobre la revoluci\u00f3n de la medicina regenerativa y sus posibles aplicaciones m\u00e9dicas.<\/h3>\n","protected":false},"author":4,"featured_media":81394,"comment_status":"closed","ping_status":"closed","sticky":false,"template":"","format":"standard","meta":{"footnotes":""},"categories":[95],"tags":[960,1137,787],"post_formats":[],"class_list":["post-86782","post","type-post","status-publish","format-standard","has-post-thumbnail","hentry","category-ibec-en-los-medios","tag-bioimpresion-3d","tag-josep-samitier-es","tag-medicina-regenerativa"],"yoast_head":"<!-- This site is optimized with the Yoast SEO plugin v27.5 - https:\/\/yoast.com\/product\/yoast-seo-wordpress\/ -->\n<title>La tercera revoluci\u00f3n m\u00e9dica: medicina regenerativa - Institute for Bioengineering of Catalonia<\/title>\n<meta name=\"robots\" content=\"index, follow, max-snippet:-1, max-image-preview:large, max-video-preview:-1\" \/>\n<link rel=\"canonical\" href=\"https:\/\/ibecbarcelona.eu\/es\/la-tercera-revolucion-medica-medicina-regenerativa\/\" \/>\n<meta property=\"og:locale\" content=\"es_ES\" \/>\n<meta property=\"og:type\" content=\"article\" \/>\n<meta property=\"og:title\" content=\"La tercera revoluci\u00f3n m\u00e9dica: medicina regenerativa - Institute for Bioengineering of Catalonia\" \/>\n<meta property=\"og:description\" content=\"Josep Samitier, director del IBEC, aparece en un art\u00edculo publicado en la revista &quot;Muy Interesante&quot; que trata sobre la revoluci\u00f3n de la medicina regenerativa y sus posibles aplicaciones m\u00e9dicas.\" \/>\n<meta property=\"og:url\" content=\"https:\/\/ibecbarcelona.eu\/es\/la-tercera-revolucion-medica-medicina-regenerativa\/\" \/>\n<meta property=\"og:site_name\" content=\"Institute for Bioengineering of Catalonia\" \/>\n<meta property=\"article:published_time\" content=\"2021-08-06T09:16:06+00:00\" \/>\n<meta property=\"og:image\" content=\"https:\/\/ibecbarcelona.eu\/wp-content\/uploads\/2021\/02\/media_jsamitier-1.jpg\" \/>\n\t<meta property=\"og:image:width\" content=\"270\" \/>\n\t<meta property=\"og:image:height\" content=\"150\" \/>\n\t<meta property=\"og:image:type\" content=\"image\/jpeg\" \/>\n<meta name=\"author\" content=\"\u00c0ngels L\u00f3pez\" \/>\n<meta name=\"twitter:card\" content=\"summary_large_image\" \/>\n<meta name=\"twitter:label1\" content=\"Escrito por\" \/>\n\t<meta name=\"twitter:data1\" content=\"\u00c0ngels L\u00f3pez\" \/>\n\t<meta name=\"twitter:label2\" content=\"Tiempo de lectura\" \/>\n\t<meta name=\"twitter:data2\" content=\"1 minuto\" \/>\n<script type=\"application\/ld+json\" class=\"yoast-schema-graph\">{\"@context\":\"https:\\\/\\\/schema.org\",\"@graph\":[{\"@type\":\"Article\",\"@id\":\"https:\\\/\\\/ibecbarcelona.eu\\\/es\\\/la-tercera-revolucion-medica-medicina-regenerativa\\\/#article\",\"isPartOf\":{\"@id\":\"https:\\\/\\\/ibecbarcelona.eu\\\/es\\\/la-tercera-revolucion-medica-medicina-regenerativa\\\/\"},\"author\":{\"name\":\"\u00c0ngels L\u00f3pez\",\"@id\":\"https:\\\/\\\/ibecbarcelona.eu\\\/#\\\/schema\\\/person\\\/c212c6b589546130be67986b9290e2b8\"},\"headline\":\"La tercera revoluci\u00f3n m\u00e9dica: medicina regenerativa\",\"datePublished\":\"2021-08-06T09:16:06+00:00\",\"mainEntityOfPage\":{\"@id\":\"https:\\\/\\\/ibecbarcelona.eu\\\/es\\\/la-tercera-revolucion-medica-medicina-regenerativa\\\/\"},\"wordCount\":203,\"publisher\":{\"@id\":\"https:\\\/\\\/ibecbarcelona.eu\\\/#organization\"},\"image\":{\"@id\":\"https:\\\/\\\/ibecbarcelona.eu\\\/es\\\/la-tercera-revolucion-medica-medicina-regenerativa\\\/#primaryimage\"},\"thumbnailUrl\":\"https:\\\/\\\/ibecbarcelona.eu\\\/wp-content\\\/uploads\\\/2021\\\/02\\\/media_jsamitier-1.jpg\",\"keywords\":[\"Bioimpresi\u00f3n 3D\",\"Josep Samitier\",\"Medicina regenerativa\"],\"articleSection\":[\"IBEC en los medios\"],\"inLanguage\":\"es\"},{\"@type\":\"WebPage\",\"@id\":\"https:\\\/\\\/ibecbarcelona.eu\\\/es\\\/la-tercera-revolucion-medica-medicina-regenerativa\\\/\",\"url\":\"https:\\\/\\\/ibecbarcelona.eu\\\/es\\\/la-tercera-revolucion-medica-medicina-regenerativa\\\/\",\"name\":\"La tercera revoluci\u00f3n m\u00e9dica: medicina regenerativa - Institute for Bioengineering of Catalonia\",\"isPartOf\":{\"@id\":\"https:\\\/\\\/ibecbarcelona.eu\\\/#website\"},\"primaryImageOfPage\":{\"@id\":\"https:\\\/\\\/ibecbarcelona.eu\\\/es\\\/la-tercera-revolucion-medica-medicina-regenerativa\\\/#primaryimage\"},\"image\":{\"@id\":\"https:\\\/\\\/ibecbarcelona.eu\\\/es\\\/la-tercera-revolucion-medica-medicina-regenerativa\\\/#primaryimage\"},\"thumbnailUrl\":\"https:\\\/\\\/ibecbarcelona.eu\\\/wp-content\\\/uploads\\\/2021\\\/02\\\/media_jsamitier-1.jpg\",\"datePublished\":\"2021-08-06T09:16:06+00:00\",\"breadcrumb\":{\"@id\":\"https:\\\/\\\/ibecbarcelona.eu\\\/es\\\/la-tercera-revolucion-medica-medicina-regenerativa\\\/#breadcrumb\"},\"inLanguage\":\"es\",\"potentialAction\":[{\"@type\":\"ReadAction\",\"target\":[\"https:\\\/\\\/ibecbarcelona.eu\\\/es\\\/la-tercera-revolucion-medica-medicina-regenerativa\\\/\"]}]},{\"@type\":\"ImageObject\",\"inLanguage\":\"es\",\"@id\":\"https:\\\/\\\/ibecbarcelona.eu\\\/es\\\/la-tercera-revolucion-medica-medicina-regenerativa\\\/#primaryimage\",\"url\":\"https:\\\/\\\/ibecbarcelona.eu\\\/wp-content\\\/uploads\\\/2021\\\/02\\\/media_jsamitier-1.jpg\",\"contentUrl\":\"https:\\\/\\\/ibecbarcelona.eu\\\/wp-content\\\/uploads\\\/2021\\\/02\\\/media_jsamitier-1.jpg\",\"width\":270,\"height\":150},{\"@type\":\"BreadcrumbList\",\"@id\":\"https:\\\/\\\/ibecbarcelona.eu\\\/es\\\/la-tercera-revolucion-medica-medicina-regenerativa\\\/#breadcrumb\",\"itemListElement\":[{\"@type\":\"ListItem\",\"position\":1,\"name\":\"Home\",\"item\":\"https:\\\/\\\/ibecbarcelona.eu\\\/es\\\/\"},{\"@type\":\"ListItem\",\"position\":2,\"name\":\"La tercera revoluci\u00f3n m\u00e9dica: medicina regenerativa\"}]},{\"@type\":\"WebSite\",\"@id\":\"https:\\\/\\\/ibecbarcelona.eu\\\/#website\",\"url\":\"https:\\\/\\\/ibecbarcelona.eu\\\/\",\"name\":\"Institute for Bioengineering of Catalonia\",\"description\":\"Bioengineering solutions for health\",\"publisher\":{\"@id\":\"https:\\\/\\\/ibecbarcelona.eu\\\/#organization\"},\"potentialAction\":[{\"@type\":\"SearchAction\",\"target\":{\"@type\":\"EntryPoint\",\"urlTemplate\":\"https:\\\/\\\/ibecbarcelona.eu\\\/?s={search_term_string}\"},\"query-input\":{\"@type\":\"PropertyValueSpecification\",\"valueRequired\":true,\"valueName\":\"search_term_string\"}}],\"inLanguage\":\"es\"},{\"@type\":\"Organization\",\"@id\":\"https:\\\/\\\/ibecbarcelona.eu\\\/#organization\",\"name\":\"Institute for Bioengineering of Catalonia\",\"url\":\"https:\\\/\\\/ibecbarcelona.eu\\\/\",\"logo\":{\"@type\":\"ImageObject\",\"inLanguage\":\"es\",\"@id\":\"https:\\\/\\\/ibecbarcelona.eu\\\/#\\\/schema\\\/logo\\\/image\\\/\",\"url\":\"https:\\\/\\\/ibecbarcelona.eu\\\/wp-content\\\/uploads\\\/2026\\\/01\\\/cropped-IBEC_20ANYS_GRIS.png\",\"contentUrl\":\"https:\\\/\\\/ibecbarcelona.eu\\\/wp-content\\\/uploads\\\/2026\\\/01\\\/cropped-IBEC_20ANYS_GRIS.png\",\"width\":696,\"height\":257,\"caption\":\"Institute for Bioengineering of Catalonia\"},\"image\":{\"@id\":\"https:\\\/\\\/ibecbarcelona.eu\\\/#\\\/schema\\\/logo\\\/image\\\/\"}},{\"@type\":\"Person\",\"@id\":\"https:\\\/\\\/ibecbarcelona.eu\\\/#\\\/schema\\\/person\\\/c212c6b589546130be67986b9290e2b8\",\"name\":\"\u00c0ngels L\u00f3pez\",\"image\":{\"@type\":\"ImageObject\",\"inLanguage\":\"es\",\"@id\":\"https:\\\/\\\/secure.gravatar.com\\\/avatar\\\/09ad6ba116bea0b15c5511860f83b302579fd7404c1180e9dae55c3f11d988c6?s=96&d=mm&r=g\",\"url\":\"https:\\\/\\\/secure.gravatar.com\\\/avatar\\\/09ad6ba116bea0b15c5511860f83b302579fd7404c1180e9dae55c3f11d988c6?s=96&d=mm&r=g\",\"contentUrl\":\"https:\\\/\\\/secure.gravatar.com\\\/avatar\\\/09ad6ba116bea0b15c5511860f83b302579fd7404c1180e9dae55c3f11d988c6?s=96&d=mm&r=g\",\"caption\":\"\u00c0ngels L\u00f3pez\"},\"url\":\"https:\\\/\\\/ibecbarcelona.eu\\\/es\\\/author\\\/alopez\\\/\"}]}<\/script>\n<!-- \/ Yoast SEO plugin. -->","yoast_head_json":{"title":"La tercera revoluci\u00f3n m\u00e9dica: medicina regenerativa - Institute for Bioengineering of Catalonia","robots":{"index":"index","follow":"follow","max-snippet":"max-snippet:-1","max-image-preview":"max-image-preview:large","max-video-preview":"max-video-preview:-1"},"canonical":"https:\/\/ibecbarcelona.eu\/es\/la-tercera-revolucion-medica-medicina-regenerativa\/","og_locale":"es_ES","og_type":"article","og_title":"La tercera revoluci\u00f3n m\u00e9dica: medicina regenerativa - Institute for Bioengineering of Catalonia","og_description":"Josep Samitier, director del IBEC, aparece en un art\u00edculo publicado en la revista \"Muy Interesante\" que trata sobre la revoluci\u00f3n de la medicina regenerativa y sus posibles aplicaciones m\u00e9dicas.","og_url":"https:\/\/ibecbarcelona.eu\/es\/la-tercera-revolucion-medica-medicina-regenerativa\/","og_site_name":"Institute for Bioengineering of Catalonia","article_published_time":"2021-08-06T09:16:06+00:00","og_image":[{"width":270,"height":150,"url":"https:\/\/ibecbarcelona.eu\/wp-content\/uploads\/2021\/02\/media_jsamitier-1.jpg","type":"image\/jpeg"}],"author":"\u00c0ngels L\u00f3pez","twitter_card":"summary_large_image","twitter_misc":{"Escrito por":"\u00c0ngels L\u00f3pez","Tiempo de lectura":"1 minuto"},"schema":{"@context":"https:\/\/schema.org","@graph":[{"@type":"Article","@id":"https:\/\/ibecbarcelona.eu\/es\/la-tercera-revolucion-medica-medicina-regenerativa\/#article","isPartOf":{"@id":"https:\/\/ibecbarcelona.eu\/es\/la-tercera-revolucion-medica-medicina-regenerativa\/"},"author":{"name":"\u00c0ngels L\u00f3pez","@id":"https:\/\/ibecbarcelona.eu\/#\/schema\/person\/c212c6b589546130be67986b9290e2b8"},"headline":"La tercera revoluci\u00f3n m\u00e9dica: medicina regenerativa","datePublished":"2021-08-06T09:16:06+00:00","mainEntityOfPage":{"@id":"https:\/\/ibecbarcelona.eu\/es\/la-tercera-revolucion-medica-medicina-regenerativa\/"},"wordCount":203,"publisher":{"@id":"https:\/\/ibecbarcelona.eu\/#organization"},"image":{"@id":"https:\/\/ibecbarcelona.eu\/es\/la-tercera-revolucion-medica-medicina-regenerativa\/#primaryimage"},"thumbnailUrl":"https:\/\/ibecbarcelona.eu\/wp-content\/uploads\/2021\/02\/media_jsamitier-1.jpg","keywords":["Bioimpresi\u00f3n 3D","Josep Samitier","Medicina regenerativa"],"articleSection":["IBEC en los medios"],"inLanguage":"es"},{"@type":"WebPage","@id":"https:\/\/ibecbarcelona.eu\/es\/la-tercera-revolucion-medica-medicina-regenerativa\/","url":"https:\/\/ibecbarcelona.eu\/es\/la-tercera-revolucion-medica-medicina-regenerativa\/","name":"La tercera revoluci\u00f3n m\u00e9dica: medicina regenerativa - Institute for Bioengineering of Catalonia","isPartOf":{"@id":"https:\/\/ibecbarcelona.eu\/#website"},"primaryImageOfPage":{"@id":"https:\/\/ibecbarcelona.eu\/es\/la-tercera-revolucion-medica-medicina-regenerativa\/#primaryimage"},"image":{"@id":"https:\/\/ibecbarcelona.eu\/es\/la-tercera-revolucion-medica-medicina-regenerativa\/#primaryimage"},"thumbnailUrl":"https:\/\/ibecbarcelona.eu\/wp-content\/uploads\/2021\/02\/media_jsamitier-1.jpg","datePublished":"2021-08-06T09:16:06+00:00","breadcrumb":{"@id":"https:\/\/ibecbarcelona.eu\/es\/la-tercera-revolucion-medica-medicina-regenerativa\/#breadcrumb"},"inLanguage":"es","potentialAction":[{"@type":"ReadAction","target":["https:\/\/ibecbarcelona.eu\/es\/la-tercera-revolucion-medica-medicina-regenerativa\/"]}]},{"@type":"ImageObject","inLanguage":"es","@id":"https:\/\/ibecbarcelona.eu\/es\/la-tercera-revolucion-medica-medicina-regenerativa\/#primaryimage","url":"https:\/\/ibecbarcelona.eu\/wp-content\/uploads\/2021\/02\/media_jsamitier-1.jpg","contentUrl":"https:\/\/ibecbarcelona.eu\/wp-content\/uploads\/2021\/02\/media_jsamitier-1.jpg","width":270,"height":150},{"@type":"BreadcrumbList","@id":"https:\/\/ibecbarcelona.eu\/es\/la-tercera-revolucion-medica-medicina-regenerativa\/#breadcrumb","itemListElement":[{"@type":"ListItem","position":1,"name":"Home","item":"https:\/\/ibecbarcelona.eu\/es\/"},{"@type":"ListItem","position":2,"name":"La tercera revoluci\u00f3n m\u00e9dica: medicina regenerativa"}]},{"@type":"WebSite","@id":"https:\/\/ibecbarcelona.eu\/#website","url":"https:\/\/ibecbarcelona.eu\/","name":"Institute for Bioengineering of Catalonia","description":"Bioengineering solutions for health","publisher":{"@id":"https:\/\/ibecbarcelona.eu\/#organization"},"potentialAction":[{"@type":"SearchAction","target":{"@type":"EntryPoint","urlTemplate":"https:\/\/ibecbarcelona.eu\/?s={search_term_string}"},"query-input":{"@type":"PropertyValueSpecification","valueRequired":true,"valueName":"search_term_string"}}],"inLanguage":"es"},{"@type":"Organization","@id":"https:\/\/ibecbarcelona.eu\/#organization","name":"Institute for Bioengineering of Catalonia","url":"https:\/\/ibecbarcelona.eu\/","logo":{"@type":"ImageObject","inLanguage":"es","@id":"https:\/\/ibecbarcelona.eu\/#\/schema\/logo\/image\/","url":"https:\/\/ibecbarcelona.eu\/wp-content\/uploads\/2026\/01\/cropped-IBEC_20ANYS_GRIS.png","contentUrl":"https:\/\/ibecbarcelona.eu\/wp-content\/uploads\/2026\/01\/cropped-IBEC_20ANYS_GRIS.png","width":696,"height":257,"caption":"Institute for Bioengineering of Catalonia"},"image":{"@id":"https:\/\/ibecbarcelona.eu\/#\/schema\/logo\/image\/"}},{"@type":"Person","@id":"https:\/\/ibecbarcelona.eu\/#\/schema\/person\/c212c6b589546130be67986b9290e2b8","name":"\u00c0ngels L\u00f3pez","image":{"@type":"ImageObject","inLanguage":"es","@id":"https:\/\/secure.gravatar.com\/avatar\/09ad6ba116bea0b15c5511860f83b302579fd7404c1180e9dae55c3f11d988c6?s=96&d=mm&r=g","url":"https:\/\/secure.gravatar.com\/avatar\/09ad6ba116bea0b15c5511860f83b302579fd7404c1180e9dae55c3f11d988c6?s=96&d=mm&r=g","contentUrl":"https:\/\/secure.gravatar.com\/avatar\/09ad6ba116bea0b15c5511860f83b302579fd7404c1180e9dae55c3f11d988c6?s=96&d=mm&r=g","caption":"\u00c0ngels L\u00f3pez"},"url":"https:\/\/ibecbarcelona.eu\/es\/author\/alopez\/"}]}},"AFP_featured_media_urls":{"full":["https:\/\/ibecbarcelona.eu\/wp-content\/uploads\/2021\/02\/media_jsamitier-1.jpg",270,150,false],"thumbnail":["https:\/\/ibecbarcelona.eu\/wp-content\/uploads\/2021\/02\/media_jsamitier-1-150x150.jpg",150,150,true],"medium":["https:\/\/ibecbarcelona.eu\/wp-content\/uploads\/2021\/02\/media_jsamitier-1.jpg",270,150,false],"medium_large":["https:\/\/ibecbarcelona.eu\/wp-content\/uploads\/2021\/02\/media_jsamitier-1.jpg",270,150,false],"large":["https:\/\/ibecbarcelona.eu\/wp-content\/uploads\/2021\/02\/media_jsamitier-1.jpg",270,150,false]},"AFP_attachments":[],"AFP_videos":[],"AFP_video_blocks":"","AFP_category_names":["IBEC en los medios"],"_links":{"self":[{"href":"https:\/\/ibecbarcelona.eu\/es\/wp-json\/wp\/v2\/posts\/86782","targetHints":{"allow":["GET"]}}],"collection":[{"href":"https:\/\/ibecbarcelona.eu\/es\/wp-json\/wp\/v2\/posts"}],"about":[{"href":"https:\/\/ibecbarcelona.eu\/es\/wp-json\/wp\/v2\/types\/post"}],"author":[{"embeddable":true,"href":"https:\/\/ibecbarcelona.eu\/es\/wp-json\/wp\/v2\/users\/4"}],"replies":[{"embeddable":true,"href":"https:\/\/ibecbarcelona.eu\/es\/wp-json\/wp\/v2\/comments?post=86782"}],"version-history":[{"count":4,"href":"https:\/\/ibecbarcelona.eu\/es\/wp-json\/wp\/v2\/posts\/86782\/revisions"}],"predecessor-version":[{"id":86787,"href":"https:\/\/ibecbarcelona.eu\/es\/wp-json\/wp\/v2\/posts\/86782\/revisions\/86787"}],"wp:featuredmedia":[{"embeddable":true,"href":"https:\/\/ibecbarcelona.eu\/es\/wp-json\/wp\/v2\/media\/81394"}],"wp:attachment":[{"href":"https:\/\/ibecbarcelona.eu\/es\/wp-json\/wp\/v2\/media?parent=86782"}],"wp:term":[{"taxonomy":"category","embeddable":true,"href":"https:\/\/ibecbarcelona.eu\/es\/wp-json\/wp\/v2\/categories?post=86782"},{"taxonomy":"post_tag","embeddable":true,"href":"https:\/\/ibecbarcelona.eu\/es\/wp-json\/wp\/v2\/tags?post=86782"},{"taxonomy":"post_format","embeddable":true,"href":"https:\/\/ibecbarcelona.eu\/es\/wp-json\/wp\/v2\/post_formats?post=86782"}],"curies":[{"name":"wp","href":"https:\/\/api.w.org\/{rel}","templated":true}]}}