
{"id":88400,"date":"2021-11-10T08:03:07","date_gmt":"2021-11-10T07:03:07","guid":{"rendered":"https:\/\/ibecbarcelona.eu\/?p=88400"},"modified":"2021-11-10T08:03:07","modified_gmt":"2021-11-10T07:03:07","slug":"el-director-del-ibec-recibe-el-premio-narcis-monturiol","status":"publish","type":"post","link":"https:\/\/ibecbarcelona.eu\/es\/el-director-del-ibec-recibe-el-premio-narcis-monturiol\/","title":{"rendered":"El director del IBEC recibe el premio Narc\u00eds Monturiol"},"content":{"rendered":"<p><span class=\"VIiyi\" lang=\"es\"><span class=\"JLqJ4b ChMk0b\" data-language-for-alternatives=\"es\" data-language-to-translate-into=\"en\" data-phrase-index=\"0\" data-number-of-phrases=\"1\">Las Medallas Narc\u00eds Monturiol distinguen a las personas y entidades que han contribuido de manera destacada al desarrollo de la ciencia y la tecnolog\u00eda en Catalu\u00f1a. Diez investigadores del sistema catal\u00e1n del conocimiento (seis hombres y cuatro mujeres) recibieron ayer esta distinci\u00f3n, as\u00ed como un centro de investigaci\u00f3n que recibi\u00f3 la Placa Narc\u00eds Monturiol en el acto, celebrado en el Auditorio de la Generalitat de Catalunya.<\/span><\/span><\/p>\n<p>Gemma Geis, consellera de Investigaci\u00f3n y Universidades, ha recordado que se debati\u00f3 en el Parlament el Proyecto de Ley de la Ciencia de Catalu\u00f1a, lo que ha calificado como un \u00abgran paso\u00bb para ofrecer \u00ablos instrumentos necesarios para consolidar Catalu\u00f1a como polo de referencia en Europa\u00bb.<\/p>\n<blockquote><p><strong><span class=\"JLqJ4b ChMk0b\" data-language-for-alternatives=\"es\" data-language-to-translate-into=\"en\" data-phrase-index=\"1\" data-number-of-phrases=\"3\"><img decoding=\"async\" class=\"wp-image-88276 alignleft lazyload\" data-src=\"https:\/\/ibecbarcelona.eu\/wp-content\/uploads\/2021\/11\/JS-discurs.png\" alt=\"\" width=\"308\" height=\"173\" src=\"data:image\/svg+xml;base64,PHN2ZyB3aWR0aD0iMSIgaGVpZ2h0PSIxIiB4bWxucz0iaHR0cDovL3d3dy53My5vcmcvMjAwMC9zdmciPjwvc3ZnPg==\" style=\"--smush-placeholder-width: 308px; --smush-placeholder-aspect-ratio: 308\/173;\" \/>Los que estamos hoy aqu\u00ed, hemos intentado comprender y dar soluciones a las preguntas y necesidades<\/span> <span class=\"JLqJ4b ChMk0b\" data-language-for-alternatives=\"es\" data-language-to-translate-into=\"en\" data-phrase-index=\"2\" data-number-of-phrases=\"3\">de la sociedad.<\/span><\/strong><\/p>\n<p style=\"text-align: right;\"><strong>Josep Samitier, director del IBEC<\/strong><\/p>\n<p>&nbsp;<\/p><\/blockquote>\n<p>Pod\u00e9is leer los impactos en los medios aqu\u00ed:<\/p>\n<ul>\n<li><a href=\"https:\/\/www.lavanguardia.com\/vida\/20211104\/7839750\/consellera-geis-celebra-presupuestos-apuestan-investigacion.html\" target=\"_blank\" rel=\"noopener\">La Vanguardia<\/a><\/li>\n<li><a href=\"https:\/\/www.lavanguardia.com\/vida\/20211104\/7839723\/geis-als-guardonats-monturiol-sou-prova-mes-palpable-talent-cientific-tenim-catalunya.html\" target=\"_blank\" rel=\"noopener\">La Vanguardia &#8211; sociedad<\/a><\/li>\n<li><a href=\"https:\/\/govern.cat\/salapremsa\/notes-premsa\/415240\/la-consellera-geis-als-guardonats-i-guardonades-monturiol-sou-la-prova-mes-palpable-del-talent-cientific-que-tenim-a-catalunya\" target=\"_blank\" rel=\"noopener\">Generalitat de Catalunya<\/a><\/li>\n<li><a href=\"https:\/\/www.noticiasde.es\/catalunya\/barcelona\/los-galardonados-con-la-medalla-narcis-monturiol-piden-un-nuevo-impulso-en-investigacion\/\" target=\"_blank\" rel=\"noopener\">NoticiasDe.es<\/a><\/li>\n<li><a href=\"https:\/\/www.vilaweb.cat\/noticies\/geis-guardonats-monturiol-talent-cientific-catalunya\/\" target=\"_blank\" rel=\"noopener\">VilaWeb<\/a><\/li>\n<li><a href=\"http:\/\/diaridigital.tarragona21.com\/el-catedratic-de-la-urv-jordi-salas-salvado-rep-la-medalla-narcis-monturiol-al-merit-cientific-i-tecnologic\/\" target=\"_blank\" rel=\"noopener\">Diari digital Tarragona<\/a><\/li>\n<li><a href=\"https:\/\/www.ub.edu\/web\/ub\/ca\/menu_eines\/noticies\/2021\/Fotonoticies\/006.html\" target=\"_blank\" rel=\"noopener\">Universitat de Barcelona<\/a><\/li>\n<li><a href=\"https:\/\/ibecbarcelona.eu\/wp-content\/uploads\/2021\/11\/DIAGI211105021.pdf\" target=\"_blank\" rel=\"noopener\">Diari de Girona<\/a> (PDF)<\/li>\n<li><a href=\"https:\/\/www.diaridegirona.cat\/comarques\/2021\/11\/05\/ramon-brugada-rep-medalla-narcis-59184645.html\" target=\"_blank\" rel=\"noopener\">Diari de Girona<\/a> (online)<\/li>\n<li><a href=\"https:\/\/ibecbarcelona.eu\/es\/ibecs-director-receives-the-narcis-monturiol-medal-for-his-contributions-to-science-and-technology\/\" target=\"_blank\" rel=\"noopener\">IBEC<\/a><\/li>\n<\/ul>\n","protected":false},"excerpt":{"rendered":"<h3>Josep Samitier, director del IBEC, aparece en diferentes medios por haber sido galardonado con el premio Narc\u00eds Monturiol por su trabajo cient\u00edfico y tecnol\u00f3gico y aprovecha para recordar la necesidad de fortalecer el apoyo a los esfuerzos cient\u00edficos y tecnol\u00f3gicos.<\/h3>\n","protected":false},"author":4,"featured_media":88276,"comment_status":"closed","ping_status":"closed","sticky":false,"template":"","format":"standard","meta":{"footnotes":""},"categories":[95],"tags":[1137,1550],"post_formats":[],"class_list":["post-88400","post","type-post","status-publish","format-standard","has-post-thumbnail","hentry","category-ibec-en-los-medios","tag-josep-samitier-es","tag-narcis-monturiol-es"],"yoast_head":"<!-- This site is optimized with the Yoast SEO plugin v27.5 - https:\/\/yoast.com\/product\/yoast-seo-wordpress\/ -->\n<title>El director del IBEC recibe el premio Narc\u00eds Monturiol - Institute for Bioengineering of Catalonia<\/title>\n<meta name=\"robots\" content=\"index, follow, max-snippet:-1, max-image-preview:large, max-video-preview:-1\" \/>\n<link rel=\"canonical\" href=\"https:\/\/ibecbarcelona.eu\/es\/el-director-del-ibec-recibe-el-premio-narcis-monturiol\/\" \/>\n<meta property=\"og:locale\" content=\"es_ES\" \/>\n<meta property=\"og:type\" content=\"article\" \/>\n<meta property=\"og:title\" content=\"El director del IBEC recibe el premio Narc\u00eds Monturiol - Institute for Bioengineering of Catalonia\" \/>\n<meta property=\"og:description\" content=\"Josep Samitier, director del IBEC, aparece en diferentes medios por haber sido galardonado con el premio Narc\u00eds Monturiol por su trabajo cient\u00edfico y tecnol\u00f3gico y aprovecha para recordar la necesidad de fortalecer el apoyo a los esfuerzos cient\u00edficos y tecnol\u00f3gicos.\" \/>\n<meta property=\"og:url\" content=\"https:\/\/ibecbarcelona.eu\/es\/el-director-del-ibec-recibe-el-premio-narcis-monturiol\/\" \/>\n<meta property=\"og:site_name\" content=\"Institute for Bioengineering of Catalonia\" \/>\n<meta property=\"article:published_time\" content=\"2021-11-10T07:03:07+00:00\" \/>\n<meta property=\"og:image\" content=\"https:\/\/ibecbarcelona.eu\/wp-content\/uploads\/2021\/11\/JS-discurs-e1636455157152.png\" \/>\n\t<meta property=\"og:image:width\" content=\"500\" \/>\n\t<meta property=\"og:image:height\" content=\"281\" \/>\n\t<meta property=\"og:image:type\" content=\"image\/png\" \/>\n<meta name=\"author\" content=\"\u00c0ngels L\u00f3pez\" \/>\n<meta name=\"twitter:card\" content=\"summary_large_image\" \/>\n<meta name=\"twitter:label1\" content=\"Escrito por\" \/>\n\t<meta name=\"twitter:data1\" content=\"\u00c0ngels L\u00f3pez\" \/>\n\t<meta name=\"twitter:label2\" content=\"Tiempo de lectura\" \/>\n\t<meta name=\"twitter:data2\" content=\"1 minuto\" \/>\n<script type=\"application\/ld+json\" class=\"yoast-schema-graph\">{\"@context\":\"https:\\\/\\\/schema.org\",\"@graph\":[{\"@type\":\"Article\",\"@id\":\"https:\\\/\\\/ibecbarcelona.eu\\\/es\\\/el-director-del-ibec-recibe-el-premio-narcis-monturiol\\\/#article\",\"isPartOf\":{\"@id\":\"https:\\\/\\\/ibecbarcelona.eu\\\/es\\\/el-director-del-ibec-recibe-el-premio-narcis-monturiol\\\/\"},\"author\":{\"name\":\"\u00c0ngels L\u00f3pez\",\"@id\":\"https:\\\/\\\/ibecbarcelona.eu\\\/#\\\/schema\\\/person\\\/c212c6b589546130be67986b9290e2b8\"},\"headline\":\"El director del IBEC recibe el premio Narc\u00eds Monturiol\",\"datePublished\":\"2021-11-10T07:03:07+00:00\",\"mainEntityOfPage\":{\"@id\":\"https:\\\/\\\/ibecbarcelona.eu\\\/es\\\/el-director-del-ibec-recibe-el-premio-narcis-monturiol\\\/\"},\"wordCount\":193,\"publisher\":{\"@id\":\"https:\\\/\\\/ibecbarcelona.eu\\\/#organization\"},\"image\":{\"@id\":\"https:\\\/\\\/ibecbarcelona.eu\\\/es\\\/el-director-del-ibec-recibe-el-premio-narcis-monturiol\\\/#primaryimage\"},\"thumbnailUrl\":\"https:\\\/\\\/ibecbarcelona.eu\\\/wp-content\\\/uploads\\\/2021\\\/11\\\/JS-discurs-e1636455157152.png\",\"keywords\":[\"Josep Samitier\",\"Narc\u00eds Monturiol\"],\"articleSection\":[\"IBEC en los medios\"],\"inLanguage\":\"es\"},{\"@type\":\"WebPage\",\"@id\":\"https:\\\/\\\/ibecbarcelona.eu\\\/es\\\/el-director-del-ibec-recibe-el-premio-narcis-monturiol\\\/\",\"url\":\"https:\\\/\\\/ibecbarcelona.eu\\\/es\\\/el-director-del-ibec-recibe-el-premio-narcis-monturiol\\\/\",\"name\":\"El director del IBEC recibe el premio Narc\u00eds Monturiol - Institute for Bioengineering of Catalonia\",\"isPartOf\":{\"@id\":\"https:\\\/\\\/ibecbarcelona.eu\\\/#website\"},\"primaryImageOfPage\":{\"@id\":\"https:\\\/\\\/ibecbarcelona.eu\\\/es\\\/el-director-del-ibec-recibe-el-premio-narcis-monturiol\\\/#primaryimage\"},\"image\":{\"@id\":\"https:\\\/\\\/ibecbarcelona.eu\\\/es\\\/el-director-del-ibec-recibe-el-premio-narcis-monturiol\\\/#primaryimage\"},\"thumbnailUrl\":\"https:\\\/\\\/ibecbarcelona.eu\\\/wp-content\\\/uploads\\\/2021\\\/11\\\/JS-discurs-e1636455157152.png\",\"datePublished\":\"2021-11-10T07:03:07+00:00\",\"breadcrumb\":{\"@id\":\"https:\\\/\\\/ibecbarcelona.eu\\\/es\\\/el-director-del-ibec-recibe-el-premio-narcis-monturiol\\\/#breadcrumb\"},\"inLanguage\":\"es\",\"potentialAction\":[{\"@type\":\"ReadAction\",\"target\":[\"https:\\\/\\\/ibecbarcelona.eu\\\/es\\\/el-director-del-ibec-recibe-el-premio-narcis-monturiol\\\/\"]}]},{\"@type\":\"ImageObject\",\"inLanguage\":\"es\",\"@id\":\"https:\\\/\\\/ibecbarcelona.eu\\\/es\\\/el-director-del-ibec-recibe-el-premio-narcis-monturiol\\\/#primaryimage\",\"url\":\"https:\\\/\\\/ibecbarcelona.eu\\\/wp-content\\\/uploads\\\/2021\\\/11\\\/JS-discurs-e1636455157152.png\",\"contentUrl\":\"https:\\\/\\\/ibecbarcelona.eu\\\/wp-content\\\/uploads\\\/2021\\\/11\\\/JS-discurs-e1636455157152.png\",\"width\":500,\"height\":281},{\"@type\":\"BreadcrumbList\",\"@id\":\"https:\\\/\\\/ibecbarcelona.eu\\\/es\\\/el-director-del-ibec-recibe-el-premio-narcis-monturiol\\\/#breadcrumb\",\"itemListElement\":[{\"@type\":\"ListItem\",\"position\":1,\"name\":\"Home\",\"item\":\"https:\\\/\\\/ibecbarcelona.eu\\\/es\\\/\"},{\"@type\":\"ListItem\",\"position\":2,\"name\":\"El director del IBEC recibe el premio Narc\u00eds Monturiol\"}]},{\"@type\":\"WebSite\",\"@id\":\"https:\\\/\\\/ibecbarcelona.eu\\\/#website\",\"url\":\"https:\\\/\\\/ibecbarcelona.eu\\\/\",\"name\":\"Institute for Bioengineering of Catalonia\",\"description\":\"Bioengineering solutions for health\",\"publisher\":{\"@id\":\"https:\\\/\\\/ibecbarcelona.eu\\\/#organization\"},\"potentialAction\":[{\"@type\":\"SearchAction\",\"target\":{\"@type\":\"EntryPoint\",\"urlTemplate\":\"https:\\\/\\\/ibecbarcelona.eu\\\/?s={search_term_string}\"},\"query-input\":{\"@type\":\"PropertyValueSpecification\",\"valueRequired\":true,\"valueName\":\"search_term_string\"}}],\"inLanguage\":\"es\"},{\"@type\":\"Organization\",\"@id\":\"https:\\\/\\\/ibecbarcelona.eu\\\/#organization\",\"name\":\"Institute for Bioengineering of Catalonia\",\"url\":\"https:\\\/\\\/ibecbarcelona.eu\\\/\",\"logo\":{\"@type\":\"ImageObject\",\"inLanguage\":\"es\",\"@id\":\"https:\\\/\\\/ibecbarcelona.eu\\\/#\\\/schema\\\/logo\\\/image\\\/\",\"url\":\"https:\\\/\\\/ibecbarcelona.eu\\\/wp-content\\\/uploads\\\/2026\\\/01\\\/cropped-IBEC_20ANYS_GRIS.png\",\"contentUrl\":\"https:\\\/\\\/ibecbarcelona.eu\\\/wp-content\\\/uploads\\\/2026\\\/01\\\/cropped-IBEC_20ANYS_GRIS.png\",\"width\":696,\"height\":257,\"caption\":\"Institute for Bioengineering of Catalonia\"},\"image\":{\"@id\":\"https:\\\/\\\/ibecbarcelona.eu\\\/#\\\/schema\\\/logo\\\/image\\\/\"}},{\"@type\":\"Person\",\"@id\":\"https:\\\/\\\/ibecbarcelona.eu\\\/#\\\/schema\\\/person\\\/c212c6b589546130be67986b9290e2b8\",\"name\":\"\u00c0ngels L\u00f3pez\",\"image\":{\"@type\":\"ImageObject\",\"inLanguage\":\"es\",\"@id\":\"https:\\\/\\\/secure.gravatar.com\\\/avatar\\\/09ad6ba116bea0b15c5511860f83b302579fd7404c1180e9dae55c3f11d988c6?s=96&d=mm&r=g\",\"url\":\"https:\\\/\\\/secure.gravatar.com\\\/avatar\\\/09ad6ba116bea0b15c5511860f83b302579fd7404c1180e9dae55c3f11d988c6?s=96&d=mm&r=g\",\"contentUrl\":\"https:\\\/\\\/secure.gravatar.com\\\/avatar\\\/09ad6ba116bea0b15c5511860f83b302579fd7404c1180e9dae55c3f11d988c6?s=96&d=mm&r=g\",\"caption\":\"\u00c0ngels L\u00f3pez\"},\"url\":\"https:\\\/\\\/ibecbarcelona.eu\\\/es\\\/author\\\/alopez\\\/\"}]}<\/script>\n<!-- \/ Yoast SEO plugin. -->","yoast_head_json":{"title":"El director del IBEC recibe el premio Narc\u00eds Monturiol - Institute for Bioengineering of Catalonia","robots":{"index":"index","follow":"follow","max-snippet":"max-snippet:-1","max-image-preview":"max-image-preview:large","max-video-preview":"max-video-preview:-1"},"canonical":"https:\/\/ibecbarcelona.eu\/es\/el-director-del-ibec-recibe-el-premio-narcis-monturiol\/","og_locale":"es_ES","og_type":"article","og_title":"El director del IBEC recibe el premio Narc\u00eds Monturiol - Institute for Bioengineering of Catalonia","og_description":"Josep Samitier, director del IBEC, aparece en diferentes medios por haber sido galardonado con el premio Narc\u00eds Monturiol por su trabajo cient\u00edfico y tecnol\u00f3gico y aprovecha para recordar la necesidad de fortalecer el apoyo a los esfuerzos cient\u00edficos y tecnol\u00f3gicos.","og_url":"https:\/\/ibecbarcelona.eu\/es\/el-director-del-ibec-recibe-el-premio-narcis-monturiol\/","og_site_name":"Institute for Bioengineering of Catalonia","article_published_time":"2021-11-10T07:03:07+00:00","og_image":[{"width":500,"height":281,"url":"https:\/\/ibecbarcelona.eu\/wp-content\/uploads\/2021\/11\/JS-discurs-e1636455157152.png","type":"image\/png"}],"author":"\u00c0ngels L\u00f3pez","twitter_card":"summary_large_image","twitter_misc":{"Escrito por":"\u00c0ngels L\u00f3pez","Tiempo de lectura":"1 minuto"},"schema":{"@context":"https:\/\/schema.org","@graph":[{"@type":"Article","@id":"https:\/\/ibecbarcelona.eu\/es\/el-director-del-ibec-recibe-el-premio-narcis-monturiol\/#article","isPartOf":{"@id":"https:\/\/ibecbarcelona.eu\/es\/el-director-del-ibec-recibe-el-premio-narcis-monturiol\/"},"author":{"name":"\u00c0ngels L\u00f3pez","@id":"https:\/\/ibecbarcelona.eu\/#\/schema\/person\/c212c6b589546130be67986b9290e2b8"},"headline":"El director del IBEC recibe el premio Narc\u00eds Monturiol","datePublished":"2021-11-10T07:03:07+00:00","mainEntityOfPage":{"@id":"https:\/\/ibecbarcelona.eu\/es\/el-director-del-ibec-recibe-el-premio-narcis-monturiol\/"},"wordCount":193,"publisher":{"@id":"https:\/\/ibecbarcelona.eu\/#organization"},"image":{"@id":"https:\/\/ibecbarcelona.eu\/es\/el-director-del-ibec-recibe-el-premio-narcis-monturiol\/#primaryimage"},"thumbnailUrl":"https:\/\/ibecbarcelona.eu\/wp-content\/uploads\/2021\/11\/JS-discurs-e1636455157152.png","keywords":["Josep Samitier","Narc\u00eds Monturiol"],"articleSection":["IBEC en los medios"],"inLanguage":"es"},{"@type":"WebPage","@id":"https:\/\/ibecbarcelona.eu\/es\/el-director-del-ibec-recibe-el-premio-narcis-monturiol\/","url":"https:\/\/ibecbarcelona.eu\/es\/el-director-del-ibec-recibe-el-premio-narcis-monturiol\/","name":"El director del IBEC recibe el premio Narc\u00eds Monturiol - Institute for Bioengineering of Catalonia","isPartOf":{"@id":"https:\/\/ibecbarcelona.eu\/#website"},"primaryImageOfPage":{"@id":"https:\/\/ibecbarcelona.eu\/es\/el-director-del-ibec-recibe-el-premio-narcis-monturiol\/#primaryimage"},"image":{"@id":"https:\/\/ibecbarcelona.eu\/es\/el-director-del-ibec-recibe-el-premio-narcis-monturiol\/#primaryimage"},"thumbnailUrl":"https:\/\/ibecbarcelona.eu\/wp-content\/uploads\/2021\/11\/JS-discurs-e1636455157152.png","datePublished":"2021-11-10T07:03:07+00:00","breadcrumb":{"@id":"https:\/\/ibecbarcelona.eu\/es\/el-director-del-ibec-recibe-el-premio-narcis-monturiol\/#breadcrumb"},"inLanguage":"es","potentialAction":[{"@type":"ReadAction","target":["https:\/\/ibecbarcelona.eu\/es\/el-director-del-ibec-recibe-el-premio-narcis-monturiol\/"]}]},{"@type":"ImageObject","inLanguage":"es","@id":"https:\/\/ibecbarcelona.eu\/es\/el-director-del-ibec-recibe-el-premio-narcis-monturiol\/#primaryimage","url":"https:\/\/ibecbarcelona.eu\/wp-content\/uploads\/2021\/11\/JS-discurs-e1636455157152.png","contentUrl":"https:\/\/ibecbarcelona.eu\/wp-content\/uploads\/2021\/11\/JS-discurs-e1636455157152.png","width":500,"height":281},{"@type":"BreadcrumbList","@id":"https:\/\/ibecbarcelona.eu\/es\/el-director-del-ibec-recibe-el-premio-narcis-monturiol\/#breadcrumb","itemListElement":[{"@type":"ListItem","position":1,"name":"Home","item":"https:\/\/ibecbarcelona.eu\/es\/"},{"@type":"ListItem","position":2,"name":"El director del IBEC recibe el premio Narc\u00eds Monturiol"}]},{"@type":"WebSite","@id":"https:\/\/ibecbarcelona.eu\/#website","url":"https:\/\/ibecbarcelona.eu\/","name":"Institute for Bioengineering of Catalonia","description":"Bioengineering solutions for health","publisher":{"@id":"https:\/\/ibecbarcelona.eu\/#organization"},"potentialAction":[{"@type":"SearchAction","target":{"@type":"EntryPoint","urlTemplate":"https:\/\/ibecbarcelona.eu\/?s={search_term_string}"},"query-input":{"@type":"PropertyValueSpecification","valueRequired":true,"valueName":"search_term_string"}}],"inLanguage":"es"},{"@type":"Organization","@id":"https:\/\/ibecbarcelona.eu\/#organization","name":"Institute for Bioengineering of Catalonia","url":"https:\/\/ibecbarcelona.eu\/","logo":{"@type":"ImageObject","inLanguage":"es","@id":"https:\/\/ibecbarcelona.eu\/#\/schema\/logo\/image\/","url":"https:\/\/ibecbarcelona.eu\/wp-content\/uploads\/2026\/01\/cropped-IBEC_20ANYS_GRIS.png","contentUrl":"https:\/\/ibecbarcelona.eu\/wp-content\/uploads\/2026\/01\/cropped-IBEC_20ANYS_GRIS.png","width":696,"height":257,"caption":"Institute for Bioengineering of Catalonia"},"image":{"@id":"https:\/\/ibecbarcelona.eu\/#\/schema\/logo\/image\/"}},{"@type":"Person","@id":"https:\/\/ibecbarcelona.eu\/#\/schema\/person\/c212c6b589546130be67986b9290e2b8","name":"\u00c0ngels L\u00f3pez","image":{"@type":"ImageObject","inLanguage":"es","@id":"https:\/\/secure.gravatar.com\/avatar\/09ad6ba116bea0b15c5511860f83b302579fd7404c1180e9dae55c3f11d988c6?s=96&d=mm&r=g","url":"https:\/\/secure.gravatar.com\/avatar\/09ad6ba116bea0b15c5511860f83b302579fd7404c1180e9dae55c3f11d988c6?s=96&d=mm&r=g","contentUrl":"https:\/\/secure.gravatar.com\/avatar\/09ad6ba116bea0b15c5511860f83b302579fd7404c1180e9dae55c3f11d988c6?s=96&d=mm&r=g","caption":"\u00c0ngels L\u00f3pez"},"url":"https:\/\/ibecbarcelona.eu\/es\/author\/alopez\/"}]}},"AFP_featured_media_urls":{"full":["https:\/\/ibecbarcelona.eu\/wp-content\/uploads\/2021\/11\/JS-discurs-e1636455157152.png",500,281,false],"thumbnail":["https:\/\/ibecbarcelona.eu\/wp-content\/uploads\/2021\/11\/JS-discurs-150x150.png",150,150,true],"medium":["https:\/\/ibecbarcelona.eu\/wp-content\/uploads\/2021\/11\/JS-discurs-300x169.png",300,169,true],"medium_large":["https:\/\/ibecbarcelona.eu\/wp-content\/uploads\/2021\/11\/JS-discurs-768x432.png",768,432,true],"large":["https:\/\/ibecbarcelona.eu\/wp-content\/uploads\/2021\/11\/JS-discurs-1024x576.png",1024,576,true]},"AFP_attachments":{"full":["https:\/\/ibecbarcelona.eu\/wp-content\/uploads\/2021\/11\/JS-discurs-e1636455157152.png",500,281,false],"thumbnail":["https:\/\/ibecbarcelona.eu\/wp-content\/uploads\/2021\/11\/JS-discurs-150x150.png",150,150,true],"medium":["https:\/\/ibecbarcelona.eu\/wp-content\/uploads\/2021\/11\/JS-discurs-300x169.png",300,169,true],"medium_large":["https:\/\/ibecbarcelona.eu\/wp-content\/uploads\/2021\/11\/JS-discurs-768x432.png",768,432,true],"large":["https:\/\/ibecbarcelona.eu\/wp-content\/uploads\/2021\/11\/JS-discurs-1024x576.png",1024,576,true]},"AFP_videos":[],"AFP_video_blocks":"","AFP_category_names":["IBEC en los medios"],"_links":{"self":[{"href":"https:\/\/ibecbarcelona.eu\/es\/wp-json\/wp\/v2\/posts\/88400","targetHints":{"allow":["GET"]}}],"collection":[{"href":"https:\/\/ibecbarcelona.eu\/es\/wp-json\/wp\/v2\/posts"}],"about":[{"href":"https:\/\/ibecbarcelona.eu\/es\/wp-json\/wp\/v2\/types\/post"}],"author":[{"embeddable":true,"href":"https:\/\/ibecbarcelona.eu\/es\/wp-json\/wp\/v2\/users\/4"}],"replies":[{"embeddable":true,"href":"https:\/\/ibecbarcelona.eu\/es\/wp-json\/wp\/v2\/comments?post=88400"}],"version-history":[{"count":4,"href":"https:\/\/ibecbarcelona.eu\/es\/wp-json\/wp\/v2\/posts\/88400\/revisions"}],"predecessor-version":[{"id":88435,"href":"https:\/\/ibecbarcelona.eu\/es\/wp-json\/wp\/v2\/posts\/88400\/revisions\/88435"}],"wp:featuredmedia":[{"embeddable":true,"href":"https:\/\/ibecbarcelona.eu\/es\/wp-json\/wp\/v2\/media\/88276"}],"wp:attachment":[{"href":"https:\/\/ibecbarcelona.eu\/es\/wp-json\/wp\/v2\/media?parent=88400"}],"wp:term":[{"taxonomy":"category","embeddable":true,"href":"https:\/\/ibecbarcelona.eu\/es\/wp-json\/wp\/v2\/categories?post=88400"},{"taxonomy":"post_tag","embeddable":true,"href":"https:\/\/ibecbarcelona.eu\/es\/wp-json\/wp\/v2\/tags?post=88400"},{"taxonomy":"post_format","embeddable":true,"href":"https:\/\/ibecbarcelona.eu\/es\/wp-json\/wp\/v2\/post_formats?post=88400"}],"curies":[{"name":"wp","href":"https:\/\/api.w.org\/{rel}","templated":true}]}}