
{"id":92691,"date":"2022-01-19T09:00:00","date_gmt":"2022-01-19T08:00:00","guid":{"rendered":"https:\/\/testweb.ibecbarcelona.eu\/?p=92691"},"modified":"2022-03-22T12:23:27","modified_gmt":"2022-03-22T11:23:27","slug":"tres-investigadores-del-ibec-ganan-becas-de-la-fundacion-la-caixa-para-jovenes-lideres-cientificos","status":"publish","type":"post","link":"https:\/\/ibecbarcelona.eu\/es\/tres-investigadores-del-ibec-ganan-becas-de-la-fundacion-la-caixa-para-jovenes-lideres-cientificos\/","title":{"rendered":"Tres investigadores del IBEC ganan becas de la Fundaci\u00f3n \u201cLa Caixa\u201d para j\u00f3venes l\u00edderes cient\u00edficos"},"content":{"rendered":"\n<h4 class=\"wp-block-heading\">Veronika Magdanz, del Grupo de Nano Dispositivos Inteligentes liderado por Samuel S\u00e1nchez, as\u00ed como Iris Batalha y Mohit Kumar del grupo \u201cMolecular Bionics\u201d liderado por Giuseppe Battaglia, han sido seleccionados entre m\u00e1s de 700 candidatos para una beca dentro de la convocatoria competitiva de posdoctorado para j\u00f3venes l\u00edderes cient\u00edficos de la Fundaci\u00f3n \u201cLa Caixa\u201d. Gracias a estas becas, los investigadores trabajar\u00e1n en innovadores sistemas micro y nano que buscan contribuir a una mejor comprensi\u00f3n, y a soluciones, a problemas de salud.<\/h4>\n\n\n\n<div class=\"wp-block-image wp-image-90037\"><figure class=\"aligncenter\"><img decoding=\"async\" data-src=\"https:\/\/ibecbarcelona.eu\/wp-content\/uploads\/2022\/01\/cover.png\" alt=\"\" class=\"wp-image-90037 lazyload\" src=\"data:image\/svg+xml;base64,PHN2ZyB3aWR0aD0iMSIgaGVpZ2h0PSIxIiB4bWxucz0iaHR0cDovL3d3dy53My5vcmcvMjAwMC9zdmciPjwvc3ZnPg==\" \/><figcaption><span class=\"NormalTextRun BCX8 SCXW170251974\">Ganadores de la beca Fundaci\u00f3<\/span>n <span class=\"TextRun BCX8 SCXW170251974\" lang=\"EN-GB\" xml:lang=\"EN-GB\" data-contrast=\"auto\"><span class=\"NormalTextRun BCX8 SCXW170251974\">\u00abLa Caixa\u00bb<\/span><\/span><\/figcaption><\/figure><\/div>\n\n\n\n<p>La Fundaci\u00f3n \u201cLa Caixa\u201d ha dado a conocer\u00a0hoy\u00a0los ganadores de\u00a0una beca\u00a0dentro\u00a0de la\u00a0convocatoria\u00a0competitiva de\u00a0<a href=\"https:\/\/prensa.fundacionlacaixa.org\/es\/2022\/01\/18\/la-fundacion-la-caixa-otorga-110-becas-de-doctorado-y-posdoctorado-para-realizar-investigaciones-punteras-en-espana-y-portugal\/\" target=\"_blank\" rel=\"noreferrer noopener\">posdoctorado para j\u00f3venes l\u00edderes cient\u00edficos<\/a>.\u00a0<\/p>\n\n\n\n<p>A esta convocatoria se han presentado m\u00e1s de 700 personas para optar a una de las becas. De los 45 investigadores seleccionados,\u00a03 pertenecen al Instituto de Bioingenier\u00eda de Catalunya (IBEC).\u00a0Veronika\u00a0Magdanz, del Grupo\u00a0Nano Dispositivos\u00a0Biol\u00f3gicos\u00a0Inteligentes,\u00a0liderado por Samuel S\u00e1nchez,\u00a0as\u00ed\u00a0como Iris\u00a0Batalha\u00a0y\u00a0Mohit\u00a0Kumar\u00a0del grupo \u201c<a href=\"https:\/\/ibecbarcelona.eu\/es\/research-groups\/molecular-bionics-2\/\" target=\"_blank\" rel=\"noreferrer noopener\">Molecular\u00a0Bionics<\/a>\u201d liderado por Giuseppe\u00a0Battaglia,\u00a0trabajar\u00e1n los pr\u00f3ximos tres a\u00f1os en\u00a0la investigaci\u00f3n de\u00a0sistemas micro y nano\u00a0que puedan\u00a0contribuir a soluciones a problemas de salud.\u00a0<\/p>\n\n\n\n<h3 class=\"wp-block-heading\"><strong><strong><strong>Veronika\u00a0Magdanz:\u00a0microrobots\u00a0inspirados en la naturaleza para aplicaciones\u00a0biom\u00e9dicas\u00a0<\/strong>\u00a0<\/strong><\/strong><\/h3>\n\n\n\n<div class=\"wp-block-media-text alignwide is-stacked-on-mobile\" style=\"grid-template-columns:27% auto\"><figure class=\"wp-block-media-text__media\"><img decoding=\"async\" data-src=\"https:\/\/ibecbarcelona.eu\/wp-content\/uploads\/2022\/01\/Veronika_Magdanz.jpg\" alt=\"\" class=\"wp-image-90031 size-full lazyload\" src=\"data:image\/svg+xml;base64,PHN2ZyB3aWR0aD0iMSIgaGVpZ2h0PSIxIiB4bWxucz0iaHR0cDovL3d3dy53My5vcmcvMjAwMC9zdmciPjwvc3ZnPg==\" \/><\/figure><div class=\"wp-block-media-text__content\">\n<p style=\"font-size:17px\">Nacida en\u00a0Rathenow\u00a0(Alemania) en 1985, estudi\u00f3 biotecnolog\u00eda en la TU\u00a0Braunschweig\u00a0entre 2004 y 2010 e ingenier\u00eda qu\u00edmica en la Universidad de Waterloo (Canad\u00e1) entre 2007 y 2008 como estudiante de intercambio ISAP. Se doctor\u00f3 en biolog\u00eda en 2016 en la TU\u00a0Dresden\u00a0tras realizar un trabajo pionero sobre\u00a0microrobots\u00a0bioh\u00edbridos\u00a0en el Instituto de Nanociencias Integrativas del Instituto Leibniz de Investigaci\u00f3n del Estado S\u00f3lido y los Materiales de\u00a0Dresden\u00a0(IFW). De 2017 a 2020, llev\u00f3 a cabo estudios metab\u00f3licos y cin\u00e9ticos en espermatozoides de varias especies como investigaci\u00f3n de posdoctorado de tema abierto en la c\u00e1tedra de zoolog\u00eda aplicada de la TU\u00a0Dresden, adem\u00e1s de continuar su investigaci\u00f3n sobre los\u00a0microrobots\u00a0h\u00edbridos de esperma. En 2020, recibi\u00f3 una beca\u00a0Feodor-Lynen\u00a0de la Fundaci\u00f3n Alexander\u00a0von\u00a0Humboldt para unirse al grupo de\u00a0Nano\u00a0Biodispositivos\u00a0inteligentes del IBEC.<\/p>\n<\/div><\/div>\n\n\n\n<blockquote class=\"wp-block-quote has-text-align-right is-layout-flow wp-block-quote-is-layout-flow\"><p>Me inspirar\u00e9\u00a0en la naturaleza para crear\u00a0microrobots\u00a0que se impulsen gracias a campos magn\u00e9ticos.<\/p><cite><em>Veronika&nbsp;Magdanz&nbsp;<\/em><\/cite><\/blockquote>\n\n\n\n<p>La creaci\u00f3n y el control de\u00a0microrobots\u00a0inteligentes y aut\u00f3nomos es uno de los fascinantes objetivos de su investigaci\u00f3n actual. A menudo, este campo de la\u00a0microrob\u00f3tica\u00a0se inspira en la naturaleza. En su proyecto Junior Leader de la\u00a0Fundaci\u00f3n\u00a0\u201dla\u00a0Caixa\u201d,\u00a0Veronika\u00a0Magdanz\u00a0investigar\u00e1 el comportamiento cooperativo de los espermatozoides, que les ayuda a nadar de manera m\u00e1s r\u00e1pida y eficaz formando grupos que al hacerlo como c\u00e9lulas individuales. Adem\u00e1s, aplicar\u00e1 estos conocimientos al dise\u00f1o de nadadores flagelados que sean flexibles y multifuncionales y se impulsen mediante el efecto de campos magn\u00e9ticos oscilantes. Por \u00faltimo, explorar\u00e1 las aplicaciones biom\u00e9dicas de estos robots flexibles para la administraci\u00f3n de c\u00e9lulas, f\u00e1rmacos y tejidos. Este campo de investigaci\u00f3n se nutre de conocimientos de ingenier\u00eda, as\u00ed como de biolog\u00eda, ciencia de los materiales, qu\u00edmica y biof\u00edsica.\u00a0\u00a0<\/p>\n\n\n\n<h3 class=\"wp-block-heading\"><strong><strong><strong>Mohit\u00a0Kumar:\u00a0materiales\u00a0similares a sistemas\u00a0vivos para generar\u00a0nanof\u00e1rmacos<\/strong>\u00a0<\/strong><\/strong><\/h3>\n\n\n\n<div class=\"wp-block-media-text alignwide is-stacked-on-mobile\" style=\"grid-template-columns:27% auto\"><figure class=\"wp-block-media-text__media\"><img decoding=\"async\" data-src=\"https:\/\/ibecbarcelona.eu\/wp-content\/uploads\/2022\/01\/Mohit_Kumar-e1642593837125.jpg\" alt=\"\" class=\"wp-image-90040 size-full lazyload\" src=\"data:image\/svg+xml;base64,PHN2ZyB3aWR0aD0iMSIgaGVpZ2h0PSIxIiB4bWxucz0iaHR0cDovL3d3dy53My5vcmcvMjAwMC9zdmciPjwvc3ZnPg==\" \/><\/figure><div class=\"wp-block-media-text__content\">\n<p style=\"font-size:17px\">Naci\u00f3 en\u00a0Munger\u00a0(India) en 1986 y realiz\u00f3 un m\u00e1ster en qu\u00edmica en la India. Recibi\u00f3 una prestigiosa beca de doctorado del gobierno indio. Realiz\u00f3 el doctorado con el Prof.\u00a0Subi\u00a0George en el Centro de Investigaci\u00f3n Cient\u00edfica Avanzada\u00a0Jawaharlal\u00a0Nehru y recibi\u00f3 el premio a la mejor tesis doctoral (equivalente a\u00a0<em>cum laude<\/em>) en 2014. En 2015, se traslad\u00f3 a la City\u00a0University\u00a0de Nueva York (Estados Unidos) para realizar un posdoctorado con el Prof.\u00a0Rein\u00a0Ulijn. Tambi\u00e9n recibi\u00f3 una beca de investigaci\u00f3n de la US-Israel\u00a0Binational\u00a0Science\u00a0Foundation. Es autor de 22 publicaciones y posee una patente estadounidense (>\u202f1000 citas, \u00edndice\u00a0<em>h<\/em>\u00a0de 14). Es autor principal de varios art\u00edculos publicados en revistas como\u00a0<em>Nature\u00a0Chemistry<\/em>\u00a0y\u00a0<em>Nature\u00a0Communications<\/em>, incluyendo tres art\u00edculos como autor para correspondencia. Ha impartido conferencias en congresos internacionales y ha sido mentor de alumnos de m\u00e1ster y doctorado. En resumen, es un qu\u00edmico consumado y con experiencia internacional que ha creado un nicho cient\u00edfico para abordar retos sociales en materia de salud y energ\u00eda.\u00a0<\/p>\n<\/div><\/div>\n\n\n\n<blockquote class=\"wp-block-quote has-text-align-right is-layout-flow wp-block-quote-is-layout-flow\"><p>Dise\u00f1ar\u00e9\u00a0un material org\u00e1nico capaz de adaptarse\u00a0que nos ayude a administrar f\u00e1rmacos de forma m\u00e1s\u00a0eficiente.<\/p><cite><em>Mohit&nbsp;Kumar<\/em><\/cite><\/blockquote>\n\n\n\n<p>Los sistemas vivos son muy din\u00e1micos y sus estructuras\u00a0autoensambladas\u00a0se forman y se descomponen constantemente a trav\u00e9s del consumo de energ\u00eda qu\u00edmica. Esto da lugar a funciones \u00fanicas como la adaptaci\u00f3n y la motilidad, entre otras. El funcionamiento biol\u00f3gico es claramente distinto al de la mayor\u00eda de los materiales sint\u00e9ticos, que no tienen la capacidad de cambiar para adaptarse. Esto crea un desajuste entre los sistemas vivos y los materiales sint\u00e9ticos, por lo que resulta dif\u00edcil desarrollar\u00a0biointerfaces\u00a0sint\u00e9ticas para la nanomedicina. Esta propuesta incorporar\u00e1 los principios de funcionamiento de la naturaleza en el dise\u00f1o de materiales de fabricaci\u00f3n humana para adquirir funciones de adaptabilidad y reconfiguraci\u00f3n.\u00a0En su proyecto,\u00a0el Dr. Kumar dise\u00f1ar\u00e1\u00a0un material org\u00e1nico capaz de adaptarse mediante un continuo proceso de formaci\u00f3n\/degradaci\u00f3n y el consumo de energ\u00eda qu\u00edmica. De este modo, se crear\u00e1n 1) ves\u00edculas lip\u00eddicas como interfaz celular adaptable para la administraci\u00f3n dirigida de f\u00e1rmacos en las c\u00e9lulas cancerosas, y 2) un dispositivo reconfigurable para la detecci\u00f3n y el diagn\u00f3stico\u00a0multianalito\u00a0bajo demanda. As\u00ed pues, desarrollar\u00e9 un material con funciones similares a las de la vida para la pr\u00f3xima generaci\u00f3n de\u00a0nanof\u00e1rmacos.\u00a0\u00a0<\/p>\n\n\n\n<h3 class=\"wp-block-heading\"><strong><strong><strong>Iris\u00a0Batalha:\u00a0Nanobi\u00f3ticos\u00a0multivalentes\u00a0e\u00a0superselectivos\u00a0contra la tuberculosis<\/strong>\u00a0<\/strong><\/strong><\/h3>\n\n\n\n<div class=\"wp-block-media-text alignwide is-stacked-on-mobile\" style=\"grid-template-columns:27% auto\"><figure class=\"wp-block-media-text__media\"><img decoding=\"async\" data-src=\"https:\/\/ibecbarcelona.eu\/wp-content\/uploads\/2022\/01\/Iris_Batalha-scaled.jpg\" alt=\"\" class=\"wp-image-90034 size-full lazyload\" src=\"data:image\/svg+xml;base64,PHN2ZyB3aWR0aD0iMSIgaGVpZ2h0PSIxIiB4bWxucz0iaHR0cDovL3d3dy53My5vcmcvMjAwMC9zdmciPjwvc3ZnPg==\" \/><\/figure><div class=\"wp-block-media-text__content\">\n<p style=\"font-size:17px\">Naci\u00f3 en \u00c9vora (Portugal) en 1984. Es graduada en qu\u00edmica aplicada y\u00a0tiene\u00a0un m\u00e1ster en biotecnolog\u00eda por la\u00a0Facultad de Ciencias y Tecnolog\u00eda de la\u00a0Universidade\u00a0Nova de Lisboa\u00a0(FCT NOVA), as\u00ed como un doctorado en sistemas de bioingenier\u00eda por el Programa MIT-Portugal. De 2014 a 2017, fue investigadora posdoctoral en el Departamento de Ingenier\u00eda Qu\u00edmica y Biotecnolog\u00eda de la Universidad de Cambridge y en la empresa biofarmac\u00e9utica MedImmune\/Astrazeneca.\u00a0De 2017 a 2020, fue investigadora asociada en un proyecto de investigaci\u00f3n conjunto entre el Centro de Nanociencia del Departamento de Ingenier\u00eda y la Unidad de Inmunidad Molecular del Departamento de Medicina de la Universidad de Cambridge.\u00a0Actualmente, es directora de un curso de\u00a0nanoterapias\u00a0en el Instituto de Educaci\u00f3n Continua de la Universidad de Cambridge, consultora senior freelance en estrategias de innovaci\u00f3n en\u00a0Inspiralia\u00a0(Espa\u00f1a y Estados Unidos), cofundadora, directora y redactora jefe de la organizaci\u00f3n sin fines de lucro\u00a0Women\u00a0Ahead\u00a0of\u00a0Their\u00a0Time (WATT), y miembro del\u00a0Peterhouse\u00a0College, Cambridge.\u00a0<\/p>\n<\/div><\/div>\n\n\n\n<blockquote class=\"wp-block-quote has-text-align-right is-layout-flow wp-block-quote-is-layout-flow\"><p>Mi ambici\u00f3n es descubrir nuevos mecanismos\u00a0moleculares de\u00a0infecci\u00f3n bacteriana y el desarrollo de resistencia a los medicamentos, y crear\u00a0nanopart\u00edculas\u00a0terap\u00e9uticas\u00a0bioinspiradas\u00a0y dirigidas espec\u00edficamente a las c\u00e9lulas humanas infectadas.<\/p><cite><em>Iris&nbsp;Batalha<\/em><\/cite><\/blockquote>\n\n\n\n<p>Cada minuto mueren tres personas por infecci\u00f3n de\u00a0<em>M. tuberculosis<\/em>. Los tratamientos actuales requieren la administraci\u00f3n de altas concentraciones de un c\u00f3ctel de antibi\u00f3ticos, y solo una peque\u00f1a cantidad llega a su sitio de destino en el cuerpo. Esto provoca una serie de efectos adversos en los pacientes, que dejan de tomar la medicaci\u00f3n a mitad del tratamiento y, en \u00faltima instancia, conduce al desarrollo de resistencias a los antibi\u00f3ticos.\u00a0Mi trabajo se centra en el desarrollo de\u00a0nanof\u00e1rmacos\u00a0constituidos\u00a0por\u00a0conjugados de antibi\u00f3ticos y pol\u00edmeros para la administraci\u00f3n dirigida de f\u00e1rmacos\u00a0espec\u00edficamente\u00a0a\u00a0los sitios de infecci\u00f3n.\u00a0Mi objetivo\u00a0es actuar\u00a0directamente\u00a0en las c\u00e9lulas\u00a0humanas\u00a0infectadas mediante el dise\u00f1o de ligandos pept\u00eddicos a trav\u00e9s de la\u00a0t\u00e9cnica de\u00a0presentaci\u00f3n\u00a0en\u00a0fagos\u00a0(<em>Phage\u00a0display<\/em>).\u00a0Estos ligandos reconocen y se unen\u00a0selectivamente a receptores de la superficie de las\u00a0\u201cc\u00e9lulas hu\u00e9sped\u201d\u00a0que\u00a0presentan notables alteraciones durante la infecci\u00f3n. En concreto,\u00a0pretendo\u00a0actuar sobre el sistema de presentaci\u00f3n de ant\u00edgenos relacionado con el complejo mayor de histocompatibilidad de clase I (MR1\u00a0o\u00a0MHC1-related),\u00a0el\u00a0cual est\u00e1\u00a0altamente conservado\u00a0entre especies.\u00a0El MR1\u00a0reside\u00a0en el interior de la c\u00e9lula\u00a0humana hu\u00e9sped\u00a0y es transportado a la superficie cuando se une a metabolitos bacterianos\u00a0que se encuentran\u00a0dentro de la c\u00e9lula\u00a0humana, de modo que funciona como un interruptor molecular y realiza un muestreo del entorno intracelular del hu\u00e9sped infectado.\u00a0<\/p>\n\n\n\n<hr class=\"wp-block-separator\"\/>\n\n\n\n<p><strong><strong><strong>Sobre el programa de posdoctorado Junior Leader\u00a0<\/strong><\/strong><\/strong><\/p>\n\n\n\n<p>Cofinanciado por la Comisi\u00f3n Europea a trav\u00e9s de la Acci\u00f3n Marie\u00a0Sk\u0142odowska-Curie COFUND en el marco de Horizonte 2020, este programa est\u00e1 destinado a la contrataci\u00f3n de investigadores excelentes de cualquier nacionalidad que deseen continuar su carrera investigadora en territorio espa\u00f1ol o portugu\u00e9s en las \u00e1reas de las ciencias de la salud y de la vida, la tecnolog\u00eda, la f\u00edsica, la ingenier\u00eda y las matem\u00e1ticas.\u00a0\u00a0<\/p>\n\n\n\n<p>A esta convocatoria se han presentado m\u00e1s de 700 personas para optar a una de las becas. De los 45 investigadores seleccionados, 20 son espa\u00f1oles (de 14 provincias distintas) y 25 extranjeros (procedentes de 14 pa\u00edses).\u00a0\u00a0<\/p>\n","protected":false},"excerpt":{"rendered":"<h3>Veronika Magdanz, del Grupo de Nano Dispositivos Inteligentes liderado por Samuel S\u00e1nchez, as\u00ed como Iris Batalha y Mohit Kumar del grupo \u201cMolecular Bionics\u201d liderado por Giuseppe Battaglia, han sido seleccionados entre m\u00e1s de 700 candidatos para una beca dentro de la convocatoria competitiva de posdoctorado para j\u00f3venes l\u00edderes cient\u00edficos de la Fundaci\u00f3n \u201cLa Caixa\u201d. Gracias a estas becas, los investigadores trabajar\u00e1n en innovadores sistemas micro y nano que buscan contribuir a una mejor comprensi\u00f3n, y a soluciones, a problemas de salud. <\/h3>\n","protected":false},"author":4,"featured_media":92685,"comment_status":"closed","ping_status":"closed","sticky":false,"template":"","format":"standard","meta":{"footnotes":""},"categories":[94],"tags":[1106,1139],"post_formats":[],"class_list":["post-92691","post","type-post","status-publish","format-standard","has-post-thumbnail","hentry","category-noticias-institucionales","tag-giuseppe-battaglia-es","tag-samuel-sanchez-es"],"yoast_head":"<!-- This site is optimized with the Yoast SEO plugin v27.5 - https:\/\/yoast.com\/product\/yoast-seo-wordpress\/ -->\n<title>Tres investigadores del IBEC ganan becas de la Fundaci\u00f3n \u201cLa Caixa\u201d para j\u00f3venes l\u00edderes cient\u00edficos - Institute for Bioengineering of Catalonia<\/title>\n<meta name=\"robots\" content=\"index, follow, max-snippet:-1, max-image-preview:large, max-video-preview:-1\" \/>\n<link rel=\"canonical\" href=\"https:\/\/ibecbarcelona.eu\/es\/tres-investigadores-del-ibec-ganan-becas-de-la-fundacion-la-caixa-para-jovenes-lideres-cientificos\/\" \/>\n<meta property=\"og:locale\" content=\"es_ES\" \/>\n<meta property=\"og:type\" content=\"article\" \/>\n<meta property=\"og:title\" content=\"Tres investigadores del IBEC ganan becas de la Fundaci\u00f3n \u201cLa Caixa\u201d para j\u00f3venes l\u00edderes cient\u00edficos - Institute for Bioengineering of Catalonia\" \/>\n<meta property=\"og:description\" content=\"Veronika Magdanz, del Grupo de Nano Dispositivos Inteligentes liderado por Samuel S\u00e1nchez, as\u00ed como Iris Batalha y Mohit Kumar del grupo \u201cMolecular Bionics\u201d liderado por Giuseppe Battaglia, han sido seleccionados entre m\u00e1s de 700 candidatos para una beca dentro de la convocatoria competitiva de posdoctorado para j\u00f3venes l\u00edderes cient\u00edficos de la Fundaci\u00f3n \u201cLa Caixa\u201d. Gracias a estas becas, los investigadores trabajar\u00e1n en innovadores sistemas micro y nano que buscan contribuir a una mejor comprensi\u00f3n, y a soluciones, a problemas de salud.\" \/>\n<meta property=\"og:url\" content=\"https:\/\/ibecbarcelona.eu\/es\/tres-investigadores-del-ibec-ganan-becas-de-la-fundacion-la-caixa-para-jovenes-lideres-cientificos\/\" \/>\n<meta property=\"og:site_name\" content=\"Institute for Bioengineering of Catalonia\" \/>\n<meta property=\"article:published_time\" content=\"2022-01-19T08:00:00+00:00\" \/>\n<meta property=\"article:modified_time\" content=\"2022-03-22T11:23:27+00:00\" \/>\n<meta property=\"og:image\" content=\"https:\/\/ibecbarcelona.eu\/wp-content\/uploads\/2022\/03\/cover.png\" \/>\n\t<meta property=\"og:image:width\" content=\"500\" \/>\n\t<meta property=\"og:image:height\" content=\"281\" \/>\n\t<meta property=\"og:image:type\" content=\"image\/png\" \/>\n<meta name=\"author\" content=\"\u00c0ngels L\u00f3pez\" \/>\n<meta name=\"twitter:card\" content=\"summary_large_image\" \/>\n<meta name=\"twitter:label1\" content=\"Escrito por\" \/>\n\t<meta name=\"twitter:data1\" content=\"\u00c0ngels L\u00f3pez\" \/>\n\t<meta name=\"twitter:label2\" content=\"Tiempo de lectura\" \/>\n\t<meta name=\"twitter:data2\" content=\"8 minutos\" \/>\n<script type=\"application\/ld+json\" class=\"yoast-schema-graph\">{\"@context\":\"https:\\\/\\\/schema.org\",\"@graph\":[{\"@type\":\"Article\",\"@id\":\"https:\\\/\\\/ibecbarcelona.eu\\\/es\\\/tres-investigadores-del-ibec-ganan-becas-de-la-fundacion-la-caixa-para-jovenes-lideres-cientificos\\\/#article\",\"isPartOf\":{\"@id\":\"https:\\\/\\\/ibecbarcelona.eu\\\/es\\\/tres-investigadores-del-ibec-ganan-becas-de-la-fundacion-la-caixa-para-jovenes-lideres-cientificos\\\/\"},\"author\":{\"name\":\"\u00c0ngels L\u00f3pez\",\"@id\":\"https:\\\/\\\/ibecbarcelona.eu\\\/#\\\/schema\\\/person\\\/c212c6b589546130be67986b9290e2b8\"},\"headline\":\"Tres investigadores del IBEC ganan becas de la Fundaci\u00f3n \u201cLa Caixa\u201d para j\u00f3venes l\u00edderes cient\u00edficos\",\"datePublished\":\"2022-01-19T08:00:00+00:00\",\"dateModified\":\"2022-03-22T11:23:27+00:00\",\"mainEntityOfPage\":{\"@id\":\"https:\\\/\\\/ibecbarcelona.eu\\\/es\\\/tres-investigadores-del-ibec-ganan-becas-de-la-fundacion-la-caixa-para-jovenes-lideres-cientificos\\\/\"},\"wordCount\":1584,\"publisher\":{\"@id\":\"https:\\\/\\\/ibecbarcelona.eu\\\/#organization\"},\"image\":{\"@id\":\"https:\\\/\\\/ibecbarcelona.eu\\\/es\\\/tres-investigadores-del-ibec-ganan-becas-de-la-fundacion-la-caixa-para-jovenes-lideres-cientificos\\\/#primaryimage\"},\"thumbnailUrl\":\"https:\\\/\\\/ibecbarcelona.eu\\\/wp-content\\\/uploads\\\/2022\\\/03\\\/cover.png\",\"keywords\":[\"Giuseppe Battaglia\",\"Samuel Sanchez\"],\"articleSection\":[\"Noticias institucionales\"],\"inLanguage\":\"es\"},{\"@type\":\"WebPage\",\"@id\":\"https:\\\/\\\/ibecbarcelona.eu\\\/es\\\/tres-investigadores-del-ibec-ganan-becas-de-la-fundacion-la-caixa-para-jovenes-lideres-cientificos\\\/\",\"url\":\"https:\\\/\\\/ibecbarcelona.eu\\\/es\\\/tres-investigadores-del-ibec-ganan-becas-de-la-fundacion-la-caixa-para-jovenes-lideres-cientificos\\\/\",\"name\":\"Tres investigadores del IBEC ganan becas de la Fundaci\u00f3n \u201cLa Caixa\u201d para j\u00f3venes l\u00edderes cient\u00edficos - Institute for Bioengineering of Catalonia\",\"isPartOf\":{\"@id\":\"https:\\\/\\\/ibecbarcelona.eu\\\/#website\"},\"primaryImageOfPage\":{\"@id\":\"https:\\\/\\\/ibecbarcelona.eu\\\/es\\\/tres-investigadores-del-ibec-ganan-becas-de-la-fundacion-la-caixa-para-jovenes-lideres-cientificos\\\/#primaryimage\"},\"image\":{\"@id\":\"https:\\\/\\\/ibecbarcelona.eu\\\/es\\\/tres-investigadores-del-ibec-ganan-becas-de-la-fundacion-la-caixa-para-jovenes-lideres-cientificos\\\/#primaryimage\"},\"thumbnailUrl\":\"https:\\\/\\\/ibecbarcelona.eu\\\/wp-content\\\/uploads\\\/2022\\\/03\\\/cover.png\",\"datePublished\":\"2022-01-19T08:00:00+00:00\",\"dateModified\":\"2022-03-22T11:23:27+00:00\",\"breadcrumb\":{\"@id\":\"https:\\\/\\\/ibecbarcelona.eu\\\/es\\\/tres-investigadores-del-ibec-ganan-becas-de-la-fundacion-la-caixa-para-jovenes-lideres-cientificos\\\/#breadcrumb\"},\"inLanguage\":\"es\",\"potentialAction\":[{\"@type\":\"ReadAction\",\"target\":[\"https:\\\/\\\/ibecbarcelona.eu\\\/es\\\/tres-investigadores-del-ibec-ganan-becas-de-la-fundacion-la-caixa-para-jovenes-lideres-cientificos\\\/\"]}]},{\"@type\":\"ImageObject\",\"inLanguage\":\"es\",\"@id\":\"https:\\\/\\\/ibecbarcelona.eu\\\/es\\\/tres-investigadores-del-ibec-ganan-becas-de-la-fundacion-la-caixa-para-jovenes-lideres-cientificos\\\/#primaryimage\",\"url\":\"https:\\\/\\\/ibecbarcelona.eu\\\/wp-content\\\/uploads\\\/2022\\\/03\\\/cover.png\",\"contentUrl\":\"https:\\\/\\\/ibecbarcelona.eu\\\/wp-content\\\/uploads\\\/2022\\\/03\\\/cover.png\",\"width\":500,\"height\":281},{\"@type\":\"BreadcrumbList\",\"@id\":\"https:\\\/\\\/ibecbarcelona.eu\\\/es\\\/tres-investigadores-del-ibec-ganan-becas-de-la-fundacion-la-caixa-para-jovenes-lideres-cientificos\\\/#breadcrumb\",\"itemListElement\":[{\"@type\":\"ListItem\",\"position\":1,\"name\":\"Home\",\"item\":\"https:\\\/\\\/ibecbarcelona.eu\\\/es\\\/\"},{\"@type\":\"ListItem\",\"position\":2,\"name\":\"Tres investigadores del IBEC ganan becas de la Fundaci\u00f3n \u201cLa Caixa\u201d para j\u00f3venes l\u00edderes cient\u00edficos\"}]},{\"@type\":\"WebSite\",\"@id\":\"https:\\\/\\\/ibecbarcelona.eu\\\/#website\",\"url\":\"https:\\\/\\\/ibecbarcelona.eu\\\/\",\"name\":\"Institute for Bioengineering of Catalonia\",\"description\":\"Bioengineering solutions for health\",\"publisher\":{\"@id\":\"https:\\\/\\\/ibecbarcelona.eu\\\/#organization\"},\"potentialAction\":[{\"@type\":\"SearchAction\",\"target\":{\"@type\":\"EntryPoint\",\"urlTemplate\":\"https:\\\/\\\/ibecbarcelona.eu\\\/?s={search_term_string}\"},\"query-input\":{\"@type\":\"PropertyValueSpecification\",\"valueRequired\":true,\"valueName\":\"search_term_string\"}}],\"inLanguage\":\"es\"},{\"@type\":\"Organization\",\"@id\":\"https:\\\/\\\/ibecbarcelona.eu\\\/#organization\",\"name\":\"Institute for Bioengineering of Catalonia\",\"url\":\"https:\\\/\\\/ibecbarcelona.eu\\\/\",\"logo\":{\"@type\":\"ImageObject\",\"inLanguage\":\"es\",\"@id\":\"https:\\\/\\\/ibecbarcelona.eu\\\/#\\\/schema\\\/logo\\\/image\\\/\",\"url\":\"https:\\\/\\\/ibecbarcelona.eu\\\/wp-content\\\/uploads\\\/2026\\\/01\\\/cropped-IBEC_20ANYS_GRIS.png\",\"contentUrl\":\"https:\\\/\\\/ibecbarcelona.eu\\\/wp-content\\\/uploads\\\/2026\\\/01\\\/cropped-IBEC_20ANYS_GRIS.png\",\"width\":696,\"height\":257,\"caption\":\"Institute for Bioengineering of Catalonia\"},\"image\":{\"@id\":\"https:\\\/\\\/ibecbarcelona.eu\\\/#\\\/schema\\\/logo\\\/image\\\/\"}},{\"@type\":\"Person\",\"@id\":\"https:\\\/\\\/ibecbarcelona.eu\\\/#\\\/schema\\\/person\\\/c212c6b589546130be67986b9290e2b8\",\"name\":\"\u00c0ngels L\u00f3pez\",\"image\":{\"@type\":\"ImageObject\",\"inLanguage\":\"es\",\"@id\":\"https:\\\/\\\/secure.gravatar.com\\\/avatar\\\/09ad6ba116bea0b15c5511860f83b302579fd7404c1180e9dae55c3f11d988c6?s=96&d=mm&r=g\",\"url\":\"https:\\\/\\\/secure.gravatar.com\\\/avatar\\\/09ad6ba116bea0b15c5511860f83b302579fd7404c1180e9dae55c3f11d988c6?s=96&d=mm&r=g\",\"contentUrl\":\"https:\\\/\\\/secure.gravatar.com\\\/avatar\\\/09ad6ba116bea0b15c5511860f83b302579fd7404c1180e9dae55c3f11d988c6?s=96&d=mm&r=g\",\"caption\":\"\u00c0ngels L\u00f3pez\"},\"url\":\"https:\\\/\\\/ibecbarcelona.eu\\\/es\\\/author\\\/alopez\\\/\"}]}<\/script>\n<!-- \/ Yoast SEO plugin. -->","yoast_head_json":{"title":"Tres investigadores del IBEC ganan becas de la Fundaci\u00f3n \u201cLa Caixa\u201d para j\u00f3venes l\u00edderes cient\u00edficos - Institute for Bioengineering of Catalonia","robots":{"index":"index","follow":"follow","max-snippet":"max-snippet:-1","max-image-preview":"max-image-preview:large","max-video-preview":"max-video-preview:-1"},"canonical":"https:\/\/ibecbarcelona.eu\/es\/tres-investigadores-del-ibec-ganan-becas-de-la-fundacion-la-caixa-para-jovenes-lideres-cientificos\/","og_locale":"es_ES","og_type":"article","og_title":"Tres investigadores del IBEC ganan becas de la Fundaci\u00f3n \u201cLa Caixa\u201d para j\u00f3venes l\u00edderes cient\u00edficos - Institute for Bioengineering of Catalonia","og_description":"Veronika Magdanz, del Grupo de Nano Dispositivos Inteligentes liderado por Samuel S\u00e1nchez, as\u00ed como Iris Batalha y Mohit Kumar del grupo \u201cMolecular Bionics\u201d liderado por Giuseppe Battaglia, han sido seleccionados entre m\u00e1s de 700 candidatos para una beca dentro de la convocatoria competitiva de posdoctorado para j\u00f3venes l\u00edderes cient\u00edficos de la Fundaci\u00f3n \u201cLa Caixa\u201d. Gracias a estas becas, los investigadores trabajar\u00e1n en innovadores sistemas micro y nano que buscan contribuir a una mejor comprensi\u00f3n, y a soluciones, a problemas de salud.","og_url":"https:\/\/ibecbarcelona.eu\/es\/tres-investigadores-del-ibec-ganan-becas-de-la-fundacion-la-caixa-para-jovenes-lideres-cientificos\/","og_site_name":"Institute for Bioengineering of Catalonia","article_published_time":"2022-01-19T08:00:00+00:00","article_modified_time":"2022-03-22T11:23:27+00:00","og_image":[{"width":500,"height":281,"url":"https:\/\/ibecbarcelona.eu\/wp-content\/uploads\/2022\/03\/cover.png","type":"image\/png"}],"author":"\u00c0ngels L\u00f3pez","twitter_card":"summary_large_image","twitter_misc":{"Escrito por":"\u00c0ngels L\u00f3pez","Tiempo de lectura":"8 minutos"},"schema":{"@context":"https:\/\/schema.org","@graph":[{"@type":"Article","@id":"https:\/\/ibecbarcelona.eu\/es\/tres-investigadores-del-ibec-ganan-becas-de-la-fundacion-la-caixa-para-jovenes-lideres-cientificos\/#article","isPartOf":{"@id":"https:\/\/ibecbarcelona.eu\/es\/tres-investigadores-del-ibec-ganan-becas-de-la-fundacion-la-caixa-para-jovenes-lideres-cientificos\/"},"author":{"name":"\u00c0ngels L\u00f3pez","@id":"https:\/\/ibecbarcelona.eu\/#\/schema\/person\/c212c6b589546130be67986b9290e2b8"},"headline":"Tres investigadores del IBEC ganan becas de la Fundaci\u00f3n \u201cLa Caixa\u201d para j\u00f3venes l\u00edderes cient\u00edficos","datePublished":"2022-01-19T08:00:00+00:00","dateModified":"2022-03-22T11:23:27+00:00","mainEntityOfPage":{"@id":"https:\/\/ibecbarcelona.eu\/es\/tres-investigadores-del-ibec-ganan-becas-de-la-fundacion-la-caixa-para-jovenes-lideres-cientificos\/"},"wordCount":1584,"publisher":{"@id":"https:\/\/ibecbarcelona.eu\/#organization"},"image":{"@id":"https:\/\/ibecbarcelona.eu\/es\/tres-investigadores-del-ibec-ganan-becas-de-la-fundacion-la-caixa-para-jovenes-lideres-cientificos\/#primaryimage"},"thumbnailUrl":"https:\/\/ibecbarcelona.eu\/wp-content\/uploads\/2022\/03\/cover.png","keywords":["Giuseppe Battaglia","Samuel Sanchez"],"articleSection":["Noticias institucionales"],"inLanguage":"es"},{"@type":"WebPage","@id":"https:\/\/ibecbarcelona.eu\/es\/tres-investigadores-del-ibec-ganan-becas-de-la-fundacion-la-caixa-para-jovenes-lideres-cientificos\/","url":"https:\/\/ibecbarcelona.eu\/es\/tres-investigadores-del-ibec-ganan-becas-de-la-fundacion-la-caixa-para-jovenes-lideres-cientificos\/","name":"Tres investigadores del IBEC ganan becas de la Fundaci\u00f3n \u201cLa Caixa\u201d para j\u00f3venes l\u00edderes cient\u00edficos - Institute for Bioengineering of Catalonia","isPartOf":{"@id":"https:\/\/ibecbarcelona.eu\/#website"},"primaryImageOfPage":{"@id":"https:\/\/ibecbarcelona.eu\/es\/tres-investigadores-del-ibec-ganan-becas-de-la-fundacion-la-caixa-para-jovenes-lideres-cientificos\/#primaryimage"},"image":{"@id":"https:\/\/ibecbarcelona.eu\/es\/tres-investigadores-del-ibec-ganan-becas-de-la-fundacion-la-caixa-para-jovenes-lideres-cientificos\/#primaryimage"},"thumbnailUrl":"https:\/\/ibecbarcelona.eu\/wp-content\/uploads\/2022\/03\/cover.png","datePublished":"2022-01-19T08:00:00+00:00","dateModified":"2022-03-22T11:23:27+00:00","breadcrumb":{"@id":"https:\/\/ibecbarcelona.eu\/es\/tres-investigadores-del-ibec-ganan-becas-de-la-fundacion-la-caixa-para-jovenes-lideres-cientificos\/#breadcrumb"},"inLanguage":"es","potentialAction":[{"@type":"ReadAction","target":["https:\/\/ibecbarcelona.eu\/es\/tres-investigadores-del-ibec-ganan-becas-de-la-fundacion-la-caixa-para-jovenes-lideres-cientificos\/"]}]},{"@type":"ImageObject","inLanguage":"es","@id":"https:\/\/ibecbarcelona.eu\/es\/tres-investigadores-del-ibec-ganan-becas-de-la-fundacion-la-caixa-para-jovenes-lideres-cientificos\/#primaryimage","url":"https:\/\/ibecbarcelona.eu\/wp-content\/uploads\/2022\/03\/cover.png","contentUrl":"https:\/\/ibecbarcelona.eu\/wp-content\/uploads\/2022\/03\/cover.png","width":500,"height":281},{"@type":"BreadcrumbList","@id":"https:\/\/ibecbarcelona.eu\/es\/tres-investigadores-del-ibec-ganan-becas-de-la-fundacion-la-caixa-para-jovenes-lideres-cientificos\/#breadcrumb","itemListElement":[{"@type":"ListItem","position":1,"name":"Home","item":"https:\/\/ibecbarcelona.eu\/es\/"},{"@type":"ListItem","position":2,"name":"Tres investigadores del IBEC ganan becas de la Fundaci\u00f3n \u201cLa Caixa\u201d para j\u00f3venes l\u00edderes cient\u00edficos"}]},{"@type":"WebSite","@id":"https:\/\/ibecbarcelona.eu\/#website","url":"https:\/\/ibecbarcelona.eu\/","name":"Institute for Bioengineering of Catalonia","description":"Bioengineering solutions for health","publisher":{"@id":"https:\/\/ibecbarcelona.eu\/#organization"},"potentialAction":[{"@type":"SearchAction","target":{"@type":"EntryPoint","urlTemplate":"https:\/\/ibecbarcelona.eu\/?s={search_term_string}"},"query-input":{"@type":"PropertyValueSpecification","valueRequired":true,"valueName":"search_term_string"}}],"inLanguage":"es"},{"@type":"Organization","@id":"https:\/\/ibecbarcelona.eu\/#organization","name":"Institute for Bioengineering of Catalonia","url":"https:\/\/ibecbarcelona.eu\/","logo":{"@type":"ImageObject","inLanguage":"es","@id":"https:\/\/ibecbarcelona.eu\/#\/schema\/logo\/image\/","url":"https:\/\/ibecbarcelona.eu\/wp-content\/uploads\/2026\/01\/cropped-IBEC_20ANYS_GRIS.png","contentUrl":"https:\/\/ibecbarcelona.eu\/wp-content\/uploads\/2026\/01\/cropped-IBEC_20ANYS_GRIS.png","width":696,"height":257,"caption":"Institute for Bioengineering of Catalonia"},"image":{"@id":"https:\/\/ibecbarcelona.eu\/#\/schema\/logo\/image\/"}},{"@type":"Person","@id":"https:\/\/ibecbarcelona.eu\/#\/schema\/person\/c212c6b589546130be67986b9290e2b8","name":"\u00c0ngels L\u00f3pez","image":{"@type":"ImageObject","inLanguage":"es","@id":"https:\/\/secure.gravatar.com\/avatar\/09ad6ba116bea0b15c5511860f83b302579fd7404c1180e9dae55c3f11d988c6?s=96&d=mm&r=g","url":"https:\/\/secure.gravatar.com\/avatar\/09ad6ba116bea0b15c5511860f83b302579fd7404c1180e9dae55c3f11d988c6?s=96&d=mm&r=g","contentUrl":"https:\/\/secure.gravatar.com\/avatar\/09ad6ba116bea0b15c5511860f83b302579fd7404c1180e9dae55c3f11d988c6?s=96&d=mm&r=g","caption":"\u00c0ngels L\u00f3pez"},"url":"https:\/\/ibecbarcelona.eu\/es\/author\/alopez\/"}]}},"AFP_featured_media_urls":{"full":["https:\/\/ibecbarcelona.eu\/wp-content\/uploads\/2022\/03\/cover.png",500,281,false],"thumbnail":["https:\/\/ibecbarcelona.eu\/wp-content\/uploads\/2022\/03\/cover-150x150.png",150,150,true],"medium":["https:\/\/ibecbarcelona.eu\/wp-content\/uploads\/2022\/03\/cover-300x169.png",300,169,true],"medium_large":["https:\/\/ibecbarcelona.eu\/wp-content\/uploads\/2022\/03\/cover.png",500,281,false],"large":["https:\/\/ibecbarcelona.eu\/wp-content\/uploads\/2022\/03\/cover.png",500,281,false]},"AFP_attachments":{"full":["https:\/\/ibecbarcelona.eu\/wp-content\/uploads\/2022\/03\/cover.png",500,281,false],"thumbnail":["https:\/\/ibecbarcelona.eu\/wp-content\/uploads\/2022\/03\/cover-150x150.png",150,150,true],"medium":["https:\/\/ibecbarcelona.eu\/wp-content\/uploads\/2022\/03\/cover-300x169.png",300,169,true],"medium_large":["https:\/\/ibecbarcelona.eu\/wp-content\/uploads\/2022\/03\/cover.png",500,281,false],"large":["https:\/\/ibecbarcelona.eu\/wp-content\/uploads\/2022\/03\/cover.png",500,281,false]},"AFP_videos":[],"AFP_video_blocks":"","AFP_category_names":["Noticias institucionales"],"_links":{"self":[{"href":"https:\/\/ibecbarcelona.eu\/es\/wp-json\/wp\/v2\/posts\/92691","targetHints":{"allow":["GET"]}}],"collection":[{"href":"https:\/\/ibecbarcelona.eu\/es\/wp-json\/wp\/v2\/posts"}],"about":[{"href":"https:\/\/ibecbarcelona.eu\/es\/wp-json\/wp\/v2\/types\/post"}],"author":[{"embeddable":true,"href":"https:\/\/ibecbarcelona.eu\/es\/wp-json\/wp\/v2\/users\/4"}],"replies":[{"embeddable":true,"href":"https:\/\/ibecbarcelona.eu\/es\/wp-json\/wp\/v2\/comments?post=92691"}],"version-history":[{"count":1,"href":"https:\/\/ibecbarcelona.eu\/es\/wp-json\/wp\/v2\/posts\/92691\/revisions"}],"predecessor-version":[{"id":92692,"href":"https:\/\/ibecbarcelona.eu\/es\/wp-json\/wp\/v2\/posts\/92691\/revisions\/92692"}],"wp:featuredmedia":[{"embeddable":true,"href":"https:\/\/ibecbarcelona.eu\/es\/wp-json\/wp\/v2\/media\/92685"}],"wp:attachment":[{"href":"https:\/\/ibecbarcelona.eu\/es\/wp-json\/wp\/v2\/media?parent=92691"}],"wp:term":[{"taxonomy":"category","embeddable":true,"href":"https:\/\/ibecbarcelona.eu\/es\/wp-json\/wp\/v2\/categories?post=92691"},{"taxonomy":"post_tag","embeddable":true,"href":"https:\/\/ibecbarcelona.eu\/es\/wp-json\/wp\/v2\/tags?post=92691"},{"taxonomy":"post_format","embeddable":true,"href":"https:\/\/ibecbarcelona.eu\/es\/wp-json\/wp\/v2\/post_formats?post=92691"}],"curies":[{"name":"wp","href":"https:\/\/api.w.org\/{rel}","templated":true}]}}