
{"id":93265,"date":"2022-03-31T12:04:00","date_gmt":"2022-03-31T10:04:00","guid":{"rendered":"https:\/\/testweb.ibecbarcelona.eu\/?p=93265"},"modified":"2022-04-01T12:19:10","modified_gmt":"2022-04-01T10:19:10","slug":"segunda-edicion-de-la-escuela-de-verano-sobre-la-mecanobiologia-del-cancer","status":"publish","type":"post","link":"https:\/\/ibecbarcelona.eu\/es\/segunda-edicion-de-la-escuela-de-verano-sobre-la-mecanobiologia-del-cancer\/","title":{"rendered":"Segunda edici\u00f3n de la escuela de verano sobre la Mecanobiolog\u00eda del Cancer"},"content":{"rendered":"\n<h4 class=\"wp-block-heading\">El consorcio MECHANO\u00b7CONTROL, liderado por varias instituciones de investigaci\u00f3n de Europa, lanza una escuela de verano que tendr\u00e1 lugar del 17 al 20 de septiembre de 2019 en el Eco-Resort en La Cerdanya. El objetivo de la escuela de verano es proporcionar formaci\u00f3n en mecanobiolog\u00eda, y espec\u00edficamente, su aplicaci\u00f3n al c\u00e1ncer de mama.<\/h4>\n\n\n\n<p>Esta escuela incluir\u00e1 conferencias, as\u00ed como talleres pr\u00e1cticos en diferentes t\u00e9cnicas y disciplinas, que van desde el modelado a la biomec\u00e1nica, hasta la biolog\u00eda del c\u00e1ncer. La <a href=\"https:\/\/ibecbarcelona.eu\/es\/gran-exito-de-la-escuela-de-verano-mecanobiologia-del-cancer-2019-organizada-por-el-proyecto-mechano%c2%b7control\/\" target=\"_blank\" rel=\"noreferrer noopener\">primera edici\u00f3n<\/a> tuvo un gran \u00e9xito, tanto a nivel de participaci\u00f3n como a nivel cient\u00edfico, con m\u00e1s de 60 asistentes de 13 pa\u00edses distintos.<\/p>\n\n\n\n<div class=\"wp-block-image is-style-default\"><figure class=\"aligncenter\"><a href=\"https:\/\/ibecbarcelona.eu\/wp-content\/uploads\/2019\/09\/Group.jpg\"><img decoding=\"async\" width=\"600\" height=\"333\" data-src=\"https:\/\/ibecbarcelona.eu\/wp-content\/uploads\/2019\/09\/Group.jpg\" alt=\"\" class=\"wp-image-68437 lazyload\" data-srcset=\"https:\/\/ibecbarcelona.eu\/wp-content\/uploads\/2019\/09\/Group.jpg 600w, https:\/\/ibecbarcelona.eu\/wp-content\/uploads\/2019\/09\/Group-300x167.jpg 300w, https:\/\/ibecbarcelona.eu\/wp-content\/uploads\/2019\/09\/Group-230x128.jpg 230w, https:\/\/ibecbarcelona.eu\/wp-content\/uploads\/2019\/09\/Group-150x83.jpg 150w\" data-sizes=\"(max-width: 600px) 100vw, 600px\" src=\"data:image\/svg+xml;base64,PHN2ZyB3aWR0aD0iMSIgaGVpZ2h0PSIxIiB4bWxucz0iaHR0cDovL3d3dy53My5vcmcvMjAwMC9zdmciPjwvc3ZnPg==\" style=\"--smush-placeholder-width: 600px; --smush-placeholder-aspect-ratio: 600\/333;\" \/><\/a><figcaption>Mechanobiology of Cancer Summer School 2019<\/figcaption><\/figure><\/div>\n\n\n\n<p>Durante la escuela, habr\u00e1 sesiones cient\u00edficas por la ma\u00f1ana, en las que se mezclar\u00e1n conferencias de los 6 ponentes principales con 18 charlas cortas seleccionadas a partir de los abstracts de los investigadores junior que asistan a la escuela.<\/p>\n\n\n\n<p>Por la tarde, habr\u00e1 talleres pr\u00e1cticos de 2-3 horas, impartidos por los investigadores principales del consorcio MECHANO\u00b7CONTROL. El curso tambi\u00e9n incluir\u00e1 actividades de tiempo libre.<\/p>\n\n\n\n<p>La asistencia a la escuela de verano est\u00e1 abierta a todos los estudiantes, post-docs y profesionales interesados en el campo, aunque se dar\u00e1 prioridad a los investigadores j\u00fanior (hasta la etapa posdoctoral).<\/p>\n\n\n\n<p>Pod\u00e9is visitar la p\u00e1gina web de la \u201c<a href=\"https:\/\/events.ibecbarcelona.eu\/mechanobiology-of-cancer-summer-school\/\">Mechanobiology of Cancer Summer School 2022<\/a>\u201d, donde encontrar\u00e9is m\u00e1s informaci\u00f3n sobre las actividades que se llevar\u00e1n a cabo durante la escuela de verano, informaci\u00f3n sobre c\u00f3mo inscribirse y los plazos tanto para el registro como para al env\u00edo de abstracts.<\/p>\n\n\n\n<p>Los 6 ponentes confirmados para la escuela de verano son:<\/p>\n\n\n\n<ul class=\"wp-block-list\"><li><strong>Dagmar Iber<\/strong> (ETH Zurich)<\/li><li><strong>Hans Van Oosterwyck<\/strong> (KU Leuven)<\/li><li><strong>Claudia Fischbach<\/strong> (Director of Cornell&#8217;s Physical Sciences Oncology)<\/li><li><strong>Giorgio Scita<\/strong> (IFOM &#8211; The Firc Institute Of Molecular Oncology)<\/li><li><strong>Madeleine J. Oudin<\/strong> (Tufts University)<\/li><li><strong>Maria Celeste Aragona<\/strong> (University of Copenhagen)<\/li><\/ul>\n\n\n\n<p>Adem\u00e1s, todos los miembros del consorcio MECHANO\u00b7CONTROL asistir\u00e1n a la escuela de verano e impartir\u00e1n algunos de los talleres: Ar\u00e1nzazu del Campo (Leibniz-Institut f\u00fcr Neue Materialien, INM), Sergi Garcia-Manyes (King\u2019s College London, KCL), Pere Roca-Cusachs and Xavier Trepat (Institut de Bioenginyeria de Catalunya, IBEC), Patrick Derksen, Antoine Khalil y Johan de Rooij (University Medical Center Utrecht, UMCU), Marino Arroyo (Universitat Polit\u00e8cnica de Catalunya, UPC) y las empresas NovioCell y Mind the Byte.<\/p>\n\n\n\n<p>Lista preliminar de los talleres que se impartir\u00e1n:&nbsp;<\/p>\n\n\n\n<ul class=\"wp-block-list\"><li>Mec\u00e1nica de modelado de v\u00e9rtices&nbsp;<\/li><li>Mec\u00e1nica de una sola mol\u00e9cula&nbsp;<\/li><li>Fundamentos de la biolog\u00eda del c\u00e1ncer de mama&nbsp;<\/li><li>Qu\u00edmica de los geles ajustables&nbsp;<\/li><\/ul>\n\n\n\n<p>\u00a1No te pierdas esta gran oportunidad de networking, donde conocer\u00e1s e interactuar\u00e1s con expertos en el campo de la mecanobiolog\u00eda y conocer\u00e1s a nuevas personas con las que colaborar en el futuro!<\/p>\n\n\n\n<h3 class=\"wp-block-heading\">Sobre MECHANO\u00b7CONTROL<\/h3>\n\n\n\n<p>El proyecto MECHANO\u00b7CONTROL se centra en el control mec\u00e1nico de la funci\u00f3n biol\u00f3gica. Las fuerzas mec\u00e1nicas transmitidas a trav\u00e9s de enlaces moleculares espec\u00edficos impulsan la funci\u00f3n biol\u00f3gica, y su comprensi\u00f3n y control tienen un potencial inexplorado en oncolog\u00eda, medicina regenerativa y dise\u00f1o de biomateriales.<\/p>\n\n\n\n<p>MECHANO\u00b7CONTROL se propone abordar este desaf\u00edo mediante la construcci\u00f3n de una comunidad de investigaci\u00f3n interdisciplinaria con el objetivo de comprender y controlar la mec\u00e1nica celular desde la escala molecular hasta la de organismo. En todas las etapas y escalas del proyecto, se integrar\u00e1n datos experimentales con modelos computacionales de escala m\u00faltiple para establecer las reglas que impulsan la respuesta biol\u00f3gica a la mec\u00e1nica y la adhesi\u00f3n. Con esta visi\u00f3n, pretende explorar nuevos enfoques terap\u00e9uticos m\u00e1s all\u00e1 del paradigma actual en el tratamiento del c\u00e1ncer de mama. Si los socios del proyecto pueden comprender la biomec\u00e1nica del c\u00e1ncer desde el nivel molecular hasta la escala de todo el \u00f3rgano, podr\u00e1n controlar las fuerzas mec\u00e1nicas para restaurar el comportamiento de las c\u00e9lulas sanas e inhibir la progresi\u00f3n del tumor.<\/p>\n\n\n\n<p>M\u00e1s all\u00e1 del c\u00e1ncer de mama, los principios generales a los que se dirige esta tecnolog\u00eda tendr\u00e1n una alta aplicabilidad en oncolog\u00eda, medicina regenerativa, biomateriales y muchos otros procesos biol\u00f3gicos y enfermedades.<\/p>\n\n\n\n<p>MECHANO\u00b7CONTROL es un proyecto financiado por la Comisi\u00f3n Europea, dentro del programa proactivo de Tecnolog\u00edas Futuras y Emergentes (FET).<\/p>\n","protected":false},"excerpt":{"rendered":"<h3>El consorcio MECHANO\u00b7CONTROL, liderado por varias instituciones de investigaci\u00f3n de Europa, lanza una escuela de verano que tendr\u00e1 lugar del 17 al 20 de septiembre de 2019 en el Eco-Resort en La Cerdanya. El objetivo de la escuela de verano es proporcionar formaci\u00f3n en mecanobiolog\u00eda, y espec\u00edficamente, su aplicaci\u00f3n al c\u00e1ncer de mama.<\/h3>\n","protected":false},"author":4,"featured_media":93261,"comment_status":"closed","ping_status":"closed","sticky":false,"template":"","format":"standard","meta":{"footnotes":""},"categories":[94],"tags":[],"post_formats":[],"class_list":["post-93265","post","type-post","status-publish","format-standard","has-post-thumbnail","hentry","category-noticias-institucionales"],"yoast_head":"<!-- This site is optimized with the Yoast SEO plugin v27.4 - https:\/\/yoast.com\/product\/yoast-seo-wordpress\/ -->\n<title>Segunda edici\u00f3n de la escuela de verano sobre la Mecanobiolog\u00eda del Cancer - Institute for Bioengineering of Catalonia<\/title>\n<meta name=\"robots\" content=\"index, follow, max-snippet:-1, max-image-preview:large, max-video-preview:-1\" \/>\n<link rel=\"canonical\" href=\"https:\/\/ibecbarcelona.eu\/es\/segunda-edicion-de-la-escuela-de-verano-sobre-la-mecanobiologia-del-cancer\/\" \/>\n<meta property=\"og:locale\" content=\"es_ES\" \/>\n<meta property=\"og:type\" content=\"article\" \/>\n<meta property=\"og:title\" content=\"Segunda edici\u00f3n de la escuela de verano sobre la Mecanobiolog\u00eda del Cancer - Institute for Bioengineering of Catalonia\" \/>\n<meta property=\"og:description\" content=\"El consorcio MECHANO\u00b7CONTROL, liderado por varias instituciones de investigaci\u00f3n de Europa, lanza una escuela de verano que tendr\u00e1 lugar del 17 al 20 de septiembre de 2019 en el Eco-Resort en La Cerdanya. El objetivo de la escuela de verano es proporcionar formaci\u00f3n en mecanobiolog\u00eda, y espec\u00edficamente, su aplicaci\u00f3n al c\u00e1ncer de mama.\" \/>\n<meta property=\"og:url\" content=\"https:\/\/ibecbarcelona.eu\/es\/segunda-edicion-de-la-escuela-de-verano-sobre-la-mecanobiologia-del-cancer\/\" \/>\n<meta property=\"og:site_name\" content=\"Institute for Bioengineering of Catalonia\" \/>\n<meta property=\"article:published_time\" content=\"2022-03-31T10:04:00+00:00\" \/>\n<meta property=\"article:modified_time\" content=\"2022-04-01T10:19:10+00:00\" \/>\n<meta property=\"og:image\" content=\"https:\/\/ibecbarcelona.eu\/wp-content\/uploads\/2022\/04\/Banner_TW.jpg\" \/>\n\t<meta property=\"og:image:width\" content=\"500\" \/>\n\t<meta property=\"og:image:height\" content=\"261\" \/>\n\t<meta property=\"og:image:type\" content=\"image\/jpeg\" \/>\n<meta name=\"author\" content=\"\u00c0ngels L\u00f3pez\" \/>\n<meta name=\"twitter:card\" content=\"summary_large_image\" \/>\n<meta name=\"twitter:label1\" content=\"Escrito por\" \/>\n\t<meta name=\"twitter:data1\" content=\"\u00c0ngels L\u00f3pez\" \/>\n\t<meta name=\"twitter:label2\" content=\"Tiempo de lectura\" \/>\n\t<meta name=\"twitter:data2\" content=\"4 minutos\" \/>\n<script type=\"application\/ld+json\" class=\"yoast-schema-graph\">{\"@context\":\"https:\\\/\\\/schema.org\",\"@graph\":[{\"@type\":\"Article\",\"@id\":\"https:\\\/\\\/ibecbarcelona.eu\\\/es\\\/segunda-edicion-de-la-escuela-de-verano-sobre-la-mecanobiologia-del-cancer\\\/#article\",\"isPartOf\":{\"@id\":\"https:\\\/\\\/ibecbarcelona.eu\\\/es\\\/segunda-edicion-de-la-escuela-de-verano-sobre-la-mecanobiologia-del-cancer\\\/\"},\"author\":{\"name\":\"\u00c0ngels L\u00f3pez\",\"@id\":\"https:\\\/\\\/ibecbarcelona.eu\\\/#\\\/schema\\\/person\\\/c212c6b589546130be67986b9290e2b8\"},\"headline\":\"Segunda edici\u00f3n de la escuela de verano sobre la Mecanobiolog\u00eda del Cancer\",\"datePublished\":\"2022-03-31T10:04:00+00:00\",\"dateModified\":\"2022-04-01T10:19:10+00:00\",\"mainEntityOfPage\":{\"@id\":\"https:\\\/\\\/ibecbarcelona.eu\\\/es\\\/segunda-edicion-de-la-escuela-de-verano-sobre-la-mecanobiologia-del-cancer\\\/\"},\"wordCount\":764,\"publisher\":{\"@id\":\"https:\\\/\\\/ibecbarcelona.eu\\\/#organization\"},\"image\":{\"@id\":\"https:\\\/\\\/ibecbarcelona.eu\\\/es\\\/segunda-edicion-de-la-escuela-de-verano-sobre-la-mecanobiologia-del-cancer\\\/#primaryimage\"},\"thumbnailUrl\":\"https:\\\/\\\/ibecbarcelona.eu\\\/wp-content\\\/uploads\\\/2022\\\/04\\\/Banner_TW.jpg\",\"articleSection\":[\"Noticias institucionales\"],\"inLanguage\":\"es\"},{\"@type\":\"WebPage\",\"@id\":\"https:\\\/\\\/ibecbarcelona.eu\\\/es\\\/segunda-edicion-de-la-escuela-de-verano-sobre-la-mecanobiologia-del-cancer\\\/\",\"url\":\"https:\\\/\\\/ibecbarcelona.eu\\\/es\\\/segunda-edicion-de-la-escuela-de-verano-sobre-la-mecanobiologia-del-cancer\\\/\",\"name\":\"Segunda edici\u00f3n de la escuela de verano sobre la Mecanobiolog\u00eda del Cancer - Institute for Bioengineering of Catalonia\",\"isPartOf\":{\"@id\":\"https:\\\/\\\/ibecbarcelona.eu\\\/#website\"},\"primaryImageOfPage\":{\"@id\":\"https:\\\/\\\/ibecbarcelona.eu\\\/es\\\/segunda-edicion-de-la-escuela-de-verano-sobre-la-mecanobiologia-del-cancer\\\/#primaryimage\"},\"image\":{\"@id\":\"https:\\\/\\\/ibecbarcelona.eu\\\/es\\\/segunda-edicion-de-la-escuela-de-verano-sobre-la-mecanobiologia-del-cancer\\\/#primaryimage\"},\"thumbnailUrl\":\"https:\\\/\\\/ibecbarcelona.eu\\\/wp-content\\\/uploads\\\/2022\\\/04\\\/Banner_TW.jpg\",\"datePublished\":\"2022-03-31T10:04:00+00:00\",\"dateModified\":\"2022-04-01T10:19:10+00:00\",\"breadcrumb\":{\"@id\":\"https:\\\/\\\/ibecbarcelona.eu\\\/es\\\/segunda-edicion-de-la-escuela-de-verano-sobre-la-mecanobiologia-del-cancer\\\/#breadcrumb\"},\"inLanguage\":\"es\",\"potentialAction\":[{\"@type\":\"ReadAction\",\"target\":[\"https:\\\/\\\/ibecbarcelona.eu\\\/es\\\/segunda-edicion-de-la-escuela-de-verano-sobre-la-mecanobiologia-del-cancer\\\/\"]}]},{\"@type\":\"ImageObject\",\"inLanguage\":\"es\",\"@id\":\"https:\\\/\\\/ibecbarcelona.eu\\\/es\\\/segunda-edicion-de-la-escuela-de-verano-sobre-la-mecanobiologia-del-cancer\\\/#primaryimage\",\"url\":\"https:\\\/\\\/ibecbarcelona.eu\\\/wp-content\\\/uploads\\\/2022\\\/04\\\/Banner_TW.jpg\",\"contentUrl\":\"https:\\\/\\\/ibecbarcelona.eu\\\/wp-content\\\/uploads\\\/2022\\\/04\\\/Banner_TW.jpg\",\"width\":500,\"height\":261},{\"@type\":\"BreadcrumbList\",\"@id\":\"https:\\\/\\\/ibecbarcelona.eu\\\/es\\\/segunda-edicion-de-la-escuela-de-verano-sobre-la-mecanobiologia-del-cancer\\\/#breadcrumb\",\"itemListElement\":[{\"@type\":\"ListItem\",\"position\":1,\"name\":\"Home\",\"item\":\"https:\\\/\\\/ibecbarcelona.eu\\\/es\\\/\"},{\"@type\":\"ListItem\",\"position\":2,\"name\":\"Segunda edici\u00f3n de la escuela de verano sobre la Mecanobiolog\u00eda del Cancer\"}]},{\"@type\":\"WebSite\",\"@id\":\"https:\\\/\\\/ibecbarcelona.eu\\\/#website\",\"url\":\"https:\\\/\\\/ibecbarcelona.eu\\\/\",\"name\":\"Institute for Bioengineering of Catalonia\",\"description\":\"Bioengineering solutions for health\",\"publisher\":{\"@id\":\"https:\\\/\\\/ibecbarcelona.eu\\\/#organization\"},\"potentialAction\":[{\"@type\":\"SearchAction\",\"target\":{\"@type\":\"EntryPoint\",\"urlTemplate\":\"https:\\\/\\\/ibecbarcelona.eu\\\/?s={search_term_string}\"},\"query-input\":{\"@type\":\"PropertyValueSpecification\",\"valueRequired\":true,\"valueName\":\"search_term_string\"}}],\"inLanguage\":\"es\"},{\"@type\":\"Organization\",\"@id\":\"https:\\\/\\\/ibecbarcelona.eu\\\/#organization\",\"name\":\"Institute for Bioengineering of Catalonia\",\"url\":\"https:\\\/\\\/ibecbarcelona.eu\\\/\",\"logo\":{\"@type\":\"ImageObject\",\"inLanguage\":\"es\",\"@id\":\"https:\\\/\\\/ibecbarcelona.eu\\\/#\\\/schema\\\/logo\\\/image\\\/\",\"url\":\"https:\\\/\\\/ibecbarcelona.eu\\\/wp-content\\\/uploads\\\/2026\\\/01\\\/cropped-IBEC_20ANYS_GRIS.png\",\"contentUrl\":\"https:\\\/\\\/ibecbarcelona.eu\\\/wp-content\\\/uploads\\\/2026\\\/01\\\/cropped-IBEC_20ANYS_GRIS.png\",\"width\":696,\"height\":257,\"caption\":\"Institute for Bioengineering of Catalonia\"},\"image\":{\"@id\":\"https:\\\/\\\/ibecbarcelona.eu\\\/#\\\/schema\\\/logo\\\/image\\\/\"}},{\"@type\":\"Person\",\"@id\":\"https:\\\/\\\/ibecbarcelona.eu\\\/#\\\/schema\\\/person\\\/c212c6b589546130be67986b9290e2b8\",\"name\":\"\u00c0ngels L\u00f3pez\",\"image\":{\"@type\":\"ImageObject\",\"inLanguage\":\"es\",\"@id\":\"https:\\\/\\\/secure.gravatar.com\\\/avatar\\\/09ad6ba116bea0b15c5511860f83b302579fd7404c1180e9dae55c3f11d988c6?s=96&d=mm&r=g\",\"url\":\"https:\\\/\\\/secure.gravatar.com\\\/avatar\\\/09ad6ba116bea0b15c5511860f83b302579fd7404c1180e9dae55c3f11d988c6?s=96&d=mm&r=g\",\"contentUrl\":\"https:\\\/\\\/secure.gravatar.com\\\/avatar\\\/09ad6ba116bea0b15c5511860f83b302579fd7404c1180e9dae55c3f11d988c6?s=96&d=mm&r=g\",\"caption\":\"\u00c0ngels L\u00f3pez\"},\"url\":\"https:\\\/\\\/ibecbarcelona.eu\\\/es\\\/author\\\/alopez\\\/\"}]}<\/script>\n<!-- \/ Yoast SEO plugin. -->","yoast_head_json":{"title":"Segunda edici\u00f3n de la escuela de verano sobre la Mecanobiolog\u00eda del Cancer - Institute for Bioengineering of Catalonia","robots":{"index":"index","follow":"follow","max-snippet":"max-snippet:-1","max-image-preview":"max-image-preview:large","max-video-preview":"max-video-preview:-1"},"canonical":"https:\/\/ibecbarcelona.eu\/es\/segunda-edicion-de-la-escuela-de-verano-sobre-la-mecanobiologia-del-cancer\/","og_locale":"es_ES","og_type":"article","og_title":"Segunda edici\u00f3n de la escuela de verano sobre la Mecanobiolog\u00eda del Cancer - Institute for Bioengineering of Catalonia","og_description":"El consorcio MECHANO\u00b7CONTROL, liderado por varias instituciones de investigaci\u00f3n de Europa, lanza una escuela de verano que tendr\u00e1 lugar del 17 al 20 de septiembre de 2019 en el Eco-Resort en La Cerdanya. El objetivo de la escuela de verano es proporcionar formaci\u00f3n en mecanobiolog\u00eda, y espec\u00edficamente, su aplicaci\u00f3n al c\u00e1ncer de mama.","og_url":"https:\/\/ibecbarcelona.eu\/es\/segunda-edicion-de-la-escuela-de-verano-sobre-la-mecanobiologia-del-cancer\/","og_site_name":"Institute for Bioengineering of Catalonia","article_published_time":"2022-03-31T10:04:00+00:00","article_modified_time":"2022-04-01T10:19:10+00:00","og_image":[{"width":500,"height":261,"url":"https:\/\/ibecbarcelona.eu\/wp-content\/uploads\/2022\/04\/Banner_TW.jpg","type":"image\/jpeg"}],"author":"\u00c0ngels L\u00f3pez","twitter_card":"summary_large_image","twitter_misc":{"Escrito por":"\u00c0ngels L\u00f3pez","Tiempo de lectura":"4 minutos"},"schema":{"@context":"https:\/\/schema.org","@graph":[{"@type":"Article","@id":"https:\/\/ibecbarcelona.eu\/es\/segunda-edicion-de-la-escuela-de-verano-sobre-la-mecanobiologia-del-cancer\/#article","isPartOf":{"@id":"https:\/\/ibecbarcelona.eu\/es\/segunda-edicion-de-la-escuela-de-verano-sobre-la-mecanobiologia-del-cancer\/"},"author":{"name":"\u00c0ngels L\u00f3pez","@id":"https:\/\/ibecbarcelona.eu\/#\/schema\/person\/c212c6b589546130be67986b9290e2b8"},"headline":"Segunda edici\u00f3n de la escuela de verano sobre la Mecanobiolog\u00eda del Cancer","datePublished":"2022-03-31T10:04:00+00:00","dateModified":"2022-04-01T10:19:10+00:00","mainEntityOfPage":{"@id":"https:\/\/ibecbarcelona.eu\/es\/segunda-edicion-de-la-escuela-de-verano-sobre-la-mecanobiologia-del-cancer\/"},"wordCount":764,"publisher":{"@id":"https:\/\/ibecbarcelona.eu\/#organization"},"image":{"@id":"https:\/\/ibecbarcelona.eu\/es\/segunda-edicion-de-la-escuela-de-verano-sobre-la-mecanobiologia-del-cancer\/#primaryimage"},"thumbnailUrl":"https:\/\/ibecbarcelona.eu\/wp-content\/uploads\/2022\/04\/Banner_TW.jpg","articleSection":["Noticias institucionales"],"inLanguage":"es"},{"@type":"WebPage","@id":"https:\/\/ibecbarcelona.eu\/es\/segunda-edicion-de-la-escuela-de-verano-sobre-la-mecanobiologia-del-cancer\/","url":"https:\/\/ibecbarcelona.eu\/es\/segunda-edicion-de-la-escuela-de-verano-sobre-la-mecanobiologia-del-cancer\/","name":"Segunda edici\u00f3n de la escuela de verano sobre la Mecanobiolog\u00eda del Cancer - Institute for Bioengineering of Catalonia","isPartOf":{"@id":"https:\/\/ibecbarcelona.eu\/#website"},"primaryImageOfPage":{"@id":"https:\/\/ibecbarcelona.eu\/es\/segunda-edicion-de-la-escuela-de-verano-sobre-la-mecanobiologia-del-cancer\/#primaryimage"},"image":{"@id":"https:\/\/ibecbarcelona.eu\/es\/segunda-edicion-de-la-escuela-de-verano-sobre-la-mecanobiologia-del-cancer\/#primaryimage"},"thumbnailUrl":"https:\/\/ibecbarcelona.eu\/wp-content\/uploads\/2022\/04\/Banner_TW.jpg","datePublished":"2022-03-31T10:04:00+00:00","dateModified":"2022-04-01T10:19:10+00:00","breadcrumb":{"@id":"https:\/\/ibecbarcelona.eu\/es\/segunda-edicion-de-la-escuela-de-verano-sobre-la-mecanobiologia-del-cancer\/#breadcrumb"},"inLanguage":"es","potentialAction":[{"@type":"ReadAction","target":["https:\/\/ibecbarcelona.eu\/es\/segunda-edicion-de-la-escuela-de-verano-sobre-la-mecanobiologia-del-cancer\/"]}]},{"@type":"ImageObject","inLanguage":"es","@id":"https:\/\/ibecbarcelona.eu\/es\/segunda-edicion-de-la-escuela-de-verano-sobre-la-mecanobiologia-del-cancer\/#primaryimage","url":"https:\/\/ibecbarcelona.eu\/wp-content\/uploads\/2022\/04\/Banner_TW.jpg","contentUrl":"https:\/\/ibecbarcelona.eu\/wp-content\/uploads\/2022\/04\/Banner_TW.jpg","width":500,"height":261},{"@type":"BreadcrumbList","@id":"https:\/\/ibecbarcelona.eu\/es\/segunda-edicion-de-la-escuela-de-verano-sobre-la-mecanobiologia-del-cancer\/#breadcrumb","itemListElement":[{"@type":"ListItem","position":1,"name":"Home","item":"https:\/\/ibecbarcelona.eu\/es\/"},{"@type":"ListItem","position":2,"name":"Segunda edici\u00f3n de la escuela de verano sobre la Mecanobiolog\u00eda del Cancer"}]},{"@type":"WebSite","@id":"https:\/\/ibecbarcelona.eu\/#website","url":"https:\/\/ibecbarcelona.eu\/","name":"Institute for Bioengineering of Catalonia","description":"Bioengineering solutions for health","publisher":{"@id":"https:\/\/ibecbarcelona.eu\/#organization"},"potentialAction":[{"@type":"SearchAction","target":{"@type":"EntryPoint","urlTemplate":"https:\/\/ibecbarcelona.eu\/?s={search_term_string}"},"query-input":{"@type":"PropertyValueSpecification","valueRequired":true,"valueName":"search_term_string"}}],"inLanguage":"es"},{"@type":"Organization","@id":"https:\/\/ibecbarcelona.eu\/#organization","name":"Institute for Bioengineering of Catalonia","url":"https:\/\/ibecbarcelona.eu\/","logo":{"@type":"ImageObject","inLanguage":"es","@id":"https:\/\/ibecbarcelona.eu\/#\/schema\/logo\/image\/","url":"https:\/\/ibecbarcelona.eu\/wp-content\/uploads\/2026\/01\/cropped-IBEC_20ANYS_GRIS.png","contentUrl":"https:\/\/ibecbarcelona.eu\/wp-content\/uploads\/2026\/01\/cropped-IBEC_20ANYS_GRIS.png","width":696,"height":257,"caption":"Institute for Bioengineering of Catalonia"},"image":{"@id":"https:\/\/ibecbarcelona.eu\/#\/schema\/logo\/image\/"}},{"@type":"Person","@id":"https:\/\/ibecbarcelona.eu\/#\/schema\/person\/c212c6b589546130be67986b9290e2b8","name":"\u00c0ngels L\u00f3pez","image":{"@type":"ImageObject","inLanguage":"es","@id":"https:\/\/secure.gravatar.com\/avatar\/09ad6ba116bea0b15c5511860f83b302579fd7404c1180e9dae55c3f11d988c6?s=96&d=mm&r=g","url":"https:\/\/secure.gravatar.com\/avatar\/09ad6ba116bea0b15c5511860f83b302579fd7404c1180e9dae55c3f11d988c6?s=96&d=mm&r=g","contentUrl":"https:\/\/secure.gravatar.com\/avatar\/09ad6ba116bea0b15c5511860f83b302579fd7404c1180e9dae55c3f11d988c6?s=96&d=mm&r=g","caption":"\u00c0ngels L\u00f3pez"},"url":"https:\/\/ibecbarcelona.eu\/es\/author\/alopez\/"}]}},"AFP_featured_media_urls":{"full":["https:\/\/ibecbarcelona.eu\/wp-content\/uploads\/2022\/04\/Banner_TW.jpg",500,261,false],"thumbnail":["https:\/\/ibecbarcelona.eu\/wp-content\/uploads\/2022\/04\/Banner_TW-150x150.jpg",150,150,true],"medium":["https:\/\/ibecbarcelona.eu\/wp-content\/uploads\/2022\/04\/Banner_TW-300x157.jpg",300,157,true],"medium_large":["https:\/\/ibecbarcelona.eu\/wp-content\/uploads\/2022\/04\/Banner_TW.jpg",500,261,false],"large":["https:\/\/ibecbarcelona.eu\/wp-content\/uploads\/2022\/04\/Banner_TW.jpg",500,261,false]},"AFP_attachments":{"full":["https:\/\/ibecbarcelona.eu\/wp-content\/uploads\/2022\/04\/Banner_TW.jpg",500,261,false],"thumbnail":["https:\/\/ibecbarcelona.eu\/wp-content\/uploads\/2022\/04\/Banner_TW-150x150.jpg",150,150,true],"medium":["https:\/\/ibecbarcelona.eu\/wp-content\/uploads\/2022\/04\/Banner_TW-300x157.jpg",300,157,true],"medium_large":["https:\/\/ibecbarcelona.eu\/wp-content\/uploads\/2022\/04\/Banner_TW.jpg",500,261,false],"large":["https:\/\/ibecbarcelona.eu\/wp-content\/uploads\/2022\/04\/Banner_TW.jpg",500,261,false]},"AFP_videos":[],"AFP_video_blocks":"","AFP_category_names":["Noticias institucionales"],"_links":{"self":[{"href":"https:\/\/ibecbarcelona.eu\/es\/wp-json\/wp\/v2\/posts\/93265","targetHints":{"allow":["GET"]}}],"collection":[{"href":"https:\/\/ibecbarcelona.eu\/es\/wp-json\/wp\/v2\/posts"}],"about":[{"href":"https:\/\/ibecbarcelona.eu\/es\/wp-json\/wp\/v2\/types\/post"}],"author":[{"embeddable":true,"href":"https:\/\/ibecbarcelona.eu\/es\/wp-json\/wp\/v2\/users\/4"}],"replies":[{"embeddable":true,"href":"https:\/\/ibecbarcelona.eu\/es\/wp-json\/wp\/v2\/comments?post=93265"}],"version-history":[{"count":1,"href":"https:\/\/ibecbarcelona.eu\/es\/wp-json\/wp\/v2\/posts\/93265\/revisions"}],"predecessor-version":[{"id":93266,"href":"https:\/\/ibecbarcelona.eu\/es\/wp-json\/wp\/v2\/posts\/93265\/revisions\/93266"}],"wp:featuredmedia":[{"embeddable":true,"href":"https:\/\/ibecbarcelona.eu\/es\/wp-json\/wp\/v2\/media\/93261"}],"wp:attachment":[{"href":"https:\/\/ibecbarcelona.eu\/es\/wp-json\/wp\/v2\/media?parent=93265"}],"wp:term":[{"taxonomy":"category","embeddable":true,"href":"https:\/\/ibecbarcelona.eu\/es\/wp-json\/wp\/v2\/categories?post=93265"},{"taxonomy":"post_tag","embeddable":true,"href":"https:\/\/ibecbarcelona.eu\/es\/wp-json\/wp\/v2\/tags?post=93265"},{"taxonomy":"post_format","embeddable":true,"href":"https:\/\/ibecbarcelona.eu\/es\/wp-json\/wp\/v2\/post_formats?post=93265"}],"curies":[{"name":"wp","href":"https:\/\/api.w.org\/{rel}","templated":true}]}}