
{"id":95736,"date":"2022-06-05T11:33:30","date_gmt":"2022-06-05T09:33:30","guid":{"rendered":"https:\/\/testweb.ibecbarcelona.eu\/mechanical-signals-in-the-development-of-the-cerebral-cortex\/"},"modified":"2022-07-16T12:56:15","modified_gmt":"2022-07-16T10:56:15","slug":"mechanical-signals-in-the-development-of-the-cerebral-cortex","status":"publish","type":"post","link":"https:\/\/ibecbarcelona.eu\/es\/mechanical-signals-in-the-development-of-the-cerebral-cortex\/","title":{"rendered":"Se\u00f1ales mec\u00e1nicas en el desarrollo de corteza cerebral"},"content":{"rendered":"\n<h4 class=\"wp-block-heading\">Investigadores del Instituto de Bioingenier\u00eda de Catalu\u00f1a (IBEC), coordinados por el investigador principal Jos\u00e9 Antonio del R\u00edo, aparecen en los medios por un estudio en colaboraci\u00f3n con la Universidad de Barcelona (UB) que describe el papel de se\u00f1ales mec\u00e1nicas en la formaci\u00f3n de la corteza cerebral.<\/h4>\n\n\n\n<p>El estudio, publicado por la revista&nbsp;<em>Frontiers in Cell and Developmental Biology,&nbsp;<\/em>observa las se\u00f1ales mec\u00e1nicas y las fuerzas de tracci\u00f3n involucradas en la migraci\u00f3n de las c\u00e9lulas de Cajal-Retzius, un grupo de neuronas con un importante papel en el desarrollo de la corteza cerebral.<\/p>\n\n\n\n<blockquote><figure><img decoding=\"async\" class=\"wp-image-66903 alignleft lazyload\" data-src=\"http:\/\/ibecbarcelona.eu\/wp-content\/uploads\/2019\/06\/delrio_ibec.jpg\" alt=\"\" width=\"222\" height=\"176\" data-srcset=\"https:\/\/ibecbarcelona.eu\/wp-content\/uploads\/2019\/06\/delrio_ibec.jpg 500w, https:\/\/ibecbarcelona.eu\/wp-content\/uploads\/2019\/06\/delrio_ibec-300x239.jpg 300w, https:\/\/ibecbarcelona.eu\/wp-content\/uploads\/2019\/06\/delrio_ibec-163x130.jpg 163w, https:\/\/ibecbarcelona.eu\/wp-content\/uploads\/2019\/06\/delrio_ibec-150x119.jpg 150w\" data-sizes=\"(max-width: 222px) 100vw, 222px\" src=\"data:image\/svg+xml;base64,PHN2ZyB3aWR0aD0iMSIgaGVpZ2h0PSIxIiB4bWxucz0iaHR0cDovL3d3dy53My5vcmcvMjAwMC9zdmciPjwvc3ZnPg==\" style=\"--smush-placeholder-width: 222px; --smush-placeholder-aspect-ratio: 222\/176;\" \/><\/figure><p><strong>Una mala funci\u00f3n o migraci\u00f3n de las c\u00e9lulas de Cajal-Retzius puede dar lugar a lisencefalias, enfermedades que se manifiestan por la ausencia de pliegues en la corteza cerebral y cuya esperanza de vida es de pocos a\u00f1os.<br><\/strong><\/p><p style=\"text-align: right;\"><strong>Jos\u00e9 Antonio del R\u00edo, investigador principal del IBEC<\/strong><\/p><\/blockquote>\n\n\n\n<p>Pod\u00e9is leer los impactos en los medios aqu\u00ed:<\/p>\n\n\n\n<ul class=\"wp-block-list\"><li><a href=\"https:\/\/www.lavanguardia.com\/vida\/20220602\/8312821\/describen-primera-vez-senales-mecanicas-desarrollo-corteza-cerebro.html\" target=\"_blank\" rel=\"noopener\">La Vanguardia<\/a><\/li><li><a href=\"https:\/\/efs.efeservicios.com\/en\/texto\/describen-primera-senales-mecanicas-desarrollo-corteza-cerebro\/55008874857\" target=\"_blank\" rel=\"noopener\">EFE<\/a><\/li><li><a href=\"http:\/\/biotech-spain.com\/en\/articles\/mechanical-signals-involved-in-the-early-development-of-the-mouse-cerebral-cortex-described-for-the-first-time\/\" target=\"_blank\" rel=\"noopener\">BioTech<\/a><\/li><li><a href=\"https:\/\/www.cope.es\/actualidad\/sociedad\/noticias\/describen-por-primera-vez-senales-mecanicas-del-desarrollo-corteza-cerebro-20220602_2120012\" target=\"_blank\" rel=\"noopener\">COPE<\/a><\/li><li><a href=\"https:\/\/www.diariosigloxxi.com\/texto-ep\/mostrar\/20220603150522\/cientificos-describen-primera-vez-senales-mecanicas-implicadas-desarrollo-temprano-corteza-cerebral\" target=\"_blank\" rel=\"noopener\">Siglo XXI<\/a><\/li><li><a href=\"https:\/\/www.infosalus.com\/salud-investigacion\/noticia-cientificos-describen-primera-vez-senales-mecanicas-implicadas-desarrollo-temprano-corteza-cerebral-20220603150522.html\" target=\"_blank\" rel=\"noopener\">Infosalus<\/a><\/li><li><a href=\"https:\/\/www.abc.com.py\/internacionales\/2022\/06\/02\/describen-por-primera-vez-senales-mecanicas-del-desarrollo-de-corteza-cerebro\/\" target=\"_blank\" rel=\"noopener\">Diario ABC<\/a><\/li><li><a href=\"https:\/\/www.diariolibre.com\/planeta\/ciencia\/2022\/06\/02\/describen-por-primera-vez-senales-mecanicas-del-cerebro\/1865932\" target=\"_blank\" rel=\"noopener\">Diario Libre<\/a><\/li><li><a href=\"https:\/\/www.eldiario.ec\/tecno-ciencia\/describen-por-primera-vez-senales-mecanicas-del-desarrollo-de-corteza-cerebro\/\" target=\"_blank\" rel=\"noopener\">El Diario<\/a><\/li><\/ul>\n","protected":false},"excerpt":{"rendered":"<h3>Researchers at the Institute for Bioengineering of Catalonia (IBEC), coordinated by principal investigator Jos\u00e9 Antonio del R\u00edo, are in the media for a study in collaboration with the University of Barcelona (UB) that describes the role of mechanical signals in the formation of the cerebral cortex.<\/h3>\n","protected":false},"author":4,"featured_media":66903,"comment_status":"closed","ping_status":"closed","sticky":false,"template":"","format":"standard","meta":{"footnotes":""},"categories":[95],"tags":[1133],"post_formats":[],"class_list":["post-95736","post","type-post","status-publish","format-standard","has-post-thumbnail","hentry","category-ibec-en-los-medios","tag-jose-antonio-del-rio-es"],"yoast_head":"<!-- This site is optimized with the Yoast SEO plugin v27.5 - https:\/\/yoast.com\/product\/yoast-seo-wordpress\/ -->\n<title>Se\u00f1ales mec\u00e1nicas en el desarrollo de corteza cerebral - Institute for Bioengineering of Catalonia<\/title>\n<meta name=\"robots\" content=\"index, follow, max-snippet:-1, max-image-preview:large, max-video-preview:-1\" \/>\n<link rel=\"canonical\" href=\"https:\/\/ibecbarcelona.eu\/es\/mechanical-signals-in-the-development-of-the-cerebral-cortex\/\" \/>\n<meta property=\"og:locale\" content=\"es_ES\" \/>\n<meta property=\"og:type\" content=\"article\" \/>\n<meta property=\"og:title\" content=\"Se\u00f1ales mec\u00e1nicas en el desarrollo de corteza cerebral - Institute for Bioengineering of Catalonia\" \/>\n<meta property=\"og:description\" content=\"Researchers at the Institute for Bioengineering of Catalonia (IBEC), coordinated by principal investigator Jos\u00e9 Antonio del R\u00edo, are in the media for a study in collaboration with the University of Barcelona (UB) that describes the role of mechanical signals in the formation of the cerebral cortex.\" \/>\n<meta property=\"og:url\" content=\"https:\/\/ibecbarcelona.eu\/es\/mechanical-signals-in-the-development-of-the-cerebral-cortex\/\" \/>\n<meta property=\"og:site_name\" content=\"Institute for Bioengineering of Catalonia\" \/>\n<meta property=\"article:published_time\" content=\"2022-06-05T09:33:30+00:00\" \/>\n<meta property=\"article:modified_time\" content=\"2022-07-16T10:56:15+00:00\" \/>\n<meta property=\"og:image\" content=\"https:\/\/ibecbarcelona.eu\/wp-content\/uploads\/2019\/06\/delrio_ibec.jpg\" \/>\n\t<meta property=\"og:image:width\" content=\"500\" \/>\n\t<meta property=\"og:image:height\" content=\"398\" \/>\n\t<meta property=\"og:image:type\" content=\"image\/jpeg\" \/>\n<meta name=\"author\" content=\"\u00c0ngels L\u00f3pez\" \/>\n<meta name=\"twitter:card\" content=\"summary_large_image\" \/>\n<meta name=\"twitter:label1\" content=\"Escrito por\" \/>\n\t<meta name=\"twitter:data1\" content=\"\u00c0ngels L\u00f3pez\" \/>\n\t<meta name=\"twitter:label2\" content=\"Tiempo de lectura\" \/>\n\t<meta name=\"twitter:data2\" content=\"1 minuto\" \/>\n<script type=\"application\/ld+json\" class=\"yoast-schema-graph\">{\"@context\":\"https:\\\/\\\/schema.org\",\"@graph\":[{\"@type\":\"Article\",\"@id\":\"https:\\\/\\\/ibecbarcelona.eu\\\/es\\\/mechanical-signals-in-the-development-of-the-cerebral-cortex\\\/#article\",\"isPartOf\":{\"@id\":\"https:\\\/\\\/ibecbarcelona.eu\\\/es\\\/mechanical-signals-in-the-development-of-the-cerebral-cortex\\\/\"},\"author\":{\"name\":\"\u00c0ngels L\u00f3pez\",\"@id\":\"https:\\\/\\\/ibecbarcelona.eu\\\/#\\\/schema\\\/person\\\/c212c6b589546130be67986b9290e2b8\"},\"headline\":\"Se\u00f1ales mec\u00e1nicas en el desarrollo de corteza cerebral\",\"datePublished\":\"2022-06-05T09:33:30+00:00\",\"dateModified\":\"2022-07-16T10:56:15+00:00\",\"mainEntityOfPage\":{\"@id\":\"https:\\\/\\\/ibecbarcelona.eu\\\/es\\\/mechanical-signals-in-the-development-of-the-cerebral-cortex\\\/\"},\"wordCount\":188,\"publisher\":{\"@id\":\"https:\\\/\\\/ibecbarcelona.eu\\\/#organization\"},\"image\":{\"@id\":\"https:\\\/\\\/ibecbarcelona.eu\\\/es\\\/mechanical-signals-in-the-development-of-the-cerebral-cortex\\\/#primaryimage\"},\"thumbnailUrl\":\"https:\\\/\\\/ibecbarcelona.eu\\\/wp-content\\\/uploads\\\/2019\\\/06\\\/delrio_ibec.jpg\",\"keywords\":[\"Jos\u00e9 Antonio del R\u00edo\"],\"articleSection\":[\"IBEC en los medios\"],\"inLanguage\":\"es\"},{\"@type\":\"WebPage\",\"@id\":\"https:\\\/\\\/ibecbarcelona.eu\\\/es\\\/mechanical-signals-in-the-development-of-the-cerebral-cortex\\\/\",\"url\":\"https:\\\/\\\/ibecbarcelona.eu\\\/es\\\/mechanical-signals-in-the-development-of-the-cerebral-cortex\\\/\",\"name\":\"Se\u00f1ales mec\u00e1nicas en el desarrollo de corteza cerebral - Institute for Bioengineering of Catalonia\",\"isPartOf\":{\"@id\":\"https:\\\/\\\/ibecbarcelona.eu\\\/#website\"},\"primaryImageOfPage\":{\"@id\":\"https:\\\/\\\/ibecbarcelona.eu\\\/es\\\/mechanical-signals-in-the-development-of-the-cerebral-cortex\\\/#primaryimage\"},\"image\":{\"@id\":\"https:\\\/\\\/ibecbarcelona.eu\\\/es\\\/mechanical-signals-in-the-development-of-the-cerebral-cortex\\\/#primaryimage\"},\"thumbnailUrl\":\"https:\\\/\\\/ibecbarcelona.eu\\\/wp-content\\\/uploads\\\/2019\\\/06\\\/delrio_ibec.jpg\",\"datePublished\":\"2022-06-05T09:33:30+00:00\",\"dateModified\":\"2022-07-16T10:56:15+00:00\",\"breadcrumb\":{\"@id\":\"https:\\\/\\\/ibecbarcelona.eu\\\/es\\\/mechanical-signals-in-the-development-of-the-cerebral-cortex\\\/#breadcrumb\"},\"inLanguage\":\"es\",\"potentialAction\":[{\"@type\":\"ReadAction\",\"target\":[\"https:\\\/\\\/ibecbarcelona.eu\\\/es\\\/mechanical-signals-in-the-development-of-the-cerebral-cortex\\\/\"]}]},{\"@type\":\"ImageObject\",\"inLanguage\":\"es\",\"@id\":\"https:\\\/\\\/ibecbarcelona.eu\\\/es\\\/mechanical-signals-in-the-development-of-the-cerebral-cortex\\\/#primaryimage\",\"url\":\"https:\\\/\\\/ibecbarcelona.eu\\\/wp-content\\\/uploads\\\/2019\\\/06\\\/delrio_ibec.jpg\",\"contentUrl\":\"https:\\\/\\\/ibecbarcelona.eu\\\/wp-content\\\/uploads\\\/2019\\\/06\\\/delrio_ibec.jpg\",\"width\":500,\"height\":398},{\"@type\":\"BreadcrumbList\",\"@id\":\"https:\\\/\\\/ibecbarcelona.eu\\\/es\\\/mechanical-signals-in-the-development-of-the-cerebral-cortex\\\/#breadcrumb\",\"itemListElement\":[{\"@type\":\"ListItem\",\"position\":1,\"name\":\"Home\",\"item\":\"https:\\\/\\\/ibecbarcelona.eu\\\/es\\\/\"},{\"@type\":\"ListItem\",\"position\":2,\"name\":\"Se\u00f1ales mec\u00e1nicas en el desarrollo de corteza cerebral\"}]},{\"@type\":\"WebSite\",\"@id\":\"https:\\\/\\\/ibecbarcelona.eu\\\/#website\",\"url\":\"https:\\\/\\\/ibecbarcelona.eu\\\/\",\"name\":\"Institute for Bioengineering of Catalonia\",\"description\":\"Bioengineering solutions for health\",\"publisher\":{\"@id\":\"https:\\\/\\\/ibecbarcelona.eu\\\/#organization\"},\"potentialAction\":[{\"@type\":\"SearchAction\",\"target\":{\"@type\":\"EntryPoint\",\"urlTemplate\":\"https:\\\/\\\/ibecbarcelona.eu\\\/?s={search_term_string}\"},\"query-input\":{\"@type\":\"PropertyValueSpecification\",\"valueRequired\":true,\"valueName\":\"search_term_string\"}}],\"inLanguage\":\"es\"},{\"@type\":\"Organization\",\"@id\":\"https:\\\/\\\/ibecbarcelona.eu\\\/#organization\",\"name\":\"Institute for Bioengineering of Catalonia\",\"url\":\"https:\\\/\\\/ibecbarcelona.eu\\\/\",\"logo\":{\"@type\":\"ImageObject\",\"inLanguage\":\"es\",\"@id\":\"https:\\\/\\\/ibecbarcelona.eu\\\/#\\\/schema\\\/logo\\\/image\\\/\",\"url\":\"https:\\\/\\\/ibecbarcelona.eu\\\/wp-content\\\/uploads\\\/2026\\\/01\\\/cropped-IBEC_20ANYS_GRIS.png\",\"contentUrl\":\"https:\\\/\\\/ibecbarcelona.eu\\\/wp-content\\\/uploads\\\/2026\\\/01\\\/cropped-IBEC_20ANYS_GRIS.png\",\"width\":696,\"height\":257,\"caption\":\"Institute for Bioengineering of Catalonia\"},\"image\":{\"@id\":\"https:\\\/\\\/ibecbarcelona.eu\\\/#\\\/schema\\\/logo\\\/image\\\/\"}},{\"@type\":\"Person\",\"@id\":\"https:\\\/\\\/ibecbarcelona.eu\\\/#\\\/schema\\\/person\\\/c212c6b589546130be67986b9290e2b8\",\"name\":\"\u00c0ngels L\u00f3pez\",\"image\":{\"@type\":\"ImageObject\",\"inLanguage\":\"es\",\"@id\":\"https:\\\/\\\/secure.gravatar.com\\\/avatar\\\/09ad6ba116bea0b15c5511860f83b302579fd7404c1180e9dae55c3f11d988c6?s=96&d=mm&r=g\",\"url\":\"https:\\\/\\\/secure.gravatar.com\\\/avatar\\\/09ad6ba116bea0b15c5511860f83b302579fd7404c1180e9dae55c3f11d988c6?s=96&d=mm&r=g\",\"contentUrl\":\"https:\\\/\\\/secure.gravatar.com\\\/avatar\\\/09ad6ba116bea0b15c5511860f83b302579fd7404c1180e9dae55c3f11d988c6?s=96&d=mm&r=g\",\"caption\":\"\u00c0ngels L\u00f3pez\"},\"url\":\"https:\\\/\\\/ibecbarcelona.eu\\\/es\\\/author\\\/alopez\\\/\"}]}<\/script>\n<!-- \/ Yoast SEO plugin. -->","yoast_head_json":{"title":"Se\u00f1ales mec\u00e1nicas en el desarrollo de corteza cerebral - Institute for Bioengineering of Catalonia","robots":{"index":"index","follow":"follow","max-snippet":"max-snippet:-1","max-image-preview":"max-image-preview:large","max-video-preview":"max-video-preview:-1"},"canonical":"https:\/\/ibecbarcelona.eu\/es\/mechanical-signals-in-the-development-of-the-cerebral-cortex\/","og_locale":"es_ES","og_type":"article","og_title":"Se\u00f1ales mec\u00e1nicas en el desarrollo de corteza cerebral - Institute for Bioengineering of Catalonia","og_description":"Researchers at the Institute for Bioengineering of Catalonia (IBEC), coordinated by principal investigator Jos\u00e9 Antonio del R\u00edo, are in the media for a study in collaboration with the University of Barcelona (UB) that describes the role of mechanical signals in the formation of the cerebral cortex.","og_url":"https:\/\/ibecbarcelona.eu\/es\/mechanical-signals-in-the-development-of-the-cerebral-cortex\/","og_site_name":"Institute for Bioengineering of Catalonia","article_published_time":"2022-06-05T09:33:30+00:00","article_modified_time":"2022-07-16T10:56:15+00:00","og_image":[{"width":500,"height":398,"url":"https:\/\/ibecbarcelona.eu\/wp-content\/uploads\/2019\/06\/delrio_ibec.jpg","type":"image\/jpeg"}],"author":"\u00c0ngels L\u00f3pez","twitter_card":"summary_large_image","twitter_misc":{"Escrito por":"\u00c0ngels L\u00f3pez","Tiempo de lectura":"1 minuto"},"schema":{"@context":"https:\/\/schema.org","@graph":[{"@type":"Article","@id":"https:\/\/ibecbarcelona.eu\/es\/mechanical-signals-in-the-development-of-the-cerebral-cortex\/#article","isPartOf":{"@id":"https:\/\/ibecbarcelona.eu\/es\/mechanical-signals-in-the-development-of-the-cerebral-cortex\/"},"author":{"name":"\u00c0ngels L\u00f3pez","@id":"https:\/\/ibecbarcelona.eu\/#\/schema\/person\/c212c6b589546130be67986b9290e2b8"},"headline":"Se\u00f1ales mec\u00e1nicas en el desarrollo de corteza cerebral","datePublished":"2022-06-05T09:33:30+00:00","dateModified":"2022-07-16T10:56:15+00:00","mainEntityOfPage":{"@id":"https:\/\/ibecbarcelona.eu\/es\/mechanical-signals-in-the-development-of-the-cerebral-cortex\/"},"wordCount":188,"publisher":{"@id":"https:\/\/ibecbarcelona.eu\/#organization"},"image":{"@id":"https:\/\/ibecbarcelona.eu\/es\/mechanical-signals-in-the-development-of-the-cerebral-cortex\/#primaryimage"},"thumbnailUrl":"https:\/\/ibecbarcelona.eu\/wp-content\/uploads\/2019\/06\/delrio_ibec.jpg","keywords":["Jos\u00e9 Antonio del R\u00edo"],"articleSection":["IBEC en los medios"],"inLanguage":"es"},{"@type":"WebPage","@id":"https:\/\/ibecbarcelona.eu\/es\/mechanical-signals-in-the-development-of-the-cerebral-cortex\/","url":"https:\/\/ibecbarcelona.eu\/es\/mechanical-signals-in-the-development-of-the-cerebral-cortex\/","name":"Se\u00f1ales mec\u00e1nicas en el desarrollo de corteza cerebral - Institute for Bioengineering of Catalonia","isPartOf":{"@id":"https:\/\/ibecbarcelona.eu\/#website"},"primaryImageOfPage":{"@id":"https:\/\/ibecbarcelona.eu\/es\/mechanical-signals-in-the-development-of-the-cerebral-cortex\/#primaryimage"},"image":{"@id":"https:\/\/ibecbarcelona.eu\/es\/mechanical-signals-in-the-development-of-the-cerebral-cortex\/#primaryimage"},"thumbnailUrl":"https:\/\/ibecbarcelona.eu\/wp-content\/uploads\/2019\/06\/delrio_ibec.jpg","datePublished":"2022-06-05T09:33:30+00:00","dateModified":"2022-07-16T10:56:15+00:00","breadcrumb":{"@id":"https:\/\/ibecbarcelona.eu\/es\/mechanical-signals-in-the-development-of-the-cerebral-cortex\/#breadcrumb"},"inLanguage":"es","potentialAction":[{"@type":"ReadAction","target":["https:\/\/ibecbarcelona.eu\/es\/mechanical-signals-in-the-development-of-the-cerebral-cortex\/"]}]},{"@type":"ImageObject","inLanguage":"es","@id":"https:\/\/ibecbarcelona.eu\/es\/mechanical-signals-in-the-development-of-the-cerebral-cortex\/#primaryimage","url":"https:\/\/ibecbarcelona.eu\/wp-content\/uploads\/2019\/06\/delrio_ibec.jpg","contentUrl":"https:\/\/ibecbarcelona.eu\/wp-content\/uploads\/2019\/06\/delrio_ibec.jpg","width":500,"height":398},{"@type":"BreadcrumbList","@id":"https:\/\/ibecbarcelona.eu\/es\/mechanical-signals-in-the-development-of-the-cerebral-cortex\/#breadcrumb","itemListElement":[{"@type":"ListItem","position":1,"name":"Home","item":"https:\/\/ibecbarcelona.eu\/es\/"},{"@type":"ListItem","position":2,"name":"Se\u00f1ales mec\u00e1nicas en el desarrollo de corteza cerebral"}]},{"@type":"WebSite","@id":"https:\/\/ibecbarcelona.eu\/#website","url":"https:\/\/ibecbarcelona.eu\/","name":"Institute for Bioengineering of Catalonia","description":"Bioengineering solutions for health","publisher":{"@id":"https:\/\/ibecbarcelona.eu\/#organization"},"potentialAction":[{"@type":"SearchAction","target":{"@type":"EntryPoint","urlTemplate":"https:\/\/ibecbarcelona.eu\/?s={search_term_string}"},"query-input":{"@type":"PropertyValueSpecification","valueRequired":true,"valueName":"search_term_string"}}],"inLanguage":"es"},{"@type":"Organization","@id":"https:\/\/ibecbarcelona.eu\/#organization","name":"Institute for Bioengineering of Catalonia","url":"https:\/\/ibecbarcelona.eu\/","logo":{"@type":"ImageObject","inLanguage":"es","@id":"https:\/\/ibecbarcelona.eu\/#\/schema\/logo\/image\/","url":"https:\/\/ibecbarcelona.eu\/wp-content\/uploads\/2026\/01\/cropped-IBEC_20ANYS_GRIS.png","contentUrl":"https:\/\/ibecbarcelona.eu\/wp-content\/uploads\/2026\/01\/cropped-IBEC_20ANYS_GRIS.png","width":696,"height":257,"caption":"Institute for Bioengineering of Catalonia"},"image":{"@id":"https:\/\/ibecbarcelona.eu\/#\/schema\/logo\/image\/"}},{"@type":"Person","@id":"https:\/\/ibecbarcelona.eu\/#\/schema\/person\/c212c6b589546130be67986b9290e2b8","name":"\u00c0ngels L\u00f3pez","image":{"@type":"ImageObject","inLanguage":"es","@id":"https:\/\/secure.gravatar.com\/avatar\/09ad6ba116bea0b15c5511860f83b302579fd7404c1180e9dae55c3f11d988c6?s=96&d=mm&r=g","url":"https:\/\/secure.gravatar.com\/avatar\/09ad6ba116bea0b15c5511860f83b302579fd7404c1180e9dae55c3f11d988c6?s=96&d=mm&r=g","contentUrl":"https:\/\/secure.gravatar.com\/avatar\/09ad6ba116bea0b15c5511860f83b302579fd7404c1180e9dae55c3f11d988c6?s=96&d=mm&r=g","caption":"\u00c0ngels L\u00f3pez"},"url":"https:\/\/ibecbarcelona.eu\/es\/author\/alopez\/"}]}},"AFP_featured_media_urls":{"full":["https:\/\/ibecbarcelona.eu\/wp-content\/uploads\/2019\/06\/delrio_ibec.jpg",500,398,false],"thumbnail":["https:\/\/ibecbarcelona.eu\/wp-content\/uploads\/2019\/06\/delrio_ibec-150x150.jpg",150,150,true],"medium":["https:\/\/ibecbarcelona.eu\/wp-content\/uploads\/2019\/06\/delrio_ibec-300x239.jpg",300,239,true],"medium_large":["https:\/\/ibecbarcelona.eu\/wp-content\/uploads\/2019\/06\/delrio_ibec.jpg",500,398,false],"large":["https:\/\/ibecbarcelona.eu\/wp-content\/uploads\/2019\/06\/delrio_ibec.jpg",500,398,false]},"AFP_attachments":[],"AFP_videos":[],"AFP_video_blocks":"","AFP_category_names":["IBEC en los medios"],"_links":{"self":[{"href":"https:\/\/ibecbarcelona.eu\/es\/wp-json\/wp\/v2\/posts\/95736","targetHints":{"allow":["GET"]}}],"collection":[{"href":"https:\/\/ibecbarcelona.eu\/es\/wp-json\/wp\/v2\/posts"}],"about":[{"href":"https:\/\/ibecbarcelona.eu\/es\/wp-json\/wp\/v2\/types\/post"}],"author":[{"embeddable":true,"href":"https:\/\/ibecbarcelona.eu\/es\/wp-json\/wp\/v2\/users\/4"}],"replies":[{"embeddable":true,"href":"https:\/\/ibecbarcelona.eu\/es\/wp-json\/wp\/v2\/comments?post=95736"}],"version-history":[{"count":1,"href":"https:\/\/ibecbarcelona.eu\/es\/wp-json\/wp\/v2\/posts\/95736\/revisions"}],"predecessor-version":[{"id":95738,"href":"https:\/\/ibecbarcelona.eu\/es\/wp-json\/wp\/v2\/posts\/95736\/revisions\/95738"}],"wp:featuredmedia":[{"embeddable":true,"href":"https:\/\/ibecbarcelona.eu\/es\/wp-json\/wp\/v2\/media\/66903"}],"wp:attachment":[{"href":"https:\/\/ibecbarcelona.eu\/es\/wp-json\/wp\/v2\/media?parent=95736"}],"wp:term":[{"taxonomy":"category","embeddable":true,"href":"https:\/\/ibecbarcelona.eu\/es\/wp-json\/wp\/v2\/categories?post=95736"},{"taxonomy":"post_tag","embeddable":true,"href":"https:\/\/ibecbarcelona.eu\/es\/wp-json\/wp\/v2\/tags?post=95736"},{"taxonomy":"post_format","embeddable":true,"href":"https:\/\/ibecbarcelona.eu\/es\/wp-json\/wp\/v2\/post_formats?post=95736"}],"curies":[{"name":"wp","href":"https:\/\/api.w.org\/{rel}","templated":true}]}}